{"id":7618,"date":"2018-06-26T11:24:08","date_gmt":"2018-06-26T14:24:08","guid":{"rendered":"https:\/\/cnr.org.br\/site\/?p=7618"},"modified":"2018-06-26T11:24:08","modified_gmt":"2018-06-26T14:24:08","slug":"convenio-permitira-a-reorganizacao-do-acervo-patrimonial-imobiliario-do-estado","status":"publish","type":"post","link":"https:\/\/cnr.org.br\/novoportal\/convenio-permitira-a-reorganizacao-do-acervo-patrimonial-imobiliario-do-estado\/","title":{"rendered":"Conv\u00eanio permitir\u00e1 a reorganiza\u00e7\u00e3o do acervo patrimonial imobili\u00e1rio do Estado"},"content":{"rendered":"<div id=\"dslc-theme-content\"><div id=\"dslc-theme-content-inner\"><p>\t\t\t\tConv\u00eanio firmado na tarde desta sexta-feira (22\/6) permitir\u00e1 a reorganiza\u00e7\u00e3o do acervo patrimonial do Estado do Rio Grande do Sul. O documento foi assinado no Pal\u00e1cio da Justi\u00e7a, sede da Corregedoria-Geral da Justi\u00e7a, e envolve a atua\u00e7\u00e3o do Poder Judici\u00e1rio, Poder Executivo e entidades ligadas \u00e0s serventias extrajudiciais, como o Sindicato dos Registradores P\u00fablicos do Rio Grande do Sul (SIndiregis), representado pelo seu presidente\u00a0Carlos Fernando Reis no evento.<\/p>\n<p>A cerim\u00f4nia foi conduzida pela Corregedora-Geral da Justi\u00e7a, Desembargadora Denise Oliveira Cezar. A magistrada destacou que a parceria permitir\u00e1 a atualiza\u00e7\u00e3o do levantamento f\u00edsico do patrim\u00f4nio do Estado, possibilitando a destina\u00e7\u00e3o correta dos im\u00f3veis, bem como reduzindo riscos, como o de invas\u00f5es. \"Esta iniciativa oferece uma oportunidade de avan\u00e7armos na gest\u00e3o patrimonial e administrativa do Estado de forma bastante eficaz.\"<\/p>\n<p>A medida ir\u00e1 agilizar o fornecimento de certid\u00f5es mobili\u00e1rias pelo ente p\u00fablico estadual. Ao ressaltar a relev\u00e2ncia do conv\u00eanio, o Secret\u00e1rio de Moderniza\u00e7\u00e3o Administrativa e dos Recursos Humanos, Raffaele Quinto Di Cameli, explicou que a Pasta est\u00e1 desenvolvendo um projeto de gest\u00e3o, no qual os im\u00f3veis pertencentes ao Estado s\u00e3o catalogados em uma base de dados. \"Temos milhares de im\u00f3veis que s\u00f3 poderemos localizar e identificar a situa\u00e7\u00e3o atrav\u00e9s do trabalho em campo. S\u00e3o cerca de 13 mil matr\u00edculas e 8 mil im\u00f3veis. Hoje, j\u00e1 temos 5,5 mil na base de dados\u00bf, revelou. \"O que importa \u00e9 colocar o patrim\u00f4nio do RS a servi\u00e7o do Estado, dentro de uma fun\u00e7\u00e3o social\", acrescentou o Secret\u00e1rio.<\/p>\n<p>Com o conv\u00eanio, os requerimentos de certid\u00f5es, buscas, traslados oriundos do RS, atrav\u00e9s do Departamento de Patrim\u00f4nio do Estado, ser\u00e3o atendidos com prioridade e celeridade, tendo em vista o interesse p\u00fablico envolvido. Para o Presidente do Col\u00e9gio Registral do Rio Grande do Sul, Jo\u00e3o Pedro Lamana Paiva, a iniciativa ir\u00e1 favorecer a efici\u00eancia e gest\u00e3o dos servi\u00e7os p\u00fablicos, alcan\u00e7ando maior rapidez.<\/p>\n<p>Tamb\u00e9m participaram da solenidade o Presidente do Col\u00e9gio Notarial do Brasil - se\u00e7\u00e3o Rio Grande do Sul, Danilo Kunzler; o Presidente do Instituto de Registro do Estado do RS, Cl\u00e1udio Nunes Grecco; o Presidente do Sindicato dos Servi\u00e7os Notariais do RS, S\u00e9rgio Ariel de Farias Raupp, Ju\u00edzes-Corregedores, tabeli\u00e3es e registradores e servidores.\t\t<\/p>\n<\/div><\/div>","protected":false},"excerpt":{"rendered":"<p>Conv\u00eanio firmado na tarde desta sexta-feira (22\/6) permitir\u00e1 a reorganiza\u00e7\u00e3o do acervo patrimonial do Estado do Rio Grande do Sul. O documento foi assinado no Pal\u00e1cio da Justi\u00e7a, sede da Corregedoria-Geral da Justi\u00e7a, e envolve a atua\u00e7\u00e3o do Poder Judici\u00e1rio, Poder Executivo e entidades ligadas \u00e0s serventias extrajudiciais, como o Sindicato dos Registradores P\u00fablicos do [&hellip;]<\/p>\n","protected":false},"author":2,"featured_media":13953,"comment_status":"open","ping_status":"open","sticky":false,"template":"","format":"standard","meta":{"footnotes":"","_links_to":"","_links_to_target":""},"categories":[55,47],"tags":[],"class_list":["post-7618","post","type-post","status-publish","format-standard","has-post-thumbnail","hentry","category-noticia","category-ultimas-noticias"],"yoast_head":"<!-- This site is optimized with the Yoast SEO plugin v27.4 - https:\/\/yoast.com\/product\/yoast-seo-wordpress\/ -->\n<title>Conv\u00eanio permitir\u00e1 a reorganiza\u00e7\u00e3o do acervo patrimonial imobili\u00e1rio do Estado - CNR<\/title>\n<meta name=\"robots\" content=\"index, follow, max-snippet:-1, max-image-preview:large, max-video-preview:-1\" \/>\n<link rel=\"canonical\" href=\"https:\/\/cnr.org.br\/novoportal\/convenio-permitira-a-reorganizacao-do-acervo-patrimonial-imobiliario-do-estado\/\" \/>\n<meta property=\"og:locale\" content=\"pt_BR\" \/>\n<meta property=\"og:type\" content=\"article\" \/>\n<meta property=\"og:title\" content=\"Conv\u00eanio permitir\u00e1 a reorganiza\u00e7\u00e3o do acervo patrimonial imobili\u00e1rio do Estado - CNR\" \/>\n<meta property=\"og:description\" content=\"Conv\u00eanio firmado na tarde desta sexta-feira (22\/6) permitir\u00e1 a reorganiza\u00e7\u00e3o do acervo patrimonial do Estado do Rio Grande do Sul. O documento foi assinado no Pal\u00e1cio da Justi\u00e7a, sede da Corregedoria-Geral da Justi\u00e7a, e envolve a atua\u00e7\u00e3o do Poder Judici\u00e1rio, Poder Executivo e entidades ligadas \u00e0s serventias extrajudiciais, como o Sindicato dos Registradores P\u00fablicos do [&hellip;]\" \/>\n<meta property=\"og:url\" content=\"https:\/\/cnr.org.br\/novoportal\/convenio-permitira-a-reorganizacao-do-acervo-patrimonial-imobiliario-do-estado\/\" \/>\n<meta property=\"og:site_name\" content=\"CNR\" \/>\n<meta property=\"article:published_time\" content=\"2018-06-26T14:24:08+00:00\" \/>\n<meta property=\"og:image\" content=\"https:\/\/cnr.org.br\/novoportal\/wp-content\/uploads\/2019\/03\/imagem.jpg\" \/>\n\t<meta property=\"og:image:width\" content=\"448\" \/>\n\t<meta property=\"og:image:height\" content=\"297\" \/>\n\t<meta property=\"og:image:type\" content=\"image\/jpeg\" \/>\n<meta name=\"author\" content=\"Imprensa CNR\" \/>\n<meta name=\"twitter:card\" content=\"summary_large_image\" \/>\n<meta name=\"twitter:label1\" content=\"Escrito por\" \/>\n\t<meta name=\"twitter:data1\" content=\"Imprensa CNR\" \/>\n\t<meta name=\"twitter:label2\" content=\"Est. tempo de leitura\" \/>\n\t<meta name=\"twitter:data2\" content=\"2 minutos\" \/>\n<script type=\"application\/ld+json\" class=\"yoast-schema-graph\">{\"@context\":\"https:\\\/\\\/schema.org\",\"@graph\":[{\"@type\":\"Article\",\"@id\":\"https:\\\/\\\/cnr.org.br\\\/novoportal\\\/convenio-permitira-a-reorganizacao-do-acervo-patrimonial-imobiliario-do-estado\\\/#article\",\"isPartOf\":{\"@id\":\"https:\\\/\\\/cnr.org.br\\\/novoportal\\\/convenio-permitira-a-reorganizacao-do-acervo-patrimonial-imobiliario-do-estado\\\/\"},\"author\":{\"name\":\"Imprensa CNR\",\"@id\":\"https:\\\/\\\/cnr.org.br\\\/novoportal\\\/#\\\/schema\\\/person\\\/1f46209cd8c9d3d9887a0765b64ca66b\"},\"headline\":\"Conv\u00eanio permitir\u00e1 a reorganiza\u00e7\u00e3o do acervo patrimonial imobili\u00e1rio do Estado\",\"datePublished\":\"2018-06-26T14:24:08+00:00\",\"mainEntityOfPage\":{\"@id\":\"https:\\\/\\\/cnr.org.br\\\/novoportal\\\/convenio-permitira-a-reorganizacao-do-acervo-patrimonial-imobiliario-do-estado\\\/\"},\"wordCount\":423,\"commentCount\":0,\"image\":{\"@id\":\"https:\\\/\\\/cnr.org.br\\\/novoportal\\\/convenio-permitira-a-reorganizacao-do-acervo-patrimonial-imobiliario-do-estado\\\/#primaryimage\"},\"thumbnailUrl\":\"https:\\\/\\\/cnr.org.br\\\/novoportal\\\/wp-content\\\/uploads\\\/2019\\\/03\\\/imagem.jpg\",\"articleSection\":[\"Not\u00edcia\",\"\u00daltimas Not\u00edcias\"],\"inLanguage\":\"pt-BR\"},{\"@type\":\"WebPage\",\"@id\":\"https:\\\/\\\/cnr.org.br\\\/novoportal\\\/convenio-permitira-a-reorganizacao-do-acervo-patrimonial-imobiliario-do-estado\\\/\",\"url\":\"https:\\\/\\\/cnr.org.br\\\/novoportal\\\/convenio-permitira-a-reorganizacao-do-acervo-patrimonial-imobiliario-do-estado\\\/\",\"name\":\"Conv\u00eanio permitir\u00e1 a reorganiza\u00e7\u00e3o do acervo patrimonial imobili\u00e1rio do Estado - CNR\",\"isPartOf\":{\"@id\":\"https:\\\/\\\/cnr.org.br\\\/novoportal\\\/#website\"},\"primaryImageOfPage\":{\"@id\":\"https:\\\/\\\/cnr.org.br\\\/novoportal\\\/convenio-permitira-a-reorganizacao-do-acervo-patrimonial-imobiliario-do-estado\\\/#primaryimage\"},\"image\":{\"@id\":\"https:\\\/\\\/cnr.org.br\\\/novoportal\\\/convenio-permitira-a-reorganizacao-do-acervo-patrimonial-imobiliario-do-estado\\\/#primaryimage\"},\"thumbnailUrl\":\"https:\\\/\\\/cnr.org.br\\\/novoportal\\\/wp-content\\\/uploads\\\/2019\\\/03\\\/imagem.jpg\",\"datePublished\":\"2018-06-26T14:24:08+00:00\",\"author\":{\"@id\":\"https:\\\/\\\/cnr.org.br\\\/novoportal\\\/#\\\/schema\\\/person\\\/1f46209cd8c9d3d9887a0765b64ca66b\"},\"breadcrumb\":{\"@id\":\"https:\\\/\\\/cnr.org.br\\\/novoportal\\\/convenio-permitira-a-reorganizacao-do-acervo-patrimonial-imobiliario-do-estado\\\/#breadcrumb\"},\"inLanguage\":\"pt-BR\",\"potentialAction\":[{\"@type\":\"ReadAction\",\"target\":[\"https:\\\/\\\/cnr.org.br\\\/novoportal\\\/convenio-permitira-a-reorganizacao-do-acervo-patrimonial-imobiliario-do-estado\\\/\"]}]},{\"@type\":\"ImageObject\",\"inLanguage\":\"pt-BR\",\"@id\":\"https:\\\/\\\/cnr.org.br\\\/novoportal\\\/convenio-permitira-a-reorganizacao-do-acervo-patrimonial-imobiliario-do-estado\\\/#primaryimage\",\"url\":\"https:\\\/\\\/cnr.org.br\\\/novoportal\\\/wp-content\\\/uploads\\\/2019\\\/03\\\/imagem.jpg\",\"contentUrl\":\"https:\\\/\\\/cnr.org.br\\\/novoportal\\\/wp-content\\\/uploads\\\/2019\\\/03\\\/imagem.jpg\",\"width\":448,\"height\":297},{\"@type\":\"BreadcrumbList\",\"@id\":\"https:\\\/\\\/cnr.org.br\\\/novoportal\\\/convenio-permitira-a-reorganizacao-do-acervo-patrimonial-imobiliario-do-estado\\\/#breadcrumb\",\"itemListElement\":[{\"@type\":\"ListItem\",\"position\":1,\"name\":\"In\u00edcio\",\"item\":\"https:\\\/\\\/cnr.org.br\\\/novoportal\\\/\"},{\"@type\":\"ListItem\",\"position\":2,\"name\":\"Conv\u00eanio permitir\u00e1 a reorganiza\u00e7\u00e3o do acervo patrimonial imobili\u00e1rio do Estado\"}]},{\"@type\":\"WebSite\",\"@id\":\"https:\\\/\\\/cnr.org.br\\\/novoportal\\\/#website\",\"url\":\"https:\\\/\\\/cnr.org.br\\\/novoportal\\\/\",\"name\":\"CNR\",\"description\":\"Confedera\u00e7\u00e3o Nacional de Not\u00e1rios e Registradores\",\"potentialAction\":[{\"@type\":\"SearchAction\",\"target\":{\"@type\":\"EntryPoint\",\"urlTemplate\":\"https:\\\/\\\/cnr.org.br\\\/novoportal\\\/?s={search_term_string}\"},\"query-input\":{\"@type\":\"PropertyValueSpecification\",\"valueRequired\":true,\"valueName\":\"search_term_string\"}}],\"inLanguage\":\"pt-BR\"},{\"@type\":\"Person\",\"@id\":\"https:\\\/\\\/cnr.org.br\\\/novoportal\\\/#\\\/schema\\\/person\\\/1f46209cd8c9d3d9887a0765b64ca66b\",\"name\":\"Imprensa CNR\",\"sameAs\":[\"https:\\\/\\\/cnr.org.br\\\/site\"],\"url\":\"https:\\\/\\\/cnr.org.br\\\/novoportal\\\/author\\\/imprensa\\\/\"}]}<\/script>\n<!-- \/ Yoast SEO plugin. -->","yoast_head_json":{"title":"Conv\u00eanio permitir\u00e1 a reorganiza\u00e7\u00e3o do acervo patrimonial imobili\u00e1rio do Estado - CNR","robots":{"index":"index","follow":"follow","max-snippet":"max-snippet:-1","max-image-preview":"max-image-preview:large","max-video-preview":"max-video-preview:-1"},"canonical":"https:\/\/cnr.org.br\/novoportal\/convenio-permitira-a-reorganizacao-do-acervo-patrimonial-imobiliario-do-estado\/","og_locale":"pt_BR","og_type":"article","og_title":"Conv\u00eanio permitir\u00e1 a reorganiza\u00e7\u00e3o do acervo patrimonial imobili\u00e1rio do Estado - CNR","og_description":"Conv\u00eanio firmado na tarde desta sexta-feira (22\/6) permitir\u00e1 a reorganiza\u00e7\u00e3o do acervo patrimonial do Estado do Rio Grande do Sul. O documento foi assinado no Pal\u00e1cio da Justi\u00e7a, sede da Corregedoria-Geral da Justi\u00e7a, e envolve a atua\u00e7\u00e3o do Poder Judici\u00e1rio, Poder Executivo e entidades ligadas \u00e0s serventias extrajudiciais, como o Sindicato dos Registradores P\u00fablicos do [&hellip;]","og_url":"https:\/\/cnr.org.br\/novoportal\/convenio-permitira-a-reorganizacao-do-acervo-patrimonial-imobiliario-do-estado\/","og_site_name":"CNR","article_published_time":"2018-06-26T14:24:08+00:00","og_image":[{"width":448,"height":297,"url":"https:\/\/cnr.org.br\/novoportal\/wp-content\/uploads\/2019\/03\/imagem.jpg","type":"image\/jpeg"}],"author":"Imprensa CNR","twitter_card":"summary_large_image","twitter_misc":{"Escrito por":"Imprensa CNR","Est. tempo de leitura":"2 minutos"},"schema":{"@context":"https:\/\/schema.org","@graph":[{"@type":"Article","@id":"https:\/\/cnr.org.br\/novoportal\/convenio-permitira-a-reorganizacao-do-acervo-patrimonial-imobiliario-do-estado\/#article","isPartOf":{"@id":"https:\/\/cnr.org.br\/novoportal\/convenio-permitira-a-reorganizacao-do-acervo-patrimonial-imobiliario-do-estado\/"},"author":{"name":"Imprensa CNR","@id":"https:\/\/cnr.org.br\/novoportal\/#\/schema\/person\/1f46209cd8c9d3d9887a0765b64ca66b"},"headline":"Conv\u00eanio permitir\u00e1 a reorganiza\u00e7\u00e3o do acervo patrimonial imobili\u00e1rio do Estado","datePublished":"2018-06-26T14:24:08+00:00","mainEntityOfPage":{"@id":"https:\/\/cnr.org.br\/novoportal\/convenio-permitira-a-reorganizacao-do-acervo-patrimonial-imobiliario-do-estado\/"},"wordCount":423,"commentCount":0,"image":{"@id":"https:\/\/cnr.org.br\/novoportal\/convenio-permitira-a-reorganizacao-do-acervo-patrimonial-imobiliario-do-estado\/#primaryimage"},"thumbnailUrl":"https:\/\/cnr.org.br\/novoportal\/wp-content\/uploads\/2019\/03\/imagem.jpg","articleSection":["Not\u00edcia","\u00daltimas Not\u00edcias"],"inLanguage":"pt-BR"},{"@type":"WebPage","@id":"https:\/\/cnr.org.br\/novoportal\/convenio-permitira-a-reorganizacao-do-acervo-patrimonial-imobiliario-do-estado\/","url":"https:\/\/cnr.org.br\/novoportal\/convenio-permitira-a-reorganizacao-do-acervo-patrimonial-imobiliario-do-estado\/","name":"Conv\u00eanio permitir\u00e1 a reorganiza\u00e7\u00e3o do acervo patrimonial imobili\u00e1rio do Estado - CNR","isPartOf":{"@id":"https:\/\/cnr.org.br\/novoportal\/#website"},"primaryImageOfPage":{"@id":"https:\/\/cnr.org.br\/novoportal\/convenio-permitira-a-reorganizacao-do-acervo-patrimonial-imobiliario-do-estado\/#primaryimage"},"image":{"@id":"https:\/\/cnr.org.br\/novoportal\/convenio-permitira-a-reorganizacao-do-acervo-patrimonial-imobiliario-do-estado\/#primaryimage"},"thumbnailUrl":"https:\/\/cnr.org.br\/novoportal\/wp-content\/uploads\/2019\/03\/imagem.jpg","datePublished":"2018-06-26T14:24:08+00:00","author":{"@id":"https:\/\/cnr.org.br\/novoportal\/#\/schema\/person\/1f46209cd8c9d3d9887a0765b64ca66b"},"breadcrumb":{"@id":"https:\/\/cnr.org.br\/novoportal\/convenio-permitira-a-reorganizacao-do-acervo-patrimonial-imobiliario-do-estado\/#breadcrumb"},"inLanguage":"pt-BR","potentialAction":[{"@type":"ReadAction","target":["https:\/\/cnr.org.br\/novoportal\/convenio-permitira-a-reorganizacao-do-acervo-patrimonial-imobiliario-do-estado\/"]}]},{"@type":"ImageObject","inLanguage":"pt-BR","@id":"https:\/\/cnr.org.br\/novoportal\/convenio-permitira-a-reorganizacao-do-acervo-patrimonial-imobiliario-do-estado\/#primaryimage","url":"https:\/\/cnr.org.br\/novoportal\/wp-content\/uploads\/2019\/03\/imagem.jpg","contentUrl":"https:\/\/cnr.org.br\/novoportal\/wp-content\/uploads\/2019\/03\/imagem.jpg","width":448,"height":297},{"@type":"BreadcrumbList","@id":"https:\/\/cnr.org.br\/novoportal\/convenio-permitira-a-reorganizacao-do-acervo-patrimonial-imobiliario-do-estado\/#breadcrumb","itemListElement":[{"@type":"ListItem","position":1,"name":"In\u00edcio","item":"https:\/\/cnr.org.br\/novoportal\/"},{"@type":"ListItem","position":2,"name":"Conv\u00eanio permitir\u00e1 a reorganiza\u00e7\u00e3o do acervo patrimonial imobili\u00e1rio do Estado"}]},{"@type":"WebSite","@id":"https:\/\/cnr.org.br\/novoportal\/#website","url":"https:\/\/cnr.org.br\/novoportal\/","name":"CNR","description":"Confedera\u00e7\u00e3o Nacional de Not\u00e1rios e Registradores","potentialAction":[{"@type":"SearchAction","target":{"@type":"EntryPoint","urlTemplate":"https:\/\/cnr.org.br\/novoportal\/?s={search_term_string}"},"query-input":{"@type":"PropertyValueSpecification","valueRequired":true,"valueName":"search_term_string"}}],"inLanguage":"pt-BR"},{"@type":"Person","@id":"https:\/\/cnr.org.br\/novoportal\/#\/schema\/person\/1f46209cd8c9d3d9887a0765b64ca66b","name":"Imprensa CNR","sameAs":["https:\/\/cnr.org.br\/site"],"url":"https:\/\/cnr.org.br\/novoportal\/author\/imprensa\/"}]}},"_links":{"self":[{"href":"https:\/\/cnr.org.br\/novoportal\/wp-json\/wp\/v2\/posts\/7618","targetHints":{"allow":["GET"]}}],"collection":[{"href":"https:\/\/cnr.org.br\/novoportal\/wp-json\/wp\/v2\/posts"}],"about":[{"href":"https:\/\/cnr.org.br\/novoportal\/wp-json\/wp\/v2\/types\/post"}],"author":[{"embeddable":true,"href":"https:\/\/cnr.org.br\/novoportal\/wp-json\/wp\/v2\/users\/2"}],"replies":[{"embeddable":true,"href":"https:\/\/cnr.org.br\/novoportal\/wp-json\/wp\/v2\/comments?post=7618"}],"version-history":[{"count":0,"href":"https:\/\/cnr.org.br\/novoportal\/wp-json\/wp\/v2\/posts\/7618\/revisions"}],"wp:featuredmedia":[{"embeddable":true,"href":"https:\/\/cnr.org.br\/novoportal\/wp-json\/wp\/v2\/media\/13953"}],"wp:attachment":[{"href":"https:\/\/cnr.org.br\/novoportal\/wp-json\/wp\/v2\/media?parent=7618"}],"wp:term":[{"taxonomy":"category","embeddable":true,"href":"https:\/\/cnr.org.br\/novoportal\/wp-json\/wp\/v2\/categories?post=7618"},{"taxonomy":"post_tag","embeddable":true,"href":"https:\/\/cnr.org.br\/novoportal\/wp-json\/wp\/v2\/tags?post=7618"}],"curies":[{"name":"wp","href":"https:\/\/api.w.org\/{rel}","templated":true}]}}