{"id":10140,"date":"2019-01-17T15:05:02","date_gmt":"2019-01-17T17:05:02","guid":{"rendered":"https:\/\/cnr.org.br\/site\/?p=10140"},"modified":"2019-01-17T15:05:02","modified_gmt":"2019-01-17T17:05:02","slug":"proposta-amplia-casos-de-isencao-para-concessao-de-auxilio-doenca-e-aposentadoria-por-invalidez","status":"publish","type":"post","link":"https:\/\/cnr.org.br\/site\/proposta-amplia-casos-de-isencao-para-concessao-de-auxilio-doenca-e-aposentadoria-por-invalidez\/","title":{"rendered":"Proposta amplia casos de isen\u00e7\u00e3o para concess\u00e3o de aux\u00edlio-doen\u00e7a e aposentadoria por invalidez"},"content":{"rendered":"<div id=\"dslc-theme-content\"><div id=\"dslc-theme-content-inner\"><div id=\"conteudoNoticia\">\n<p><img loading=\"lazy\" decoding=\"async\" class=\"alignnone size-full wp-image-10141\" src=\"https:\/\/cnr.org.br\/site\/wp-content\/uploads\/2019\/01\/20130604182910_inss1.jpg\" alt=\"\" width=\"2669\" height=\"1772\" srcset=\"https:\/\/cnr.org.br\/site\/wp-content\/uploads\/2019\/01\/20130604182910_inss1.jpg 2669w, https:\/\/cnr.org.br\/site\/wp-content\/uploads\/2019\/01\/20130604182910_inss1-300x199.jpg 300w, https:\/\/cnr.org.br\/site\/wp-content\/uploads\/2019\/01\/20130604182910_inss1-768x510.jpg 768w, https:\/\/cnr.org.br\/site\/wp-content\/uploads\/2019\/01\/20130604182910_inss1-1024x680.jpg 1024w, https:\/\/cnr.org.br\/site\/wp-content\/uploads\/2019\/01\/20130604182910_inss1-90x60.jpg 90w, https:\/\/cnr.org.br\/site\/wp-content\/uploads\/2019\/01\/20130604182910_inss1-565x375.jpg 565w\" sizes=\"auto, (max-width: 2669px) 100vw, 2669px\" \/><\/p>\n<p>O Projeto de Lei 10718\/18, do Senado, pretende incluir as formas incapacitantes das doen\u00e7as reum\u00e1ticas, neuromusculares e osteoarticulares cr\u00f4nicas ou degenerativas entre as hip\u00f3teses de isen\u00e7\u00e3o do prazo de car\u00eancia (um ano) para concess\u00e3o de aux\u00edlio-doen\u00e7a e de aposentadoria por invalidez.<\/p>\n<p>O autor da proposta, senador Paulo Paim (PT-RS), destaca que v\u00e1rias dessas doen\u00e7as s\u00e3o graves e incur\u00e1veis, podem prejudicar a capacidade de trabalho do doente e at\u00e9 mesmo levar \u00e0 morte. Segundo ele, pessoas com esclerose m\u00faltipla, artrite reumatoide ou esclerose lateral amiotr\u00f3fica (ELA) poder\u00e3o ser beneficiadas caso o texto seja aprovado.<\/p>\n<p>O projeto altera a Lei de Benef\u00edcios da Previd\u00eancia Social (<a href=\"http:\/\/www2.camara.leg.br\/legin\/fed\/lei\/1991\/lei-8213-24-julho-1991-363650-norma-pl.html\" target=\"_blank\" rel=\"noopener\">8.213\/91<\/a>). Atualmente, entre outros casos, essa lei j\u00e1 prev\u00ea o direito a segurados que t\u00eam doen\u00e7a de Parkinson, c\u00e2ncer, hansen\u00edase, aliena\u00e7\u00e3o mental, tuberculose ativa e aids.<\/p>\n<p>A lei prev\u00ea que, para ter direito ao benef\u00edcio, \u00e9 preciso que a doen\u00e7a tenha provocado incapacidade para o trabalho. Outra condi\u00e7\u00e3o \u00e9 que o paciente tenha se filiado ao Regime Geral da Previd\u00eancia Social (RGPS) antes da manifesta\u00e7\u00e3o da doen\u00e7a.<\/p>\n<p><strong>Tramita\u00e7\u00e3o<\/strong><br \/>\nA proposta tramita em <span class=\"termoGlossario\">car\u00e1ter conclusivo<\/span> e ser\u00e1 analisada pelas comiss\u00f5es de Seguridade Social e Fam\u00edlia; de Finan\u00e7as e Tributa\u00e7\u00e3o; e de Constitui\u00e7\u00e3o e Justi\u00e7a e de Cidadania.<\/p>\n<\/div>\n<div class=\"divBlocoContinuacao\">\n<div id=\"proposicao\">\n<h4>\u00cdNTEGRA DA PROPOSTA:<\/h4>\n<ul>\n<li><a href=\"http:\/\/www.camara.gov.br\/internet\/sileg\/Prop_Detalhe.asp?id=2182924\">PL-10718\/2018<\/a><\/li>\n<\/ul>\n<\/div>\n<div id=\"creditosMateria\">Da Reportagem\/RM<br \/>\nEdi\u00e7\u00e3o \u2013 Alexandre P\u00f4rto<br \/>\nCom informa\u00e7\u00f5es da Ag\u00eancia Senado<\/div>\n<div>Fonte: <a href=\"http:\/\/www2.camara.leg.br\/camaranoticias\/noticias\/TRABALHO-E-PREVIDENCIA\/570621-PROPOSTA-AMPLIA-CASOS-DE-ISENCAO-PARA-CONCESSAO-DE-AUXILIO-DOENCA-E-APOSENTADORIA-POR-INVALIDEZ.html\">C\u00e2mara dos Deputados<\/a><\/div>\n<\/div>\n<\/div><\/div>","protected":false},"excerpt":{"rendered":"<p>O Projeto de Lei 10718\/18, do Senado, pretende incluir as formas incapacitantes das doen\u00e7as reum\u00e1ticas, neuromusculares e osteoarticulares cr\u00f4nicas ou degenerativas entre as hip\u00f3teses de isen\u00e7\u00e3o do prazo de car\u00eancia (um ano) para concess\u00e3o de aux\u00edlio-doen\u00e7a e de aposentadoria por invalidez. O autor da proposta, senador Paulo Paim (PT-RS), destaca que v\u00e1rias dessas doen\u00e7as s\u00e3o [&hellip;]<\/p>\n","protected":false},"author":2,"featured_media":14110,"comment_status":"open","ping_status":"open","sticky":false,"template":"","format":"standard","meta":{"footnotes":"","_links_to":"","_links_to_target":""},"categories":[507,47],"tags":[],"class_list":["post-10140","post","type-post","status-publish","format-standard","has-post-thumbnail","hentry","category-trabalho-e-previdencia","category-ultimas-noticias"],"yoast_head":"<!-- This site is optimized with the Yoast SEO plugin v28.4 - https:\/\/yoast.com\/product\/yoast-seo-wordpress\/ -->\n<title>Proposta amplia casos de isen\u00e7\u00e3o para concess\u00e3o de aux\u00edlio-doen\u00e7a e aposentadoria por invalidez - CNR<\/title>\n<meta name=\"robots\" content=\"index, follow, max-snippet:-1, max-image-preview:large, max-video-preview:-1\" \/>\n<link rel=\"canonical\" href=\"https:\/\/cnr.org.br\/novoportal\/proposta-amplia-casos-de-isencao-para-concessao-de-auxilio-doenca-e-aposentadoria-por-invalidez\/\" \/>\n<meta property=\"og:locale\" content=\"pt_BR\" \/>\n<meta property=\"og:type\" content=\"article\" \/>\n<meta property=\"og:title\" content=\"Proposta amplia casos de isen\u00e7\u00e3o para concess\u00e3o de aux\u00edlio-doen\u00e7a e aposentadoria por invalidez - CNR\" \/>\n<meta property=\"og:description\" content=\"O Projeto de Lei 10718\/18, do Senado, pretende incluir as formas incapacitantes das doen\u00e7as reum\u00e1ticas, neuromusculares e osteoarticulares cr\u00f4nicas ou degenerativas entre as hip\u00f3teses de isen\u00e7\u00e3o do prazo de car\u00eancia (um ano) para concess\u00e3o de aux\u00edlio-doen\u00e7a e de aposentadoria por invalidez. O autor da proposta, senador Paulo Paim (PT-RS), destaca que v\u00e1rias dessas doen\u00e7as s\u00e3o [&hellip;]\" \/>\n<meta property=\"og:url\" content=\"https:\/\/cnr.org.br\/novoportal\/proposta-amplia-casos-de-isencao-para-concessao-de-auxilio-doenca-e-aposentadoria-por-invalidez\/\" \/>\n<meta property=\"og:site_name\" content=\"CNR\" \/>\n<meta property=\"article:published_time\" content=\"2019-01-17T17:05:02+00:00\" \/>\n<meta property=\"og:image\" content=\"https:\/\/cnr.org.br\/novoportal\/wp-content\/uploads\/2019\/03\/20130604182910_inss1-1024x680.jpg\" \/>\n\t<meta property=\"og:image:width\" content=\"1024\" \/>\n\t<meta property=\"og:image:height\" content=\"680\" \/>\n\t<meta property=\"og:image:type\" content=\"image\/jpeg\" \/>\n<meta name=\"author\" content=\"Imprensa CNR\" \/>\n<meta name=\"twitter:card\" content=\"summary_large_image\" \/>\n<meta name=\"twitter:label1\" content=\"Escrito por\" \/>\n\t<meta name=\"twitter:data1\" content=\"Imprensa CNR\" \/>\n\t<meta name=\"twitter:label2\" content=\"Est. tempo de leitura\" \/>\n\t<meta name=\"twitter:data2\" content=\"1 minuto\" \/>\n<script type=\"application\/ld+json\" class=\"yoast-schema-graph\">{\"@context\":\"https:\\\/\\\/schema.org\",\"@graph\":[{\"@type\":\"Article\",\"@id\":\"https:\\\/\\\/cnr.org.br\\\/novoportal\\\/proposta-amplia-casos-de-isencao-para-concessao-de-auxilio-doenca-e-aposentadoria-por-invalidez\\\/#article\",\"isPartOf\":{\"@id\":\"https:\\\/\\\/cnr.org.br\\\/novoportal\\\/proposta-amplia-casos-de-isencao-para-concessao-de-auxilio-doenca-e-aposentadoria-por-invalidez\\\/\"},\"author\":{\"name\":\"Imprensa CNR\",\"@id\":\"https:\\\/\\\/cnr.org.br\\\/novoportal\\\/#\\\/schema\\\/person\\\/1f46209cd8c9d3d9887a0765b64ca66b\"},\"headline\":\"Proposta amplia casos de isen\u00e7\u00e3o para concess\u00e3o de aux\u00edlio-doen\u00e7a e aposentadoria por invalidez\",\"datePublished\":\"2019-01-17T17:05:02+00:00\",\"mainEntityOfPage\":{\"@id\":\"https:\\\/\\\/cnr.org.br\\\/novoportal\\\/proposta-amplia-casos-de-isencao-para-concessao-de-auxilio-doenca-e-aposentadoria-por-invalidez\\\/\"},\"wordCount\":272,\"commentCount\":0,\"publisher\":{\"@id\":\"https:\\\/\\\/cnr.org.br\\\/novoportal\\\/#organization\"},\"image\":{\"@id\":\"https:\\\/\\\/cnr.org.br\\\/novoportal\\\/proposta-amplia-casos-de-isencao-para-concessao-de-auxilio-doenca-e-aposentadoria-por-invalidez\\\/#primaryimage\"},\"thumbnailUrl\":\"https:\\\/\\\/cnr.org.br\\\/site\\\/wp-content\\\/uploads\\\/2019\\\/03\\\/20130604182910_inss1.jpg\",\"articleSection\":[\"Trabalho e previd\u00eancia\",\"\u00daltimas Not\u00edcias\"],\"inLanguage\":\"pt-BR\"},{\"@type\":\"WebPage\",\"@id\":\"https:\\\/\\\/cnr.org.br\\\/novoportal\\\/proposta-amplia-casos-de-isencao-para-concessao-de-auxilio-doenca-e-aposentadoria-por-invalidez\\\/\",\"url\":\"https:\\\/\\\/cnr.org.br\\\/novoportal\\\/proposta-amplia-casos-de-isencao-para-concessao-de-auxilio-doenca-e-aposentadoria-por-invalidez\\\/\",\"name\":\"Proposta amplia casos de isen\u00e7\u00e3o para concess\u00e3o de aux\u00edlio-doen\u00e7a e aposentadoria por invalidez - CNR\",\"isPartOf\":{\"@id\":\"https:\\\/\\\/cnr.org.br\\\/novoportal\\\/#website\"},\"primaryImageOfPage\":{\"@id\":\"https:\\\/\\\/cnr.org.br\\\/novoportal\\\/proposta-amplia-casos-de-isencao-para-concessao-de-auxilio-doenca-e-aposentadoria-por-invalidez\\\/#primaryimage\"},\"image\":{\"@id\":\"https:\\\/\\\/cnr.org.br\\\/novoportal\\\/proposta-amplia-casos-de-isencao-para-concessao-de-auxilio-doenca-e-aposentadoria-por-invalidez\\\/#primaryimage\"},\"thumbnailUrl\":\"https:\\\/\\\/cnr.org.br\\\/site\\\/wp-content\\\/uploads\\\/2019\\\/03\\\/20130604182910_inss1.jpg\",\"datePublished\":\"2019-01-17T17:05:02+00:00\",\"breadcrumb\":{\"@id\":\"https:\\\/\\\/cnr.org.br\\\/novoportal\\\/proposta-amplia-casos-de-isencao-para-concessao-de-auxilio-doenca-e-aposentadoria-por-invalidez\\\/#breadcrumb\"},\"inLanguage\":\"pt-BR\",\"potentialAction\":[{\"@type\":\"ReadAction\",\"target\":[\"https:\\\/\\\/cnr.org.br\\\/novoportal\\\/proposta-amplia-casos-de-isencao-para-concessao-de-auxilio-doenca-e-aposentadoria-por-invalidez\\\/\"]}]},{\"@type\":\"ImageObject\",\"inLanguage\":\"pt-BR\",\"@id\":\"https:\\\/\\\/cnr.org.br\\\/novoportal\\\/proposta-amplia-casos-de-isencao-para-concessao-de-auxilio-doenca-e-aposentadoria-por-invalidez\\\/#primaryimage\",\"url\":\"https:\\\/\\\/cnr.org.br\\\/site\\\/wp-content\\\/uploads\\\/2019\\\/03\\\/20130604182910_inss1.jpg\",\"contentUrl\":\"https:\\\/\\\/cnr.org.br\\\/site\\\/wp-content\\\/uploads\\\/2019\\\/03\\\/20130604182910_inss1.jpg\",\"width\":2669,\"height\":1772},{\"@type\":\"BreadcrumbList\",\"@id\":\"https:\\\/\\\/cnr.org.br\\\/novoportal\\\/proposta-amplia-casos-de-isencao-para-concessao-de-auxilio-doenca-e-aposentadoria-por-invalidez\\\/#breadcrumb\",\"itemListElement\":[{\"@type\":\"ListItem\",\"position\":1,\"name\":\"In\u00edcio\",\"item\":\"https:\\\/\\\/cnr.org.br\\\/site\\\/\"},{\"@type\":\"ListItem\",\"position\":2,\"name\":\"Proposta amplia casos de isen\u00e7\u00e3o para concess\u00e3o de aux\u00edlio-doen\u00e7a e aposentadoria por invalidez\"}]},{\"@type\":\"WebSite\",\"@id\":\"https:\\\/\\\/cnr.org.br\\\/novoportal\\\/#website\",\"url\":\"https:\\\/\\\/cnr.org.br\\\/novoportal\\\/\",\"name\":\"CNR\",\"description\":\"Confedera\u00e7\u00e3o Nacional de Not\u00e1rios e Registradores\",\"publisher\":{\"@id\":\"https:\\\/\\\/cnr.org.br\\\/novoportal\\\/#organization\"},\"potentialAction\":[{\"@type\":\"SearchAction\",\"target\":{\"@type\":\"EntryPoint\",\"urlTemplate\":\"https:\\\/\\\/cnr.org.br\\\/novoportal\\\/?s={search_term_string}\"},\"query-input\":{\"@type\":\"PropertyValueSpecification\",\"valueRequired\":true,\"valueName\":\"search_term_string\"}}],\"inLanguage\":\"pt-BR\"},{\"@type\":\"Organization\",\"@id\":\"https:\\\/\\\/cnr.org.br\\\/novoportal\\\/#organization\",\"name\":\"CNR\",\"url\":\"https:\\\/\\\/cnr.org.br\\\/novoportal\\\/\",\"logo\":{\"@type\":\"ImageObject\",\"inLanguage\":\"pt-BR\",\"@id\":\"https:\\\/\\\/cnr.org.br\\\/novoportal\\\/#\\\/schema\\\/logo\\\/image\\\/\",\"url\":\"https:\\\/\\\/cnr.org.br\\\/site\\\/wp-content\\\/uploads\\\/2026\\\/02\\\/Logo_CNR_completa_colorida_2024.png\",\"contentUrl\":\"https:\\\/\\\/cnr.org.br\\\/site\\\/wp-content\\\/uploads\\\/2026\\\/02\\\/Logo_CNR_completa_colorida_2024.png\",\"width\":910,\"height\":450,\"caption\":\"CNR\"},\"image\":{\"@id\":\"https:\\\/\\\/cnr.org.br\\\/novoportal\\\/#\\\/schema\\\/logo\\\/image\\\/\"}},{\"@type\":\"Person\",\"@id\":\"https:\\\/\\\/cnr.org.br\\\/novoportal\\\/#\\\/schema\\\/person\\\/1f46209cd8c9d3d9887a0765b64ca66b\",\"name\":\"Imprensa CNR\",\"sameAs\":[\"https:\\\/\\\/cnr.org.br\\\/site\"],\"url\":\"https:\\\/\\\/cnr.org.br\\\/site\\\/author\\\/imprensa\\\/\"}]}<\/script>\n<!-- \/ Yoast SEO plugin. -->","yoast_head_json":{"title":"Proposta amplia casos de isen\u00e7\u00e3o para concess\u00e3o de aux\u00edlio-doen\u00e7a e aposentadoria por invalidez - CNR","robots":{"index":"index","follow":"follow","max-snippet":"max-snippet:-1","max-image-preview":"max-image-preview:large","max-video-preview":"max-video-preview:-1"},"canonical":"https:\/\/cnr.org.br\/novoportal\/proposta-amplia-casos-de-isencao-para-concessao-de-auxilio-doenca-e-aposentadoria-por-invalidez\/","og_locale":"pt_BR","og_type":"article","og_title":"Proposta amplia casos de isen\u00e7\u00e3o para concess\u00e3o de aux\u00edlio-doen\u00e7a e aposentadoria por invalidez - CNR","og_description":"O Projeto de Lei 10718\/18, do Senado, pretende incluir as formas incapacitantes das doen\u00e7as reum\u00e1ticas, neuromusculares e osteoarticulares cr\u00f4nicas ou degenerativas entre as hip\u00f3teses de isen\u00e7\u00e3o do prazo de car\u00eancia (um ano) para concess\u00e3o de aux\u00edlio-doen\u00e7a e de aposentadoria por invalidez. O autor da proposta, senador Paulo Paim (PT-RS), destaca que v\u00e1rias dessas doen\u00e7as s\u00e3o [&hellip;]","og_url":"https:\/\/cnr.org.br\/novoportal\/proposta-amplia-casos-de-isencao-para-concessao-de-auxilio-doenca-e-aposentadoria-por-invalidez\/","og_site_name":"CNR","article_published_time":"2019-01-17T17:05:02+00:00","og_image":[{"width":1024,"height":680,"url":"https:\/\/cnr.org.br\/novoportal\/wp-content\/uploads\/2019\/03\/20130604182910_inss1-1024x680.jpg","type":"image\/jpeg"}],"author":"Imprensa CNR","twitter_card":"summary_large_image","twitter_misc":{"Escrito por":"Imprensa CNR","Est. tempo de leitura":"1 minuto"},"schema":{"@context":"https:\/\/schema.org","@graph":[{"@type":"Article","@id":"https:\/\/cnr.org.br\/novoportal\/proposta-amplia-casos-de-isencao-para-concessao-de-auxilio-doenca-e-aposentadoria-por-invalidez\/#article","isPartOf":{"@id":"https:\/\/cnr.org.br\/novoportal\/proposta-amplia-casos-de-isencao-para-concessao-de-auxilio-doenca-e-aposentadoria-por-invalidez\/"},"author":{"name":"Imprensa CNR","@id":"https:\/\/cnr.org.br\/novoportal\/#\/schema\/person\/1f46209cd8c9d3d9887a0765b64ca66b"},"headline":"Proposta amplia casos de isen\u00e7\u00e3o para concess\u00e3o de aux\u00edlio-doen\u00e7a e aposentadoria por invalidez","datePublished":"2019-01-17T17:05:02+00:00","mainEntityOfPage":{"@id":"https:\/\/cnr.org.br\/novoportal\/proposta-amplia-casos-de-isencao-para-concessao-de-auxilio-doenca-e-aposentadoria-por-invalidez\/"},"wordCount":272,"commentCount":0,"publisher":{"@id":"https:\/\/cnr.org.br\/novoportal\/#organization"},"image":{"@id":"https:\/\/cnr.org.br\/novoportal\/proposta-amplia-casos-de-isencao-para-concessao-de-auxilio-doenca-e-aposentadoria-por-invalidez\/#primaryimage"},"thumbnailUrl":"https:\/\/cnr.org.br\/site\/wp-content\/uploads\/2019\/03\/20130604182910_inss1.jpg","articleSection":["Trabalho e previd\u00eancia","\u00daltimas Not\u00edcias"],"inLanguage":"pt-BR"},{"@type":"WebPage","@id":"https:\/\/cnr.org.br\/novoportal\/proposta-amplia-casos-de-isencao-para-concessao-de-auxilio-doenca-e-aposentadoria-por-invalidez\/","url":"https:\/\/cnr.org.br\/novoportal\/proposta-amplia-casos-de-isencao-para-concessao-de-auxilio-doenca-e-aposentadoria-por-invalidez\/","name":"Proposta amplia casos de isen\u00e7\u00e3o para concess\u00e3o de aux\u00edlio-doen\u00e7a e aposentadoria por invalidez - CNR","isPartOf":{"@id":"https:\/\/cnr.org.br\/novoportal\/#website"},"primaryImageOfPage":{"@id":"https:\/\/cnr.org.br\/novoportal\/proposta-amplia-casos-de-isencao-para-concessao-de-auxilio-doenca-e-aposentadoria-por-invalidez\/#primaryimage"},"image":{"@id":"https:\/\/cnr.org.br\/novoportal\/proposta-amplia-casos-de-isencao-para-concessao-de-auxilio-doenca-e-aposentadoria-por-invalidez\/#primaryimage"},"thumbnailUrl":"https:\/\/cnr.org.br\/site\/wp-content\/uploads\/2019\/03\/20130604182910_inss1.jpg","datePublished":"2019-01-17T17:05:02+00:00","breadcrumb":{"@id":"https:\/\/cnr.org.br\/novoportal\/proposta-amplia-casos-de-isencao-para-concessao-de-auxilio-doenca-e-aposentadoria-por-invalidez\/#breadcrumb"},"inLanguage":"pt-BR","potentialAction":[{"@type":"ReadAction","target":["https:\/\/cnr.org.br\/novoportal\/proposta-amplia-casos-de-isencao-para-concessao-de-auxilio-doenca-e-aposentadoria-por-invalidez\/"]}]},{"@type":"ImageObject","inLanguage":"pt-BR","@id":"https:\/\/cnr.org.br\/novoportal\/proposta-amplia-casos-de-isencao-para-concessao-de-auxilio-doenca-e-aposentadoria-por-invalidez\/#primaryimage","url":"https:\/\/cnr.org.br\/site\/wp-content\/uploads\/2019\/03\/20130604182910_inss1.jpg","contentUrl":"https:\/\/cnr.org.br\/site\/wp-content\/uploads\/2019\/03\/20130604182910_inss1.jpg","width":2669,"height":1772},{"@type":"BreadcrumbList","@id":"https:\/\/cnr.org.br\/novoportal\/proposta-amplia-casos-de-isencao-para-concessao-de-auxilio-doenca-e-aposentadoria-por-invalidez\/#breadcrumb","itemListElement":[{"@type":"ListItem","position":1,"name":"In\u00edcio","item":"https:\/\/cnr.org.br\/site\/"},{"@type":"ListItem","position":2,"name":"Proposta amplia casos de isen\u00e7\u00e3o para concess\u00e3o de aux\u00edlio-doen\u00e7a e aposentadoria por invalidez"}]},{"@type":"WebSite","@id":"https:\/\/cnr.org.br\/novoportal\/#website","url":"https:\/\/cnr.org.br\/novoportal\/","name":"CNR","description":"Confedera\u00e7\u00e3o Nacional de Not\u00e1rios e Registradores","publisher":{"@id":"https:\/\/cnr.org.br\/novoportal\/#organization"},"potentialAction":[{"@type":"SearchAction","target":{"@type":"EntryPoint","urlTemplate":"https:\/\/cnr.org.br\/novoportal\/?s={search_term_string}"},"query-input":{"@type":"PropertyValueSpecification","valueRequired":true,"valueName":"search_term_string"}}],"inLanguage":"pt-BR"},{"@type":"Organization","@id":"https:\/\/cnr.org.br\/novoportal\/#organization","name":"CNR","url":"https:\/\/cnr.org.br\/novoportal\/","logo":{"@type":"ImageObject","inLanguage":"pt-BR","@id":"https:\/\/cnr.org.br\/novoportal\/#\/schema\/logo\/image\/","url":"https:\/\/cnr.org.br\/site\/wp-content\/uploads\/2026\/02\/Logo_CNR_completa_colorida_2024.png","contentUrl":"https:\/\/cnr.org.br\/site\/wp-content\/uploads\/2026\/02\/Logo_CNR_completa_colorida_2024.png","width":910,"height":450,"caption":"CNR"},"image":{"@id":"https:\/\/cnr.org.br\/novoportal\/#\/schema\/logo\/image\/"}},{"@type":"Person","@id":"https:\/\/cnr.org.br\/novoportal\/#\/schema\/person\/1f46209cd8c9d3d9887a0765b64ca66b","name":"Imprensa CNR","sameAs":["https:\/\/cnr.org.br\/site"],"url":"https:\/\/cnr.org.br\/site\/author\/imprensa\/"}]}},"_links":{"self":[{"href":"https:\/\/cnr.org.br\/site\/wp-json\/wp\/v2\/posts\/10140","targetHints":{"allow":["GET"]}}],"collection":[{"href":"https:\/\/cnr.org.br\/site\/wp-json\/wp\/v2\/posts"}],"about":[{"href":"https:\/\/cnr.org.br\/site\/wp-json\/wp\/v2\/types\/post"}],"author":[{"embeddable":true,"href":"https:\/\/cnr.org.br\/site\/wp-json\/wp\/v2\/users\/2"}],"replies":[{"embeddable":true,"href":"https:\/\/cnr.org.br\/site\/wp-json\/wp\/v2\/comments?post=10140"}],"version-history":[{"count":0,"href":"https:\/\/cnr.org.br\/site\/wp-json\/wp\/v2\/posts\/10140\/revisions"}],"wp:featuredmedia":[{"embeddable":true,"href":"https:\/\/cnr.org.br\/site\/wp-json\/wp\/v2\/media\/14110"}],"wp:attachment":[{"href":"https:\/\/cnr.org.br\/site\/wp-json\/wp\/v2\/media?parent=10140"}],"wp:term":[{"taxonomy":"category","embeddable":true,"href":"https:\/\/cnr.org.br\/site\/wp-json\/wp\/v2\/categories?post=10140"},{"taxonomy":"post_tag","embeddable":true,"href":"https:\/\/cnr.org.br\/site\/wp-json\/wp\/v2\/tags?post=10140"}],"curies":[{"name":"wp","href":"https:\/\/api.w.org\/{rel}","templated":true}]}}