{"id":10167,"date":"2019-01-21T14:29:05","date_gmt":"2019-01-21T16:29:05","guid":{"rendered":"https:\/\/cnr.org.br\/site\/?p=10167"},"modified":"2019-01-21T14:29:05","modified_gmt":"2019-01-21T16:29:05","slug":"proposta-susta-decreto-que-exclui-de-concurso-publico-prova-adaptada-a-pessoa-com-deficiencia","status":"publish","type":"post","link":"https:\/\/cnr.org.br\/site\/proposta-susta-decreto-que-exclui-de-concurso-publico-prova-adaptada-a-pessoa-com-deficiencia\/","title":{"rendered":"Proposta susta decreto que exclui de concurso p\u00fablico prova adaptada a pessoa com defici\u00eancia"},"content":{"rendered":"<div id=\"conteudoNoticia\">\n<h6><img loading=\"lazy\" decoding=\"async\" class=\"alignnone size-full wp-image-10168\" src=\"https:\/\/cnr.org.br\/site\/wp-content\/uploads\/2019\/01\/img20180711192955327.jpg\" alt=\"\" width=\"2003\" height=\"1312\" srcset=\"https:\/\/cnr.org.br\/site\/wp-content\/uploads\/2019\/01\/img20180711192955327.jpg 2003w, https:\/\/cnr.org.br\/site\/wp-content\/uploads\/2019\/01\/img20180711192955327-300x197.jpg 300w, https:\/\/cnr.org.br\/site\/wp-content\/uploads\/2019\/01\/img20180711192955327-768x503.jpg 768w, https:\/\/cnr.org.br\/site\/wp-content\/uploads\/2019\/01\/img20180711192955327-1024x671.jpg 1024w, https:\/\/cnr.org.br\/site\/wp-content\/uploads\/2019\/01\/img20180711192955327-90x60.jpg 90w, https:\/\/cnr.org.br\/site\/wp-content\/uploads\/2019\/01\/img20180711192955327-573x375.jpg 573w\" sizes=\"(max-width: 2003px) 100vw, 2003px\" \/>Gabrilli:\u00a0O objetivo maior \u00e9 evitar que um quadro de inconstitucionalidade, ilegalidade, discrimina\u00e7\u00e3o e injusti\u00e7a atinja o expressivo contingente das pessoas com defici\u00eancia | Foto: Alex Ferreira\/C\u00e2mara dos Deputados<em><br \/>\n<\/em><\/h6>\n<p>O Projeto de Decreto Legislativo (<span class=\"termoGlossario\">PDC<\/span>) 1064\/18 pretende sustar o Decreto <a href=\"http:\/\/www2.camara.leg.br\/legin\/fed\/decret\/2018\/decreto-9546-30-outubro-2018-787279-norma-pe.html\" target=\"_blank\" rel=\"noopener\">9.546\/18<\/a>.\u00a0que altera <a href=\"http:\/\/www2.camara.leg.br\/legin\/fed\/decret\/2018\/decreto-9508-24-setembro-2018-787196-norma-pe.html\" target=\"_blank\" rel=\"noopener\">norma anterior<\/a> para excluir a previs\u00e3o, em concursos p\u00fablicos, de adapta\u00e7\u00e3o das provas f\u00edsicas para candidatos com defici\u00eancia. O decreto estabelece ainda que os crit\u00e9rios de aprova\u00e7\u00e3o para candidatos com defici\u00eancia poder\u00e3o seguir, conforme edital, os mesmos aplicados aos demais participantes do certame.<\/p>\n<p>Segundo os autores do projeto, os parlamentares do PSDB Mara Gabrilli (SP) e Eduardo Barbosa (MG), essa norma fere frontalmente dispositivos da <a href=\"http:\/\/www2.camara.leg.br\/atividade-legislativa\/legislacao\/Constituicoes_Brasileiras\/constituicao1988.html\/arquivos\/constituicao-da-republica-federativa-do-brasil_texto-atualizado\" target=\"_blank\" rel=\"noopener\">Constitui\u00e7\u00e3o<\/a>, da Conven\u00e7\u00e3o sobre os Direitos das Pessoas com Defici\u00eancia (Decreto <a href=\"http:\/\/www2.camara.leg.br\/legin\/fed\/decret\/2009\/decreto-6949-25-agosto-2009-590871-norma-pe.html\" target=\"_blank\" rel=\"noopener\">6.949\/09<\/a>) e da Lei Brasileira de Inclus\u00e3o da Pessoa com Defici\u00eancia (LBI &#8211; Lei <a href=\"http:\/\/www2.camara.leg.br\/legin\/fed\/lei\/2015\/lei-13146-6-julho-2015-781174-norma-pl.html\" target=\"_blank\" rel=\"noopener\">13.146\/15<\/a>).<\/p>\n<p>Na proposta, os deputados sustentam que \u00e9 necess\u00e1rio \u201crestabelecer a observ\u00e2ncia das disposi\u00e7\u00f5es constitucionais, convencionais e legais acerca da garantia de adapta\u00e7\u00e3o razo\u00e1vel para candidatos com defici\u00eancia em concursos p\u00fablicos, independentemente do tipo de prova, curso de forma\u00e7\u00e3o, est\u00e1gio probat\u00f3rio ou contrato de experi\u00eancia a que venha a ser submetido\u201d.<\/p>\n<p><strong>Tramita\u00e7\u00e3o<\/strong><br \/>\nA proposta ser\u00e1 analisada pelas comiss\u00f5es de Trabalho, de Administra\u00e7\u00e3o e Servi\u00e7o P\u00fablico; de Defesa dos Direitos das Pessoas com Defici\u00eancia; e de Constitui\u00e7\u00e3o e Justi\u00e7a e de Cidadania. Depois seguir\u00e1 para o Plen\u00e1rio.<\/p>\n<\/div>\n<div class=\"divBlocoContinuacao\">\n<div id=\"proposicao\">\n<h4>\u00cdNTEGRA DA PROPOSTA:<\/h4>\n<ul>\n<li><a href=\"http:\/\/www.camara.gov.br\/internet\/sileg\/Prop_Detalhe.asp?id=2185989\">PDC-1064\/2018<\/a><\/li>\n<\/ul>\n<\/div>\n<div id=\"creditosMateria\">Reportagem &#8211; Ralph Machado<br \/>\nEdi\u00e7\u00e3o &#8211; Marcia Becker<\/div>\n<div>Fonte: <a href=\"http:\/\/www2.camara.leg.br\/camaranoticias\/noticias\/TRABALHO-E-PREVIDENCIA\/570641-PROPOSTA-SUSTA-DECRETO-QUE-EXCLUI-DE-CONCURSO-PUBLICO-PROVA-ADAPTADA-A-PESSOA-COM-DEFICIENCIA.html\">C\u00e2mara dos Deputados<\/a><\/div>\n<\/div>\n","protected":false},"excerpt":{"rendered":"<p>Gabrilli:\u00a0O objetivo maior \u00e9 evitar que um quadro de inconstitucionalidade, ilegalidade, discrimina\u00e7\u00e3o e injusti\u00e7a atinja o expressivo contingente das pessoas com defici\u00eancia | Foto: Alex Ferreira\/C\u00e2mara dos Deputados O Projeto de Decreto Legislativo (PDC) 1064\/18 pretende sustar o Decreto 9.546\/18.\u00a0que altera norma anterior para excluir a previs\u00e3o, em concursos p\u00fablicos, de adapta\u00e7\u00e3o das provas f\u00edsicas&#8230;<\/p>\n","protected":false},"author":2,"featured_media":14113,"comment_status":"open","ping_status":"open","sticky":false,"template":"","format":"standard","meta":{"_exactmetrics_skip_tracking":false,"_exactmetrics_sitenote_active":false,"_exactmetrics_sitenote_note":"","_exactmetrics_sitenote_category":0,"footnotes":""},"categories":[507,47],"tags":[],"class_list":["post-10167","post","type-post","status-publish","format-standard","has-post-thumbnail","hentry","category-trabalho-e-previdencia","category-ultimas-noticias"],"_links":{"self":[{"href":"https:\/\/cnr.org.br\/site\/wp-json\/wp\/v2\/posts\/10167"}],"collection":[{"href":"https:\/\/cnr.org.br\/site\/wp-json\/wp\/v2\/posts"}],"about":[{"href":"https:\/\/cnr.org.br\/site\/wp-json\/wp\/v2\/types\/post"}],"author":[{"embeddable":true,"href":"https:\/\/cnr.org.br\/site\/wp-json\/wp\/v2\/users\/2"}],"replies":[{"embeddable":true,"href":"https:\/\/cnr.org.br\/site\/wp-json\/wp\/v2\/comments?post=10167"}],"version-history":[{"count":0,"href":"https:\/\/cnr.org.br\/site\/wp-json\/wp\/v2\/posts\/10167\/revisions"}],"wp:featuredmedia":[{"embeddable":true,"href":"https:\/\/cnr.org.br\/site\/wp-json\/wp\/v2\/media\/14113"}],"wp:attachment":[{"href":"https:\/\/cnr.org.br\/site\/wp-json\/wp\/v2\/media?parent=10167"}],"wp:term":[{"taxonomy":"category","embeddable":true,"href":"https:\/\/cnr.org.br\/site\/wp-json\/wp\/v2\/categories?post=10167"},{"taxonomy":"post_tag","embeddable":true,"href":"https:\/\/cnr.org.br\/site\/wp-json\/wp\/v2\/tags?post=10167"}],"curies":[{"name":"wp","href":"https:\/\/api.w.org\/{rel}","templated":true}]}}