{"id":10533,"date":"2019-02-08T11:24:19","date_gmt":"2019-02-08T13:24:19","guid":{"rendered":"https:\/\/cnr.org.br\/site\/?p=10533"},"modified":"2019-02-08T11:24:19","modified_gmt":"2019-02-08T13:24:19","slug":"projetos-apresentados-a-camara-querem-alterar-reforma-trabalhista","status":"publish","type":"post","link":"https:\/\/cnr.org.br\/site\/projetos-apresentados-a-camara-querem-alterar-reforma-trabalhista\/","title":{"rendered":"Projetos apresentados \u00e0 C\u00e2mara querem alterar reforma trabalhista"},"content":{"rendered":"<div id=\"dslc-theme-content\"><div id=\"dslc-theme-content-inner\"><div id=\"resumoNoticia\">\n<h2>Deputados da oposi\u00e7\u00e3o avaliam que reforma n\u00e3o trouxe benef\u00edcios prometidos ao trabalhador e, ap\u00f3s o in\u00edcio dos trabalhos, apresentam propostas para mudar novamente a CLT<\/h2>\n<\/div>\n<div id=\"conteudoNoticia\">\n<p>A discuss\u00e3o sobre a recente reforma trabalhista (Lei\u00a0<a href=\"http:\/\/www2.camara.leg.br\/legin\/fed\/lei\/2017\/lei-13467-13-julho-2017-785204-norma-pl.html\" target=\"_blank\" rel=\"noopener\">13.467\/17<\/a>) dever\u00e1 continuar mobilizando os deputados nesta\u00a0<span class=\"termoGlossario\" title=\"\" data-original-title=\"Espa\u00e7o de tempo durante o qual os legisladores exercem seu poder. No Brasil, a dura\u00e7\u00e3o da legislatura \u00e9 de quatro anos.  \">legislatura<\/span>. Entre os 528 projetos j\u00e1 apresentados na C\u00e2mara dos Deputados desde o in\u00edcio dos trabalhos legislativos, na \u00faltima segunda-feira (4), mais de dez querem alterar dispositivos da Consolida\u00e7\u00e3o das Leis do Trabalho (CLT - Decreto-Lei\u00a0<a href=\"http:\/\/www2.camara.leg.br\/legin\/fed\/declei\/1940-1949\/decreto-lei-5452-1-maio-1943-415500-norma-pe.html\" target=\"_blank\" rel=\"noopener\">5.452\/43<\/a>) institu\u00eddos pela reforma.<\/p>\n<p>Um desses projetos \u00e9 o PL 16\/19, do deputado Aliel Machado (PSB-PR) e outros tr\u00eas parlamentares, que quer modificar a limita\u00e7\u00e3o da indeniza\u00e7\u00e3o por dano extrapatrimonial institu\u00edda pela reforma trabalhista. O par\u00e2metro para essas indeniza\u00e7\u00f5es fixado pela reforma \u00e9 o sal\u00e1rio de quem sofre o dano.<\/p>\n<div id=\"fotoNoticia\" class=\"aDireita margemEsquerda imagemHorizontalP\">\n<div class=\"excluirVideo\">\n<p><img loading=\"lazy\" decoding=\"async\" class=\"alignnone size-full wp-image-10534\" src=\"https:\/\/cnr.org.br\/site\/wp-content\/uploads\/2019\/02\/img20180619165719685.jpg\" alt=\"\" width=\"2003\" height=\"1312\" \/><\/p>\n<p>\u201cPor conta da reforma trabalhista, a indeniza\u00e7\u00e3o por danos morais aos trabalhadores v\u00edtimas do rompimento da barragem da Vale S\/A, em Brumadinho (MG) est\u00e1 limitada a 50 vezes o sal\u00e1rio que recebiam atualmente. Para quem, hipoteticamente, recebia o sal\u00e1rio m\u00ednimo [R$ 998], que a \u00e9 a situa\u00e7\u00e3o de muitos dos trabalhadores no setor, ou pr\u00f3ximo disso, o teto seria de R$ 49,9 mil\u201d, criticou Machado.<\/p>\n<p>O projeto visa alterar esse par\u00e2metro para o sal\u00e1rio do chefe imediato do ofendido ou, n\u00e3o havendo, do superior hier\u00e1rquico mais pr\u00f3ximo. Em ofensas de natureza grav\u00edssima, a indeniza\u00e7\u00e3o poder\u00e1 chegar at\u00e9 50 vezes ao sal\u00e1rio do chefe do ofendido, caso a proposta seja aprovada.<\/p>\n<p>\u201cCom a altera\u00e7\u00e3o, acredita-se que se possa chegar a um valor minimamente mais justo de indeniza\u00e7\u00f5es, al\u00e9m de for\u00e7ar as empresas a fortalecerem seus programas internos de redu\u00e7\u00e3o de riscos e de danos\u201d, ressaltou o deputado.<\/p>\n<h3><strong>Negociado sobre legislado<\/strong><\/h3>\n<p>Outro parlamentar que apresentou v\u00e1rias propostas para alterar a reforma trabalhista foi Rubens Otoni (PT-GO). Para o deputado, a reforma \u201cn\u00e3o gerou empregos conforme prometido, tampouco proporcionou crescimento econ\u00f4mico, e contribuiu para a precariza\u00e7\u00e3o da rela\u00e7\u00e3o trabalhista\u201d.<\/p>\n<div id=\"conteudoNoticia\">\n<p>Entre as propostas apresentadas por Otoni, est\u00e1 o Projeto de Lei 278\/19, que estabelece que o acordo negociado ter\u00e1 primazia sobre a legisla\u00e7\u00e3o apenas quando as condi\u00e7\u00f5es estabelecidas em seu conjunto forem mais ben\u00e9ficas ao trabalhador \u2013 e n\u00e3o mais ser\u00e1 a regra, conforme prev\u00ea a reforma trabalhista.<\/p>\n<p><img loading=\"lazy\" decoding=\"async\" class=\"alignnone size-full wp-image-10536\" src=\"https:\/\/cnr.org.br\/site\/wp-content\/uploads\/2019\/02\/img201707131143164219663.jpg\" alt=\"\" width=\"2003\" height=\"1312\" \/><\/p>\n<p>Otoni tamb\u00e9m apresentou, entre outros projetos, o PL 273\/19, que revoga o contrato de trabalho intermitente. Para o deputado, esse tipo de contrato criado pela reforma trabalhista, que permite que o trabalhador seja contratado recebendo o sal\u00e1rio por hora trabalhada, \u201catende apenas \u00e0 conveni\u00eancia do empregador\u201d.<\/p>\n<p>As propostas apresentadas nesta legislatura ainda ser\u00e3o encaminhadas pela Secretaria-Geral da Mesa \u00e0s comiss\u00f5es tem\u00e1ticas e, quando for o caso, para o Plen\u00e1rio da C\u00e2mara.<\/p>\n<h4><strong>Em tramita\u00e7\u00e3o<\/strong><\/h4>\n<p>A Casa j\u00e1 analisa propostas que visam modificar a reforma trabalhista. Um deles \u00e9 o Projeto de Lei\u00a0<a href=\"https:\/\/www2.camara.leg.br\/camaranoticias\/noticias\/TRABALHO-E-PREVIDENCIA\/572059-PROJETO-ALTERA-REFORMA-TRABALHISTA-E-DETERMINA-QUE-GESTANTES-E-LACTANTES-SE-AFASTEM-DE-TRABALHOS-INSALUBRES.html\" target=\"_blank\" rel=\"noopener\">11239\/18<\/a>, do Senado Federal, que determina que mulheres gestantes e lactantes se afastem de trabalhos insalubres com direito a pagamento de adicional de insalubridade pela empresa.<\/p>\n<p>A lei atual determina que o afastamento de gestantes e lactantes de trabalhos insalubres em grau m\u00e9dio ou m\u00ednimo s\u00f3 aconte\u00e7a mediante apresenta\u00e7\u00e3o de atestado m\u00e9dico. Caso a proposta seja aprovada, o afastamento passar\u00e1 a ser a regra.<\/p>\n<\/div>\n<div class=\"divBlocoContinuacao\">\n<div id=\"proposicao\">\n<h4>\u00cdNTEGRA DA PROPOSTA:<\/h4>\n<ul>\n<li><a href=\"http:\/\/www.camara.gov.br\/internet\/sileg\/Prop_Detalhe.asp?id=2190058\">PL-11239\/2018<\/a><\/li>\n<li><a href=\"http:\/\/www.camara.gov.br\/internet\/sileg\/Prop_Detalhe.asp?id=2190425\">PL-16\/2019<\/a><\/li>\n<li><a href=\"http:\/\/www.camara.gov.br\/internet\/sileg\/Prop_Detalhe.asp?id=2190825\">PL-278\/2019<\/a><\/li>\n<li><a href=\"http:\/\/www.camara.gov.br\/internet\/sileg\/Prop_Detalhe.asp?id=2190840\">PL-273\/2019<\/a><\/li>\n<\/ul>\n<\/div>\n<div id=\"creditosMateria\">Reportagem \u2013 Lara Haje<br \/>\nEdi\u00e7\u00e3o \u2013 Natalia Doederlein<\/div>\n<div><strong>Fonte:<\/strong> <a href=\"https:\/\/www2.camara.leg.br\/camaranoticias\/noticias\/TRABALHO-E-PREVIDENCIA\/572104-PROJETOS-APRESENTADOS-A-CAMARA-QUEREM-ALTERAR-REFORMA-TRABALHISTA.html\">C\u00e2mara dos Deputados<\/a><\/div>\n<\/div>\n<\/div>\n<\/div>\n<\/div>\n<\/div><\/div>","protected":false},"excerpt":{"rendered":"<p>Deputados da oposi\u00e7\u00e3o avaliam que reforma n\u00e3o trouxe benef\u00edcios prometidos ao trabalhador e, ap\u00f3s o in\u00edcio dos trabalhos, apresentam propostas para mudar novamente a CLT A discuss\u00e3o sobre a recente reforma trabalhista (Lei\u00a013.467\/17) dever\u00e1 continuar mobilizando os deputados nesta\u00a0legislatura. Entre os 528 projetos j\u00e1 apresentados na C\u00e2mara dos Deputados desde o in\u00edcio dos trabalhos legislativos, [&hellip;]<\/p>\n","protected":false},"author":2,"featured_media":14152,"comment_status":"open","ping_status":"open","sticky":false,"template":"","format":"standard","meta":{"footnotes":"","_links_to":"","_links_to_target":""},"categories":[514,47],"tags":[],"class_list":["post-10533","post","type-post","status-publish","format-standard","has-post-thumbnail","hentry","category-reforma-trabalhista","category-ultimas-noticias"],"yoast_head":"<!-- This site is optimized with the Yoast SEO plugin v28.4 - https:\/\/yoast.com\/product\/yoast-seo-wordpress\/ -->\n<title>Projetos apresentados \u00e0 C\u00e2mara querem alterar reforma trabalhista - CNR<\/title>\n<meta name=\"robots\" content=\"index, follow, max-snippet:-1, max-image-preview:large, max-video-preview:-1\" \/>\n<link rel=\"canonical\" href=\"https:\/\/cnr.org.br\/novoportal\/projetos-apresentados-a-camara-querem-alterar-reforma-trabalhista\/\" \/>\n<meta property=\"og:locale\" content=\"pt_BR\" \/>\n<meta property=\"og:type\" content=\"article\" \/>\n<meta property=\"og:title\" content=\"Projetos apresentados \u00e0 C\u00e2mara querem alterar reforma trabalhista - CNR\" \/>\n<meta property=\"og:description\" content=\"Deputados da oposi\u00e7\u00e3o avaliam que reforma n\u00e3o trouxe benef\u00edcios prometidos ao trabalhador e, ap\u00f3s o in\u00edcio dos trabalhos, apresentam propostas para mudar novamente a CLT A discuss\u00e3o sobre a recente reforma trabalhista (Lei\u00a013.467\/17) dever\u00e1 continuar mobilizando os deputados nesta\u00a0legislatura. Entre os 528 projetos j\u00e1 apresentados na C\u00e2mara dos Deputados desde o in\u00edcio dos trabalhos legislativos, [&hellip;]\" \/>\n<meta property=\"og:url\" content=\"https:\/\/cnr.org.br\/novoportal\/projetos-apresentados-a-camara-querem-alterar-reforma-trabalhista\/\" \/>\n<meta property=\"og:site_name\" content=\"CNR\" \/>\n<meta property=\"article:published_time\" content=\"2019-02-08T13:24:19+00:00\" \/>\n<meta property=\"og:image\" content=\"https:\/\/cnr.org.br\/novoportal\/wp-content\/uploads\/2019\/03\/img20180619165719685.jpg\" \/>\n\t<meta property=\"og:image:width\" content=\"2003\" \/>\n\t<meta property=\"og:image:height\" content=\"1312\" \/>\n\t<meta property=\"og:image:type\" content=\"image\/jpeg\" \/>\n<meta name=\"author\" content=\"Imprensa CNR\" \/>\n<meta name=\"twitter:card\" content=\"summary_large_image\" \/>\n<meta name=\"twitter:label1\" content=\"Escrito por\" \/>\n\t<meta name=\"twitter:data1\" content=\"Imprensa CNR\" \/>\n\t<meta name=\"twitter:label2\" content=\"Est. tempo de leitura\" \/>\n\t<meta name=\"twitter:data2\" content=\"3 minutos\" \/>\n<script type=\"application\/ld+json\" class=\"yoast-schema-graph\">{\"@context\":\"https:\\\/\\\/schema.org\",\"@graph\":[{\"@type\":\"Article\",\"@id\":\"https:\\\/\\\/cnr.org.br\\\/novoportal\\\/projetos-apresentados-a-camara-querem-alterar-reforma-trabalhista\\\/#article\",\"isPartOf\":{\"@id\":\"https:\\\/\\\/cnr.org.br\\\/novoportal\\\/projetos-apresentados-a-camara-querem-alterar-reforma-trabalhista\\\/\"},\"author\":{\"name\":\"Imprensa CNR\",\"@id\":\"https:\\\/\\\/cnr.org.br\\\/novoportal\\\/#\\\/schema\\\/person\\\/1f46209cd8c9d3d9887a0765b64ca66b\"},\"headline\":\"Projetos apresentados \u00e0 C\u00e2mara querem alterar reforma trabalhista\",\"datePublished\":\"2019-02-08T13:24:19+00:00\",\"mainEntityOfPage\":{\"@id\":\"https:\\\/\\\/cnr.org.br\\\/novoportal\\\/projetos-apresentados-a-camara-querem-alterar-reforma-trabalhista\\\/\"},\"wordCount\":585,\"commentCount\":0,\"publisher\":{\"@id\":\"https:\\\/\\\/cnr.org.br\\\/novoportal\\\/#organization\"},\"image\":{\"@id\":\"https:\\\/\\\/cnr.org.br\\\/novoportal\\\/projetos-apresentados-a-camara-querem-alterar-reforma-trabalhista\\\/#primaryimage\"},\"thumbnailUrl\":\"https:\\\/\\\/cnr.org.br\\\/site\\\/wp-content\\\/uploads\\\/2019\\\/03\\\/img20180619165719685.jpg\",\"articleSection\":[\"Reforma Trabalhista\",\"\u00daltimas Not\u00edcias\"],\"inLanguage\":\"pt-BR\"},{\"@type\":\"WebPage\",\"@id\":\"https:\\\/\\\/cnr.org.br\\\/novoportal\\\/projetos-apresentados-a-camara-querem-alterar-reforma-trabalhista\\\/\",\"url\":\"https:\\\/\\\/cnr.org.br\\\/novoportal\\\/projetos-apresentados-a-camara-querem-alterar-reforma-trabalhista\\\/\",\"name\":\"Projetos apresentados \u00e0 C\u00e2mara querem alterar reforma trabalhista - CNR\",\"isPartOf\":{\"@id\":\"https:\\\/\\\/cnr.org.br\\\/novoportal\\\/#website\"},\"primaryImageOfPage\":{\"@id\":\"https:\\\/\\\/cnr.org.br\\\/novoportal\\\/projetos-apresentados-a-camara-querem-alterar-reforma-trabalhista\\\/#primaryimage\"},\"image\":{\"@id\":\"https:\\\/\\\/cnr.org.br\\\/novoportal\\\/projetos-apresentados-a-camara-querem-alterar-reforma-trabalhista\\\/#primaryimage\"},\"thumbnailUrl\":\"https:\\\/\\\/cnr.org.br\\\/site\\\/wp-content\\\/uploads\\\/2019\\\/03\\\/img20180619165719685.jpg\",\"datePublished\":\"2019-02-08T13:24:19+00:00\",\"breadcrumb\":{\"@id\":\"https:\\\/\\\/cnr.org.br\\\/novoportal\\\/projetos-apresentados-a-camara-querem-alterar-reforma-trabalhista\\\/#breadcrumb\"},\"inLanguage\":\"pt-BR\",\"potentialAction\":[{\"@type\":\"ReadAction\",\"target\":[\"https:\\\/\\\/cnr.org.br\\\/novoportal\\\/projetos-apresentados-a-camara-querem-alterar-reforma-trabalhista\\\/\"]}]},{\"@type\":\"ImageObject\",\"inLanguage\":\"pt-BR\",\"@id\":\"https:\\\/\\\/cnr.org.br\\\/novoportal\\\/projetos-apresentados-a-camara-querem-alterar-reforma-trabalhista\\\/#primaryimage\",\"url\":\"https:\\\/\\\/cnr.org.br\\\/site\\\/wp-content\\\/uploads\\\/2019\\\/03\\\/img20180619165719685.jpg\",\"contentUrl\":\"https:\\\/\\\/cnr.org.br\\\/site\\\/wp-content\\\/uploads\\\/2019\\\/03\\\/img20180619165719685.jpg\",\"width\":2003,\"height\":1312},{\"@type\":\"BreadcrumbList\",\"@id\":\"https:\\\/\\\/cnr.org.br\\\/novoportal\\\/projetos-apresentados-a-camara-querem-alterar-reforma-trabalhista\\\/#breadcrumb\",\"itemListElement\":[{\"@type\":\"ListItem\",\"position\":1,\"name\":\"In\u00edcio\",\"item\":\"https:\\\/\\\/cnr.org.br\\\/site\\\/\"},{\"@type\":\"ListItem\",\"position\":2,\"name\":\"Projetos apresentados \u00e0 C\u00e2mara querem alterar reforma trabalhista\"}]},{\"@type\":\"WebSite\",\"@id\":\"https:\\\/\\\/cnr.org.br\\\/novoportal\\\/#website\",\"url\":\"https:\\\/\\\/cnr.org.br\\\/novoportal\\\/\",\"name\":\"CNR\",\"description\":\"Confedera\u00e7\u00e3o Nacional de Not\u00e1rios e Registradores\",\"publisher\":{\"@id\":\"https:\\\/\\\/cnr.org.br\\\/novoportal\\\/#organization\"},\"potentialAction\":[{\"@type\":\"SearchAction\",\"target\":{\"@type\":\"EntryPoint\",\"urlTemplate\":\"https:\\\/\\\/cnr.org.br\\\/novoportal\\\/?s={search_term_string}\"},\"query-input\":{\"@type\":\"PropertyValueSpecification\",\"valueRequired\":true,\"valueName\":\"search_term_string\"}}],\"inLanguage\":\"pt-BR\"},{\"@type\":\"Organization\",\"@id\":\"https:\\\/\\\/cnr.org.br\\\/novoportal\\\/#organization\",\"name\":\"CNR\",\"url\":\"https:\\\/\\\/cnr.org.br\\\/novoportal\\\/\",\"logo\":{\"@type\":\"ImageObject\",\"inLanguage\":\"pt-BR\",\"@id\":\"https:\\\/\\\/cnr.org.br\\\/novoportal\\\/#\\\/schema\\\/logo\\\/image\\\/\",\"url\":\"https:\\\/\\\/cnr.org.br\\\/site\\\/wp-content\\\/uploads\\\/2026\\\/02\\\/Logo_CNR_completa_colorida_2024.png\",\"contentUrl\":\"https:\\\/\\\/cnr.org.br\\\/site\\\/wp-content\\\/uploads\\\/2026\\\/02\\\/Logo_CNR_completa_colorida_2024.png\",\"width\":910,\"height\":450,\"caption\":\"CNR\"},\"image\":{\"@id\":\"https:\\\/\\\/cnr.org.br\\\/novoportal\\\/#\\\/schema\\\/logo\\\/image\\\/\"}},{\"@type\":\"Person\",\"@id\":\"https:\\\/\\\/cnr.org.br\\\/novoportal\\\/#\\\/schema\\\/person\\\/1f46209cd8c9d3d9887a0765b64ca66b\",\"name\":\"Imprensa CNR\",\"sameAs\":[\"https:\\\/\\\/cnr.org.br\\\/site\"],\"url\":\"https:\\\/\\\/cnr.org.br\\\/site\\\/author\\\/imprensa\\\/\"}]}<\/script>\n<!-- \/ Yoast SEO plugin. -->","yoast_head_json":{"title":"Projetos apresentados \u00e0 C\u00e2mara querem alterar reforma trabalhista - CNR","robots":{"index":"index","follow":"follow","max-snippet":"max-snippet:-1","max-image-preview":"max-image-preview:large","max-video-preview":"max-video-preview:-1"},"canonical":"https:\/\/cnr.org.br\/novoportal\/projetos-apresentados-a-camara-querem-alterar-reforma-trabalhista\/","og_locale":"pt_BR","og_type":"article","og_title":"Projetos apresentados \u00e0 C\u00e2mara querem alterar reforma trabalhista - CNR","og_description":"Deputados da oposi\u00e7\u00e3o avaliam que reforma n\u00e3o trouxe benef\u00edcios prometidos ao trabalhador e, ap\u00f3s o in\u00edcio dos trabalhos, apresentam propostas para mudar novamente a CLT A discuss\u00e3o sobre a recente reforma trabalhista (Lei\u00a013.467\/17) dever\u00e1 continuar mobilizando os deputados nesta\u00a0legislatura. Entre os 528 projetos j\u00e1 apresentados na C\u00e2mara dos Deputados desde o in\u00edcio dos trabalhos legislativos, [&hellip;]","og_url":"https:\/\/cnr.org.br\/novoportal\/projetos-apresentados-a-camara-querem-alterar-reforma-trabalhista\/","og_site_name":"CNR","article_published_time":"2019-02-08T13:24:19+00:00","og_image":[{"width":2003,"height":1312,"url":"https:\/\/cnr.org.br\/novoportal\/wp-content\/uploads\/2019\/03\/img20180619165719685.jpg","type":"image\/jpeg"}],"author":"Imprensa CNR","twitter_card":"summary_large_image","twitter_misc":{"Escrito por":"Imprensa CNR","Est. tempo de leitura":"3 minutos"},"schema":{"@context":"https:\/\/schema.org","@graph":[{"@type":"Article","@id":"https:\/\/cnr.org.br\/novoportal\/projetos-apresentados-a-camara-querem-alterar-reforma-trabalhista\/#article","isPartOf":{"@id":"https:\/\/cnr.org.br\/novoportal\/projetos-apresentados-a-camara-querem-alterar-reforma-trabalhista\/"},"author":{"name":"Imprensa CNR","@id":"https:\/\/cnr.org.br\/novoportal\/#\/schema\/person\/1f46209cd8c9d3d9887a0765b64ca66b"},"headline":"Projetos apresentados \u00e0 C\u00e2mara querem alterar reforma trabalhista","datePublished":"2019-02-08T13:24:19+00:00","mainEntityOfPage":{"@id":"https:\/\/cnr.org.br\/novoportal\/projetos-apresentados-a-camara-querem-alterar-reforma-trabalhista\/"},"wordCount":585,"commentCount":0,"publisher":{"@id":"https:\/\/cnr.org.br\/novoportal\/#organization"},"image":{"@id":"https:\/\/cnr.org.br\/novoportal\/projetos-apresentados-a-camara-querem-alterar-reforma-trabalhista\/#primaryimage"},"thumbnailUrl":"https:\/\/cnr.org.br\/site\/wp-content\/uploads\/2019\/03\/img20180619165719685.jpg","articleSection":["Reforma Trabalhista","\u00daltimas Not\u00edcias"],"inLanguage":"pt-BR"},{"@type":"WebPage","@id":"https:\/\/cnr.org.br\/novoportal\/projetos-apresentados-a-camara-querem-alterar-reforma-trabalhista\/","url":"https:\/\/cnr.org.br\/novoportal\/projetos-apresentados-a-camara-querem-alterar-reforma-trabalhista\/","name":"Projetos apresentados \u00e0 C\u00e2mara querem alterar reforma trabalhista - CNR","isPartOf":{"@id":"https:\/\/cnr.org.br\/novoportal\/#website"},"primaryImageOfPage":{"@id":"https:\/\/cnr.org.br\/novoportal\/projetos-apresentados-a-camara-querem-alterar-reforma-trabalhista\/#primaryimage"},"image":{"@id":"https:\/\/cnr.org.br\/novoportal\/projetos-apresentados-a-camara-querem-alterar-reforma-trabalhista\/#primaryimage"},"thumbnailUrl":"https:\/\/cnr.org.br\/site\/wp-content\/uploads\/2019\/03\/img20180619165719685.jpg","datePublished":"2019-02-08T13:24:19+00:00","breadcrumb":{"@id":"https:\/\/cnr.org.br\/novoportal\/projetos-apresentados-a-camara-querem-alterar-reforma-trabalhista\/#breadcrumb"},"inLanguage":"pt-BR","potentialAction":[{"@type":"ReadAction","target":["https:\/\/cnr.org.br\/novoportal\/projetos-apresentados-a-camara-querem-alterar-reforma-trabalhista\/"]}]},{"@type":"ImageObject","inLanguage":"pt-BR","@id":"https:\/\/cnr.org.br\/novoportal\/projetos-apresentados-a-camara-querem-alterar-reforma-trabalhista\/#primaryimage","url":"https:\/\/cnr.org.br\/site\/wp-content\/uploads\/2019\/03\/img20180619165719685.jpg","contentUrl":"https:\/\/cnr.org.br\/site\/wp-content\/uploads\/2019\/03\/img20180619165719685.jpg","width":2003,"height":1312},{"@type":"BreadcrumbList","@id":"https:\/\/cnr.org.br\/novoportal\/projetos-apresentados-a-camara-querem-alterar-reforma-trabalhista\/#breadcrumb","itemListElement":[{"@type":"ListItem","position":1,"name":"In\u00edcio","item":"https:\/\/cnr.org.br\/site\/"},{"@type":"ListItem","position":2,"name":"Projetos apresentados \u00e0 C\u00e2mara querem alterar reforma trabalhista"}]},{"@type":"WebSite","@id":"https:\/\/cnr.org.br\/novoportal\/#website","url":"https:\/\/cnr.org.br\/novoportal\/","name":"CNR","description":"Confedera\u00e7\u00e3o Nacional de Not\u00e1rios e Registradores","publisher":{"@id":"https:\/\/cnr.org.br\/novoportal\/#organization"},"potentialAction":[{"@type":"SearchAction","target":{"@type":"EntryPoint","urlTemplate":"https:\/\/cnr.org.br\/novoportal\/?s={search_term_string}"},"query-input":{"@type":"PropertyValueSpecification","valueRequired":true,"valueName":"search_term_string"}}],"inLanguage":"pt-BR"},{"@type":"Organization","@id":"https:\/\/cnr.org.br\/novoportal\/#organization","name":"CNR","url":"https:\/\/cnr.org.br\/novoportal\/","logo":{"@type":"ImageObject","inLanguage":"pt-BR","@id":"https:\/\/cnr.org.br\/novoportal\/#\/schema\/logo\/image\/","url":"https:\/\/cnr.org.br\/site\/wp-content\/uploads\/2026\/02\/Logo_CNR_completa_colorida_2024.png","contentUrl":"https:\/\/cnr.org.br\/site\/wp-content\/uploads\/2026\/02\/Logo_CNR_completa_colorida_2024.png","width":910,"height":450,"caption":"CNR"},"image":{"@id":"https:\/\/cnr.org.br\/novoportal\/#\/schema\/logo\/image\/"}},{"@type":"Person","@id":"https:\/\/cnr.org.br\/novoportal\/#\/schema\/person\/1f46209cd8c9d3d9887a0765b64ca66b","name":"Imprensa CNR","sameAs":["https:\/\/cnr.org.br\/site"],"url":"https:\/\/cnr.org.br\/site\/author\/imprensa\/"}]}},"_links":{"self":[{"href":"https:\/\/cnr.org.br\/site\/wp-json\/wp\/v2\/posts\/10533","targetHints":{"allow":["GET"]}}],"collection":[{"href":"https:\/\/cnr.org.br\/site\/wp-json\/wp\/v2\/posts"}],"about":[{"href":"https:\/\/cnr.org.br\/site\/wp-json\/wp\/v2\/types\/post"}],"author":[{"embeddable":true,"href":"https:\/\/cnr.org.br\/site\/wp-json\/wp\/v2\/users\/2"}],"replies":[{"embeddable":true,"href":"https:\/\/cnr.org.br\/site\/wp-json\/wp\/v2\/comments?post=10533"}],"version-history":[{"count":0,"href":"https:\/\/cnr.org.br\/site\/wp-json\/wp\/v2\/posts\/10533\/revisions"}],"wp:featuredmedia":[{"embeddable":true,"href":"https:\/\/cnr.org.br\/site\/wp-json\/wp\/v2\/media\/14152"}],"wp:attachment":[{"href":"https:\/\/cnr.org.br\/site\/wp-json\/wp\/v2\/media?parent=10533"}],"wp:term":[{"taxonomy":"category","embeddable":true,"href":"https:\/\/cnr.org.br\/site\/wp-json\/wp\/v2\/categories?post=10533"},{"taxonomy":"post_tag","embeddable":true,"href":"https:\/\/cnr.org.br\/site\/wp-json\/wp\/v2\/tags?post=10533"}],"curies":[{"name":"wp","href":"https:\/\/api.w.org\/{rel}","templated":true}]}}