{"id":11078,"date":"2019-02-21T14:23:27","date_gmt":"2019-02-21T17:23:27","guid":{"rendered":"https:\/\/cnr.org.br\/site\/?p=11078"},"modified":"2019-02-21T14:23:27","modified_gmt":"2019-02-21T17:23:27","slug":"tecnicos-explicam-proposta-de-reforma-da-previdencia","status":"publish","type":"post","link":"https:\/\/cnr.org.br\/site\/tecnicos-explicam-proposta-de-reforma-da-previdencia\/","title":{"rendered":"T\u00e9cnicos explicam proposta de reforma da Previd\u00eancia"},"content":{"rendered":"<div id=\"dslc-theme-content\"><div id=\"dslc-theme-content-inner\">\n\t\t\t\t\n<figure class=\"wp-block-image\"><img decoding=\"async\" src=\"https:\/\/cnr.org.br\/site\/wp-content\/uploads\/2019\/02\/edit_img_8224-1024x683.jpg\" alt=\"\" class=\"wp-image-11080\"\/><figcaption>T\u00e9cnicos do minist\u00e9rio da Economia d\u00e3o entrevista coletiva para detalhar o texto da proposta de reforma da Previd\u00eancia<\/figcaption><\/figure>\n\n\n\n<p class=\"wp-block-paragraph\">T\u00e9cnicos do Minist\u00e9rio da Economia detalham hoje (20) a\u00a0<a href=\"http:\/\/agenciabrasil.ebc.com.br\/politica\/noticia\/2019-02\/bolsonaro-entrega-hoje-reforma-da-previdencia-ao-congresso\">proposta<\/a>\u00a0da reforma da Previd\u00eancia, encaminhada pelo governo federal ao Congresso Nacional.\u00a0O<a href=\"http:\/\/agenciabrasil.ebc.com.br\/politica\/noticia\/2019-02\/previdencia-governadores-defendem-dialogo-em-discussao-no-congresso\">\u00a0texto prop\u00f5e<\/a>\u00a0idade m\u00ednima de 62 anos para mulheres e 65 anos para homens, com contribui\u00e7\u00e3o m\u00ednima de 20 anos. Nessa proposta, n\u00e3o haver\u00e1 mais aposentadoria por tempo de contribui\u00e7\u00e3o.<\/p>\n\n\n\n<p class=\"wp-block-paragraph\">A divulga\u00e7\u00e3o ocorre no momento em que o governo lan\u00e7ou um slogan sobre a proposta. \u201cNova Previd\u00eancia. \u00c9 para todos. \u00c9 melhor para o Brasil\u201d.<\/p>\n\n\n\n<p class=\"wp-block-paragraph\">Atualmente, aposentadoria por idade \u00e9 60 anos para mulheres e 65 anos para os homens, com contribui\u00e7\u00e3o m\u00ednima de 15 anos. A aposentadoria por tempo de contribui\u00e7\u00e3o \u00e9 de 30 anos para mulheres e 35 para os homens.<\/p>\n\n\n\n<p class=\"wp-block-paragraph\">Tamb\u00e9m houve mudan\u00e7a na aposentadoria rural \u00e9 de 60 anos tanto para homens quanto para mulheres, com contribui\u00e7\u00e3o de 20 anos. A regra atual \u00e9 55 anos para mulheres e 60 anos para os homens, com tempo m\u00ednimo de atividade rural de 15 anos.&nbsp;No caso da contribui\u00e7\u00e3o sobre a comercializa\u00e7\u00e3o, a al\u00edquota permanece em 1,7% e \u00e9 necess\u00e1ria a contribui\u00e7\u00e3o m\u00ednima de R$ 600&nbsp;por ano&nbsp;para o pequeno produtor e sua fam\u00edlia. Para se aposentar, nessa categoria, ser\u00e3o necess\u00e1rios 20 anos de contribui\u00e7\u00e3o.<\/p>\n\n\n\n<p class=\"wp-block-paragraph\">A proposta tamb\u00e9m estabelece idade de 60 anos para ambos os sexos na aposentadoria de professores, com 30 anos de contribui\u00e7\u00e3o. Atualmente, n\u00e3o h\u00e1 idade m\u00ednima para professores, e o tempo de contribui\u00e7\u00e3o \u00e9 de 25 anos para mulheres e 30 anos para os homens.<\/p>\n\n\n\n<h2 class=\"wp-block-heading\">BPC<\/h2>\n\n\n\n<p class=\"wp-block-paragraph\">A proposta&nbsp;prev\u00ea pagamento progressivo do Benef\u00edcio de Presta\u00e7\u00e3o Continuada (BPC), de acordo com idade.<\/p>\n\n\n\n<p class=\"wp-block-paragraph\">Pela proposta, a partir dos 60 anos, os idosos receber\u00e3o R$ 400 de BPC. A partir de 70 anos, o valor sobe para um sal\u00e1rio m\u00ednimo.<\/p>\n\n\n\n<p class=\"wp-block-paragraph\">Atualmente, o BPC \u00e9 pago para deficientes, sem limite de idade, e idosos, a partir de 65 anos, no valor de um sal\u00e1rio m\u00ednimo. O benef\u00edcio \u00e9 concedido a quem \u00e9 considerado em condi\u00e7\u00e3o de miserabilidade, com renda mensal per capita inferior a um quarto do sal\u00e1rio m\u00ednimo.<\/p>\n\n\n\n<p class=\"wp-block-paragraph\">Pela proposta do governo, tamb\u00e9m ser\u00e1 condi\u00e7\u00e3o para&nbsp;ter&nbsp;o benef\u00edcio quem tem patrim\u00f4nio inferior a R$ 98 mil (Faixa I do programa Minha Casa, Minha Vida).<\/p>\n\n\n\n<h2 class=\"wp-block-heading\">Abono<\/h2>\n\n\n\n<p class=\"wp-block-paragraph\">A proposta tamb\u00e9m prev\u00ea que o abono PIS\/Pasep seja pago para quem recebe um sal\u00e1rio m\u00ednimo. Atualmente, recebe o abono quem recebe at\u00e9 dois sal\u00e1rios m\u00ednimos.<\/p>\n\n\n\n<p class=\"wp-block-paragraph\">Fonte: <a href=\"http:\/\/agenciabrasil.ebc.com.br\/economia\/noticia\/2019-02\/tecnicos-detalham-proposta-reforma-da-previdencia\">Ag\u00eancia Brasil<\/a><\/p>\n\t\t<\/div><\/div>","protected":false},"excerpt":{"rendered":"<p>T\u00e9cnicos do Minist\u00e9rio da Economia detalham hoje (20) a\u00a0proposta\u00a0da reforma da Previd\u00eancia, encaminhada pelo governo federal ao Congresso Nacional.\u00a0O\u00a0texto prop\u00f5e\u00a0idade m\u00ednima de 62 anos para mulheres e 65 anos para homens, com contribui\u00e7\u00e3o m\u00ednima de 20 anos. Nessa proposta, n\u00e3o haver\u00e1 mais aposentadoria por tempo de contribui\u00e7\u00e3o. A divulga\u00e7\u00e3o ocorre no momento em que o [&hellip;]<\/p>\n","protected":false},"author":2,"featured_media":14166,"comment_status":"open","ping_status":"open","sticky":false,"template":"","format":"standard","meta":{"footnotes":"","_links_to":"","_links_to_target":""},"categories":[514,1,47],"tags":[],"class_list":["post-11078","post","type-post","status-publish","format-standard","has-post-thumbnail","hentry","category-reforma-trabalhista","category-sem-categoria","category-ultimas-noticias"],"yoast_head":"<!-- This site is optimized with the Yoast SEO plugin v28.4 - https:\/\/yoast.com\/product\/yoast-seo-wordpress\/ -->\n<title>T\u00e9cnicos explicam proposta de reforma da Previd\u00eancia - CNR<\/title>\n<meta name=\"robots\" content=\"index, follow, max-snippet:-1, max-image-preview:large, max-video-preview:-1\" \/>\n<link rel=\"canonical\" href=\"https:\/\/cnr.org.br\/novoportal\/tecnicos-explicam-proposta-de-reforma-da-previdencia\/\" \/>\n<meta property=\"og:locale\" content=\"pt_BR\" \/>\n<meta property=\"og:type\" content=\"article\" \/>\n<meta property=\"og:title\" content=\"T\u00e9cnicos explicam proposta de reforma da Previd\u00eancia - CNR\" \/>\n<meta property=\"og:description\" content=\"T\u00e9cnicos do Minist\u00e9rio da Economia detalham hoje (20) a\u00a0proposta\u00a0da reforma da Previd\u00eancia, encaminhada pelo governo federal ao Congresso Nacional.\u00a0O\u00a0texto prop\u00f5e\u00a0idade m\u00ednima de 62 anos para mulheres e 65 anos para homens, com contribui\u00e7\u00e3o m\u00ednima de 20 anos. Nessa proposta, n\u00e3o haver\u00e1 mais aposentadoria por tempo de contribui\u00e7\u00e3o. A divulga\u00e7\u00e3o ocorre no momento em que o [&hellip;]\" \/>\n<meta property=\"og:url\" content=\"https:\/\/cnr.org.br\/novoportal\/tecnicos-explicam-proposta-de-reforma-da-previdencia\/\" \/>\n<meta property=\"og:site_name\" content=\"CNR\" \/>\n<meta property=\"article:published_time\" content=\"2019-02-21T17:23:27+00:00\" \/>\n<meta property=\"og:image\" content=\"https:\/\/cnr.org.br\/novoportal\/wp-content\/uploads\/2019\/03\/edit_img_8224.jpg\" \/>\n\t<meta property=\"og:image:width\" content=\"1140\" \/>\n\t<meta property=\"og:image:height\" content=\"760\" \/>\n\t<meta property=\"og:image:type\" content=\"image\/jpeg\" \/>\n<meta name=\"author\" content=\"Imprensa CNR\" \/>\n<meta name=\"twitter:card\" content=\"summary_large_image\" \/>\n<meta name=\"twitter:label1\" content=\"Escrito por\" \/>\n\t<meta name=\"twitter:data1\" content=\"Imprensa CNR\" \/>\n\t<meta name=\"twitter:label2\" content=\"Est. tempo de leitura\" \/>\n\t<meta name=\"twitter:data2\" content=\"2 minutos\" \/>\n<script type=\"application\/ld+json\" class=\"yoast-schema-graph\">{\"@context\":\"https:\\\/\\\/schema.org\",\"@graph\":[{\"@type\":\"Article\",\"@id\":\"https:\\\/\\\/cnr.org.br\\\/novoportal\\\/tecnicos-explicam-proposta-de-reforma-da-previdencia\\\/#article\",\"isPartOf\":{\"@id\":\"https:\\\/\\\/cnr.org.br\\\/novoportal\\\/tecnicos-explicam-proposta-de-reforma-da-previdencia\\\/\"},\"author\":{\"name\":\"Imprensa CNR\",\"@id\":\"https:\\\/\\\/cnr.org.br\\\/novoportal\\\/#\\\/schema\\\/person\\\/1f46209cd8c9d3d9887a0765b64ca66b\"},\"headline\":\"T\u00e9cnicos explicam proposta de reforma da Previd\u00eancia\",\"datePublished\":\"2019-02-21T17:23:27+00:00\",\"mainEntityOfPage\":{\"@id\":\"https:\\\/\\\/cnr.org.br\\\/novoportal\\\/tecnicos-explicam-proposta-de-reforma-da-previdencia\\\/\"},\"wordCount\":448,\"commentCount\":0,\"publisher\":{\"@id\":\"https:\\\/\\\/cnr.org.br\\\/novoportal\\\/#organization\"},\"image\":{\"@id\":\"https:\\\/\\\/cnr.org.br\\\/novoportal\\\/tecnicos-explicam-proposta-de-reforma-da-previdencia\\\/#primaryimage\"},\"thumbnailUrl\":\"https:\\\/\\\/cnr.org.br\\\/site\\\/wp-content\\\/uploads\\\/2019\\\/03\\\/edit_img_8224.jpg\",\"articleSection\":{\"0\":\"Reforma Trabalhista\",\"2\":\"\u00daltimas Not\u00edcias\"},\"inLanguage\":\"pt-BR\"},{\"@type\":\"WebPage\",\"@id\":\"https:\\\/\\\/cnr.org.br\\\/novoportal\\\/tecnicos-explicam-proposta-de-reforma-da-previdencia\\\/\",\"url\":\"https:\\\/\\\/cnr.org.br\\\/novoportal\\\/tecnicos-explicam-proposta-de-reforma-da-previdencia\\\/\",\"name\":\"T\u00e9cnicos explicam proposta de reforma da Previd\u00eancia - CNR\",\"isPartOf\":{\"@id\":\"https:\\\/\\\/cnr.org.br\\\/novoportal\\\/#website\"},\"primaryImageOfPage\":{\"@id\":\"https:\\\/\\\/cnr.org.br\\\/novoportal\\\/tecnicos-explicam-proposta-de-reforma-da-previdencia\\\/#primaryimage\"},\"image\":{\"@id\":\"https:\\\/\\\/cnr.org.br\\\/novoportal\\\/tecnicos-explicam-proposta-de-reforma-da-previdencia\\\/#primaryimage\"},\"thumbnailUrl\":\"https:\\\/\\\/cnr.org.br\\\/site\\\/wp-content\\\/uploads\\\/2019\\\/03\\\/edit_img_8224.jpg\",\"datePublished\":\"2019-02-21T17:23:27+00:00\",\"breadcrumb\":{\"@id\":\"https:\\\/\\\/cnr.org.br\\\/novoportal\\\/tecnicos-explicam-proposta-de-reforma-da-previdencia\\\/#breadcrumb\"},\"inLanguage\":\"pt-BR\",\"potentialAction\":[{\"@type\":\"ReadAction\",\"target\":[\"https:\\\/\\\/cnr.org.br\\\/novoportal\\\/tecnicos-explicam-proposta-de-reforma-da-previdencia\\\/\"]}]},{\"@type\":\"ImageObject\",\"inLanguage\":\"pt-BR\",\"@id\":\"https:\\\/\\\/cnr.org.br\\\/novoportal\\\/tecnicos-explicam-proposta-de-reforma-da-previdencia\\\/#primaryimage\",\"url\":\"https:\\\/\\\/cnr.org.br\\\/site\\\/wp-content\\\/uploads\\\/2019\\\/03\\\/edit_img_8224.jpg\",\"contentUrl\":\"https:\\\/\\\/cnr.org.br\\\/site\\\/wp-content\\\/uploads\\\/2019\\\/03\\\/edit_img_8224.jpg\",\"width\":1140,\"height\":760},{\"@type\":\"BreadcrumbList\",\"@id\":\"https:\\\/\\\/cnr.org.br\\\/novoportal\\\/tecnicos-explicam-proposta-de-reforma-da-previdencia\\\/#breadcrumb\",\"itemListElement\":[{\"@type\":\"ListItem\",\"position\":1,\"name\":\"In\u00edcio\",\"item\":\"https:\\\/\\\/cnr.org.br\\\/site\\\/\"},{\"@type\":\"ListItem\",\"position\":2,\"name\":\"T\u00e9cnicos explicam proposta de reforma da Previd\u00eancia\"}]},{\"@type\":\"WebSite\",\"@id\":\"https:\\\/\\\/cnr.org.br\\\/novoportal\\\/#website\",\"url\":\"https:\\\/\\\/cnr.org.br\\\/novoportal\\\/\",\"name\":\"CNR\",\"description\":\"Confedera\u00e7\u00e3o Nacional de Not\u00e1rios e Registradores\",\"publisher\":{\"@id\":\"https:\\\/\\\/cnr.org.br\\\/novoportal\\\/#organization\"},\"potentialAction\":[{\"@type\":\"SearchAction\",\"target\":{\"@type\":\"EntryPoint\",\"urlTemplate\":\"https:\\\/\\\/cnr.org.br\\\/novoportal\\\/?s={search_term_string}\"},\"query-input\":{\"@type\":\"PropertyValueSpecification\",\"valueRequired\":true,\"valueName\":\"search_term_string\"}}],\"inLanguage\":\"pt-BR\"},{\"@type\":\"Organization\",\"@id\":\"https:\\\/\\\/cnr.org.br\\\/novoportal\\\/#organization\",\"name\":\"CNR\",\"url\":\"https:\\\/\\\/cnr.org.br\\\/novoportal\\\/\",\"logo\":{\"@type\":\"ImageObject\",\"inLanguage\":\"pt-BR\",\"@id\":\"https:\\\/\\\/cnr.org.br\\\/novoportal\\\/#\\\/schema\\\/logo\\\/image\\\/\",\"url\":\"https:\\\/\\\/cnr.org.br\\\/site\\\/wp-content\\\/uploads\\\/2026\\\/02\\\/Logo_CNR_completa_colorida_2024.png\",\"contentUrl\":\"https:\\\/\\\/cnr.org.br\\\/site\\\/wp-content\\\/uploads\\\/2026\\\/02\\\/Logo_CNR_completa_colorida_2024.png\",\"width\":910,\"height\":450,\"caption\":\"CNR\"},\"image\":{\"@id\":\"https:\\\/\\\/cnr.org.br\\\/novoportal\\\/#\\\/schema\\\/logo\\\/image\\\/\"}},{\"@type\":\"Person\",\"@id\":\"https:\\\/\\\/cnr.org.br\\\/novoportal\\\/#\\\/schema\\\/person\\\/1f46209cd8c9d3d9887a0765b64ca66b\",\"name\":\"Imprensa CNR\",\"sameAs\":[\"https:\\\/\\\/cnr.org.br\\\/site\"],\"url\":\"https:\\\/\\\/cnr.org.br\\\/site\\\/author\\\/imprensa\\\/\"}]}<\/script>\n<!-- \/ Yoast SEO plugin. -->","yoast_head_json":{"title":"T\u00e9cnicos explicam proposta de reforma da Previd\u00eancia - CNR","robots":{"index":"index","follow":"follow","max-snippet":"max-snippet:-1","max-image-preview":"max-image-preview:large","max-video-preview":"max-video-preview:-1"},"canonical":"https:\/\/cnr.org.br\/novoportal\/tecnicos-explicam-proposta-de-reforma-da-previdencia\/","og_locale":"pt_BR","og_type":"article","og_title":"T\u00e9cnicos explicam proposta de reforma da Previd\u00eancia - CNR","og_description":"T\u00e9cnicos do Minist\u00e9rio da Economia detalham hoje (20) a\u00a0proposta\u00a0da reforma da Previd\u00eancia, encaminhada pelo governo federal ao Congresso Nacional.\u00a0O\u00a0texto prop\u00f5e\u00a0idade m\u00ednima de 62 anos para mulheres e 65 anos para homens, com contribui\u00e7\u00e3o m\u00ednima de 20 anos. Nessa proposta, n\u00e3o haver\u00e1 mais aposentadoria por tempo de contribui\u00e7\u00e3o. A divulga\u00e7\u00e3o ocorre no momento em que o [&hellip;]","og_url":"https:\/\/cnr.org.br\/novoportal\/tecnicos-explicam-proposta-de-reforma-da-previdencia\/","og_site_name":"CNR","article_published_time":"2019-02-21T17:23:27+00:00","og_image":[{"width":1140,"height":760,"url":"https:\/\/cnr.org.br\/novoportal\/wp-content\/uploads\/2019\/03\/edit_img_8224.jpg","type":"image\/jpeg"}],"author":"Imprensa CNR","twitter_card":"summary_large_image","twitter_misc":{"Escrito por":"Imprensa CNR","Est. tempo de leitura":"2 minutos"},"schema":{"@context":"https:\/\/schema.org","@graph":[{"@type":"Article","@id":"https:\/\/cnr.org.br\/novoportal\/tecnicos-explicam-proposta-de-reforma-da-previdencia\/#article","isPartOf":{"@id":"https:\/\/cnr.org.br\/novoportal\/tecnicos-explicam-proposta-de-reforma-da-previdencia\/"},"author":{"name":"Imprensa CNR","@id":"https:\/\/cnr.org.br\/novoportal\/#\/schema\/person\/1f46209cd8c9d3d9887a0765b64ca66b"},"headline":"T\u00e9cnicos explicam proposta de reforma da Previd\u00eancia","datePublished":"2019-02-21T17:23:27+00:00","mainEntityOfPage":{"@id":"https:\/\/cnr.org.br\/novoportal\/tecnicos-explicam-proposta-de-reforma-da-previdencia\/"},"wordCount":448,"commentCount":0,"publisher":{"@id":"https:\/\/cnr.org.br\/novoportal\/#organization"},"image":{"@id":"https:\/\/cnr.org.br\/novoportal\/tecnicos-explicam-proposta-de-reforma-da-previdencia\/#primaryimage"},"thumbnailUrl":"https:\/\/cnr.org.br\/site\/wp-content\/uploads\/2019\/03\/edit_img_8224.jpg","articleSection":{"0":"Reforma Trabalhista","2":"\u00daltimas Not\u00edcias"},"inLanguage":"pt-BR"},{"@type":"WebPage","@id":"https:\/\/cnr.org.br\/novoportal\/tecnicos-explicam-proposta-de-reforma-da-previdencia\/","url":"https:\/\/cnr.org.br\/novoportal\/tecnicos-explicam-proposta-de-reforma-da-previdencia\/","name":"T\u00e9cnicos explicam proposta de reforma da Previd\u00eancia - CNR","isPartOf":{"@id":"https:\/\/cnr.org.br\/novoportal\/#website"},"primaryImageOfPage":{"@id":"https:\/\/cnr.org.br\/novoportal\/tecnicos-explicam-proposta-de-reforma-da-previdencia\/#primaryimage"},"image":{"@id":"https:\/\/cnr.org.br\/novoportal\/tecnicos-explicam-proposta-de-reforma-da-previdencia\/#primaryimage"},"thumbnailUrl":"https:\/\/cnr.org.br\/site\/wp-content\/uploads\/2019\/03\/edit_img_8224.jpg","datePublished":"2019-02-21T17:23:27+00:00","breadcrumb":{"@id":"https:\/\/cnr.org.br\/novoportal\/tecnicos-explicam-proposta-de-reforma-da-previdencia\/#breadcrumb"},"inLanguage":"pt-BR","potentialAction":[{"@type":"ReadAction","target":["https:\/\/cnr.org.br\/novoportal\/tecnicos-explicam-proposta-de-reforma-da-previdencia\/"]}]},{"@type":"ImageObject","inLanguage":"pt-BR","@id":"https:\/\/cnr.org.br\/novoportal\/tecnicos-explicam-proposta-de-reforma-da-previdencia\/#primaryimage","url":"https:\/\/cnr.org.br\/site\/wp-content\/uploads\/2019\/03\/edit_img_8224.jpg","contentUrl":"https:\/\/cnr.org.br\/site\/wp-content\/uploads\/2019\/03\/edit_img_8224.jpg","width":1140,"height":760},{"@type":"BreadcrumbList","@id":"https:\/\/cnr.org.br\/novoportal\/tecnicos-explicam-proposta-de-reforma-da-previdencia\/#breadcrumb","itemListElement":[{"@type":"ListItem","position":1,"name":"In\u00edcio","item":"https:\/\/cnr.org.br\/site\/"},{"@type":"ListItem","position":2,"name":"T\u00e9cnicos explicam proposta de reforma da Previd\u00eancia"}]},{"@type":"WebSite","@id":"https:\/\/cnr.org.br\/novoportal\/#website","url":"https:\/\/cnr.org.br\/novoportal\/","name":"CNR","description":"Confedera\u00e7\u00e3o Nacional de Not\u00e1rios e Registradores","publisher":{"@id":"https:\/\/cnr.org.br\/novoportal\/#organization"},"potentialAction":[{"@type":"SearchAction","target":{"@type":"EntryPoint","urlTemplate":"https:\/\/cnr.org.br\/novoportal\/?s={search_term_string}"},"query-input":{"@type":"PropertyValueSpecification","valueRequired":true,"valueName":"search_term_string"}}],"inLanguage":"pt-BR"},{"@type":"Organization","@id":"https:\/\/cnr.org.br\/novoportal\/#organization","name":"CNR","url":"https:\/\/cnr.org.br\/novoportal\/","logo":{"@type":"ImageObject","inLanguage":"pt-BR","@id":"https:\/\/cnr.org.br\/novoportal\/#\/schema\/logo\/image\/","url":"https:\/\/cnr.org.br\/site\/wp-content\/uploads\/2026\/02\/Logo_CNR_completa_colorida_2024.png","contentUrl":"https:\/\/cnr.org.br\/site\/wp-content\/uploads\/2026\/02\/Logo_CNR_completa_colorida_2024.png","width":910,"height":450,"caption":"CNR"},"image":{"@id":"https:\/\/cnr.org.br\/novoportal\/#\/schema\/logo\/image\/"}},{"@type":"Person","@id":"https:\/\/cnr.org.br\/novoportal\/#\/schema\/person\/1f46209cd8c9d3d9887a0765b64ca66b","name":"Imprensa CNR","sameAs":["https:\/\/cnr.org.br\/site"],"url":"https:\/\/cnr.org.br\/site\/author\/imprensa\/"}]}},"_links":{"self":[{"href":"https:\/\/cnr.org.br\/site\/wp-json\/wp\/v2\/posts\/11078","targetHints":{"allow":["GET"]}}],"collection":[{"href":"https:\/\/cnr.org.br\/site\/wp-json\/wp\/v2\/posts"}],"about":[{"href":"https:\/\/cnr.org.br\/site\/wp-json\/wp\/v2\/types\/post"}],"author":[{"embeddable":true,"href":"https:\/\/cnr.org.br\/site\/wp-json\/wp\/v2\/users\/2"}],"replies":[{"embeddable":true,"href":"https:\/\/cnr.org.br\/site\/wp-json\/wp\/v2\/comments?post=11078"}],"version-history":[{"count":0,"href":"https:\/\/cnr.org.br\/site\/wp-json\/wp\/v2\/posts\/11078\/revisions"}],"wp:featuredmedia":[{"embeddable":true,"href":"https:\/\/cnr.org.br\/site\/wp-json\/wp\/v2\/media\/14166"}],"wp:attachment":[{"href":"https:\/\/cnr.org.br\/site\/wp-json\/wp\/v2\/media?parent=11078"}],"wp:term":[{"taxonomy":"category","embeddable":true,"href":"https:\/\/cnr.org.br\/site\/wp-json\/wp\/v2\/categories?post=11078"},{"taxonomy":"post_tag","embeddable":true,"href":"https:\/\/cnr.org.br\/site\/wp-json\/wp\/v2\/tags?post=11078"}],"curies":[{"name":"wp","href":"https:\/\/api.w.org\/{rel}","templated":true}]}}