{"id":11082,"date":"2019-02-21T14:27:36","date_gmt":"2019-02-21T17:27:36","guid":{"rendered":"https:\/\/cnr.org.br\/site\/?p=11082"},"modified":"2019-02-21T14:27:36","modified_gmt":"2019-02-21T17:27:36","slug":"conciliacao-sera-materia-obrigatoria-nos-cursos-de-direito","status":"publish","type":"post","link":"https:\/\/cnr.org.br\/site\/conciliacao-sera-materia-obrigatoria-nos-cursos-de-direito\/","title":{"rendered":"Concilia\u00e7\u00e3o ser\u00e1 mat\u00e9ria obrigat\u00f3ria nos cursos de direito"},"content":{"rendered":"<div id=\"dslc-theme-content\"><div id=\"dslc-theme-content-inner\">\n\t\t\t\t\n<figure class=\"wp-block-image is-resized\"><img loading=\"lazy\" decoding=\"async\" src=\"https:\/\/cnr.org.br\/site\/wp-content\/uploads\/2019\/02\/4ea6e8319f15dfcefc1a70fe0f22e215.jpg\" alt=\"\" class=\"wp-image-11083\" width=\"592\" height=\"395\"\/><\/figure>\n\n\n\n<p class=\"wp-block-paragraph\">A partir deste ano, as disciplinas que versem sobre concilia\u00e7\u00e3o, media\u00e7\u00e3o e arbitragem passam a ser mat\u00e9rias obrigat\u00f3rias nas grades curriculares dos cursos de direito de todo o pa\u00eds, segundo a Resolu\u00e7\u00e3o CNE\/CES n. 5\/2018, oriunda do Parecer n\u00ba 635\/2018, homologado pela Portaria n\u00ba 1.351\/2018 do Minist\u00e9rio da Educa\u00e7\u00e3o (MEC). A medida atende a uma provoca\u00e7\u00e3o conjunta do Conselho Nacional de Justi\u00e7a (CNJ) e do Conselho Federal da Ordem dos Advogados do Brasil (OAB). O prazo de adapta\u00e7\u00e3o \u00e0s novas diretrizes curriculares \u00e9 de dois anos.<\/p>\n\n\n\n<p class=\"wp-block-paragraph\">A iniciativa est\u00e1 alinhada com a Pol\u00edtica Judici\u00e1ria Nacional de Tratamento Adequado dos Conflitos de Interesses no \u00c2mbito do Poder Judici\u00e1rio, consolidada na<a href=\"http:\/\/www.cnj.jus.br\/atos-normativos?tipo%5B%5D=7&amp;numero=125&amp;data=&amp;expressao=&amp;origem=Origem&amp;situacao=Situa%C3%A7%C3%A3o&amp;pesq=1\">&nbsp;Resolu\u00e7\u00e3o CNJ n\u00ba 125\/2010.<\/a>&nbsp;A concilia\u00e7\u00e3o e media\u00e7\u00e3o continuam posicionadas entre as principais diretrizes do Conselho na gest\u00e3o do ministro Dias Toffoli.<\/p>\n\n\n\n<p class=\"wp-block-paragraph\">De acordo com a nova exig\u00eancia do MEC, as institui\u00e7\u00f5es de ensino superior p\u00fablicas e privadas devem oferecer forma\u00e7\u00e3o t\u00e9cnico-jur\u00eddica e pr\u00e1tica jur\u00eddica de resolu\u00e7\u00e3o consensual de conflitos. \u201cFoi muito importante a parceria entre CNJ e OAB nessa luta. A cultura das faculdades de direito \u00e9 de judicializa\u00e7\u00e3o, mas isso pode ser transformado com a ado\u00e7\u00e3o das cadeiras de concilia\u00e7\u00e3o, media\u00e7\u00e3o e arbitragem\u201d, disse o conselheiro do CNJ Valdet\u00e1rio Monteiro, que coordenou, em 2018, um semin\u00e1rio sobre o assunto.<\/p>\n\n\n\n<p class=\"wp-block-paragraph\">At\u00e9 o ano passado, algumas institui\u00e7\u00f5es j\u00e1 ofereciam essas mat\u00e9rias de forma optativa. Agora, as disciplinas passam a ser obrigat\u00f3rias, o que deve contribuir para a mudan\u00e7a cultural da forma\u00e7\u00e3o dos advogados, conforme assinalou o conselheiro. \u201c\u00c9 importante ter uma alternativa extrajudicial de solu\u00e7\u00e3o dos conflitos, a partir de uma mudan\u00e7a cultural, em que o advogado passa a se ver como parte da solu\u00e7\u00e3o, agindo como conciliador. Para garantir isso, a OAB j\u00e1 definiu uma tabela para a cobran\u00e7as dos servi\u00e7os dos advogados e o CNJ tamb\u00e9m definiu o pagamento para os conciliadores. Com a exig\u00eancia do MEC, caminhamos para um novo momento, mostrando a valoriza\u00e7\u00e3o do servi\u00e7o prestado pelo advogado e preparando os profissionais para atuar nesse sentido. Para colher o fruto concreto, que \u00e9 a mudan\u00e7a de cultura, \u00e9 preciso oferecer meios de solu\u00e7\u00e3o de conflito na forma\u00e7\u00e3o de novos alunos. Poderemos ver mudan\u00e7a de atitude nos pr\u00f3ximos anos\u201d, afirmou.<\/p>\n\n\n\n<h4 class=\"wp-block-heading\">Pacifica\u00e7\u00e3o<\/h4>\n\n\n\n<p class=\"wp-block-paragraph\">Um dos resultados positivos da concilia\u00e7\u00e3o \u00e9 a redu\u00e7\u00e3o na judicializa\u00e7\u00e3o do pa\u00eds, uma vez que a pr\u00e1tica reduz o n\u00famero de processos recebidos pelo Poder Judici\u00e1rio, deixando-o livre para agir nos casos de conflitos mais complexos. Segundo a presidente do Comit\u00ea Gestor da Concilia\u00e7\u00e3o do CNJ, conselheira Daldice Santana, a miss\u00e3o do juiz, que tamb\u00e9m tem sua forma\u00e7\u00e3o iniciada nas faculdades de direito, \u00e9 a pacifica\u00e7\u00e3o social. \u201cAntes, est\u00e1vamos oferecendo apenas um meio de solu\u00e7\u00e3o: a for\u00e7a. \u00c9 claro que, \u00e0s vezes, \u00e9 preciso ter senten\u00e7a, mas devemos dar oportunidade para que as partes reflitam sobre as quest\u00f5es antes de lev\u00e1-las ao Judici\u00e1rio. Nesse sentido, o advogado \u00e9 o primeiro mediador e dar\u00e1 o encaminhamento adequado, porque conhece os fatos\u201d, disse.<\/p>\n\n\n\n<p class=\"wp-block-paragraph\">Para ela, a transforma\u00e7\u00e3o do ensino jur\u00eddico transforma a cultura da senten\u00e7a em cultura da paz. \u201cQueremos profissionais diferenciados. E o pr\u00f3prio C\u00f3digo de Processo Civil (CPC) prev\u00ea essas mudan\u00e7as na forma\u00e7\u00e3o dos profissionais\u201d, lembrou.<\/p>\n\n\n\n<p class=\"wp-block-paragraph\">A secret\u00e1ria Nacional de Justi\u00e7a, Maria Hilda Marsiaj, respons\u00e1vel pela Escola Nacional de Media\u00e7\u00e3o e Concilia\u00e7\u00e3o (ENAM), do Minist\u00e9rio da Justi\u00e7a, disse que a norma segue uma tend\u00eancia mundial. \u201cA medida vai permitir a forma\u00e7\u00e3o de novos operadores de direito para atuar sob um novo cen\u00e1rio no sistema de Justi\u00e7a, entendendo que a judicializa\u00e7\u00e3o de conflitos n\u00e3o \u00e9 o \u00fanico meio de obter solu\u00e7\u00f5es justas porque h\u00e1 outras maneiras e que podem ser compostas, sejam pr\u00e9-judiciais ou judiciais negoci\u00e1veis\", afirmou.<\/p>\n\n\n\n<p class=\"wp-block-paragraph\">Segundo o parecer do Minist\u00e9rio da Educa\u00e7\u00e3o, tamb\u00e9m estavam previstas a inclus\u00e3o das disciplinas de direito eleitoral, direito esportivo, direito agr\u00e1rio, direito cibern\u00e9tico e outros, o que n\u00e3o foi confirmado na Resolu\u00e7\u00e3o.<\/p>\n\n\n\n<p class=\"wp-block-paragraph\">Fonte: <a href=\"http:\/\/www.cnj.jus.br\/noticias\/cnj\/88448-conciliacao-sera-materia-obrigatoria-nos-cursos-de-direito\">CNJ<\/a><\/p>\n\t\t<\/div><\/div>","protected":false},"excerpt":{"rendered":"<p>A partir deste ano, as disciplinas que versem sobre concilia\u00e7\u00e3o, media\u00e7\u00e3o e arbitragem passam a ser mat\u00e9rias obrigat\u00f3rias nas grades curriculares dos cursos de direito de todo o pa\u00eds, segundo a Resolu\u00e7\u00e3o CNE\/CES n. 5\/2018, oriunda do Parecer n\u00ba 635\/2018, homologado pela Portaria n\u00ba 1.351\/2018 do Minist\u00e9rio da Educa\u00e7\u00e3o (MEC). A medida atende a uma [&hellip;]<\/p>\n","protected":false},"author":2,"featured_media":14167,"comment_status":"open","ping_status":"open","sticky":false,"template":"","format":"standard","meta":{"footnotes":"","_links_to":"","_links_to_target":""},"categories":[47],"tags":[],"class_list":["post-11082","post","type-post","status-publish","format-standard","has-post-thumbnail","hentry","category-ultimas-noticias"],"yoast_head":"<!-- This site is optimized with the Yoast SEO plugin v28.4 - https:\/\/yoast.com\/product\/yoast-seo-wordpress\/ -->\n<title>Concilia\u00e7\u00e3o ser\u00e1 mat\u00e9ria obrigat\u00f3ria nos cursos de direito - CNR<\/title>\n<meta name=\"robots\" content=\"index, follow, max-snippet:-1, max-image-preview:large, max-video-preview:-1\" \/>\n<link rel=\"canonical\" href=\"https:\/\/cnr.org.br\/novoportal\/conciliacao-sera-materia-obrigatoria-nos-cursos-de-direito\/\" \/>\n<meta property=\"og:locale\" content=\"pt_BR\" \/>\n<meta property=\"og:type\" content=\"article\" \/>\n<meta property=\"og:title\" content=\"Concilia\u00e7\u00e3o ser\u00e1 mat\u00e9ria obrigat\u00f3ria nos cursos de direito - CNR\" \/>\n<meta property=\"og:description\" content=\"A partir deste ano, as disciplinas que versem sobre concilia\u00e7\u00e3o, media\u00e7\u00e3o e arbitragem passam a ser mat\u00e9rias obrigat\u00f3rias nas grades curriculares dos cursos de direito de todo o pa\u00eds, segundo a Resolu\u00e7\u00e3o CNE\/CES n. 5\/2018, oriunda do Parecer n\u00ba 635\/2018, homologado pela Portaria n\u00ba 1.351\/2018 do Minist\u00e9rio da Educa\u00e7\u00e3o (MEC). A medida atende a uma [&hellip;]\" \/>\n<meta property=\"og:url\" content=\"https:\/\/cnr.org.br\/novoportal\/conciliacao-sera-materia-obrigatoria-nos-cursos-de-direito\/\" \/>\n<meta property=\"og:site_name\" content=\"CNR\" \/>\n<meta property=\"article:published_time\" content=\"2019-02-21T17:27:36+00:00\" \/>\n<meta property=\"og:image\" content=\"https:\/\/cnr.org.br\/novoportal\/wp-content\/uploads\/2019\/03\/4ea6e8319f15dfcefc1a70fe0f22e215.jpg\" \/>\n\t<meta property=\"og:image:width\" content=\"448\" \/>\n\t<meta property=\"og:image:height\" content=\"299\" \/>\n\t<meta property=\"og:image:type\" content=\"image\/jpeg\" \/>\n<meta name=\"author\" content=\"Imprensa CNR\" \/>\n<meta name=\"twitter:card\" content=\"summary_large_image\" \/>\n<meta name=\"twitter:label1\" content=\"Escrito por\" \/>\n\t<meta name=\"twitter:data1\" content=\"Imprensa CNR\" \/>\n\t<meta name=\"twitter:label2\" content=\"Est. tempo de leitura\" \/>\n\t<meta name=\"twitter:data2\" content=\"4 minutos\" \/>\n<script type=\"application\/ld+json\" class=\"yoast-schema-graph\">{\"@context\":\"https:\\\/\\\/schema.org\",\"@graph\":[{\"@type\":\"Article\",\"@id\":\"https:\\\/\\\/cnr.org.br\\\/novoportal\\\/conciliacao-sera-materia-obrigatoria-nos-cursos-de-direito\\\/#article\",\"isPartOf\":{\"@id\":\"https:\\\/\\\/cnr.org.br\\\/novoportal\\\/conciliacao-sera-materia-obrigatoria-nos-cursos-de-direito\\\/\"},\"author\":{\"name\":\"Imprensa CNR\",\"@id\":\"https:\\\/\\\/cnr.org.br\\\/novoportal\\\/#\\\/schema\\\/person\\\/1f46209cd8c9d3d9887a0765b64ca66b\"},\"headline\":\"Concilia\u00e7\u00e3o ser\u00e1 mat\u00e9ria obrigat\u00f3ria nos cursos de direito\",\"datePublished\":\"2019-02-21T17:27:36+00:00\",\"mainEntityOfPage\":{\"@id\":\"https:\\\/\\\/cnr.org.br\\\/novoportal\\\/conciliacao-sera-materia-obrigatoria-nos-cursos-de-direito\\\/\"},\"wordCount\":735,\"commentCount\":0,\"publisher\":{\"@id\":\"https:\\\/\\\/cnr.org.br\\\/novoportal\\\/#organization\"},\"image\":{\"@id\":\"https:\\\/\\\/cnr.org.br\\\/novoportal\\\/conciliacao-sera-materia-obrigatoria-nos-cursos-de-direito\\\/#primaryimage\"},\"thumbnailUrl\":\"https:\\\/\\\/cnr.org.br\\\/site\\\/wp-content\\\/uploads\\\/2019\\\/03\\\/4ea6e8319f15dfcefc1a70fe0f22e215.jpg\",\"articleSection\":[\"\u00daltimas Not\u00edcias\"],\"inLanguage\":\"pt-BR\"},{\"@type\":\"WebPage\",\"@id\":\"https:\\\/\\\/cnr.org.br\\\/novoportal\\\/conciliacao-sera-materia-obrigatoria-nos-cursos-de-direito\\\/\",\"url\":\"https:\\\/\\\/cnr.org.br\\\/novoportal\\\/conciliacao-sera-materia-obrigatoria-nos-cursos-de-direito\\\/\",\"name\":\"Concilia\u00e7\u00e3o ser\u00e1 mat\u00e9ria obrigat\u00f3ria nos cursos de direito - CNR\",\"isPartOf\":{\"@id\":\"https:\\\/\\\/cnr.org.br\\\/novoportal\\\/#website\"},\"primaryImageOfPage\":{\"@id\":\"https:\\\/\\\/cnr.org.br\\\/novoportal\\\/conciliacao-sera-materia-obrigatoria-nos-cursos-de-direito\\\/#primaryimage\"},\"image\":{\"@id\":\"https:\\\/\\\/cnr.org.br\\\/novoportal\\\/conciliacao-sera-materia-obrigatoria-nos-cursos-de-direito\\\/#primaryimage\"},\"thumbnailUrl\":\"https:\\\/\\\/cnr.org.br\\\/site\\\/wp-content\\\/uploads\\\/2019\\\/03\\\/4ea6e8319f15dfcefc1a70fe0f22e215.jpg\",\"datePublished\":\"2019-02-21T17:27:36+00:00\",\"breadcrumb\":{\"@id\":\"https:\\\/\\\/cnr.org.br\\\/novoportal\\\/conciliacao-sera-materia-obrigatoria-nos-cursos-de-direito\\\/#breadcrumb\"},\"inLanguage\":\"pt-BR\",\"potentialAction\":[{\"@type\":\"ReadAction\",\"target\":[\"https:\\\/\\\/cnr.org.br\\\/novoportal\\\/conciliacao-sera-materia-obrigatoria-nos-cursos-de-direito\\\/\"]}]},{\"@type\":\"ImageObject\",\"inLanguage\":\"pt-BR\",\"@id\":\"https:\\\/\\\/cnr.org.br\\\/novoportal\\\/conciliacao-sera-materia-obrigatoria-nos-cursos-de-direito\\\/#primaryimage\",\"url\":\"https:\\\/\\\/cnr.org.br\\\/site\\\/wp-content\\\/uploads\\\/2019\\\/03\\\/4ea6e8319f15dfcefc1a70fe0f22e215.jpg\",\"contentUrl\":\"https:\\\/\\\/cnr.org.br\\\/site\\\/wp-content\\\/uploads\\\/2019\\\/03\\\/4ea6e8319f15dfcefc1a70fe0f22e215.jpg\",\"width\":448,\"height\":299},{\"@type\":\"BreadcrumbList\",\"@id\":\"https:\\\/\\\/cnr.org.br\\\/novoportal\\\/conciliacao-sera-materia-obrigatoria-nos-cursos-de-direito\\\/#breadcrumb\",\"itemListElement\":[{\"@type\":\"ListItem\",\"position\":1,\"name\":\"In\u00edcio\",\"item\":\"https:\\\/\\\/cnr.org.br\\\/site\\\/\"},{\"@type\":\"ListItem\",\"position\":2,\"name\":\"Concilia\u00e7\u00e3o ser\u00e1 mat\u00e9ria obrigat\u00f3ria nos cursos de direito\"}]},{\"@type\":\"WebSite\",\"@id\":\"https:\\\/\\\/cnr.org.br\\\/novoportal\\\/#website\",\"url\":\"https:\\\/\\\/cnr.org.br\\\/novoportal\\\/\",\"name\":\"CNR\",\"description\":\"Confedera\u00e7\u00e3o Nacional de Not\u00e1rios e Registradores\",\"publisher\":{\"@id\":\"https:\\\/\\\/cnr.org.br\\\/novoportal\\\/#organization\"},\"potentialAction\":[{\"@type\":\"SearchAction\",\"target\":{\"@type\":\"EntryPoint\",\"urlTemplate\":\"https:\\\/\\\/cnr.org.br\\\/novoportal\\\/?s={search_term_string}\"},\"query-input\":{\"@type\":\"PropertyValueSpecification\",\"valueRequired\":true,\"valueName\":\"search_term_string\"}}],\"inLanguage\":\"pt-BR\"},{\"@type\":\"Organization\",\"@id\":\"https:\\\/\\\/cnr.org.br\\\/novoportal\\\/#organization\",\"name\":\"CNR\",\"url\":\"https:\\\/\\\/cnr.org.br\\\/novoportal\\\/\",\"logo\":{\"@type\":\"ImageObject\",\"inLanguage\":\"pt-BR\",\"@id\":\"https:\\\/\\\/cnr.org.br\\\/novoportal\\\/#\\\/schema\\\/logo\\\/image\\\/\",\"url\":\"https:\\\/\\\/cnr.org.br\\\/site\\\/wp-content\\\/uploads\\\/2026\\\/02\\\/Logo_CNR_completa_colorida_2024.png\",\"contentUrl\":\"https:\\\/\\\/cnr.org.br\\\/site\\\/wp-content\\\/uploads\\\/2026\\\/02\\\/Logo_CNR_completa_colorida_2024.png\",\"width\":910,\"height\":450,\"caption\":\"CNR\"},\"image\":{\"@id\":\"https:\\\/\\\/cnr.org.br\\\/novoportal\\\/#\\\/schema\\\/logo\\\/image\\\/\"}},{\"@type\":\"Person\",\"@id\":\"https:\\\/\\\/cnr.org.br\\\/novoportal\\\/#\\\/schema\\\/person\\\/1f46209cd8c9d3d9887a0765b64ca66b\",\"name\":\"Imprensa CNR\",\"sameAs\":[\"https:\\\/\\\/cnr.org.br\\\/site\"],\"url\":\"https:\\\/\\\/cnr.org.br\\\/site\\\/author\\\/imprensa\\\/\"}]}<\/script>\n<!-- \/ Yoast SEO plugin. -->","yoast_head_json":{"title":"Concilia\u00e7\u00e3o ser\u00e1 mat\u00e9ria obrigat\u00f3ria nos cursos de direito - CNR","robots":{"index":"index","follow":"follow","max-snippet":"max-snippet:-1","max-image-preview":"max-image-preview:large","max-video-preview":"max-video-preview:-1"},"canonical":"https:\/\/cnr.org.br\/novoportal\/conciliacao-sera-materia-obrigatoria-nos-cursos-de-direito\/","og_locale":"pt_BR","og_type":"article","og_title":"Concilia\u00e7\u00e3o ser\u00e1 mat\u00e9ria obrigat\u00f3ria nos cursos de direito - CNR","og_description":"A partir deste ano, as disciplinas que versem sobre concilia\u00e7\u00e3o, media\u00e7\u00e3o e arbitragem passam a ser mat\u00e9rias obrigat\u00f3rias nas grades curriculares dos cursos de direito de todo o pa\u00eds, segundo a Resolu\u00e7\u00e3o CNE\/CES n. 5\/2018, oriunda do Parecer n\u00ba 635\/2018, homologado pela Portaria n\u00ba 1.351\/2018 do Minist\u00e9rio da Educa\u00e7\u00e3o (MEC). A medida atende a uma [&hellip;]","og_url":"https:\/\/cnr.org.br\/novoportal\/conciliacao-sera-materia-obrigatoria-nos-cursos-de-direito\/","og_site_name":"CNR","article_published_time":"2019-02-21T17:27:36+00:00","og_image":[{"width":448,"height":299,"url":"https:\/\/cnr.org.br\/novoportal\/wp-content\/uploads\/2019\/03\/4ea6e8319f15dfcefc1a70fe0f22e215.jpg","type":"image\/jpeg"}],"author":"Imprensa CNR","twitter_card":"summary_large_image","twitter_misc":{"Escrito por":"Imprensa CNR","Est. tempo de leitura":"4 minutos"},"schema":{"@context":"https:\/\/schema.org","@graph":[{"@type":"Article","@id":"https:\/\/cnr.org.br\/novoportal\/conciliacao-sera-materia-obrigatoria-nos-cursos-de-direito\/#article","isPartOf":{"@id":"https:\/\/cnr.org.br\/novoportal\/conciliacao-sera-materia-obrigatoria-nos-cursos-de-direito\/"},"author":{"name":"Imprensa CNR","@id":"https:\/\/cnr.org.br\/novoportal\/#\/schema\/person\/1f46209cd8c9d3d9887a0765b64ca66b"},"headline":"Concilia\u00e7\u00e3o ser\u00e1 mat\u00e9ria obrigat\u00f3ria nos cursos de direito","datePublished":"2019-02-21T17:27:36+00:00","mainEntityOfPage":{"@id":"https:\/\/cnr.org.br\/novoportal\/conciliacao-sera-materia-obrigatoria-nos-cursos-de-direito\/"},"wordCount":735,"commentCount":0,"publisher":{"@id":"https:\/\/cnr.org.br\/novoportal\/#organization"},"image":{"@id":"https:\/\/cnr.org.br\/novoportal\/conciliacao-sera-materia-obrigatoria-nos-cursos-de-direito\/#primaryimage"},"thumbnailUrl":"https:\/\/cnr.org.br\/site\/wp-content\/uploads\/2019\/03\/4ea6e8319f15dfcefc1a70fe0f22e215.jpg","articleSection":["\u00daltimas Not\u00edcias"],"inLanguage":"pt-BR"},{"@type":"WebPage","@id":"https:\/\/cnr.org.br\/novoportal\/conciliacao-sera-materia-obrigatoria-nos-cursos-de-direito\/","url":"https:\/\/cnr.org.br\/novoportal\/conciliacao-sera-materia-obrigatoria-nos-cursos-de-direito\/","name":"Concilia\u00e7\u00e3o ser\u00e1 mat\u00e9ria obrigat\u00f3ria nos cursos de direito - CNR","isPartOf":{"@id":"https:\/\/cnr.org.br\/novoportal\/#website"},"primaryImageOfPage":{"@id":"https:\/\/cnr.org.br\/novoportal\/conciliacao-sera-materia-obrigatoria-nos-cursos-de-direito\/#primaryimage"},"image":{"@id":"https:\/\/cnr.org.br\/novoportal\/conciliacao-sera-materia-obrigatoria-nos-cursos-de-direito\/#primaryimage"},"thumbnailUrl":"https:\/\/cnr.org.br\/site\/wp-content\/uploads\/2019\/03\/4ea6e8319f15dfcefc1a70fe0f22e215.jpg","datePublished":"2019-02-21T17:27:36+00:00","breadcrumb":{"@id":"https:\/\/cnr.org.br\/novoportal\/conciliacao-sera-materia-obrigatoria-nos-cursos-de-direito\/#breadcrumb"},"inLanguage":"pt-BR","potentialAction":[{"@type":"ReadAction","target":["https:\/\/cnr.org.br\/novoportal\/conciliacao-sera-materia-obrigatoria-nos-cursos-de-direito\/"]}]},{"@type":"ImageObject","inLanguage":"pt-BR","@id":"https:\/\/cnr.org.br\/novoportal\/conciliacao-sera-materia-obrigatoria-nos-cursos-de-direito\/#primaryimage","url":"https:\/\/cnr.org.br\/site\/wp-content\/uploads\/2019\/03\/4ea6e8319f15dfcefc1a70fe0f22e215.jpg","contentUrl":"https:\/\/cnr.org.br\/site\/wp-content\/uploads\/2019\/03\/4ea6e8319f15dfcefc1a70fe0f22e215.jpg","width":448,"height":299},{"@type":"BreadcrumbList","@id":"https:\/\/cnr.org.br\/novoportal\/conciliacao-sera-materia-obrigatoria-nos-cursos-de-direito\/#breadcrumb","itemListElement":[{"@type":"ListItem","position":1,"name":"In\u00edcio","item":"https:\/\/cnr.org.br\/site\/"},{"@type":"ListItem","position":2,"name":"Concilia\u00e7\u00e3o ser\u00e1 mat\u00e9ria obrigat\u00f3ria nos cursos de direito"}]},{"@type":"WebSite","@id":"https:\/\/cnr.org.br\/novoportal\/#website","url":"https:\/\/cnr.org.br\/novoportal\/","name":"CNR","description":"Confedera\u00e7\u00e3o Nacional de Not\u00e1rios e Registradores","publisher":{"@id":"https:\/\/cnr.org.br\/novoportal\/#organization"},"potentialAction":[{"@type":"SearchAction","target":{"@type":"EntryPoint","urlTemplate":"https:\/\/cnr.org.br\/novoportal\/?s={search_term_string}"},"query-input":{"@type":"PropertyValueSpecification","valueRequired":true,"valueName":"search_term_string"}}],"inLanguage":"pt-BR"},{"@type":"Organization","@id":"https:\/\/cnr.org.br\/novoportal\/#organization","name":"CNR","url":"https:\/\/cnr.org.br\/novoportal\/","logo":{"@type":"ImageObject","inLanguage":"pt-BR","@id":"https:\/\/cnr.org.br\/novoportal\/#\/schema\/logo\/image\/","url":"https:\/\/cnr.org.br\/site\/wp-content\/uploads\/2026\/02\/Logo_CNR_completa_colorida_2024.png","contentUrl":"https:\/\/cnr.org.br\/site\/wp-content\/uploads\/2026\/02\/Logo_CNR_completa_colorida_2024.png","width":910,"height":450,"caption":"CNR"},"image":{"@id":"https:\/\/cnr.org.br\/novoportal\/#\/schema\/logo\/image\/"}},{"@type":"Person","@id":"https:\/\/cnr.org.br\/novoportal\/#\/schema\/person\/1f46209cd8c9d3d9887a0765b64ca66b","name":"Imprensa CNR","sameAs":["https:\/\/cnr.org.br\/site"],"url":"https:\/\/cnr.org.br\/site\/author\/imprensa\/"}]}},"_links":{"self":[{"href":"https:\/\/cnr.org.br\/site\/wp-json\/wp\/v2\/posts\/11082","targetHints":{"allow":["GET"]}}],"collection":[{"href":"https:\/\/cnr.org.br\/site\/wp-json\/wp\/v2\/posts"}],"about":[{"href":"https:\/\/cnr.org.br\/site\/wp-json\/wp\/v2\/types\/post"}],"author":[{"embeddable":true,"href":"https:\/\/cnr.org.br\/site\/wp-json\/wp\/v2\/users\/2"}],"replies":[{"embeddable":true,"href":"https:\/\/cnr.org.br\/site\/wp-json\/wp\/v2\/comments?post=11082"}],"version-history":[{"count":0,"href":"https:\/\/cnr.org.br\/site\/wp-json\/wp\/v2\/posts\/11082\/revisions"}],"wp:featuredmedia":[{"embeddable":true,"href":"https:\/\/cnr.org.br\/site\/wp-json\/wp\/v2\/media\/14167"}],"wp:attachment":[{"href":"https:\/\/cnr.org.br\/site\/wp-json\/wp\/v2\/media?parent=11082"}],"wp:term":[{"taxonomy":"category","embeddable":true,"href":"https:\/\/cnr.org.br\/site\/wp-json\/wp\/v2\/categories?post=11082"},{"taxonomy":"post_tag","embeddable":true,"href":"https:\/\/cnr.org.br\/site\/wp-json\/wp\/v2\/tags?post=11082"}],"curies":[{"name":"wp","href":"https:\/\/api.w.org\/{rel}","templated":true}]}}