{"id":13092,"date":"2019-02-08T15:38:06","date_gmt":"2019-02-08T17:38:06","guid":{"rendered":"https:\/\/cnr.org.br\/site\/?p=10550"},"modified":"2019-03-25T16:53:23","modified_gmt":"2019-03-25T19:53:23","slug":"presidente-da-cnr-recebe-homenagem-por-prestacao-de-servicos-notaveis-a-classe-judicial","status":"publish","type":"post","link":"https:\/\/cnr.org.br\/site\/presidente-da-cnr-recebe-homenagem-por-prestacao-de-servicos-notaveis-a-classe-judicial\/","title":{"rendered":"Presidente da CNR recebe homenagem por presta\u00e7\u00e3o de servi\u00e7os not\u00e1veis \u00e0 classe judicial"},"content":{"rendered":"<div id=\"dslc-theme-content\"><div id=\"dslc-theme-content-inner\"><p>&nbsp;<\/p>\n<p><img loading=\"lazy\" decoding=\"async\" class=\"alignnone size-full wp-image-10552\" src=\"https:\/\/cnr.org.br\/site\/wp-content\/uploads\/2019\/02\/Site-Comenda.jpg\" alt=\"\" width=\"1280\" height=\"704\" \/><\/p>\n<p>&nbsp;<\/p>\n<h3><i><span style=\"font-weight: 400;\">Cerim\u00f4nia de entrega da \u201cMedalha de Honra ao M\u00e9rito Desembargador D\u00e9cio Ant\u00f4nio Erpen\u201d ao presidente da CNR, Rog\u00e9rio Portugal Bacellar, foi realizada nesta quinta-feira, 07 de fevereiro<\/span><\/i><\/h3>\n<p><span style=\"font-weight: 400;\">Em Recife, o presidente da Confedera\u00e7\u00e3o Nacional de Not\u00e1rios e Registradores (CNR), Rog\u00e9rio Portugal Bacellar, recebeu, na noite desta quinta-feira (7), uma homenagem pela presta\u00e7\u00e3o de servi\u00e7os not\u00e1veis \u00e0 classe judicial. A \u201cMedalha de Honra ao M\u00e9rito Desembargador D\u00e9cio Ant\u00f4nio Erpen\u201d, \u00e9 entregue a quem contribuiu para qualquer meio e de modo eficaz para o fortalecimento, aperfei\u00e7oamento e celeridade da presta\u00e7\u00e3o jurisdicional ou \u00e0 causa da Justi\u00e7a.<\/span><\/p>\n<p><span style=\"font-weight: 400;\">A condecora\u00e7\u00e3o foi entregue pelo Col\u00e9gio Permanente de Corregedores Gerais dos Tribunais de Justi\u00e7a do Brasil (CCOGE), na cerim\u00f4nia de abertura do 80\u00ba Encontro Nacional do Col\u00e9gio Permanente de Corregedores Gerais dos Tribunais de Justi\u00e7a do Brasil (ENCOGE), no Sal\u00e3o Pleno do Pal\u00e1cio da Justi\u00e7a do Tribunal de Justi\u00e7a de Pernambuco.<\/span><\/p>\n<p>&nbsp;<\/p>\n<h4><b>Palestra<\/b><\/h4>\n<p><span style=\"font-weight: 400;\">Durante o ENCOGE, o presidente da CNR tamb\u00e9m fez uma apresenta\u00e7\u00e3o sobre \u201cO Papel da CNR e as Corregedorias\u201d, destacando a import\u00e2ncia da Confedera\u00e7\u00e3o para o fortalecimento da atividade notarial e de registro.<\/span><\/p>\n<p><span style=\"font-weight: 400;\">Ainda em Recife, a CNR promove o primeiro Encontro Descentralizado do ano. Mais informa\u00e7\u00f5es <strong><a href=\"https:\/\/cnr.org.br\/site\/encontro-descentralizado-em-recife-reune-notarios-e-registradores-para-debate-sobre-desafios-e-novos-servicos-nos-cartorios\/\">AQUI<\/a><\/strong>:\u00a0<\/span><\/p>\n<p>&nbsp;<\/p>\n<\/div><\/div>","protected":false},"excerpt":{"rendered":"<p>&nbsp; &nbsp; Cerim\u00f4nia de entrega da \u201cMedalha de Honra ao M\u00e9rito Desembargador D\u00e9cio Ant\u00f4nio Erpen\u201d ao presidente da CNR, Rog\u00e9rio Portugal Bacellar, foi realizada nesta quinta-feira, 07 de fevereiro Em Recife, o presidente da Confedera\u00e7\u00e3o Nacional de Not\u00e1rios e Registradores (CNR), Rog\u00e9rio Portugal Bacellar, recebeu, na noite desta quinta-feira (7), uma homenagem pela presta\u00e7\u00e3o de [&hellip;]<\/p>\n","protected":false},"author":2,"featured_media":14176,"comment_status":"open","ping_status":"open","sticky":false,"template":"","format":"standard","meta":{"footnotes":"","_links_to":"","_links_to_target":""},"categories":[524,8,47],"tags":[],"class_list":["post-13092","post","type-post","status-publish","format-standard","has-post-thumbnail","hentry","category-destaques","category-evento","category-ultimas-noticias"],"yoast_head":"<!-- This site is optimized with the Yoast SEO plugin v28.4 - https:\/\/yoast.com\/product\/yoast-seo-wordpress\/ -->\n<title>Presidente da CNR recebe homenagem por presta\u00e7\u00e3o de servi\u00e7os not\u00e1veis \u00e0 classe judicial - CNR<\/title>\n<meta name=\"robots\" content=\"index, follow, max-snippet:-1, max-image-preview:large, max-video-preview:-1\" \/>\n<link rel=\"canonical\" href=\"https:\/\/cnr.org.br\/novoportal\/presidente-da-cnr-recebe-homenagem-por-prestacao-de-servicos-notaveis-a-classe-judicial\/\" \/>\n<meta property=\"og:locale\" content=\"pt_BR\" \/>\n<meta property=\"og:type\" content=\"article\" \/>\n<meta property=\"og:title\" content=\"Presidente da CNR recebe homenagem por presta\u00e7\u00e3o de servi\u00e7os not\u00e1veis \u00e0 classe judicial - CNR\" \/>\n<meta property=\"og:description\" content=\"&nbsp; &nbsp; Cerim\u00f4nia de entrega da \u201cMedalha de Honra ao M\u00e9rito Desembargador D\u00e9cio Ant\u00f4nio Erpen\u201d ao presidente da CNR, Rog\u00e9rio Portugal Bacellar, foi realizada nesta quinta-feira, 07 de fevereiro Em Recife, o presidente da Confedera\u00e7\u00e3o Nacional de Not\u00e1rios e Registradores (CNR), Rog\u00e9rio Portugal Bacellar, recebeu, na noite desta quinta-feira (7), uma homenagem pela presta\u00e7\u00e3o de [&hellip;]\" \/>\n<meta property=\"og:url\" content=\"https:\/\/cnr.org.br\/novoportal\/presidente-da-cnr-recebe-homenagem-por-prestacao-de-servicos-notaveis-a-classe-judicial\/\" \/>\n<meta property=\"og:site_name\" content=\"CNR\" \/>\n<meta property=\"article:published_time\" content=\"2019-02-08T17:38:06+00:00\" \/>\n<meta property=\"article:modified_time\" content=\"2019-03-25T19:53:23+00:00\" \/>\n<meta property=\"og:image\" content=\"https:\/\/cnr.org.br\/novoportal\/wp-content\/uploads\/2019\/02\/Site-Comenda.jpg\" \/>\n\t<meta property=\"og:image:width\" content=\"1280\" \/>\n\t<meta property=\"og:image:height\" content=\"704\" \/>\n\t<meta property=\"og:image:type\" content=\"image\/jpeg\" \/>\n<meta name=\"author\" content=\"Imprensa CNR\" \/>\n<meta name=\"twitter:card\" content=\"summary_large_image\" \/>\n<meta name=\"twitter:label1\" content=\"Escrito por\" \/>\n\t<meta name=\"twitter:data1\" content=\"Imprensa CNR\" \/>\n\t<meta name=\"twitter:label2\" content=\"Est. tempo de leitura\" \/>\n\t<meta name=\"twitter:data2\" content=\"1 minuto\" \/>\n<script type=\"application\/ld+json\" class=\"yoast-schema-graph\">{\"@context\":\"https:\\\/\\\/schema.org\",\"@graph\":[{\"@type\":\"Article\",\"@id\":\"https:\\\/\\\/cnr.org.br\\\/novoportal\\\/presidente-da-cnr-recebe-homenagem-por-prestacao-de-servicos-notaveis-a-classe-judicial\\\/#article\",\"isPartOf\":{\"@id\":\"https:\\\/\\\/cnr.org.br\\\/novoportal\\\/presidente-da-cnr-recebe-homenagem-por-prestacao-de-servicos-notaveis-a-classe-judicial\\\/\"},\"author\":{\"name\":\"Imprensa CNR\",\"@id\":\"https:\\\/\\\/cnr.org.br\\\/novoportal\\\/#\\\/schema\\\/person\\\/1f46209cd8c9d3d9887a0765b64ca66b\"},\"headline\":\"Presidente da CNR recebe homenagem por presta\u00e7\u00e3o de servi\u00e7os not\u00e1veis \u00e0 classe judicial\",\"datePublished\":\"2019-02-08T17:38:06+00:00\",\"dateModified\":\"2019-03-25T19:53:23+00:00\",\"mainEntityOfPage\":{\"@id\":\"https:\\\/\\\/cnr.org.br\\\/novoportal\\\/presidente-da-cnr-recebe-homenagem-por-prestacao-de-servicos-notaveis-a-classe-judicial\\\/\"},\"wordCount\":239,\"commentCount\":0,\"publisher\":{\"@id\":\"https:\\\/\\\/cnr.org.br\\\/novoportal\\\/#organization\"},\"image\":{\"@id\":\"https:\\\/\\\/cnr.org.br\\\/novoportal\\\/presidente-da-cnr-recebe-homenagem-por-prestacao-de-servicos-notaveis-a-classe-judicial\\\/#primaryimage\"},\"thumbnailUrl\":\"https:\\\/\\\/cnr.org.br\\\/site\\\/wp-content\\\/uploads\\\/2019\\\/02\\\/Site-Comenda.jpg\",\"articleSection\":[\"Destaques\",\"Evento\",\"\u00daltimas Not\u00edcias\"],\"inLanguage\":\"pt-BR\"},{\"@type\":\"WebPage\",\"@id\":\"https:\\\/\\\/cnr.org.br\\\/novoportal\\\/presidente-da-cnr-recebe-homenagem-por-prestacao-de-servicos-notaveis-a-classe-judicial\\\/\",\"url\":\"https:\\\/\\\/cnr.org.br\\\/novoportal\\\/presidente-da-cnr-recebe-homenagem-por-prestacao-de-servicos-notaveis-a-classe-judicial\\\/\",\"name\":\"Presidente da CNR recebe homenagem por presta\u00e7\u00e3o de servi\u00e7os not\u00e1veis \u00e0 classe judicial - CNR\",\"isPartOf\":{\"@id\":\"https:\\\/\\\/cnr.org.br\\\/novoportal\\\/#website\"},\"primaryImageOfPage\":{\"@id\":\"https:\\\/\\\/cnr.org.br\\\/novoportal\\\/presidente-da-cnr-recebe-homenagem-por-prestacao-de-servicos-notaveis-a-classe-judicial\\\/#primaryimage\"},\"image\":{\"@id\":\"https:\\\/\\\/cnr.org.br\\\/novoportal\\\/presidente-da-cnr-recebe-homenagem-por-prestacao-de-servicos-notaveis-a-classe-judicial\\\/#primaryimage\"},\"thumbnailUrl\":\"https:\\\/\\\/cnr.org.br\\\/site\\\/wp-content\\\/uploads\\\/2019\\\/02\\\/Site-Comenda.jpg\",\"datePublished\":\"2019-02-08T17:38:06+00:00\",\"dateModified\":\"2019-03-25T19:53:23+00:00\",\"breadcrumb\":{\"@id\":\"https:\\\/\\\/cnr.org.br\\\/novoportal\\\/presidente-da-cnr-recebe-homenagem-por-prestacao-de-servicos-notaveis-a-classe-judicial\\\/#breadcrumb\"},\"inLanguage\":\"pt-BR\",\"potentialAction\":[{\"@type\":\"ReadAction\",\"target\":[\"https:\\\/\\\/cnr.org.br\\\/novoportal\\\/presidente-da-cnr-recebe-homenagem-por-prestacao-de-servicos-notaveis-a-classe-judicial\\\/\"]}]},{\"@type\":\"ImageObject\",\"inLanguage\":\"pt-BR\",\"@id\":\"https:\\\/\\\/cnr.org.br\\\/novoportal\\\/presidente-da-cnr-recebe-homenagem-por-prestacao-de-servicos-notaveis-a-classe-judicial\\\/#primaryimage\",\"url\":\"https:\\\/\\\/cnr.org.br\\\/site\\\/wp-content\\\/uploads\\\/2019\\\/02\\\/Site-Comenda.jpg\",\"contentUrl\":\"https:\\\/\\\/cnr.org.br\\\/site\\\/wp-content\\\/uploads\\\/2019\\\/02\\\/Site-Comenda.jpg\",\"width\":1280,\"height\":704},{\"@type\":\"BreadcrumbList\",\"@id\":\"https:\\\/\\\/cnr.org.br\\\/novoportal\\\/presidente-da-cnr-recebe-homenagem-por-prestacao-de-servicos-notaveis-a-classe-judicial\\\/#breadcrumb\",\"itemListElement\":[{\"@type\":\"ListItem\",\"position\":1,\"name\":\"In\u00edcio\",\"item\":\"https:\\\/\\\/cnr.org.br\\\/site\\\/\"},{\"@type\":\"ListItem\",\"position\":2,\"name\":\"Presidente da CNR recebe homenagem por presta\u00e7\u00e3o de servi\u00e7os not\u00e1veis \u00e0 classe judicial\"}]},{\"@type\":\"WebSite\",\"@id\":\"https:\\\/\\\/cnr.org.br\\\/novoportal\\\/#website\",\"url\":\"https:\\\/\\\/cnr.org.br\\\/novoportal\\\/\",\"name\":\"CNR\",\"description\":\"Confedera\u00e7\u00e3o Nacional de Not\u00e1rios e Registradores\",\"publisher\":{\"@id\":\"https:\\\/\\\/cnr.org.br\\\/novoportal\\\/#organization\"},\"potentialAction\":[{\"@type\":\"SearchAction\",\"target\":{\"@type\":\"EntryPoint\",\"urlTemplate\":\"https:\\\/\\\/cnr.org.br\\\/novoportal\\\/?s={search_term_string}\"},\"query-input\":{\"@type\":\"PropertyValueSpecification\",\"valueRequired\":true,\"valueName\":\"search_term_string\"}}],\"inLanguage\":\"pt-BR\"},{\"@type\":\"Organization\",\"@id\":\"https:\\\/\\\/cnr.org.br\\\/novoportal\\\/#organization\",\"name\":\"CNR\",\"url\":\"https:\\\/\\\/cnr.org.br\\\/novoportal\\\/\",\"logo\":{\"@type\":\"ImageObject\",\"inLanguage\":\"pt-BR\",\"@id\":\"https:\\\/\\\/cnr.org.br\\\/novoportal\\\/#\\\/schema\\\/logo\\\/image\\\/\",\"url\":\"https:\\\/\\\/cnr.org.br\\\/site\\\/wp-content\\\/uploads\\\/2026\\\/02\\\/Logo_CNR_completa_colorida_2024.png\",\"contentUrl\":\"https:\\\/\\\/cnr.org.br\\\/site\\\/wp-content\\\/uploads\\\/2026\\\/02\\\/Logo_CNR_completa_colorida_2024.png\",\"width\":910,\"height\":450,\"caption\":\"CNR\"},\"image\":{\"@id\":\"https:\\\/\\\/cnr.org.br\\\/novoportal\\\/#\\\/schema\\\/logo\\\/image\\\/\"}},{\"@type\":\"Person\",\"@id\":\"https:\\\/\\\/cnr.org.br\\\/novoportal\\\/#\\\/schema\\\/person\\\/1f46209cd8c9d3d9887a0765b64ca66b\",\"name\":\"Imprensa CNR\",\"sameAs\":[\"https:\\\/\\\/cnr.org.br\\\/site\"],\"url\":\"https:\\\/\\\/cnr.org.br\\\/site\\\/author\\\/imprensa\\\/\"}]}<\/script>\n<!-- \/ Yoast SEO plugin. -->","yoast_head_json":{"title":"Presidente da CNR recebe homenagem por presta\u00e7\u00e3o de servi\u00e7os not\u00e1veis \u00e0 classe judicial - CNR","robots":{"index":"index","follow":"follow","max-snippet":"max-snippet:-1","max-image-preview":"max-image-preview:large","max-video-preview":"max-video-preview:-1"},"canonical":"https:\/\/cnr.org.br\/novoportal\/presidente-da-cnr-recebe-homenagem-por-prestacao-de-servicos-notaveis-a-classe-judicial\/","og_locale":"pt_BR","og_type":"article","og_title":"Presidente da CNR recebe homenagem por presta\u00e7\u00e3o de servi\u00e7os not\u00e1veis \u00e0 classe judicial - CNR","og_description":"&nbsp; &nbsp; Cerim\u00f4nia de entrega da \u201cMedalha de Honra ao M\u00e9rito Desembargador D\u00e9cio Ant\u00f4nio Erpen\u201d ao presidente da CNR, Rog\u00e9rio Portugal Bacellar, foi realizada nesta quinta-feira, 07 de fevereiro Em Recife, o presidente da Confedera\u00e7\u00e3o Nacional de Not\u00e1rios e Registradores (CNR), Rog\u00e9rio Portugal Bacellar, recebeu, na noite desta quinta-feira (7), uma homenagem pela presta\u00e7\u00e3o de [&hellip;]","og_url":"https:\/\/cnr.org.br\/novoportal\/presidente-da-cnr-recebe-homenagem-por-prestacao-de-servicos-notaveis-a-classe-judicial\/","og_site_name":"CNR","article_published_time":"2019-02-08T17:38:06+00:00","article_modified_time":"2019-03-25T19:53:23+00:00","og_image":[{"width":1280,"height":704,"url":"https:\/\/cnr.org.br\/novoportal\/wp-content\/uploads\/2019\/02\/Site-Comenda.jpg","type":"image\/jpeg"}],"author":"Imprensa CNR","twitter_card":"summary_large_image","twitter_misc":{"Escrito por":"Imprensa CNR","Est. tempo de leitura":"1 minuto"},"schema":{"@context":"https:\/\/schema.org","@graph":[{"@type":"Article","@id":"https:\/\/cnr.org.br\/novoportal\/presidente-da-cnr-recebe-homenagem-por-prestacao-de-servicos-notaveis-a-classe-judicial\/#article","isPartOf":{"@id":"https:\/\/cnr.org.br\/novoportal\/presidente-da-cnr-recebe-homenagem-por-prestacao-de-servicos-notaveis-a-classe-judicial\/"},"author":{"name":"Imprensa CNR","@id":"https:\/\/cnr.org.br\/novoportal\/#\/schema\/person\/1f46209cd8c9d3d9887a0765b64ca66b"},"headline":"Presidente da CNR recebe homenagem por presta\u00e7\u00e3o de servi\u00e7os not\u00e1veis \u00e0 classe judicial","datePublished":"2019-02-08T17:38:06+00:00","dateModified":"2019-03-25T19:53:23+00:00","mainEntityOfPage":{"@id":"https:\/\/cnr.org.br\/novoportal\/presidente-da-cnr-recebe-homenagem-por-prestacao-de-servicos-notaveis-a-classe-judicial\/"},"wordCount":239,"commentCount":0,"publisher":{"@id":"https:\/\/cnr.org.br\/novoportal\/#organization"},"image":{"@id":"https:\/\/cnr.org.br\/novoportal\/presidente-da-cnr-recebe-homenagem-por-prestacao-de-servicos-notaveis-a-classe-judicial\/#primaryimage"},"thumbnailUrl":"https:\/\/cnr.org.br\/site\/wp-content\/uploads\/2019\/02\/Site-Comenda.jpg","articleSection":["Destaques","Evento","\u00daltimas Not\u00edcias"],"inLanguage":"pt-BR"},{"@type":"WebPage","@id":"https:\/\/cnr.org.br\/novoportal\/presidente-da-cnr-recebe-homenagem-por-prestacao-de-servicos-notaveis-a-classe-judicial\/","url":"https:\/\/cnr.org.br\/novoportal\/presidente-da-cnr-recebe-homenagem-por-prestacao-de-servicos-notaveis-a-classe-judicial\/","name":"Presidente da CNR recebe homenagem por presta\u00e7\u00e3o de servi\u00e7os not\u00e1veis \u00e0 classe judicial - CNR","isPartOf":{"@id":"https:\/\/cnr.org.br\/novoportal\/#website"},"primaryImageOfPage":{"@id":"https:\/\/cnr.org.br\/novoportal\/presidente-da-cnr-recebe-homenagem-por-prestacao-de-servicos-notaveis-a-classe-judicial\/#primaryimage"},"image":{"@id":"https:\/\/cnr.org.br\/novoportal\/presidente-da-cnr-recebe-homenagem-por-prestacao-de-servicos-notaveis-a-classe-judicial\/#primaryimage"},"thumbnailUrl":"https:\/\/cnr.org.br\/site\/wp-content\/uploads\/2019\/02\/Site-Comenda.jpg","datePublished":"2019-02-08T17:38:06+00:00","dateModified":"2019-03-25T19:53:23+00:00","breadcrumb":{"@id":"https:\/\/cnr.org.br\/novoportal\/presidente-da-cnr-recebe-homenagem-por-prestacao-de-servicos-notaveis-a-classe-judicial\/#breadcrumb"},"inLanguage":"pt-BR","potentialAction":[{"@type":"ReadAction","target":["https:\/\/cnr.org.br\/novoportal\/presidente-da-cnr-recebe-homenagem-por-prestacao-de-servicos-notaveis-a-classe-judicial\/"]}]},{"@type":"ImageObject","inLanguage":"pt-BR","@id":"https:\/\/cnr.org.br\/novoportal\/presidente-da-cnr-recebe-homenagem-por-prestacao-de-servicos-notaveis-a-classe-judicial\/#primaryimage","url":"https:\/\/cnr.org.br\/site\/wp-content\/uploads\/2019\/02\/Site-Comenda.jpg","contentUrl":"https:\/\/cnr.org.br\/site\/wp-content\/uploads\/2019\/02\/Site-Comenda.jpg","width":1280,"height":704},{"@type":"BreadcrumbList","@id":"https:\/\/cnr.org.br\/novoportal\/presidente-da-cnr-recebe-homenagem-por-prestacao-de-servicos-notaveis-a-classe-judicial\/#breadcrumb","itemListElement":[{"@type":"ListItem","position":1,"name":"In\u00edcio","item":"https:\/\/cnr.org.br\/site\/"},{"@type":"ListItem","position":2,"name":"Presidente da CNR recebe homenagem por presta\u00e7\u00e3o de servi\u00e7os not\u00e1veis \u00e0 classe judicial"}]},{"@type":"WebSite","@id":"https:\/\/cnr.org.br\/novoportal\/#website","url":"https:\/\/cnr.org.br\/novoportal\/","name":"CNR","description":"Confedera\u00e7\u00e3o Nacional de Not\u00e1rios e Registradores","publisher":{"@id":"https:\/\/cnr.org.br\/novoportal\/#organization"},"potentialAction":[{"@type":"SearchAction","target":{"@type":"EntryPoint","urlTemplate":"https:\/\/cnr.org.br\/novoportal\/?s={search_term_string}"},"query-input":{"@type":"PropertyValueSpecification","valueRequired":true,"valueName":"search_term_string"}}],"inLanguage":"pt-BR"},{"@type":"Organization","@id":"https:\/\/cnr.org.br\/novoportal\/#organization","name":"CNR","url":"https:\/\/cnr.org.br\/novoportal\/","logo":{"@type":"ImageObject","inLanguage":"pt-BR","@id":"https:\/\/cnr.org.br\/novoportal\/#\/schema\/logo\/image\/","url":"https:\/\/cnr.org.br\/site\/wp-content\/uploads\/2026\/02\/Logo_CNR_completa_colorida_2024.png","contentUrl":"https:\/\/cnr.org.br\/site\/wp-content\/uploads\/2026\/02\/Logo_CNR_completa_colorida_2024.png","width":910,"height":450,"caption":"CNR"},"image":{"@id":"https:\/\/cnr.org.br\/novoportal\/#\/schema\/logo\/image\/"}},{"@type":"Person","@id":"https:\/\/cnr.org.br\/novoportal\/#\/schema\/person\/1f46209cd8c9d3d9887a0765b64ca66b","name":"Imprensa CNR","sameAs":["https:\/\/cnr.org.br\/site"],"url":"https:\/\/cnr.org.br\/site\/author\/imprensa\/"}]}},"_links":{"self":[{"href":"https:\/\/cnr.org.br\/site\/wp-json\/wp\/v2\/posts\/13092","targetHints":{"allow":["GET"]}}],"collection":[{"href":"https:\/\/cnr.org.br\/site\/wp-json\/wp\/v2\/posts"}],"about":[{"href":"https:\/\/cnr.org.br\/site\/wp-json\/wp\/v2\/types\/post"}],"author":[{"embeddable":true,"href":"https:\/\/cnr.org.br\/site\/wp-json\/wp\/v2\/users\/2"}],"replies":[{"embeddable":true,"href":"https:\/\/cnr.org.br\/site\/wp-json\/wp\/v2\/comments?post=13092"}],"version-history":[{"count":0,"href":"https:\/\/cnr.org.br\/site\/wp-json\/wp\/v2\/posts\/13092\/revisions"}],"wp:featuredmedia":[{"embeddable":true,"href":"https:\/\/cnr.org.br\/site\/wp-json\/wp\/v2\/media\/14176"}],"wp:attachment":[{"href":"https:\/\/cnr.org.br\/site\/wp-json\/wp\/v2\/media?parent=13092"}],"wp:term":[{"taxonomy":"category","embeddable":true,"href":"https:\/\/cnr.org.br\/site\/wp-json\/wp\/v2\/categories?post=13092"},{"taxonomy":"post_tag","embeddable":true,"href":"https:\/\/cnr.org.br\/site\/wp-json\/wp\/v2\/tags?post=13092"}],"curies":[{"name":"wp","href":"https:\/\/api.w.org\/{rel}","templated":true}]}}