{"id":14216,"date":"2019-03-28T11:47:46","date_gmt":"2019-03-28T14:47:46","guid":{"rendered":"https:\/\/cnr.org.br\/site\/?p=14216"},"modified":"2019-04-09T16:24:31","modified_gmt":"2019-04-09T19:24:31","slug":"entrevista-marcelo-lima-filho-presidente-da-finnotar","status":"publish","type":"post","link":"https:\/\/cnr.org.br\/site\/entrevista-marcelo-lima-filho-presidente-da-finnotar\/","title":{"rendered":"Entrevista - Marcelo Lima Filho, Presidente da FINNOTAR"},"content":{"rendered":"<div id=\"dslc-theme-content\"><div id=\"dslc-theme-content-inner\"><p><i><span style=\"font-weight: 400;\">Em entrevista para a CNR, o oficial de cart\u00f3rio destacou a import\u00e2ncia dos not\u00e1rios e registradores para a comunidade,<\/span><\/i><\/p>\n<p><strong>\u00a0<\/strong><\/p>\n<p><span style=\"font-weight: 400;\">\u201cSabemos da nossa import\u00e2ncia para economia, para a comunidade e sobretudo para o bem-estar do cidad\u00e3o, mas precisamos melhorar a percep\u00e7\u00e3o de valor que a sociedade tem da nossa fun\u00e7\u00e3o\u201d, sugeriu o presidente da Federa\u00e7\u00e3o Interestadual de Not\u00e1rios e Registradores do Norte e Nordeste (FINNOTAR),\u00a0<span class=\"bx-font\">Marcelo Lima Filho<\/span>, em entrevista para a CNR. O oficial, que tamb\u00e9m esteve presente no Encontro Descentralizado em Recife (PE), ressaltou a import\u00e2ncia de eventos como esses para fortalecer os la\u00e7os de uni\u00e3o entre os colegas. Confira a entrevista completa abaixo. \u00a0<\/span><\/p>\n<p><strong>\u00a0<\/strong><\/p>\n<p><b>1 - Qual a import\u00e2ncia da atua\u00e7\u00e3o da Federa\u00e7\u00e3o e da Confedera\u00e7\u00e3o de Not\u00e1rios e Registradores junto aos sindicatos regionais de not\u00e1rios e registradores e aos cart\u00f3rios?<\/b><\/p>\n<p><strong>\u00a0<\/strong><span style=\"font-weight: 400;\"><b><span class=\"bx-font\">Marcelo Lima Filho<\/span><\/b>: A atua\u00e7\u00e3o da \u00a0CNR e das federa\u00e7\u00f5es tem papel fundamental para a consolida\u00e7\u00e3o da representatividade sindical do nosso segmento profissional. Sindicatos bem organizados contribuem substancialmente para o fortalecimento da imagem da nossa atividade junto aos poderes constitu\u00eddos.<\/span><\/p>\n<p>&nbsp;<\/p>\n<p><b>2 - Quais as expectativas em rela\u00e7\u00e3o a realiza\u00e7\u00e3o do encontro descentralizado ocorrido em Recife? Porque encontros como este s\u00e3o importantes?<\/b><\/p>\n<p><strong>\u00a0<\/strong><span style=\"font-weight: 400;\"><b><span class=\"bx-font\">Marcelo Lima Filho<\/span><\/b>: O encontro de Recife foi uma \u00f3tima oportunidade para fortalecermos os la\u00e7os de uni\u00e3o entre os colegas. Em um estado t\u00e3o importante n\u00e3o s\u00f3 no contexto regional como nacional, e que disp\u00f5e de interlocutores t\u00e3o qualificados nele atuando.<\/span><\/p>\n<p>&nbsp;<\/p>\n<p><b>3 - Na sua opini\u00e3o, quais s\u00e3o os maiores desafios do segmento notarial e de registro para os pr\u00f3ximos anos e o que a CNR pode fazer pelos not\u00e1rios e registradores neste sentido?\u00a0<\/b><span style=\"font-weight: 400;\">\u00a0<\/span><strong>\u00a0<\/strong><\/p>\n<p><b><span class=\"bx-font\">Marcelo Lima Filho<\/span>:\u00a0<\/b><span style=\"font-weight: 400;\">Nosso maior desafio \u00e9 desmistificar a percep\u00e7\u00e3o que alguns setores econ\u00f4micos buscam impelir aos cart\u00f3rios, de que somos s\u00edmbolo da burocracia, de alto custo, e pouca efici\u00eancia. Sabemos da nossa import\u00e2ncia para a economia, para a comunidade e sobretudo para o bem-estar do cidad\u00e3o, mas precisamos melhorar a percep\u00e7\u00e3o de valor que a sociedade tem da nossa fun\u00e7\u00e3o.<\/span><\/p>\n<p>&nbsp;<\/p>\n<p><b>4 - Como profissional, o que gostaria que seu sindicato, federa\u00e7\u00e3o e confedera\u00e7\u00e3o fizessem pelo segmento? O que espera da Confedera\u00e7\u00e3o? \u00a0<\/b><\/p>\n<p><strong>\u00a0<\/strong><b><span class=\"bx-font\">Marcelo Lima Filho<\/span>:\u00a0<\/b><span style=\"font-weight: 400;\">Iniciativas democr\u00e1ticas com reuni\u00f5es descentralizadas, com interc\u00e2mbio de informa\u00e7\u00f5es de natureza n\u00e3o s\u00f3 institucional, como tamb\u00e9m acad\u00eamica, s\u00e3o um passo relevante. A promo\u00e7\u00e3o e fortalecimento institucional dos servi\u00e7os extrajudiciais perpassam pela aproxima\u00e7\u00e3o de regi\u00f5es, de pessoas e da constru\u00e7\u00e3o de uma agenda convergente.<\/span><\/p>\n<p><strong>\u00a0<\/strong><\/p>\n<p><b>5 - Como avalia a amplia\u00e7\u00e3o da presta\u00e7\u00e3o de alguns servi\u00e7os pelos cart\u00f3rios, a exemplo da media\u00e7\u00e3o e concilia\u00e7\u00e3o? Na sua opini\u00e3o, os cart\u00f3rios de Recife j\u00e1 est\u00e3o preparados?<\/b><\/p>\n<p><b><span class=\"bx-font\">Marcelo Lima Filho<\/span>:\u00a0<\/b><span style=\"font-weight: 400;\">Os cart\u00f3rios pernambucanos h\u00e1 muito gozam de boa reputa\u00e7\u00e3o em virtude da qualidade de seus servi\u00e7os. Agregar novos servi\u00e7os a ofertar \u00e0 comunidade, apenas refor\u00e7a a j\u00e1 estreita rela\u00e7\u00e3o de confian\u00e7a entre delegat\u00e1rios e seus usu\u00e1rios.<\/span><\/p>\n<p>&nbsp;<\/p>\n<p><b>6 - Na sua avalia\u00e7\u00e3o, quais foram os maiores avan\u00e7os do segmento nos \u00faltimos anos e no que ainda \u00e9 preciso avan\u00e7ar?<\/b><\/p>\n<p><strong>\u00a0<\/strong><b><span class=\"bx-font\">Marcelo Lima Filho<\/span>:\u00a0<\/b><span style=\"font-weight: 400;\">Minha cr\u00edtica: o grande n\u00famero de entidades representativas das nossas diversas naturezas, em r\u00e1pida prolifera\u00e7\u00e3o por todo Brasil, acenam para a lament\u00e1vel falta de converg\u00eancia de interesses e nos fragilizam no aspecto institucional. \u00c9 prefer\u00edvel termos entidades fortes, embora em n\u00famero menor, do que uma infinidade de associa\u00e7\u00f5es, com poucos filiados, dispersando recursos e energia, que poderiam ser concentrados em uma agenda transversal.<\/span><\/p>\n<p><strong>\u00a0<\/strong><\/p>\n<p><span style=\"font-weight: 400;\">Veja tamb\u00e9m a entrevista com a presidente do SINOREG-PE,\u00a0<\/span><a href=\"https:\/\/cnr.org.br\/site\/entrevista-eva-tenorio-de-brito-presidente-do-sinoreg-pe\/\"><span style=\"font-weight: 400;\">Eva Ten\u00f3rio de Brito<\/span><\/a><span style=\"font-weight: 400;\">!<\/span><\/p>\n<\/div><\/div>","protected":false},"excerpt":{"rendered":"<p>Em entrevista para a CNR, o oficial de cart\u00f3rio destacou a import\u00e2ncia dos not\u00e1rios e registradores para a comunidade, \u00a0 \u201cSabemos da nossa import\u00e2ncia para economia, para a comunidade e sobretudo para o bem-estar do cidad\u00e3o, mas precisamos melhorar a percep\u00e7\u00e3o de valor que a sociedade tem da nossa fun\u00e7\u00e3o\u201d, sugeriu o presidente da Federa\u00e7\u00e3o [&hellip;]<\/p>\n","protected":false},"author":2,"featured_media":14228,"comment_status":"closed","ping_status":"closed","sticky":false,"template":"","format":"standard","meta":{"footnotes":"","_links_to":"","_links_to_target":""},"categories":[47],"tags":[],"class_list":["post-14216","post","type-post","status-publish","format-standard","has-post-thumbnail","hentry","category-ultimas-noticias"],"yoast_head":"<!-- This site is optimized with the Yoast SEO plugin v28.4 - https:\/\/yoast.com\/product\/yoast-seo-wordpress\/ -->\n<title>Entrevista - Marcelo Lima Filho, Presidente da FINNOTAR - CNR<\/title>\n<meta name=\"robots\" content=\"index, follow, max-snippet:-1, max-image-preview:large, max-video-preview:-1\" \/>\n<link rel=\"canonical\" href=\"https:\/\/cnr.org.br\/novoportal\/entrevista-marcelo-lima-filho-presidente-da-finnotar\/\" \/>\n<meta property=\"og:locale\" content=\"pt_BR\" \/>\n<meta property=\"og:type\" content=\"article\" \/>\n<meta property=\"og:title\" content=\"Entrevista - Marcelo Lima Filho, Presidente da FINNOTAR - CNR\" \/>\n<meta property=\"og:description\" content=\"Em entrevista para a CNR, o oficial de cart\u00f3rio destacou a import\u00e2ncia dos not\u00e1rios e registradores para a comunidade, \u00a0 \u201cSabemos da nossa import\u00e2ncia para economia, para a comunidade e sobretudo para o bem-estar do cidad\u00e3o, mas precisamos melhorar a percep\u00e7\u00e3o de valor que a sociedade tem da nossa fun\u00e7\u00e3o\u201d, sugeriu o presidente da Federa\u00e7\u00e3o [&hellip;]\" \/>\n<meta property=\"og:url\" content=\"https:\/\/cnr.org.br\/novoportal\/entrevista-marcelo-lima-filho-presidente-da-finnotar\/\" \/>\n<meta property=\"og:site_name\" content=\"CNR\" \/>\n<meta property=\"article:published_time\" content=\"2019-03-28T14:47:46+00:00\" \/>\n<meta property=\"article:modified_time\" content=\"2019-04-09T19:24:31+00:00\" \/>\n<meta property=\"og:image\" content=\"https:\/\/cnr.org.br\/novoportal\/wp-content\/uploads\/2019\/03\/Entrevista-Jose-Marcelo-1.jpg\" \/>\n\t<meta property=\"og:image:width\" content=\"1118\" \/>\n\t<meta property=\"og:image:height\" content=\"794\" \/>\n\t<meta property=\"og:image:type\" content=\"image\/jpeg\" \/>\n<meta name=\"author\" content=\"Imprensa CNR\" \/>\n<meta name=\"twitter:card\" content=\"summary_large_image\" \/>\n<meta name=\"twitter:label1\" content=\"Escrito por\" \/>\n\t<meta name=\"twitter:data1\" content=\"Imprensa CNR\" \/>\n\t<meta name=\"twitter:label2\" content=\"Est. tempo de leitura\" \/>\n\t<meta name=\"twitter:data2\" content=\"3 minutos\" \/>\n<script type=\"application\/ld+json\" class=\"yoast-schema-graph\">{\"@context\":\"https:\\\/\\\/schema.org\",\"@graph\":[{\"@type\":\"Article\",\"@id\":\"https:\\\/\\\/cnr.org.br\\\/novoportal\\\/entrevista-marcelo-lima-filho-presidente-da-finnotar\\\/#article\",\"isPartOf\":{\"@id\":\"https:\\\/\\\/cnr.org.br\\\/novoportal\\\/entrevista-marcelo-lima-filho-presidente-da-finnotar\\\/\"},\"author\":{\"name\":\"Imprensa CNR\",\"@id\":\"https:\\\/\\\/cnr.org.br\\\/novoportal\\\/#\\\/schema\\\/person\\\/1f46209cd8c9d3d9887a0765b64ca66b\"},\"headline\":\"Entrevista - Marcelo Lima Filho, Presidente da FINNOTAR\",\"datePublished\":\"2019-03-28T14:47:46+00:00\",\"dateModified\":\"2019-04-09T19:24:31+00:00\",\"mainEntityOfPage\":{\"@id\":\"https:\\\/\\\/cnr.org.br\\\/novoportal\\\/entrevista-marcelo-lima-filho-presidente-da-finnotar\\\/\"},\"wordCount\":660,\"publisher\":{\"@id\":\"https:\\\/\\\/cnr.org.br\\\/novoportal\\\/#organization\"},\"image\":{\"@id\":\"https:\\\/\\\/cnr.org.br\\\/novoportal\\\/entrevista-marcelo-lima-filho-presidente-da-finnotar\\\/#primaryimage\"},\"thumbnailUrl\":\"https:\\\/\\\/cnr.org.br\\\/site\\\/wp-content\\\/uploads\\\/2019\\\/03\\\/Entrevista-Jose-Marcelo-1.jpg\",\"articleSection\":[\"\u00daltimas Not\u00edcias\"],\"inLanguage\":\"pt-BR\"},{\"@type\":\"WebPage\",\"@id\":\"https:\\\/\\\/cnr.org.br\\\/novoportal\\\/entrevista-marcelo-lima-filho-presidente-da-finnotar\\\/\",\"url\":\"https:\\\/\\\/cnr.org.br\\\/novoportal\\\/entrevista-marcelo-lima-filho-presidente-da-finnotar\\\/\",\"name\":\"Entrevista - Marcelo Lima Filho, Presidente da FINNOTAR - CNR\",\"isPartOf\":{\"@id\":\"https:\\\/\\\/cnr.org.br\\\/novoportal\\\/#website\"},\"primaryImageOfPage\":{\"@id\":\"https:\\\/\\\/cnr.org.br\\\/novoportal\\\/entrevista-marcelo-lima-filho-presidente-da-finnotar\\\/#primaryimage\"},\"image\":{\"@id\":\"https:\\\/\\\/cnr.org.br\\\/novoportal\\\/entrevista-marcelo-lima-filho-presidente-da-finnotar\\\/#primaryimage\"},\"thumbnailUrl\":\"https:\\\/\\\/cnr.org.br\\\/site\\\/wp-content\\\/uploads\\\/2019\\\/03\\\/Entrevista-Jose-Marcelo-1.jpg\",\"datePublished\":\"2019-03-28T14:47:46+00:00\",\"dateModified\":\"2019-04-09T19:24:31+00:00\",\"breadcrumb\":{\"@id\":\"https:\\\/\\\/cnr.org.br\\\/novoportal\\\/entrevista-marcelo-lima-filho-presidente-da-finnotar\\\/#breadcrumb\"},\"inLanguage\":\"pt-BR\",\"potentialAction\":[{\"@type\":\"ReadAction\",\"target\":[\"https:\\\/\\\/cnr.org.br\\\/novoportal\\\/entrevista-marcelo-lima-filho-presidente-da-finnotar\\\/\"]}]},{\"@type\":\"ImageObject\",\"inLanguage\":\"pt-BR\",\"@id\":\"https:\\\/\\\/cnr.org.br\\\/novoportal\\\/entrevista-marcelo-lima-filho-presidente-da-finnotar\\\/#primaryimage\",\"url\":\"https:\\\/\\\/cnr.org.br\\\/site\\\/wp-content\\\/uploads\\\/2019\\\/03\\\/Entrevista-Jose-Marcelo-1.jpg\",\"contentUrl\":\"https:\\\/\\\/cnr.org.br\\\/site\\\/wp-content\\\/uploads\\\/2019\\\/03\\\/Entrevista-Jose-Marcelo-1.jpg\",\"width\":1118,\"height\":794},{\"@type\":\"BreadcrumbList\",\"@id\":\"https:\\\/\\\/cnr.org.br\\\/novoportal\\\/entrevista-marcelo-lima-filho-presidente-da-finnotar\\\/#breadcrumb\",\"itemListElement\":[{\"@type\":\"ListItem\",\"position\":1,\"name\":\"In\u00edcio\",\"item\":\"https:\\\/\\\/cnr.org.br\\\/site\\\/\"},{\"@type\":\"ListItem\",\"position\":2,\"name\":\"Entrevista &#8211; Marcelo Lima Filho, Presidente da FINNOTAR\"}]},{\"@type\":\"WebSite\",\"@id\":\"https:\\\/\\\/cnr.org.br\\\/novoportal\\\/#website\",\"url\":\"https:\\\/\\\/cnr.org.br\\\/novoportal\\\/\",\"name\":\"CNR\",\"description\":\"Confedera\u00e7\u00e3o Nacional de Not\u00e1rios e Registradores\",\"publisher\":{\"@id\":\"https:\\\/\\\/cnr.org.br\\\/novoportal\\\/#organization\"},\"potentialAction\":[{\"@type\":\"SearchAction\",\"target\":{\"@type\":\"EntryPoint\",\"urlTemplate\":\"https:\\\/\\\/cnr.org.br\\\/novoportal\\\/?s={search_term_string}\"},\"query-input\":{\"@type\":\"PropertyValueSpecification\",\"valueRequired\":true,\"valueName\":\"search_term_string\"}}],\"inLanguage\":\"pt-BR\"},{\"@type\":\"Organization\",\"@id\":\"https:\\\/\\\/cnr.org.br\\\/novoportal\\\/#organization\",\"name\":\"CNR\",\"url\":\"https:\\\/\\\/cnr.org.br\\\/novoportal\\\/\",\"logo\":{\"@type\":\"ImageObject\",\"inLanguage\":\"pt-BR\",\"@id\":\"https:\\\/\\\/cnr.org.br\\\/novoportal\\\/#\\\/schema\\\/logo\\\/image\\\/\",\"url\":\"https:\\\/\\\/cnr.org.br\\\/site\\\/wp-content\\\/uploads\\\/2026\\\/02\\\/Logo_CNR_completa_colorida_2024.png\",\"contentUrl\":\"https:\\\/\\\/cnr.org.br\\\/site\\\/wp-content\\\/uploads\\\/2026\\\/02\\\/Logo_CNR_completa_colorida_2024.png\",\"width\":910,\"height\":450,\"caption\":\"CNR\"},\"image\":{\"@id\":\"https:\\\/\\\/cnr.org.br\\\/novoportal\\\/#\\\/schema\\\/logo\\\/image\\\/\"}},{\"@type\":\"Person\",\"@id\":\"https:\\\/\\\/cnr.org.br\\\/novoportal\\\/#\\\/schema\\\/person\\\/1f46209cd8c9d3d9887a0765b64ca66b\",\"name\":\"Imprensa CNR\",\"sameAs\":[\"https:\\\/\\\/cnr.org.br\\\/site\"],\"url\":\"https:\\\/\\\/cnr.org.br\\\/site\\\/author\\\/imprensa\\\/\"}]}<\/script>\n<!-- \/ Yoast SEO plugin. -->","yoast_head_json":{"title":"Entrevista - Marcelo Lima Filho, Presidente da FINNOTAR - CNR","robots":{"index":"index","follow":"follow","max-snippet":"max-snippet:-1","max-image-preview":"max-image-preview:large","max-video-preview":"max-video-preview:-1"},"canonical":"https:\/\/cnr.org.br\/novoportal\/entrevista-marcelo-lima-filho-presidente-da-finnotar\/","og_locale":"pt_BR","og_type":"article","og_title":"Entrevista - Marcelo Lima Filho, Presidente da FINNOTAR - CNR","og_description":"Em entrevista para a CNR, o oficial de cart\u00f3rio destacou a import\u00e2ncia dos not\u00e1rios e registradores para a comunidade, \u00a0 \u201cSabemos da nossa import\u00e2ncia para economia, para a comunidade e sobretudo para o bem-estar do cidad\u00e3o, mas precisamos melhorar a percep\u00e7\u00e3o de valor que a sociedade tem da nossa fun\u00e7\u00e3o\u201d, sugeriu o presidente da Federa\u00e7\u00e3o [&hellip;]","og_url":"https:\/\/cnr.org.br\/novoportal\/entrevista-marcelo-lima-filho-presidente-da-finnotar\/","og_site_name":"CNR","article_published_time":"2019-03-28T14:47:46+00:00","article_modified_time":"2019-04-09T19:24:31+00:00","og_image":[{"width":1118,"height":794,"url":"https:\/\/cnr.org.br\/novoportal\/wp-content\/uploads\/2019\/03\/Entrevista-Jose-Marcelo-1.jpg","type":"image\/jpeg"}],"author":"Imprensa CNR","twitter_card":"summary_large_image","twitter_misc":{"Escrito por":"Imprensa CNR","Est. tempo de leitura":"3 minutos"},"schema":{"@context":"https:\/\/schema.org","@graph":[{"@type":"Article","@id":"https:\/\/cnr.org.br\/novoportal\/entrevista-marcelo-lima-filho-presidente-da-finnotar\/#article","isPartOf":{"@id":"https:\/\/cnr.org.br\/novoportal\/entrevista-marcelo-lima-filho-presidente-da-finnotar\/"},"author":{"name":"Imprensa CNR","@id":"https:\/\/cnr.org.br\/novoportal\/#\/schema\/person\/1f46209cd8c9d3d9887a0765b64ca66b"},"headline":"Entrevista - Marcelo Lima Filho, Presidente da FINNOTAR","datePublished":"2019-03-28T14:47:46+00:00","dateModified":"2019-04-09T19:24:31+00:00","mainEntityOfPage":{"@id":"https:\/\/cnr.org.br\/novoportal\/entrevista-marcelo-lima-filho-presidente-da-finnotar\/"},"wordCount":660,"publisher":{"@id":"https:\/\/cnr.org.br\/novoportal\/#organization"},"image":{"@id":"https:\/\/cnr.org.br\/novoportal\/entrevista-marcelo-lima-filho-presidente-da-finnotar\/#primaryimage"},"thumbnailUrl":"https:\/\/cnr.org.br\/site\/wp-content\/uploads\/2019\/03\/Entrevista-Jose-Marcelo-1.jpg","articleSection":["\u00daltimas Not\u00edcias"],"inLanguage":"pt-BR"},{"@type":"WebPage","@id":"https:\/\/cnr.org.br\/novoportal\/entrevista-marcelo-lima-filho-presidente-da-finnotar\/","url":"https:\/\/cnr.org.br\/novoportal\/entrevista-marcelo-lima-filho-presidente-da-finnotar\/","name":"Entrevista - Marcelo Lima Filho, Presidente da FINNOTAR - CNR","isPartOf":{"@id":"https:\/\/cnr.org.br\/novoportal\/#website"},"primaryImageOfPage":{"@id":"https:\/\/cnr.org.br\/novoportal\/entrevista-marcelo-lima-filho-presidente-da-finnotar\/#primaryimage"},"image":{"@id":"https:\/\/cnr.org.br\/novoportal\/entrevista-marcelo-lima-filho-presidente-da-finnotar\/#primaryimage"},"thumbnailUrl":"https:\/\/cnr.org.br\/site\/wp-content\/uploads\/2019\/03\/Entrevista-Jose-Marcelo-1.jpg","datePublished":"2019-03-28T14:47:46+00:00","dateModified":"2019-04-09T19:24:31+00:00","breadcrumb":{"@id":"https:\/\/cnr.org.br\/novoportal\/entrevista-marcelo-lima-filho-presidente-da-finnotar\/#breadcrumb"},"inLanguage":"pt-BR","potentialAction":[{"@type":"ReadAction","target":["https:\/\/cnr.org.br\/novoportal\/entrevista-marcelo-lima-filho-presidente-da-finnotar\/"]}]},{"@type":"ImageObject","inLanguage":"pt-BR","@id":"https:\/\/cnr.org.br\/novoportal\/entrevista-marcelo-lima-filho-presidente-da-finnotar\/#primaryimage","url":"https:\/\/cnr.org.br\/site\/wp-content\/uploads\/2019\/03\/Entrevista-Jose-Marcelo-1.jpg","contentUrl":"https:\/\/cnr.org.br\/site\/wp-content\/uploads\/2019\/03\/Entrevista-Jose-Marcelo-1.jpg","width":1118,"height":794},{"@type":"BreadcrumbList","@id":"https:\/\/cnr.org.br\/novoportal\/entrevista-marcelo-lima-filho-presidente-da-finnotar\/#breadcrumb","itemListElement":[{"@type":"ListItem","position":1,"name":"In\u00edcio","item":"https:\/\/cnr.org.br\/site\/"},{"@type":"ListItem","position":2,"name":"Entrevista &#8211; Marcelo Lima Filho, Presidente da FINNOTAR"}]},{"@type":"WebSite","@id":"https:\/\/cnr.org.br\/novoportal\/#website","url":"https:\/\/cnr.org.br\/novoportal\/","name":"CNR","description":"Confedera\u00e7\u00e3o Nacional de Not\u00e1rios e Registradores","publisher":{"@id":"https:\/\/cnr.org.br\/novoportal\/#organization"},"potentialAction":[{"@type":"SearchAction","target":{"@type":"EntryPoint","urlTemplate":"https:\/\/cnr.org.br\/novoportal\/?s={search_term_string}"},"query-input":{"@type":"PropertyValueSpecification","valueRequired":true,"valueName":"search_term_string"}}],"inLanguage":"pt-BR"},{"@type":"Organization","@id":"https:\/\/cnr.org.br\/novoportal\/#organization","name":"CNR","url":"https:\/\/cnr.org.br\/novoportal\/","logo":{"@type":"ImageObject","inLanguage":"pt-BR","@id":"https:\/\/cnr.org.br\/novoportal\/#\/schema\/logo\/image\/","url":"https:\/\/cnr.org.br\/site\/wp-content\/uploads\/2026\/02\/Logo_CNR_completa_colorida_2024.png","contentUrl":"https:\/\/cnr.org.br\/site\/wp-content\/uploads\/2026\/02\/Logo_CNR_completa_colorida_2024.png","width":910,"height":450,"caption":"CNR"},"image":{"@id":"https:\/\/cnr.org.br\/novoportal\/#\/schema\/logo\/image\/"}},{"@type":"Person","@id":"https:\/\/cnr.org.br\/novoportal\/#\/schema\/person\/1f46209cd8c9d3d9887a0765b64ca66b","name":"Imprensa CNR","sameAs":["https:\/\/cnr.org.br\/site"],"url":"https:\/\/cnr.org.br\/site\/author\/imprensa\/"}]}},"_links":{"self":[{"href":"https:\/\/cnr.org.br\/site\/wp-json\/wp\/v2\/posts\/14216","targetHints":{"allow":["GET"]}}],"collection":[{"href":"https:\/\/cnr.org.br\/site\/wp-json\/wp\/v2\/posts"}],"about":[{"href":"https:\/\/cnr.org.br\/site\/wp-json\/wp\/v2\/types\/post"}],"author":[{"embeddable":true,"href":"https:\/\/cnr.org.br\/site\/wp-json\/wp\/v2\/users\/2"}],"replies":[{"embeddable":true,"href":"https:\/\/cnr.org.br\/site\/wp-json\/wp\/v2\/comments?post=14216"}],"version-history":[{"count":0,"href":"https:\/\/cnr.org.br\/site\/wp-json\/wp\/v2\/posts\/14216\/revisions"}],"wp:featuredmedia":[{"embeddable":true,"href":"https:\/\/cnr.org.br\/site\/wp-json\/wp\/v2\/media\/14228"}],"wp:attachment":[{"href":"https:\/\/cnr.org.br\/site\/wp-json\/wp\/v2\/media?parent=14216"}],"wp:term":[{"taxonomy":"category","embeddable":true,"href":"https:\/\/cnr.org.br\/site\/wp-json\/wp\/v2\/categories?post=14216"},{"taxonomy":"post_tag","embeddable":true,"href":"https:\/\/cnr.org.br\/site\/wp-json\/wp\/v2\/tags?post=14216"}],"curies":[{"name":"wp","href":"https:\/\/api.w.org\/{rel}","templated":true}]}}