{"id":14598,"date":"2019-04-25T15:05:57","date_gmt":"2019-04-25T18:05:57","guid":{"rendered":"https:\/\/cnr.org.br\/site\/?p=14598"},"modified":"2019-04-25T15:05:57","modified_gmt":"2019-04-25T18:05:57","slug":"reforma-trabalhista-restricao-a-pejotizacao","status":"publish","type":"post","link":"https:\/\/cnr.org.br\/site\/reforma-trabalhista-restricao-a-pejotizacao\/","title":{"rendered":"Reforma Trabalhista: restri\u00e7\u00e3o \u00e0 \u201cPejotiza\u00e7\u00e3o\u201d"},"content":{"rendered":"<div id=\"dslc-theme-content\"><div id=\"dslc-theme-content-inner\"><p>Com o advento da Reforma Trabalhista, hoje j\u00e1 \u00e9 permitida \u00e0s empresas realizar a contrata\u00e7\u00e3o de Pessoas Jur\u00eddicas (PJ) para terceiriza\u00e7\u00e3o de atividades-fim, ou seja, quando uma sociedade contrata outra para executar uma fun\u00e7\u00e3o ou prestar algum tipo de servi\u00e7o que compreenda as atividades essenciais e normais para as quais a empresa se constituiu, desde que respeitadas certas regras.<\/p>\n<div id=\"P_JORNAL_CONTABIL_OUTSTREAM0803984979772334\" class=\"ppIntext ppInsertAdTitle\" data-premium=\"\" data-adunit=\"JORNAL_CONTABIL_OUTSTREAM\" data-sizes-mobile=\"[[336,280],[300,250],[1,1]] \" data-sizes-desktop=\"[[640,360],[640,480],[580,400],[336,280],[300,250],[1,1]]\" data-type=\"outstream\" data-fetch=\"true\" data-google-query-id=\"CKDL87Do6-ECFY1lwQodC6kGrw\">\n<p>O artigo 5\u00ba C da Lei 13.467\/2017 estabelece claramente que o empregado demitido n\u00e3o poder\u00e1 prestar servi\u00e7os para o mesmo empregador, na condi\u00e7\u00e3o de PJ, antes do decurso de 18 meses a contar da data de seu efetivo desligamento. Esse dispositivo legal foi inclu\u00eddo na Lei justamente para se evitar a \u201cpejotiza\u00e7\u00e3o\u201d geral e indiscriminada de trabalhadores, de forma a substituir um empregado com carteira assinada por outro, contratado como pessoa jur\u00eddica ou prestador de servi\u00e7os sem v\u00ednculo empregat\u00edcio.<\/p>\n<p>Entretanto, \u00e0 luz do mesmo artigo da referida Lei, essa restri\u00e7\u00e3o n\u00e3o vale para o caso dos titulares ou s\u00f3cios da pessoa jur\u00eddica contratada estejam aposentados. Nesse caso, os empregados nessa situa\u00e7\u00e3o poder\u00e3o ser demitidos e imediatamente contratados atrav\u00e9s de empresas terceirizadas, sem a necessidade de se aguardar os 18 meses de car\u00eancia.<\/p>\n<p><strong>N\u00e3o pagamento de INSS sobre Pr\u00eamios<\/strong><\/p>\n<p>Ap\u00f3s a entrada em vigor da Reforma Trabalhista, o pagamento de \u201cPr\u00eamios e Bonifica\u00e7\u00f5es\u201d n\u00e3o mais integre a remunera\u00e7\u00e3o do empregado, por mais habitual que seja, n\u00e3o devendo ser incorporando ao contrato de trabalho, tampouco constituindo base para incid\u00eancia nos encargos previdenci\u00e1rios e trabalhistas. \u201cExiste apenas a incid\u00eancia fiscal, ou seja, o Imposto de Renda retido na fonte\u201d, explica Piraci Oliveira, um dos especialistas jur\u00eddicos do Sindicato da Micro e Pequena Ind\u00fastria (Simpi).<\/p>\n<div class=\"2C98LFjy\">\n<p>Segundo o advogado, n\u00e3o houve qualquer outra regra legal para disciplinar a mat\u00e9ria ap\u00f3s caducar a Medida Provis\u00f3ria (MP) n\u00ba 808\/2017, que estabelecia a limita\u00e7\u00e3o semestral de pagamento. \u201cAssim, entendemos que, para que os pr\u00eamios n\u00e3o integrem a remunera\u00e7\u00e3o do empregado, basta que os pagamentos n\u00e3o substituam o sal\u00e1rio; ocorram por liberalidade e de forma espont\u00e2nea, n\u00e3o podendo ser contratualmente estabelecidos; o trabalhador apresente, de fato, desempenho acima do esperado; e exista razoabilidade entre o valor do pr\u00eamio e o incremento na performance apresentada\u201d, esclarece ele.<\/p>\n<p><strong>Prazo de entrega do IRPF encerra no fim do m\u00eas<\/strong><\/p>\n<p>O prazo final para a entrega do Imposto de Renda Pessoa da F\u00edsica (IRPF2019, ano-base 2018) se encerra no fim deste m\u00eas de abril. Os Microempres\u00e1rios (ME) e Microempreendedores Individuais (MEI) dever\u00e3o estar atentos quanto aos valores recebidos a t\u00edtulos de pr\u00f3-labore, ou referentes \u00e0 distribui\u00e7\u00e3o de lucros e dividendos, que dever\u00e3o ser declarados em campos espec\u00edficos na declara\u00e7\u00e3o. \u201cOs valores recebidos a t\u00edtulo de pr\u00f3-labore s\u00e3o tribut\u00e1veis e, portanto, devem ser informados na aba de Rendimentos Recebidos de Pessoa Jur\u00eddica\u201d, explica Edmundo Medeiros, professor de Direito Tribut\u00e1rio da Universidade Presbiteriana Mackenzie. \u201cPor outro lado, a distribui\u00e7\u00e3o de lucros e dividendos recebidos pelos empres\u00e1rios s\u00e3o isentos do imposto de renda. Por\u00e9m, esses valores devem ser devidamente lan\u00e7ados na ficha de Bens e Direitos, da declara\u00e7\u00e3o de ajuste anual\u201d, complementa o especialista.<\/p>\n<p>Fonte: <a href=\"https:\/\/www.jornalcontabil.com.br\/reforma-trabalhista-restricao-a-pejotizacao\/\">Jornal Contabil<\/a><\/p>\n<div data-premium=\"\" data-adunit=\"jornal_contabil_interna_final_materia_1\" data-sizes-desktop=\"[[336,280],[300,250]]\" data-sizes-mobile=\"[[336,280],[300,250],[320,100]]\" data-fetch=\"true\" data-google-query-id=\"CKLL87Do6-ECFY1lwQodC6kGrw\"><\/div>\n<\/div>\n<\/div>\n<\/div><\/div>","protected":false},"excerpt":{"rendered":"<p>Com o advento da Reforma Trabalhista, hoje j\u00e1 \u00e9 permitida \u00e0s empresas realizar a contrata\u00e7\u00e3o de Pessoas Jur\u00eddicas (PJ) para terceiriza\u00e7\u00e3o de atividades-fim, ou seja, quando uma sociedade contrata outra para executar uma fun\u00e7\u00e3o ou prestar algum tipo de servi\u00e7o que compreenda as atividades essenciais e normais para as quais a empresa se constituiu, desde [&hellip;]<\/p>\n","protected":false},"author":2,"featured_media":14599,"comment_status":"closed","ping_status":"closed","sticky":false,"template":"","format":"standard","meta":{"footnotes":"","_links_to":"","_links_to_target":""},"categories":[47],"tags":[],"class_list":["post-14598","post","type-post","status-publish","format-standard","has-post-thumbnail","hentry","category-ultimas-noticias"],"yoast_head":"<!-- This site is optimized with the Yoast SEO plugin v28.4 - https:\/\/yoast.com\/product\/yoast-seo-wordpress\/ -->\n<title>Reforma Trabalhista: restri\u00e7\u00e3o \u00e0 \u201cPejotiza\u00e7\u00e3o\u201d - CNR<\/title>\n<meta name=\"robots\" content=\"index, follow, max-snippet:-1, max-image-preview:large, max-video-preview:-1\" \/>\n<link rel=\"canonical\" href=\"https:\/\/cnr.org.br\/novoportal\/reforma-trabalhista-restricao-a-pejotizacao\/\" \/>\n<meta property=\"og:locale\" content=\"pt_BR\" \/>\n<meta property=\"og:type\" content=\"article\" \/>\n<meta property=\"og:title\" content=\"Reforma Trabalhista: restri\u00e7\u00e3o \u00e0 \u201cPejotiza\u00e7\u00e3o\u201d - CNR\" \/>\n<meta property=\"og:description\" content=\"Com o advento da Reforma Trabalhista, hoje j\u00e1 \u00e9 permitida \u00e0s empresas realizar a contrata\u00e7\u00e3o de Pessoas Jur\u00eddicas (PJ) para terceiriza\u00e7\u00e3o de atividades-fim, ou seja, quando uma sociedade contrata outra para executar uma fun\u00e7\u00e3o ou prestar algum tipo de servi\u00e7o que compreenda as atividades essenciais e normais para as quais a empresa se constituiu, desde [&hellip;]\" \/>\n<meta property=\"og:url\" content=\"https:\/\/cnr.org.br\/novoportal\/reforma-trabalhista-restricao-a-pejotizacao\/\" \/>\n<meta property=\"og:site_name\" content=\"CNR\" \/>\n<meta property=\"article:published_time\" content=\"2019-04-25T18:05:57+00:00\" \/>\n<meta property=\"og:image\" content=\"https:\/\/cnr.org.br\/novoportal\/wp-content\/uploads\/2019\/04\/Trabalhador-e1556215544437.jpg\" \/>\n\t<meta property=\"og:image:width\" content=\"560\" \/>\n\t<meta property=\"og:image:height\" content=\"315\" \/>\n\t<meta property=\"og:image:type\" content=\"image\/jpeg\" \/>\n<meta name=\"author\" content=\"Imprensa CNR\" \/>\n<meta name=\"twitter:card\" content=\"summary_large_image\" \/>\n<meta name=\"twitter:label1\" content=\"Escrito por\" \/>\n\t<meta name=\"twitter:data1\" content=\"Imprensa CNR\" \/>\n\t<meta name=\"twitter:label2\" content=\"Est. tempo de leitura\" \/>\n\t<meta name=\"twitter:data2\" content=\"3 minutos\" \/>\n<script type=\"application\/ld+json\" class=\"yoast-schema-graph\">{\"@context\":\"https:\\\/\\\/schema.org\",\"@graph\":[{\"@type\":\"Article\",\"@id\":\"https:\\\/\\\/cnr.org.br\\\/novoportal\\\/reforma-trabalhista-restricao-a-pejotizacao\\\/#article\",\"isPartOf\":{\"@id\":\"https:\\\/\\\/cnr.org.br\\\/novoportal\\\/reforma-trabalhista-restricao-a-pejotizacao\\\/\"},\"author\":{\"name\":\"Imprensa CNR\",\"@id\":\"https:\\\/\\\/cnr.org.br\\\/novoportal\\\/#\\\/schema\\\/person\\\/1f46209cd8c9d3d9887a0765b64ca66b\"},\"headline\":\"Reforma Trabalhista: restri\u00e7\u00e3o \u00e0 \u201cPejotiza\u00e7\u00e3o\u201d\",\"datePublished\":\"2019-04-25T18:05:57+00:00\",\"mainEntityOfPage\":{\"@id\":\"https:\\\/\\\/cnr.org.br\\\/novoportal\\\/reforma-trabalhista-restricao-a-pejotizacao\\\/\"},\"wordCount\":568,\"publisher\":{\"@id\":\"https:\\\/\\\/cnr.org.br\\\/novoportal\\\/#organization\"},\"image\":{\"@id\":\"https:\\\/\\\/cnr.org.br\\\/novoportal\\\/reforma-trabalhista-restricao-a-pejotizacao\\\/#primaryimage\"},\"thumbnailUrl\":\"https:\\\/\\\/cnr.org.br\\\/site\\\/wp-content\\\/uploads\\\/2019\\\/04\\\/Trabalhador-e1556215544437.jpg\",\"articleSection\":[\"\u00daltimas Not\u00edcias\"],\"inLanguage\":\"pt-BR\"},{\"@type\":\"WebPage\",\"@id\":\"https:\\\/\\\/cnr.org.br\\\/novoportal\\\/reforma-trabalhista-restricao-a-pejotizacao\\\/\",\"url\":\"https:\\\/\\\/cnr.org.br\\\/novoportal\\\/reforma-trabalhista-restricao-a-pejotizacao\\\/\",\"name\":\"Reforma Trabalhista: restri\u00e7\u00e3o \u00e0 \u201cPejotiza\u00e7\u00e3o\u201d - CNR\",\"isPartOf\":{\"@id\":\"https:\\\/\\\/cnr.org.br\\\/novoportal\\\/#website\"},\"primaryImageOfPage\":{\"@id\":\"https:\\\/\\\/cnr.org.br\\\/novoportal\\\/reforma-trabalhista-restricao-a-pejotizacao\\\/#primaryimage\"},\"image\":{\"@id\":\"https:\\\/\\\/cnr.org.br\\\/novoportal\\\/reforma-trabalhista-restricao-a-pejotizacao\\\/#primaryimage\"},\"thumbnailUrl\":\"https:\\\/\\\/cnr.org.br\\\/site\\\/wp-content\\\/uploads\\\/2019\\\/04\\\/Trabalhador-e1556215544437.jpg\",\"datePublished\":\"2019-04-25T18:05:57+00:00\",\"breadcrumb\":{\"@id\":\"https:\\\/\\\/cnr.org.br\\\/novoportal\\\/reforma-trabalhista-restricao-a-pejotizacao\\\/#breadcrumb\"},\"inLanguage\":\"pt-BR\",\"potentialAction\":[{\"@type\":\"ReadAction\",\"target\":[\"https:\\\/\\\/cnr.org.br\\\/novoportal\\\/reforma-trabalhista-restricao-a-pejotizacao\\\/\"]}]},{\"@type\":\"ImageObject\",\"inLanguage\":\"pt-BR\",\"@id\":\"https:\\\/\\\/cnr.org.br\\\/novoportal\\\/reforma-trabalhista-restricao-a-pejotizacao\\\/#primaryimage\",\"url\":\"https:\\\/\\\/cnr.org.br\\\/site\\\/wp-content\\\/uploads\\\/2019\\\/04\\\/Trabalhador-e1556215544437.jpg\",\"contentUrl\":\"https:\\\/\\\/cnr.org.br\\\/site\\\/wp-content\\\/uploads\\\/2019\\\/04\\\/Trabalhador-e1556215544437.jpg\",\"width\":560,\"height\":315},{\"@type\":\"BreadcrumbList\",\"@id\":\"https:\\\/\\\/cnr.org.br\\\/novoportal\\\/reforma-trabalhista-restricao-a-pejotizacao\\\/#breadcrumb\",\"itemListElement\":[{\"@type\":\"ListItem\",\"position\":1,\"name\":\"In\u00edcio\",\"item\":\"https:\\\/\\\/cnr.org.br\\\/site\\\/\"},{\"@type\":\"ListItem\",\"position\":2,\"name\":\"Reforma Trabalhista: restri\u00e7\u00e3o \u00e0 \u201cPejotiza\u00e7\u00e3o\u201d\"}]},{\"@type\":\"WebSite\",\"@id\":\"https:\\\/\\\/cnr.org.br\\\/novoportal\\\/#website\",\"url\":\"https:\\\/\\\/cnr.org.br\\\/novoportal\\\/\",\"name\":\"CNR\",\"description\":\"Confedera\u00e7\u00e3o Nacional de Not\u00e1rios e Registradores\",\"publisher\":{\"@id\":\"https:\\\/\\\/cnr.org.br\\\/novoportal\\\/#organization\"},\"potentialAction\":[{\"@type\":\"SearchAction\",\"target\":{\"@type\":\"EntryPoint\",\"urlTemplate\":\"https:\\\/\\\/cnr.org.br\\\/novoportal\\\/?s={search_term_string}\"},\"query-input\":{\"@type\":\"PropertyValueSpecification\",\"valueRequired\":true,\"valueName\":\"search_term_string\"}}],\"inLanguage\":\"pt-BR\"},{\"@type\":\"Organization\",\"@id\":\"https:\\\/\\\/cnr.org.br\\\/novoportal\\\/#organization\",\"name\":\"CNR\",\"url\":\"https:\\\/\\\/cnr.org.br\\\/novoportal\\\/\",\"logo\":{\"@type\":\"ImageObject\",\"inLanguage\":\"pt-BR\",\"@id\":\"https:\\\/\\\/cnr.org.br\\\/novoportal\\\/#\\\/schema\\\/logo\\\/image\\\/\",\"url\":\"https:\\\/\\\/cnr.org.br\\\/site\\\/wp-content\\\/uploads\\\/2026\\\/02\\\/Logo_CNR_completa_colorida_2024.png\",\"contentUrl\":\"https:\\\/\\\/cnr.org.br\\\/site\\\/wp-content\\\/uploads\\\/2026\\\/02\\\/Logo_CNR_completa_colorida_2024.png\",\"width\":910,\"height\":450,\"caption\":\"CNR\"},\"image\":{\"@id\":\"https:\\\/\\\/cnr.org.br\\\/novoportal\\\/#\\\/schema\\\/logo\\\/image\\\/\"}},{\"@type\":\"Person\",\"@id\":\"https:\\\/\\\/cnr.org.br\\\/novoportal\\\/#\\\/schema\\\/person\\\/1f46209cd8c9d3d9887a0765b64ca66b\",\"name\":\"Imprensa CNR\",\"sameAs\":[\"https:\\\/\\\/cnr.org.br\\\/site\"],\"url\":\"https:\\\/\\\/cnr.org.br\\\/site\\\/author\\\/imprensa\\\/\"}]}<\/script>\n<!-- \/ Yoast SEO plugin. -->","yoast_head_json":{"title":"Reforma Trabalhista: restri\u00e7\u00e3o \u00e0 \u201cPejotiza\u00e7\u00e3o\u201d - CNR","robots":{"index":"index","follow":"follow","max-snippet":"max-snippet:-1","max-image-preview":"max-image-preview:large","max-video-preview":"max-video-preview:-1"},"canonical":"https:\/\/cnr.org.br\/novoportal\/reforma-trabalhista-restricao-a-pejotizacao\/","og_locale":"pt_BR","og_type":"article","og_title":"Reforma Trabalhista: restri\u00e7\u00e3o \u00e0 \u201cPejotiza\u00e7\u00e3o\u201d - CNR","og_description":"Com o advento da Reforma Trabalhista, hoje j\u00e1 \u00e9 permitida \u00e0s empresas realizar a contrata\u00e7\u00e3o de Pessoas Jur\u00eddicas (PJ) para terceiriza\u00e7\u00e3o de atividades-fim, ou seja, quando uma sociedade contrata outra para executar uma fun\u00e7\u00e3o ou prestar algum tipo de servi\u00e7o que compreenda as atividades essenciais e normais para as quais a empresa se constituiu, desde [&hellip;]","og_url":"https:\/\/cnr.org.br\/novoportal\/reforma-trabalhista-restricao-a-pejotizacao\/","og_site_name":"CNR","article_published_time":"2019-04-25T18:05:57+00:00","og_image":[{"width":560,"height":315,"url":"https:\/\/cnr.org.br\/novoportal\/wp-content\/uploads\/2019\/04\/Trabalhador-e1556215544437.jpg","type":"image\/jpeg"}],"author":"Imprensa CNR","twitter_card":"summary_large_image","twitter_misc":{"Escrito por":"Imprensa CNR","Est. tempo de leitura":"3 minutos"},"schema":{"@context":"https:\/\/schema.org","@graph":[{"@type":"Article","@id":"https:\/\/cnr.org.br\/novoportal\/reforma-trabalhista-restricao-a-pejotizacao\/#article","isPartOf":{"@id":"https:\/\/cnr.org.br\/novoportal\/reforma-trabalhista-restricao-a-pejotizacao\/"},"author":{"name":"Imprensa CNR","@id":"https:\/\/cnr.org.br\/novoportal\/#\/schema\/person\/1f46209cd8c9d3d9887a0765b64ca66b"},"headline":"Reforma Trabalhista: restri\u00e7\u00e3o \u00e0 \u201cPejotiza\u00e7\u00e3o\u201d","datePublished":"2019-04-25T18:05:57+00:00","mainEntityOfPage":{"@id":"https:\/\/cnr.org.br\/novoportal\/reforma-trabalhista-restricao-a-pejotizacao\/"},"wordCount":568,"publisher":{"@id":"https:\/\/cnr.org.br\/novoportal\/#organization"},"image":{"@id":"https:\/\/cnr.org.br\/novoportal\/reforma-trabalhista-restricao-a-pejotizacao\/#primaryimage"},"thumbnailUrl":"https:\/\/cnr.org.br\/site\/wp-content\/uploads\/2019\/04\/Trabalhador-e1556215544437.jpg","articleSection":["\u00daltimas Not\u00edcias"],"inLanguage":"pt-BR"},{"@type":"WebPage","@id":"https:\/\/cnr.org.br\/novoportal\/reforma-trabalhista-restricao-a-pejotizacao\/","url":"https:\/\/cnr.org.br\/novoportal\/reforma-trabalhista-restricao-a-pejotizacao\/","name":"Reforma Trabalhista: restri\u00e7\u00e3o \u00e0 \u201cPejotiza\u00e7\u00e3o\u201d - CNR","isPartOf":{"@id":"https:\/\/cnr.org.br\/novoportal\/#website"},"primaryImageOfPage":{"@id":"https:\/\/cnr.org.br\/novoportal\/reforma-trabalhista-restricao-a-pejotizacao\/#primaryimage"},"image":{"@id":"https:\/\/cnr.org.br\/novoportal\/reforma-trabalhista-restricao-a-pejotizacao\/#primaryimage"},"thumbnailUrl":"https:\/\/cnr.org.br\/site\/wp-content\/uploads\/2019\/04\/Trabalhador-e1556215544437.jpg","datePublished":"2019-04-25T18:05:57+00:00","breadcrumb":{"@id":"https:\/\/cnr.org.br\/novoportal\/reforma-trabalhista-restricao-a-pejotizacao\/#breadcrumb"},"inLanguage":"pt-BR","potentialAction":[{"@type":"ReadAction","target":["https:\/\/cnr.org.br\/novoportal\/reforma-trabalhista-restricao-a-pejotizacao\/"]}]},{"@type":"ImageObject","inLanguage":"pt-BR","@id":"https:\/\/cnr.org.br\/novoportal\/reforma-trabalhista-restricao-a-pejotizacao\/#primaryimage","url":"https:\/\/cnr.org.br\/site\/wp-content\/uploads\/2019\/04\/Trabalhador-e1556215544437.jpg","contentUrl":"https:\/\/cnr.org.br\/site\/wp-content\/uploads\/2019\/04\/Trabalhador-e1556215544437.jpg","width":560,"height":315},{"@type":"BreadcrumbList","@id":"https:\/\/cnr.org.br\/novoportal\/reforma-trabalhista-restricao-a-pejotizacao\/#breadcrumb","itemListElement":[{"@type":"ListItem","position":1,"name":"In\u00edcio","item":"https:\/\/cnr.org.br\/site\/"},{"@type":"ListItem","position":2,"name":"Reforma Trabalhista: restri\u00e7\u00e3o \u00e0 \u201cPejotiza\u00e7\u00e3o\u201d"}]},{"@type":"WebSite","@id":"https:\/\/cnr.org.br\/novoportal\/#website","url":"https:\/\/cnr.org.br\/novoportal\/","name":"CNR","description":"Confedera\u00e7\u00e3o Nacional de Not\u00e1rios e Registradores","publisher":{"@id":"https:\/\/cnr.org.br\/novoportal\/#organization"},"potentialAction":[{"@type":"SearchAction","target":{"@type":"EntryPoint","urlTemplate":"https:\/\/cnr.org.br\/novoportal\/?s={search_term_string}"},"query-input":{"@type":"PropertyValueSpecification","valueRequired":true,"valueName":"search_term_string"}}],"inLanguage":"pt-BR"},{"@type":"Organization","@id":"https:\/\/cnr.org.br\/novoportal\/#organization","name":"CNR","url":"https:\/\/cnr.org.br\/novoportal\/","logo":{"@type":"ImageObject","inLanguage":"pt-BR","@id":"https:\/\/cnr.org.br\/novoportal\/#\/schema\/logo\/image\/","url":"https:\/\/cnr.org.br\/site\/wp-content\/uploads\/2026\/02\/Logo_CNR_completa_colorida_2024.png","contentUrl":"https:\/\/cnr.org.br\/site\/wp-content\/uploads\/2026\/02\/Logo_CNR_completa_colorida_2024.png","width":910,"height":450,"caption":"CNR"},"image":{"@id":"https:\/\/cnr.org.br\/novoportal\/#\/schema\/logo\/image\/"}},{"@type":"Person","@id":"https:\/\/cnr.org.br\/novoportal\/#\/schema\/person\/1f46209cd8c9d3d9887a0765b64ca66b","name":"Imprensa CNR","sameAs":["https:\/\/cnr.org.br\/site"],"url":"https:\/\/cnr.org.br\/site\/author\/imprensa\/"}]}},"_links":{"self":[{"href":"https:\/\/cnr.org.br\/site\/wp-json\/wp\/v2\/posts\/14598","targetHints":{"allow":["GET"]}}],"collection":[{"href":"https:\/\/cnr.org.br\/site\/wp-json\/wp\/v2\/posts"}],"about":[{"href":"https:\/\/cnr.org.br\/site\/wp-json\/wp\/v2\/types\/post"}],"author":[{"embeddable":true,"href":"https:\/\/cnr.org.br\/site\/wp-json\/wp\/v2\/users\/2"}],"replies":[{"embeddable":true,"href":"https:\/\/cnr.org.br\/site\/wp-json\/wp\/v2\/comments?post=14598"}],"version-history":[{"count":0,"href":"https:\/\/cnr.org.br\/site\/wp-json\/wp\/v2\/posts\/14598\/revisions"}],"wp:featuredmedia":[{"embeddable":true,"href":"https:\/\/cnr.org.br\/site\/wp-json\/wp\/v2\/media\/14599"}],"wp:attachment":[{"href":"https:\/\/cnr.org.br\/site\/wp-json\/wp\/v2\/media?parent=14598"}],"wp:term":[{"taxonomy":"category","embeddable":true,"href":"https:\/\/cnr.org.br\/site\/wp-json\/wp\/v2\/categories?post=14598"},{"taxonomy":"post_tag","embeddable":true,"href":"https:\/\/cnr.org.br\/site\/wp-json\/wp\/v2\/tags?post=14598"}],"curies":[{"name":"wp","href":"https:\/\/api.w.org\/{rel}","templated":true}]}}