{"id":14781,"date":"2019-05-22T18:02:23","date_gmt":"2019-05-22T21:02:23","guid":{"rendered":"https:\/\/cnr.org.br\/site\/?p=14781"},"modified":"2019-05-23T14:28:30","modified_gmt":"2019-05-23T17:28:30","slug":"concart-2019-conheca-o-hotel-que-ira-recepcionar-a-conferencia","status":"publish","type":"post","link":"https:\/\/cnr.org.br\/site\/concart-2019-conheca-o-hotel-que-ira-recepcionar-a-conferencia\/","title":{"rendered":"Concart 2019: conhe\u00e7a o hotel que ir\u00e1 recepcionar a Confer\u00eancia"},"content":{"rendered":"<div id=\"dslc-theme-content\"><div id=\"dslc-theme-content-inner\"><p><span style=\"color: #333333;\"><span style=\"font-family: Roboto, Arial, serif;\"><span style=\"font-size: medium;\"><em><span style=\"color: #525357;\"><span style=\"font-family: Montserrat, sans-serif;\">A Confer\u00eancia Nacional dos Cart\u00f3rios ocorre entre os dias 06 a 09 de junho, no Sehrs Natal Grand Hotel, em Natal-RN<\/span><\/span><\/em><\/span><\/span><\/span><\/p>\n<p>Entre os dias 06 e 09 de junho ocorre a Confer\u00eancia Nacional dos Cart\u00f3rios (Concart 2019). O evento ir\u00e1 contar com nomes importantes para debater os principais assuntos relacionados \u00e0 atividade notarial e registral. Promovida pela Confedera\u00e7\u00e3o Nacional de Not\u00e1rios e Registradores (CNR), a Confer\u00eancia ocorre esse ano em Natal-RN. Enquanto o dia n\u00e3o chega, conhe\u00e7a o local que ir\u00e1 recepcionar o evento, o Serhs Natal Grand Hotel.<\/p>\n<h5 class=\"western\"><b>Serhs Natal Grand Hotel<\/b><\/h5>\n<p>&nbsp;<\/p>\n<p>O <a href=\"https:\/\/www.serhsnatalgrandhotel.com\/fotos\/\">hotel<\/a> possui vasta experi\u00eancia no segmento coorporativo e de neg\u00f3cios. Dessa forma, atua desde 2005 na \u00e1rea, e j\u00e1 realizou cerca de 1000 eventos. Ou seja, o local ideal para receber esta edi\u00e7\u00e3o da Confer\u00eancia. A fim de proporcionar conforto e uma boa recep\u00e7\u00e3o aos participantes, que o local foi escolhido para o evento. Confira na galeria de fotos a estrutura do local.<\/p>\n\n\t\t<style>\n\t\t\t#gallery-1 {\n\t\t\t\tmargin: auto;\n\t\t\t}\n\t\t\t#gallery-1 .gallery-item {\n\t\t\t\tfloat: left;\n\t\t\t\tmargin-top: 10px;\n\t\t\t\ttext-align: center;\n\t\t\t\twidth: 33%;\n\t\t\t}\n\t\t\t#gallery-1 img {\n\t\t\t\tborder: 2px solid #cfcfcf;\n\t\t\t}\n\t\t\t#gallery-1 .gallery-caption {\n\t\t\t\tmargin-left: 0;\n\t\t\t}\n\t\t\t\/* see gallery_shortcode() in wp-includes\/media.php *\/\n\t\t<\/style>\n\t\t<div id='gallery-1' class='gallery galleryid-14781 gallery-columns-3 gallery-size-full'><dl class='gallery-item'>\n\t\t\t<dt class='gallery-icon landscape'>\n\t\t\t\t<a href='https:\/\/cnr.org.br\/site\/wp-content\/uploads\/2019\/05\/3.restaurante-jangada199.jpg'><img loading=\"lazy\" decoding=\"async\" width=\"2048\" height=\"1367\" src=\"https:\/\/cnr.org.br\/site\/wp-content\/uploads\/2019\/05\/3.restaurante-jangada199.jpg\" class=\"attachment-full size-full\" alt=\"\" srcset=\"https:\/\/cnr.org.br\/site\/wp-content\/uploads\/2019\/05\/3.restaurante-jangada199.jpg 2048w, https:\/\/cnr.org.br\/site\/wp-content\/uploads\/2019\/05\/3.restaurante-jangada199-300x200.jpg 300w, https:\/\/cnr.org.br\/site\/wp-content\/uploads\/2019\/05\/3.restaurante-jangada199-768x513.jpg 768w, https:\/\/cnr.org.br\/site\/wp-content\/uploads\/2019\/05\/3.restaurante-jangada199-1024x684.jpg 1024w, https:\/\/cnr.org.br\/site\/wp-content\/uploads\/2019\/05\/3.restaurante-jangada199-435x290.jpg 435w, https:\/\/cnr.org.br\/site\/wp-content\/uploads\/2019\/05\/3.restaurante-jangada199-150x100.jpg 150w, https:\/\/cnr.org.br\/site\/wp-content\/uploads\/2019\/05\/3.restaurante-jangada199-370x247.jpg 370w\" sizes=\"auto, (max-width: 2048px) 100vw, 2048px\" \/><\/a>\n\t\t\t<\/dt><\/dl><dl class='gallery-item'>\n\t\t\t<dt class='gallery-icon landscape'>\n\t\t\t\t<a href='https:\/\/cnr.org.br\/site\/wp-content\/uploads\/2019\/05\/5.1serhs-natal-grand-hotel-atividades-praia-de-jacuma969.jpg'><img loading=\"lazy\" decoding=\"async\" width=\"2048\" height=\"1360\" src=\"https:\/\/cnr.org.br\/site\/wp-content\/uploads\/2019\/05\/5.1serhs-natal-grand-hotel-atividades-praia-de-jacuma969.jpg\" class=\"attachment-full size-full\" alt=\"\" srcset=\"https:\/\/cnr.org.br\/site\/wp-content\/uploads\/2019\/05\/5.1serhs-natal-grand-hotel-atividades-praia-de-jacuma969.jpg 2048w, https:\/\/cnr.org.br\/site\/wp-content\/uploads\/2019\/05\/5.1serhs-natal-grand-hotel-atividades-praia-de-jacuma969-300x199.jpg 300w, https:\/\/cnr.org.br\/site\/wp-content\/uploads\/2019\/05\/5.1serhs-natal-grand-hotel-atividades-praia-de-jacuma969-768x510.jpg 768w, https:\/\/cnr.org.br\/site\/wp-content\/uploads\/2019\/05\/5.1serhs-natal-grand-hotel-atividades-praia-de-jacuma969-1024x680.jpg 1024w, https:\/\/cnr.org.br\/site\/wp-content\/uploads\/2019\/05\/5.1serhs-natal-grand-hotel-atividades-praia-de-jacuma969-435x290.jpg 435w, https:\/\/cnr.org.br\/site\/wp-content\/uploads\/2019\/05\/5.1serhs-natal-grand-hotel-atividades-praia-de-jacuma969-150x100.jpg 150w, https:\/\/cnr.org.br\/site\/wp-content\/uploads\/2019\/05\/5.1serhs-natal-grand-hotel-atividades-praia-de-jacuma969-370x247.jpg 370w\" sizes=\"auto, (max-width: 2048px) 100vw, 2048px\" \/><\/a>\n\t\t\t<\/dt><\/dl><dl class='gallery-item'>\n\t\t\t<dt class='gallery-icon landscape'>\n\t\t\t\t<a href='https:\/\/cnr.org.br\/site\/wp-content\/uploads\/2019\/05\/bossa-nova465.jpg'><img loading=\"lazy\" decoding=\"async\" width=\"2048\" height=\"1973\" src=\"https:\/\/cnr.org.br\/site\/wp-content\/uploads\/2019\/05\/bossa-nova465.jpg\" class=\"attachment-full size-full\" alt=\"\" srcset=\"https:\/\/cnr.org.br\/site\/wp-content\/uploads\/2019\/05\/bossa-nova465.jpg 2048w, https:\/\/cnr.org.br\/site\/wp-content\/uploads\/2019\/05\/bossa-nova465-300x289.jpg 300w, https:\/\/cnr.org.br\/site\/wp-content\/uploads\/2019\/05\/bossa-nova465-768x740.jpg 768w, https:\/\/cnr.org.br\/site\/wp-content\/uploads\/2019\/05\/bossa-nova465-1024x987.jpg 1024w, https:\/\/cnr.org.br\/site\/wp-content\/uploads\/2019\/05\/bossa-nova465-510x490.jpg 510w\" sizes=\"auto, (max-width: 2048px) 100vw, 2048px\" \/><\/a>\n\t\t\t<\/dt><\/dl><br style=\"clear: both\" \/><dl class='gallery-item'>\n\t\t\t<dt class='gallery-icon landscape'>\n\t\t\t\t<a href='https:\/\/cnr.org.br\/site\/wp-content\/uploads\/2019\/05\/bossa-nova3490-e1558558877457.jpg'><img loading=\"lazy\" decoding=\"async\" width=\"1520\" height=\"776\" src=\"https:\/\/cnr.org.br\/site\/wp-content\/uploads\/2019\/05\/bossa-nova3490-e1558558877457.jpg\" class=\"attachment-full size-full\" alt=\"\" srcset=\"https:\/\/cnr.org.br\/site\/wp-content\/uploads\/2019\/05\/bossa-nova3490-e1558558877457.jpg 1520w, https:\/\/cnr.org.br\/site\/wp-content\/uploads\/2019\/05\/bossa-nova3490-e1558558877457-300x153.jpg 300w, https:\/\/cnr.org.br\/site\/wp-content\/uploads\/2019\/05\/bossa-nova3490-e1558558877457-768x392.jpg 768w, https:\/\/cnr.org.br\/site\/wp-content\/uploads\/2019\/05\/bossa-nova3490-e1558558877457-1024x523.jpg 1024w\" sizes=\"auto, (max-width: 1520px) 100vw, 1520px\" \/><\/a>\n\t\t\t<\/dt><\/dl><dl class='gallery-item'>\n\t\t\t<dt class='gallery-icon landscape'>\n\t\t\t\t<a href='https:\/\/cnr.org.br\/site\/wp-content\/uploads\/2019\/05\/Dilvulga\u00e7\u00e3o-Hotel.jpg'><img loading=\"lazy\" decoding=\"async\" width=\"2048\" height=\"1367\" src=\"https:\/\/cnr.org.br\/site\/wp-content\/uploads\/2019\/05\/Dilvulga\u00e7\u00e3o-Hotel.jpg\" class=\"attachment-full size-full\" alt=\"\" srcset=\"https:\/\/cnr.org.br\/site\/wp-content\/uploads\/2019\/05\/Dilvulga\u00e7\u00e3o-Hotel.jpg 2048w, https:\/\/cnr.org.br\/site\/wp-content\/uploads\/2019\/05\/Dilvulga\u00e7\u00e3o-Hotel-300x200.jpg 300w, https:\/\/cnr.org.br\/site\/wp-content\/uploads\/2019\/05\/Dilvulga\u00e7\u00e3o-Hotel-768x513.jpg 768w, https:\/\/cnr.org.br\/site\/wp-content\/uploads\/2019\/05\/Dilvulga\u00e7\u00e3o-Hotel-1024x684.jpg 1024w, https:\/\/cnr.org.br\/site\/wp-content\/uploads\/2019\/05\/Dilvulga\u00e7\u00e3o-Hotel-435x290.jpg 435w, https:\/\/cnr.org.br\/site\/wp-content\/uploads\/2019\/05\/Dilvulga\u00e7\u00e3o-Hotel-150x100.jpg 150w, https:\/\/cnr.org.br\/site\/wp-content\/uploads\/2019\/05\/Dilvulga\u00e7\u00e3o-Hotel-370x247.jpg 370w\" sizes=\"auto, (max-width: 2048px) 100vw, 2048px\" \/><\/a>\n\t\t\t<\/dt><\/dl><dl class='gallery-item'>\n\t\t\t<dt class='gallery-icon landscape'>\n\t\t\t\t<a href='https:\/\/cnr.org.br\/site\/wp-content\/uploads\/2019\/05\/kids-externa345.jpg'><img loading=\"lazy\" decoding=\"async\" width=\"2048\" height=\"1367\" src=\"https:\/\/cnr.org.br\/site\/wp-content\/uploads\/2019\/05\/kids-externa345.jpg\" class=\"attachment-full size-full\" alt=\"\" srcset=\"https:\/\/cnr.org.br\/site\/wp-content\/uploads\/2019\/05\/kids-externa345.jpg 2048w, https:\/\/cnr.org.br\/site\/wp-content\/uploads\/2019\/05\/kids-externa345-300x200.jpg 300w, https:\/\/cnr.org.br\/site\/wp-content\/uploads\/2019\/05\/kids-externa345-768x513.jpg 768w, https:\/\/cnr.org.br\/site\/wp-content\/uploads\/2019\/05\/kids-externa345-1024x684.jpg 1024w, https:\/\/cnr.org.br\/site\/wp-content\/uploads\/2019\/05\/kids-externa345-435x290.jpg 435w, https:\/\/cnr.org.br\/site\/wp-content\/uploads\/2019\/05\/kids-externa345-150x100.jpg 150w, https:\/\/cnr.org.br\/site\/wp-content\/uploads\/2019\/05\/kids-externa345-370x247.jpg 370w\" sizes=\"auto, (max-width: 2048px) 100vw, 2048px\" \/><\/a>\n\t\t\t<\/dt><\/dl><br style=\"clear: both\" \/><dl class='gallery-item'>\n\t\t\t<dt class='gallery-icon landscape'>\n\t\t\t\t<a href='https:\/\/cnr.org.br\/site\/wp-content\/uploads\/2019\/05\/piscina-central915-1.jpg'><img loading=\"lazy\" decoding=\"async\" width=\"2048\" height=\"1216\" src=\"https:\/\/cnr.org.br\/site\/wp-content\/uploads\/2019\/05\/piscina-central915-1.jpg\" class=\"attachment-full size-full\" alt=\"\" srcset=\"https:\/\/cnr.org.br\/site\/wp-content\/uploads\/2019\/05\/piscina-central915-1.jpg 2048w, https:\/\/cnr.org.br\/site\/wp-content\/uploads\/2019\/05\/piscina-central915-1-300x178.jpg 300w, https:\/\/cnr.org.br\/site\/wp-content\/uploads\/2019\/05\/piscina-central915-1-768x456.jpg 768w, https:\/\/cnr.org.br\/site\/wp-content\/uploads\/2019\/05\/piscina-central915-1-1024x608.jpg 1024w\" sizes=\"auto, (max-width: 2048px) 100vw, 2048px\" \/><\/a>\n\t\t\t<\/dt><\/dl><dl class='gallery-item'>\n\t\t\t<dt class='gallery-icon landscape'>\n\t\t\t\t<a href='https:\/\/cnr.org.br\/site\/wp-content\/uploads\/2019\/05\/serhsnatalgh17.5238505-2.jpg'><img loading=\"lazy\" decoding=\"async\" width=\"2048\" height=\"1367\" src=\"https:\/\/cnr.org.br\/site\/wp-content\/uploads\/2019\/05\/serhsnatalgh17.5238505-2.jpg\" class=\"attachment-full size-full\" alt=\"\" srcset=\"https:\/\/cnr.org.br\/site\/wp-content\/uploads\/2019\/05\/serhsnatalgh17.5238505-2.jpg 2048w, https:\/\/cnr.org.br\/site\/wp-content\/uploads\/2019\/05\/serhsnatalgh17.5238505-2-300x200.jpg 300w, https:\/\/cnr.org.br\/site\/wp-content\/uploads\/2019\/05\/serhsnatalgh17.5238505-2-768x513.jpg 768w, https:\/\/cnr.org.br\/site\/wp-content\/uploads\/2019\/05\/serhsnatalgh17.5238505-2-1024x684.jpg 1024w, https:\/\/cnr.org.br\/site\/wp-content\/uploads\/2019\/05\/serhsnatalgh17.5238505-2-435x290.jpg 435w, https:\/\/cnr.org.br\/site\/wp-content\/uploads\/2019\/05\/serhsnatalgh17.5238505-2-150x100.jpg 150w, https:\/\/cnr.org.br\/site\/wp-content\/uploads\/2019\/05\/serhsnatalgh17.5238505-2-370x247.jpg 370w\" sizes=\"auto, (max-width: 2048px) 100vw, 2048px\" \/><\/a>\n\t\t\t<\/dt><\/dl><dl class='gallery-item'>\n\t\t\t<dt class='gallery-icon landscape'>\n\t\t\t\t<a href='https:\/\/cnr.org.br\/site\/wp-content\/uploads\/2019\/05\/serhs-natal-grand-hotel-foto-principal819.jpg'><img loading=\"lazy\" decoding=\"async\" width=\"2048\" height=\"1367\" src=\"https:\/\/cnr.org.br\/site\/wp-content\/uploads\/2019\/05\/serhs-natal-grand-hotel-foto-principal819.jpg\" class=\"attachment-full size-full\" alt=\"\" srcset=\"https:\/\/cnr.org.br\/site\/wp-content\/uploads\/2019\/05\/serhs-natal-grand-hotel-foto-principal819.jpg 2048w, https:\/\/cnr.org.br\/site\/wp-content\/uploads\/2019\/05\/serhs-natal-grand-hotel-foto-principal819-300x200.jpg 300w, https:\/\/cnr.org.br\/site\/wp-content\/uploads\/2019\/05\/serhs-natal-grand-hotel-foto-principal819-768x513.jpg 768w, https:\/\/cnr.org.br\/site\/wp-content\/uploads\/2019\/05\/serhs-natal-grand-hotel-foto-principal819-1024x684.jpg 1024w, https:\/\/cnr.org.br\/site\/wp-content\/uploads\/2019\/05\/serhs-natal-grand-hotel-foto-principal819-435x290.jpg 435w, https:\/\/cnr.org.br\/site\/wp-content\/uploads\/2019\/05\/serhs-natal-grand-hotel-foto-principal819-150x100.jpg 150w, https:\/\/cnr.org.br\/site\/wp-content\/uploads\/2019\/05\/serhs-natal-grand-hotel-foto-principal819-370x247.jpg 370w\" sizes=\"auto, (max-width: 2048px) 100vw, 2048px\" \/><\/a>\n\t\t\t<\/dt><\/dl><br style=\"clear: both\" \/><dl class='gallery-item'>\n\t\t\t<dt class='gallery-icon landscape'>\n\t\t\t\t<a href='https:\/\/cnr.org.br\/site\/wp-content\/uploads\/2019\/05\/serhs-natal-grand-hotel-foto-principal819-1.jpg'><img loading=\"lazy\" decoding=\"async\" width=\"2048\" height=\"1367\" src=\"https:\/\/cnr.org.br\/site\/wp-content\/uploads\/2019\/05\/serhs-natal-grand-hotel-foto-principal819-1.jpg\" class=\"attachment-full size-full\" alt=\"\" srcset=\"https:\/\/cnr.org.br\/site\/wp-content\/uploads\/2019\/05\/serhs-natal-grand-hotel-foto-principal819-1.jpg 2048w, https:\/\/cnr.org.br\/site\/wp-content\/uploads\/2019\/05\/serhs-natal-grand-hotel-foto-principal819-1-300x200.jpg 300w, https:\/\/cnr.org.br\/site\/wp-content\/uploads\/2019\/05\/serhs-natal-grand-hotel-foto-principal819-1-768x513.jpg 768w, https:\/\/cnr.org.br\/site\/wp-content\/uploads\/2019\/05\/serhs-natal-grand-hotel-foto-principal819-1-1024x684.jpg 1024w, https:\/\/cnr.org.br\/site\/wp-content\/uploads\/2019\/05\/serhs-natal-grand-hotel-foto-principal819-1-435x290.jpg 435w, https:\/\/cnr.org.br\/site\/wp-content\/uploads\/2019\/05\/serhs-natal-grand-hotel-foto-principal819-1-150x100.jpg 150w, https:\/\/cnr.org.br\/site\/wp-content\/uploads\/2019\/05\/serhs-natal-grand-hotel-foto-principal819-1-370x247.jpg 370w\" sizes=\"auto, (max-width: 2048px) 100vw, 2048px\" \/><\/a>\n\t\t\t<\/dt><\/dl><dl class='gallery-item'>\n\t\t\t<dt class='gallery-icon landscape'>\n\t\t\t\t<a href='https:\/\/cnr.org.br\/site\/wp-content\/uploads\/2019\/05\/piscina-central915.jpg'><img loading=\"lazy\" decoding=\"async\" width=\"2048\" height=\"1216\" src=\"https:\/\/cnr.org.br\/site\/wp-content\/uploads\/2019\/05\/piscina-central915.jpg\" class=\"attachment-full size-full\" alt=\"\" aria-describedby=\"gallery-1-14785\" srcset=\"https:\/\/cnr.org.br\/site\/wp-content\/uploads\/2019\/05\/piscina-central915.jpg 2048w, https:\/\/cnr.org.br\/site\/wp-content\/uploads\/2019\/05\/piscina-central915-300x178.jpg 300w, https:\/\/cnr.org.br\/site\/wp-content\/uploads\/2019\/05\/piscina-central915-768x456.jpg 768w, https:\/\/cnr.org.br\/site\/wp-content\/uploads\/2019\/05\/piscina-central915-1024x608.jpg 1024w\" sizes=\"auto, (max-width: 2048px) 100vw, 2048px\" \/><\/a>\n\t\t\t<\/dt>\n\t\t\t\t<dd class='wp-caption-text gallery-caption' id='gallery-1-14785'>\n\t\t\t\tA Confer\u00eancia Nacional dos Cart\u00f3rios (Concart 2019) ser\u00e1 no Serhs Natal Grand Hotel. \n\t\t\t\t<\/dd><\/dl>\n\t\t\t<br style='clear: both' \/>\n\t\t<\/div>\n\n<h5><b>Parceira da Confer\u00eancia<\/b><\/h5>\n<p>Com a finalidade de facilitar o processo de prepara\u00e7\u00e3o para a viagem, a <a href=\"https:\/\/cnr.org.br\/site\/concart-2019-opcoes-de-passagem-e-hospedagem\/\">Brit\u00e2nica Turismo<\/a> \u00e9 parceira da Confer\u00eancia. Desse modo, como Ag\u00eancia Oficial do evento, \u00e9 respons\u00e1vel por prestar assist\u00eancia na emiss\u00e3o de passagens e hospedagem. Os pacotes oferecidos variam entre R$ 1428,00 e R$ 3.244,00, com su\u00edtes de frente para o mar, por exemplo. Todas as op\u00e7\u00f5es de pacotes podem ser conferidas <a href=\"https:\/\/www.britanicaturismo.com.br\/\">aqui<\/a>.<\/p>\n<h5 class=\"western\"><b>Inscri\u00e7\u00f5es para a Confer\u00eancia<\/b><\/h5>\n<p>&nbsp;<\/p>\n<p>N\u00e3o deixe de participar, afinal, essa \u00e9 uma das maiores Confer\u00eancias do segmento notarial e registral. Ent\u00e3o, fa\u00e7a agora sua inscri\u00e7\u00e3o e j\u00e1 garanta a sua <a href=\"https:\/\/cnr.org.br\/inscricao\/\">vaga<\/a>! Ali\u00e1s, nomes importantes j\u00e1 est\u00e3o confirmados para o evento. Logo ap\u00f3s fazer sua inscri\u00e7\u00e3o, j\u00e1 confira <a href=\"https:\/\/cnr.org.br\/site\/confira-os-palestrantes-que-ja-estao-confirmados-para-a-concart-2019\/\">aqui<\/a> os palestrantes confirmados! Sem d\u00favida que voc\u00ea n\u00e3o pode perder este evento.<\/p>\n<p>Al\u00e9m disso, n\u00e3o deixe de confirmar presen\u00e7a no evento criado no <a href=\"https:\/\/www.facebook.com\/events\/447178682492796\/\">Facebook<\/a>. Nos acompanhe tamb\u00e9m pelo <a href=\"https:\/\/www.instagram.com\/cnr_confederacao\/?hl=pt-br\">Instagram<\/a> e n\u00e3o deixe de usar a #concart2019 para publica\u00e7\u00f5es sobre o evento.<\/p>\n<p>Fotos: <a href=\"https:\/\/www.serhsnatalgrandhotel.com\/fotos\/\">Serhs Natal Grand Hotel<\/a><\/p>\n<\/div><\/div>","protected":false},"excerpt":{"rendered":"<p>A Confer\u00eancia Nacional dos Cart\u00f3rios ocorre entre os dias 06 a 09 de junho, no Sehrs Natal Grand Hotel, em Natal-RN Entre os dias 06 e 09 de junho ocorre a Confer\u00eancia Nacional dos Cart\u00f3rios (Concart 2019). O evento ir\u00e1 contar com nomes importantes para debater os principais assuntos relacionados \u00e0 atividade notarial e registral. [&hellip;]<\/p>\n","protected":false},"author":2,"featured_media":14785,"comment_status":"closed","ping_status":"closed","sticky":false,"template":"","format":"standard","meta":{"footnotes":"","_links_to":"","_links_to_target":""},"categories":[55,47],"tags":[],"class_list":["post-14781","post","type-post","status-publish","format-standard","has-post-thumbnail","hentry","category-noticia","category-ultimas-noticias"],"yoast_head":"<!-- This site is optimized with the Yoast SEO plugin v28.4 - https:\/\/yoast.com\/product\/yoast-seo-wordpress\/ -->\n<title>Concart 2019: conhe\u00e7a o hotel que ir\u00e1 recepcionar a Confer\u00eancia - CNR<\/title>\n<meta name=\"description\" content=\"A Confer\u00eancia Nacional dos Cart\u00f3rios (Concart 2019) ocorre entre os dias 06 a 09 de junho, no Sehrs Natal Grand Hotel, em Natal-RN.\" \/>\n<meta name=\"robots\" content=\"index, follow, max-snippet:-1, max-image-preview:large, max-video-preview:-1\" \/>\n<link rel=\"canonical\" href=\"https:\/\/cnr.org.br\/novoportal\/concart-2019-conheca-o-hotel-que-ira-recepcionar-a-conferencia\/\" \/>\n<meta property=\"og:locale\" content=\"pt_BR\" \/>\n<meta property=\"og:type\" content=\"article\" \/>\n<meta property=\"og:title\" content=\"Concart 2019: conhe\u00e7a o hotel que ir\u00e1 recepcionar a Confer\u00eancia - CNR\" \/>\n<meta property=\"og:description\" content=\"A Confer\u00eancia Nacional dos Cart\u00f3rios (Concart 2019) ocorre entre os dias 06 a 09 de junho, no Sehrs Natal Grand Hotel, em Natal-RN.\" \/>\n<meta property=\"og:url\" content=\"https:\/\/cnr.org.br\/novoportal\/concart-2019-conheca-o-hotel-que-ira-recepcionar-a-conferencia\/\" \/>\n<meta property=\"og:site_name\" content=\"CNR\" \/>\n<meta property=\"article:published_time\" content=\"2019-05-22T21:02:23+00:00\" \/>\n<meta property=\"article:modified_time\" content=\"2019-05-23T17:28:30+00:00\" \/>\n<meta property=\"og:image\" content=\"https:\/\/cnr.org.br\/novoportal\/wp-content\/uploads\/2019\/05\/piscina-central915.jpg\" \/>\n\t<meta property=\"og:image:width\" content=\"2048\" \/>\n\t<meta property=\"og:image:height\" content=\"1216\" \/>\n\t<meta property=\"og:image:type\" content=\"image\/jpeg\" \/>\n<meta name=\"author\" content=\"Imprensa CNR\" \/>\n<meta name=\"twitter:card\" content=\"summary_large_image\" \/>\n<meta name=\"twitter:label1\" content=\"Escrito por\" \/>\n\t<meta name=\"twitter:data1\" content=\"Imprensa CNR\" \/>\n\t<meta name=\"twitter:label2\" content=\"Est. tempo de leitura\" \/>\n\t<meta name=\"twitter:data2\" content=\"2 minutos\" \/>\n<script type=\"application\/ld+json\" class=\"yoast-schema-graph\">{\"@context\":\"https:\\\/\\\/schema.org\",\"@graph\":[{\"@type\":\"Article\",\"@id\":\"https:\\\/\\\/cnr.org.br\\\/novoportal\\\/concart-2019-conheca-o-hotel-que-ira-recepcionar-a-conferencia\\\/#article\",\"isPartOf\":{\"@id\":\"https:\\\/\\\/cnr.org.br\\\/novoportal\\\/concart-2019-conheca-o-hotel-que-ira-recepcionar-a-conferencia\\\/\"},\"author\":{\"name\":\"Imprensa CNR\",\"@id\":\"https:\\\/\\\/cnr.org.br\\\/novoportal\\\/#\\\/schema\\\/person\\\/1f46209cd8c9d3d9887a0765b64ca66b\"},\"headline\":\"Concart 2019: conhe\u00e7a o hotel que ir\u00e1 recepcionar a Confer\u00eancia\",\"datePublished\":\"2019-05-22T21:02:23+00:00\",\"dateModified\":\"2019-05-23T17:28:30+00:00\",\"mainEntityOfPage\":{\"@id\":\"https:\\\/\\\/cnr.org.br\\\/novoportal\\\/concart-2019-conheca-o-hotel-que-ira-recepcionar-a-conferencia\\\/\"},\"wordCount\":368,\"publisher\":{\"@id\":\"https:\\\/\\\/cnr.org.br\\\/novoportal\\\/#organization\"},\"image\":{\"@id\":\"https:\\\/\\\/cnr.org.br\\\/novoportal\\\/concart-2019-conheca-o-hotel-que-ira-recepcionar-a-conferencia\\\/#primaryimage\"},\"thumbnailUrl\":\"https:\\\/\\\/cnr.org.br\\\/site\\\/wp-content\\\/uploads\\\/2019\\\/05\\\/piscina-central915.jpg\",\"articleSection\":[\"Not\u00edcia\",\"\u00daltimas Not\u00edcias\"],\"inLanguage\":\"pt-BR\"},{\"@type\":\"WebPage\",\"@id\":\"https:\\\/\\\/cnr.org.br\\\/novoportal\\\/concart-2019-conheca-o-hotel-que-ira-recepcionar-a-conferencia\\\/\",\"url\":\"https:\\\/\\\/cnr.org.br\\\/novoportal\\\/concart-2019-conheca-o-hotel-que-ira-recepcionar-a-conferencia\\\/\",\"name\":\"Concart 2019: conhe\u00e7a o hotel que ir\u00e1 recepcionar a Confer\u00eancia - CNR\",\"isPartOf\":{\"@id\":\"https:\\\/\\\/cnr.org.br\\\/novoportal\\\/#website\"},\"primaryImageOfPage\":{\"@id\":\"https:\\\/\\\/cnr.org.br\\\/novoportal\\\/concart-2019-conheca-o-hotel-que-ira-recepcionar-a-conferencia\\\/#primaryimage\"},\"image\":{\"@id\":\"https:\\\/\\\/cnr.org.br\\\/novoportal\\\/concart-2019-conheca-o-hotel-que-ira-recepcionar-a-conferencia\\\/#primaryimage\"},\"thumbnailUrl\":\"https:\\\/\\\/cnr.org.br\\\/site\\\/wp-content\\\/uploads\\\/2019\\\/05\\\/piscina-central915.jpg\",\"datePublished\":\"2019-05-22T21:02:23+00:00\",\"dateModified\":\"2019-05-23T17:28:30+00:00\",\"description\":\"A Confer\u00eancia Nacional dos Cart\u00f3rios (Concart 2019) ocorre entre os dias 06 a 09 de junho, no Sehrs Natal Grand Hotel, em Natal-RN.\",\"breadcrumb\":{\"@id\":\"https:\\\/\\\/cnr.org.br\\\/novoportal\\\/concart-2019-conheca-o-hotel-que-ira-recepcionar-a-conferencia\\\/#breadcrumb\"},\"inLanguage\":\"pt-BR\",\"potentialAction\":[{\"@type\":\"ReadAction\",\"target\":[\"https:\\\/\\\/cnr.org.br\\\/novoportal\\\/concart-2019-conheca-o-hotel-que-ira-recepcionar-a-conferencia\\\/\"]}]},{\"@type\":\"ImageObject\",\"inLanguage\":\"pt-BR\",\"@id\":\"https:\\\/\\\/cnr.org.br\\\/novoportal\\\/concart-2019-conheca-o-hotel-que-ira-recepcionar-a-conferencia\\\/#primaryimage\",\"url\":\"https:\\\/\\\/cnr.org.br\\\/site\\\/wp-content\\\/uploads\\\/2019\\\/05\\\/piscina-central915.jpg\",\"contentUrl\":\"https:\\\/\\\/cnr.org.br\\\/site\\\/wp-content\\\/uploads\\\/2019\\\/05\\\/piscina-central915.jpg\",\"width\":2048,\"height\":1216,\"caption\":\"A Confer\u00eancia Nacional dos Cart\u00f3rios (Concart 2019) ser\u00e1 no Serhs Natal Grand Hotel.\"},{\"@type\":\"BreadcrumbList\",\"@id\":\"https:\\\/\\\/cnr.org.br\\\/novoportal\\\/concart-2019-conheca-o-hotel-que-ira-recepcionar-a-conferencia\\\/#breadcrumb\",\"itemListElement\":[{\"@type\":\"ListItem\",\"position\":1,\"name\":\"In\u00edcio\",\"item\":\"https:\\\/\\\/cnr.org.br\\\/site\\\/\"},{\"@type\":\"ListItem\",\"position\":2,\"name\":\"Concart 2019: conhe\u00e7a o hotel que ir\u00e1 recepcionar a Confer\u00eancia\"}]},{\"@type\":\"WebSite\",\"@id\":\"https:\\\/\\\/cnr.org.br\\\/novoportal\\\/#website\",\"url\":\"https:\\\/\\\/cnr.org.br\\\/novoportal\\\/\",\"name\":\"CNR\",\"description\":\"Confedera\u00e7\u00e3o Nacional de Not\u00e1rios e Registradores\",\"publisher\":{\"@id\":\"https:\\\/\\\/cnr.org.br\\\/novoportal\\\/#organization\"},\"potentialAction\":[{\"@type\":\"SearchAction\",\"target\":{\"@type\":\"EntryPoint\",\"urlTemplate\":\"https:\\\/\\\/cnr.org.br\\\/novoportal\\\/?s={search_term_string}\"},\"query-input\":{\"@type\":\"PropertyValueSpecification\",\"valueRequired\":true,\"valueName\":\"search_term_string\"}}],\"inLanguage\":\"pt-BR\"},{\"@type\":\"Organization\",\"@id\":\"https:\\\/\\\/cnr.org.br\\\/novoportal\\\/#organization\",\"name\":\"CNR\",\"url\":\"https:\\\/\\\/cnr.org.br\\\/novoportal\\\/\",\"logo\":{\"@type\":\"ImageObject\",\"inLanguage\":\"pt-BR\",\"@id\":\"https:\\\/\\\/cnr.org.br\\\/novoportal\\\/#\\\/schema\\\/logo\\\/image\\\/\",\"url\":\"https:\\\/\\\/cnr.org.br\\\/site\\\/wp-content\\\/uploads\\\/2026\\\/02\\\/Logo_CNR_completa_colorida_2024.png\",\"contentUrl\":\"https:\\\/\\\/cnr.org.br\\\/site\\\/wp-content\\\/uploads\\\/2026\\\/02\\\/Logo_CNR_completa_colorida_2024.png\",\"width\":910,\"height\":450,\"caption\":\"CNR\"},\"image\":{\"@id\":\"https:\\\/\\\/cnr.org.br\\\/novoportal\\\/#\\\/schema\\\/logo\\\/image\\\/\"}},{\"@type\":\"Person\",\"@id\":\"https:\\\/\\\/cnr.org.br\\\/novoportal\\\/#\\\/schema\\\/person\\\/1f46209cd8c9d3d9887a0765b64ca66b\",\"name\":\"Imprensa CNR\",\"sameAs\":[\"https:\\\/\\\/cnr.org.br\\\/site\"],\"url\":\"https:\\\/\\\/cnr.org.br\\\/site\\\/author\\\/imprensa\\\/\"}]}<\/script>\n<!-- \/ Yoast SEO plugin. -->","yoast_head_json":{"title":"Concart 2019: conhe\u00e7a o hotel que ir\u00e1 recepcionar a Confer\u00eancia - CNR","description":"A Confer\u00eancia Nacional dos Cart\u00f3rios (Concart 2019) ocorre entre os dias 06 a 09 de junho, no Sehrs Natal Grand Hotel, em Natal-RN.","robots":{"index":"index","follow":"follow","max-snippet":"max-snippet:-1","max-image-preview":"max-image-preview:large","max-video-preview":"max-video-preview:-1"},"canonical":"https:\/\/cnr.org.br\/novoportal\/concart-2019-conheca-o-hotel-que-ira-recepcionar-a-conferencia\/","og_locale":"pt_BR","og_type":"article","og_title":"Concart 2019: conhe\u00e7a o hotel que ir\u00e1 recepcionar a Confer\u00eancia - CNR","og_description":"A Confer\u00eancia Nacional dos Cart\u00f3rios (Concart 2019) ocorre entre os dias 06 a 09 de junho, no Sehrs Natal Grand Hotel, em Natal-RN.","og_url":"https:\/\/cnr.org.br\/novoportal\/concart-2019-conheca-o-hotel-que-ira-recepcionar-a-conferencia\/","og_site_name":"CNR","article_published_time":"2019-05-22T21:02:23+00:00","article_modified_time":"2019-05-23T17:28:30+00:00","og_image":[{"width":2048,"height":1216,"url":"https:\/\/cnr.org.br\/novoportal\/wp-content\/uploads\/2019\/05\/piscina-central915.jpg","type":"image\/jpeg"}],"author":"Imprensa CNR","twitter_card":"summary_large_image","twitter_misc":{"Escrito por":"Imprensa CNR","Est. tempo de leitura":"2 minutos"},"schema":{"@context":"https:\/\/schema.org","@graph":[{"@type":"Article","@id":"https:\/\/cnr.org.br\/novoportal\/concart-2019-conheca-o-hotel-que-ira-recepcionar-a-conferencia\/#article","isPartOf":{"@id":"https:\/\/cnr.org.br\/novoportal\/concart-2019-conheca-o-hotel-que-ira-recepcionar-a-conferencia\/"},"author":{"name":"Imprensa CNR","@id":"https:\/\/cnr.org.br\/novoportal\/#\/schema\/person\/1f46209cd8c9d3d9887a0765b64ca66b"},"headline":"Concart 2019: conhe\u00e7a o hotel que ir\u00e1 recepcionar a Confer\u00eancia","datePublished":"2019-05-22T21:02:23+00:00","dateModified":"2019-05-23T17:28:30+00:00","mainEntityOfPage":{"@id":"https:\/\/cnr.org.br\/novoportal\/concart-2019-conheca-o-hotel-que-ira-recepcionar-a-conferencia\/"},"wordCount":368,"publisher":{"@id":"https:\/\/cnr.org.br\/novoportal\/#organization"},"image":{"@id":"https:\/\/cnr.org.br\/novoportal\/concart-2019-conheca-o-hotel-que-ira-recepcionar-a-conferencia\/#primaryimage"},"thumbnailUrl":"https:\/\/cnr.org.br\/site\/wp-content\/uploads\/2019\/05\/piscina-central915.jpg","articleSection":["Not\u00edcia","\u00daltimas Not\u00edcias"],"inLanguage":"pt-BR"},{"@type":"WebPage","@id":"https:\/\/cnr.org.br\/novoportal\/concart-2019-conheca-o-hotel-que-ira-recepcionar-a-conferencia\/","url":"https:\/\/cnr.org.br\/novoportal\/concart-2019-conheca-o-hotel-que-ira-recepcionar-a-conferencia\/","name":"Concart 2019: conhe\u00e7a o hotel que ir\u00e1 recepcionar a Confer\u00eancia - CNR","isPartOf":{"@id":"https:\/\/cnr.org.br\/novoportal\/#website"},"primaryImageOfPage":{"@id":"https:\/\/cnr.org.br\/novoportal\/concart-2019-conheca-o-hotel-que-ira-recepcionar-a-conferencia\/#primaryimage"},"image":{"@id":"https:\/\/cnr.org.br\/novoportal\/concart-2019-conheca-o-hotel-que-ira-recepcionar-a-conferencia\/#primaryimage"},"thumbnailUrl":"https:\/\/cnr.org.br\/site\/wp-content\/uploads\/2019\/05\/piscina-central915.jpg","datePublished":"2019-05-22T21:02:23+00:00","dateModified":"2019-05-23T17:28:30+00:00","description":"A Confer\u00eancia Nacional dos Cart\u00f3rios (Concart 2019) ocorre entre os dias 06 a 09 de junho, no Sehrs Natal Grand Hotel, em Natal-RN.","breadcrumb":{"@id":"https:\/\/cnr.org.br\/novoportal\/concart-2019-conheca-o-hotel-que-ira-recepcionar-a-conferencia\/#breadcrumb"},"inLanguage":"pt-BR","potentialAction":[{"@type":"ReadAction","target":["https:\/\/cnr.org.br\/novoportal\/concart-2019-conheca-o-hotel-que-ira-recepcionar-a-conferencia\/"]}]},{"@type":"ImageObject","inLanguage":"pt-BR","@id":"https:\/\/cnr.org.br\/novoportal\/concart-2019-conheca-o-hotel-que-ira-recepcionar-a-conferencia\/#primaryimage","url":"https:\/\/cnr.org.br\/site\/wp-content\/uploads\/2019\/05\/piscina-central915.jpg","contentUrl":"https:\/\/cnr.org.br\/site\/wp-content\/uploads\/2019\/05\/piscina-central915.jpg","width":2048,"height":1216,"caption":"A Confer\u00eancia Nacional dos Cart\u00f3rios (Concart 2019) ser\u00e1 no Serhs Natal Grand Hotel."},{"@type":"BreadcrumbList","@id":"https:\/\/cnr.org.br\/novoportal\/concart-2019-conheca-o-hotel-que-ira-recepcionar-a-conferencia\/#breadcrumb","itemListElement":[{"@type":"ListItem","position":1,"name":"In\u00edcio","item":"https:\/\/cnr.org.br\/site\/"},{"@type":"ListItem","position":2,"name":"Concart 2019: conhe\u00e7a o hotel que ir\u00e1 recepcionar a Confer\u00eancia"}]},{"@type":"WebSite","@id":"https:\/\/cnr.org.br\/novoportal\/#website","url":"https:\/\/cnr.org.br\/novoportal\/","name":"CNR","description":"Confedera\u00e7\u00e3o Nacional de Not\u00e1rios e Registradores","publisher":{"@id":"https:\/\/cnr.org.br\/novoportal\/#organization"},"potentialAction":[{"@type":"SearchAction","target":{"@type":"EntryPoint","urlTemplate":"https:\/\/cnr.org.br\/novoportal\/?s={search_term_string}"},"query-input":{"@type":"PropertyValueSpecification","valueRequired":true,"valueName":"search_term_string"}}],"inLanguage":"pt-BR"},{"@type":"Organization","@id":"https:\/\/cnr.org.br\/novoportal\/#organization","name":"CNR","url":"https:\/\/cnr.org.br\/novoportal\/","logo":{"@type":"ImageObject","inLanguage":"pt-BR","@id":"https:\/\/cnr.org.br\/novoportal\/#\/schema\/logo\/image\/","url":"https:\/\/cnr.org.br\/site\/wp-content\/uploads\/2026\/02\/Logo_CNR_completa_colorida_2024.png","contentUrl":"https:\/\/cnr.org.br\/site\/wp-content\/uploads\/2026\/02\/Logo_CNR_completa_colorida_2024.png","width":910,"height":450,"caption":"CNR"},"image":{"@id":"https:\/\/cnr.org.br\/novoportal\/#\/schema\/logo\/image\/"}},{"@type":"Person","@id":"https:\/\/cnr.org.br\/novoportal\/#\/schema\/person\/1f46209cd8c9d3d9887a0765b64ca66b","name":"Imprensa CNR","sameAs":["https:\/\/cnr.org.br\/site"],"url":"https:\/\/cnr.org.br\/site\/author\/imprensa\/"}]}},"_links":{"self":[{"href":"https:\/\/cnr.org.br\/site\/wp-json\/wp\/v2\/posts\/14781","targetHints":{"allow":["GET"]}}],"collection":[{"href":"https:\/\/cnr.org.br\/site\/wp-json\/wp\/v2\/posts"}],"about":[{"href":"https:\/\/cnr.org.br\/site\/wp-json\/wp\/v2\/types\/post"}],"author":[{"embeddable":true,"href":"https:\/\/cnr.org.br\/site\/wp-json\/wp\/v2\/users\/2"}],"replies":[{"embeddable":true,"href":"https:\/\/cnr.org.br\/site\/wp-json\/wp\/v2\/comments?post=14781"}],"version-history":[{"count":0,"href":"https:\/\/cnr.org.br\/site\/wp-json\/wp\/v2\/posts\/14781\/revisions"}],"wp:featuredmedia":[{"embeddable":true,"href":"https:\/\/cnr.org.br\/site\/wp-json\/wp\/v2\/media\/14785"}],"wp:attachment":[{"href":"https:\/\/cnr.org.br\/site\/wp-json\/wp\/v2\/media?parent=14781"}],"wp:term":[{"taxonomy":"category","embeddable":true,"href":"https:\/\/cnr.org.br\/site\/wp-json\/wp\/v2\/categories?post=14781"},{"taxonomy":"post_tag","embeddable":true,"href":"https:\/\/cnr.org.br\/site\/wp-json\/wp\/v2\/tags?post=14781"}],"curies":[{"name":"wp","href":"https:\/\/api.w.org\/{rel}","templated":true}]}}