{"id":14915,"date":"2019-05-30T10:04:04","date_gmt":"2019-05-30T13:04:04","guid":{"rendered":"https:\/\/cnr.org.br\/site\/?p=14915"},"modified":"2019-06-03T12:19:54","modified_gmt":"2019-06-03T15:19:54","slug":"concart-2019-temas-do-direito-no-ambito-dos-cartorios-serao-discutidos-em-conferencia-de-notarios-e-registradores","status":"publish","type":"post","link":"https:\/\/cnr.org.br\/site\/concart-2019-temas-do-direito-no-ambito-dos-cartorios-serao-discutidos-em-conferencia-de-notarios-e-registradores\/","title":{"rendered":"CONCART 2019: Temas do Direito no \u00e2mbito dos cart\u00f3rios ser\u00e3o discutidos em confer\u00eancia de not\u00e1rios e registradores"},"content":{"rendered":"<div id=\"dslc-theme-content\"><div id=\"dslc-theme-content-inner\"><p style=\"text-align: justify;\">A Confedera\u00e7\u00e3o Nacional de Not\u00e1rios e Registradores, CNR, vai realizar de 6 a 9 de junho, em Natal no Rio Grande do Norte, a Confer\u00eancia Nacional dos Cart\u00f3rios (Concart 2019). Considerada um dos maiores eventos desse segmento, a confer\u00eancia vai debater temas com foco na import\u00e2ncia da atividade notarial e de registro para o desenvolvimento econ\u00f4mico social e sustent\u00e1vel do Brasil. Para o presidente da CNR, Rog\u00e9rio Portugal Bacellar, \u00e9 fundamental mostrar para a sociedade a relev\u00e2ncia da atua\u00e7\u00e3o de not\u00e1rios e registradores. \"Com a confer\u00eancia queremos mostrar a atua\u00e7\u00e3o e a import\u00e2ncia do not\u00e1rio e do registrador em prol do crescimento do pa\u00eds: para as pol\u00edticas p\u00fablicas, para a pol\u00edtica social. N\u00f3s somos detentores de f\u00e9 p\u00fablica e o que n\u00f3s disponibilizamos \u00e0 popula\u00e7\u00e3o \u00e9 seguran\u00e7a jur\u00eddica\", explica Rog\u00e9rio.<\/p>\n<p style=\"text-align: justify;\">O Papel dos Cart\u00f3rios na Preven\u00e7\u00e3o a Corrup\u00e7\u00e3o e Lavagem de Dinheiro, Decis\u00f5es dos Tribunais Superiores que Impactam na Atua\u00e7\u00e3o dos Cart\u00f3rios e A Terceiriza\u00e7\u00e3o dos Servi\u00e7os Auxiliares na Atividade Notarial e de Registro ser\u00e3o alguns dos assuntos discutidos durante o evento. A abertura da Confer\u00eancia ser\u00e1 realizada pelo Corregedor Nacional de Justi\u00e7a e Ministro do Superior Tribunal de Justi\u00e7a, Humberto Martins. O evento ter\u00e1, ainda, a participa\u00e7\u00e3o dos ministros do Supremo Tribunal Federal (STF) Luiz Fux, vice-presidente da Corte, e Alexandre de Morais, al\u00e9m de integrantes do CNJ, tribunais de justi\u00e7a, advogados e professores de Direito. \" N\u00f3s teremos uma diversidade de palestrantes e temas muito abrangentes que promover\u00e3o uma atualiza\u00e7\u00e3o para o trabalho de not\u00e1rios e registradores de todo Brasil\", enfatiza Rog\u00e9rio Bacellar.<\/p>\n<p style=\"text-align: justify;\">Mais informa\u00e7\u00f5es sobre o evento podem ser consultadas no endere\u00e7o eletr\u00f4nico <a href=\"https:\/\/cnr.org.br\/conferencia2019\" data-saferedirecturl=\"https:\/\/www.google.com\/url?q=https:\/\/cnr.org.br\/conferencia2019&amp;source=gmail&amp;ust=1559307257081000&amp;usg=AFQjCNHrX27KsCfNRoigXF7Clt-cCqDeXg\">https:\/\/cnr.org.br\/conferencia2019<\/a>. As inscri\u00e7\u00f5es podem ser feitas pelo site <a href=\"https:\/\/cnr.org.br\/inscricao\" data-saferedirecturl=\"https:\/\/www.google.com\/url?q=https:\/\/cnr.org.br\/inscricao&amp;source=gmail&amp;ust=1559307257081000&amp;usg=AFQjCNFwsz8FK9719ZGIOjEX7Q0aeScZSA\">https:\/\/cnr.org.br\/inscricao<\/a>. Estudantes de Direito t\u00eam desconto especial e garantem certificado da confer\u00eancia para comprova\u00e7\u00e3o de carga hor\u00e1ria em atividade complementar.<\/p>\n<p style=\"text-align: justify;\"><strong><u>Servi\u00e7o <\/u><\/strong><\/p>\n<p style=\"text-align: justify;\">Confer\u00eancia Nacional dos Cart\u00f3rios (Concart 2019)<\/p>\n<p style=\"text-align: justify;\">De 06 a 09 de junho, em Natal (RS), no SERHS NATAL GRAND HOTEL,Via Costeira, 6045 - Parque das Dunas, Natal - RN, 59090-002.<\/p>\n<\/div><\/div>","protected":false},"excerpt":{"rendered":"<p>A Confedera\u00e7\u00e3o Nacional de Not\u00e1rios e Registradores, CNR, vai realizar de 6 a 9 de junho, em Natal no Rio Grande do Norte, a Confer\u00eancia Nacional dos Cart\u00f3rios (Concart 2019). Considerada um dos maiores eventos desse segmento, a confer\u00eancia vai debater temas com foco na import\u00e2ncia da atividade notarial e de registro para o desenvolvimento [&hellip;]<\/p>\n","protected":false},"author":2,"featured_media":14221,"comment_status":"closed","ping_status":"closed","sticky":false,"template":"","format":"standard","meta":{"footnotes":"","_links_to":"","_links_to_target":""},"categories":[55],"tags":[],"class_list":["post-14915","post","type-post","status-publish","format-standard","has-post-thumbnail","hentry","category-noticia"],"yoast_head":"<!-- This site is optimized with the Yoast SEO plugin v27.5 - https:\/\/yoast.com\/product\/yoast-seo-wordpress\/ -->\n<title>CONCART 2019: Temas do Direito no \u00e2mbito dos cart\u00f3rios ser\u00e3o discutidos em confer\u00eancia de not\u00e1rios e registradores - CNR<\/title>\n<meta name=\"robots\" content=\"index, follow, max-snippet:-1, max-image-preview:large, max-video-preview:-1\" \/>\n<link rel=\"canonical\" href=\"https:\/\/cnr.org.br\/novoportal\/concart-2019-temas-do-direito-no-ambito-dos-cartorios-serao-discutidos-em-conferencia-de-notarios-e-registradores\/\" \/>\n<meta property=\"og:locale\" content=\"pt_BR\" \/>\n<meta property=\"og:type\" content=\"article\" \/>\n<meta property=\"og:title\" content=\"CONCART 2019: Temas do Direito no \u00e2mbito dos cart\u00f3rios ser\u00e3o discutidos em confer\u00eancia de not\u00e1rios e registradores - CNR\" \/>\n<meta property=\"og:description\" content=\"A Confedera\u00e7\u00e3o Nacional de Not\u00e1rios e Registradores, CNR, vai realizar de 6 a 9 de junho, em Natal no Rio Grande do Norte, a Confer\u00eancia Nacional dos Cart\u00f3rios (Concart 2019). Considerada um dos maiores eventos desse segmento, a confer\u00eancia vai debater temas com foco na import\u00e2ncia da atividade notarial e de registro para o desenvolvimento [&hellip;]\" \/>\n<meta property=\"og:url\" content=\"https:\/\/cnr.org.br\/novoportal\/concart-2019-temas-do-direito-no-ambito-dos-cartorios-serao-discutidos-em-conferencia-de-notarios-e-registradores\/\" \/>\n<meta property=\"og:site_name\" content=\"CNR\" \/>\n<meta property=\"article:published_time\" content=\"2019-05-30T13:04:04+00:00\" \/>\n<meta property=\"article:modified_time\" content=\"2019-06-03T15:19:54+00:00\" \/>\n<meta property=\"og:image\" content=\"https:\/\/cnr.org.br\/novoportal\/wp-content\/uploads\/2019\/03\/BannerSite-e1553786610604.jpg\" \/>\n\t<meta property=\"og:image:width\" content=\"555\" \/>\n\t<meta property=\"og:image:height\" content=\"350\" \/>\n\t<meta property=\"og:image:type\" content=\"image\/jpeg\" \/>\n<meta name=\"author\" content=\"Imprensa CNR\" \/>\n<meta name=\"twitter:card\" content=\"summary_large_image\" \/>\n<meta name=\"twitter:label1\" content=\"Escrito por\" \/>\n\t<meta name=\"twitter:data1\" content=\"Imprensa CNR\" \/>\n\t<meta name=\"twitter:label2\" content=\"Est. tempo de leitura\" \/>\n\t<meta name=\"twitter:data2\" content=\"2 minutos\" \/>\n<script type=\"application\/ld+json\" class=\"yoast-schema-graph\">{\"@context\":\"https:\\\/\\\/schema.org\",\"@graph\":[{\"@type\":\"Article\",\"@id\":\"https:\\\/\\\/cnr.org.br\\\/novoportal\\\/concart-2019-temas-do-direito-no-ambito-dos-cartorios-serao-discutidos-em-conferencia-de-notarios-e-registradores\\\/#article\",\"isPartOf\":{\"@id\":\"https:\\\/\\\/cnr.org.br\\\/novoportal\\\/concart-2019-temas-do-direito-no-ambito-dos-cartorios-serao-discutidos-em-conferencia-de-notarios-e-registradores\\\/\"},\"author\":{\"name\":\"Imprensa CNR\",\"@id\":\"https:\\\/\\\/cnr.org.br\\\/novoportal\\\/#\\\/schema\\\/person\\\/1f46209cd8c9d3d9887a0765b64ca66b\"},\"headline\":\"CONCART 2019: Temas do Direito no \u00e2mbito dos cart\u00f3rios ser\u00e3o discutidos em confer\u00eancia de not\u00e1rios e registradores\",\"datePublished\":\"2019-05-30T13:04:04+00:00\",\"dateModified\":\"2019-06-03T15:19:54+00:00\",\"mainEntityOfPage\":{\"@id\":\"https:\\\/\\\/cnr.org.br\\\/novoportal\\\/concart-2019-temas-do-direito-no-ambito-dos-cartorios-serao-discutidos-em-conferencia-de-notarios-e-registradores\\\/\"},\"wordCount\":401,\"publisher\":{\"@id\":\"https:\\\/\\\/cnr.org.br\\\/novoportal\\\/#organization\"},\"image\":{\"@id\":\"https:\\\/\\\/cnr.org.br\\\/novoportal\\\/concart-2019-temas-do-direito-no-ambito-dos-cartorios-serao-discutidos-em-conferencia-de-notarios-e-registradores\\\/#primaryimage\"},\"thumbnailUrl\":\"https:\\\/\\\/cnr.org.br\\\/site\\\/wp-content\\\/uploads\\\/2019\\\/03\\\/BannerSite-e1553786610604.jpg\",\"articleSection\":[\"Not\u00edcia\"],\"inLanguage\":\"pt-BR\"},{\"@type\":\"WebPage\",\"@id\":\"https:\\\/\\\/cnr.org.br\\\/novoportal\\\/concart-2019-temas-do-direito-no-ambito-dos-cartorios-serao-discutidos-em-conferencia-de-notarios-e-registradores\\\/\",\"url\":\"https:\\\/\\\/cnr.org.br\\\/novoportal\\\/concart-2019-temas-do-direito-no-ambito-dos-cartorios-serao-discutidos-em-conferencia-de-notarios-e-registradores\\\/\",\"name\":\"CONCART 2019: Temas do Direito no \u00e2mbito dos cart\u00f3rios ser\u00e3o discutidos em confer\u00eancia de not\u00e1rios e registradores - CNR\",\"isPartOf\":{\"@id\":\"https:\\\/\\\/cnr.org.br\\\/novoportal\\\/#website\"},\"primaryImageOfPage\":{\"@id\":\"https:\\\/\\\/cnr.org.br\\\/novoportal\\\/concart-2019-temas-do-direito-no-ambito-dos-cartorios-serao-discutidos-em-conferencia-de-notarios-e-registradores\\\/#primaryimage\"},\"image\":{\"@id\":\"https:\\\/\\\/cnr.org.br\\\/novoportal\\\/concart-2019-temas-do-direito-no-ambito-dos-cartorios-serao-discutidos-em-conferencia-de-notarios-e-registradores\\\/#primaryimage\"},\"thumbnailUrl\":\"https:\\\/\\\/cnr.org.br\\\/site\\\/wp-content\\\/uploads\\\/2019\\\/03\\\/BannerSite-e1553786610604.jpg\",\"datePublished\":\"2019-05-30T13:04:04+00:00\",\"dateModified\":\"2019-06-03T15:19:54+00:00\",\"breadcrumb\":{\"@id\":\"https:\\\/\\\/cnr.org.br\\\/novoportal\\\/concart-2019-temas-do-direito-no-ambito-dos-cartorios-serao-discutidos-em-conferencia-de-notarios-e-registradores\\\/#breadcrumb\"},\"inLanguage\":\"pt-BR\",\"potentialAction\":[{\"@type\":\"ReadAction\",\"target\":[\"https:\\\/\\\/cnr.org.br\\\/novoportal\\\/concart-2019-temas-do-direito-no-ambito-dos-cartorios-serao-discutidos-em-conferencia-de-notarios-e-registradores\\\/\"]}]},{\"@type\":\"ImageObject\",\"inLanguage\":\"pt-BR\",\"@id\":\"https:\\\/\\\/cnr.org.br\\\/novoportal\\\/concart-2019-temas-do-direito-no-ambito-dos-cartorios-serao-discutidos-em-conferencia-de-notarios-e-registradores\\\/#primaryimage\",\"url\":\"https:\\\/\\\/cnr.org.br\\\/site\\\/wp-content\\\/uploads\\\/2019\\\/03\\\/BannerSite-e1553786610604.jpg\",\"contentUrl\":\"https:\\\/\\\/cnr.org.br\\\/site\\\/wp-content\\\/uploads\\\/2019\\\/03\\\/BannerSite-e1553786610604.jpg\",\"width\":555,\"height\":350},{\"@type\":\"BreadcrumbList\",\"@id\":\"https:\\\/\\\/cnr.org.br\\\/novoportal\\\/concart-2019-temas-do-direito-no-ambito-dos-cartorios-serao-discutidos-em-conferencia-de-notarios-e-registradores\\\/#breadcrumb\",\"itemListElement\":[{\"@type\":\"ListItem\",\"position\":1,\"name\":\"In\u00edcio\",\"item\":\"https:\\\/\\\/cnr.org.br\\\/site\\\/\"},{\"@type\":\"ListItem\",\"position\":2,\"name\":\"CONCART 2019: Temas do Direito no \u00e2mbito dos cart\u00f3rios ser\u00e3o discutidos em confer\u00eancia de not\u00e1rios e registradores\"}]},{\"@type\":\"WebSite\",\"@id\":\"https:\\\/\\\/cnr.org.br\\\/novoportal\\\/#website\",\"url\":\"https:\\\/\\\/cnr.org.br\\\/novoportal\\\/\",\"name\":\"CNR\",\"description\":\"Confedera\u00e7\u00e3o Nacional de Not\u00e1rios e Registradores\",\"publisher\":{\"@id\":\"https:\\\/\\\/cnr.org.br\\\/novoportal\\\/#organization\"},\"potentialAction\":[{\"@type\":\"SearchAction\",\"target\":{\"@type\":\"EntryPoint\",\"urlTemplate\":\"https:\\\/\\\/cnr.org.br\\\/novoportal\\\/?s={search_term_string}\"},\"query-input\":{\"@type\":\"PropertyValueSpecification\",\"valueRequired\":true,\"valueName\":\"search_term_string\"}}],\"inLanguage\":\"pt-BR\"},{\"@type\":\"Organization\",\"@id\":\"https:\\\/\\\/cnr.org.br\\\/novoportal\\\/#organization\",\"name\":\"CNR\",\"url\":\"https:\\\/\\\/cnr.org.br\\\/novoportal\\\/\",\"logo\":{\"@type\":\"ImageObject\",\"inLanguage\":\"pt-BR\",\"@id\":\"https:\\\/\\\/cnr.org.br\\\/novoportal\\\/#\\\/schema\\\/logo\\\/image\\\/\",\"url\":\"https:\\\/\\\/cnr.org.br\\\/site\\\/wp-content\\\/uploads\\\/2026\\\/02\\\/Logo_CNR_completa_colorida_2024.png\",\"contentUrl\":\"https:\\\/\\\/cnr.org.br\\\/site\\\/wp-content\\\/uploads\\\/2026\\\/02\\\/Logo_CNR_completa_colorida_2024.png\",\"width\":910,\"height\":450,\"caption\":\"CNR\"},\"image\":{\"@id\":\"https:\\\/\\\/cnr.org.br\\\/novoportal\\\/#\\\/schema\\\/logo\\\/image\\\/\"}},{\"@type\":\"Person\",\"@id\":\"https:\\\/\\\/cnr.org.br\\\/novoportal\\\/#\\\/schema\\\/person\\\/1f46209cd8c9d3d9887a0765b64ca66b\",\"name\":\"Imprensa CNR\",\"sameAs\":[\"https:\\\/\\\/cnr.org.br\\\/site\"],\"url\":\"https:\\\/\\\/cnr.org.br\\\/site\\\/author\\\/imprensa\\\/\"}]}<\/script>\n<!-- \/ Yoast SEO plugin. -->","yoast_head_json":{"title":"CONCART 2019: Temas do Direito no \u00e2mbito dos cart\u00f3rios ser\u00e3o discutidos em confer\u00eancia de not\u00e1rios e registradores - CNR","robots":{"index":"index","follow":"follow","max-snippet":"max-snippet:-1","max-image-preview":"max-image-preview:large","max-video-preview":"max-video-preview:-1"},"canonical":"https:\/\/cnr.org.br\/novoportal\/concart-2019-temas-do-direito-no-ambito-dos-cartorios-serao-discutidos-em-conferencia-de-notarios-e-registradores\/","og_locale":"pt_BR","og_type":"article","og_title":"CONCART 2019: Temas do Direito no \u00e2mbito dos cart\u00f3rios ser\u00e3o discutidos em confer\u00eancia de not\u00e1rios e registradores - CNR","og_description":"A Confedera\u00e7\u00e3o Nacional de Not\u00e1rios e Registradores, CNR, vai realizar de 6 a 9 de junho, em Natal no Rio Grande do Norte, a Confer\u00eancia Nacional dos Cart\u00f3rios (Concart 2019). Considerada um dos maiores eventos desse segmento, a confer\u00eancia vai debater temas com foco na import\u00e2ncia da atividade notarial e de registro para o desenvolvimento [&hellip;]","og_url":"https:\/\/cnr.org.br\/novoportal\/concart-2019-temas-do-direito-no-ambito-dos-cartorios-serao-discutidos-em-conferencia-de-notarios-e-registradores\/","og_site_name":"CNR","article_published_time":"2019-05-30T13:04:04+00:00","article_modified_time":"2019-06-03T15:19:54+00:00","og_image":[{"width":555,"height":350,"url":"https:\/\/cnr.org.br\/novoportal\/wp-content\/uploads\/2019\/03\/BannerSite-e1553786610604.jpg","type":"image\/jpeg"}],"author":"Imprensa CNR","twitter_card":"summary_large_image","twitter_misc":{"Escrito por":"Imprensa CNR","Est. tempo de leitura":"2 minutos"},"schema":{"@context":"https:\/\/schema.org","@graph":[{"@type":"Article","@id":"https:\/\/cnr.org.br\/novoportal\/concart-2019-temas-do-direito-no-ambito-dos-cartorios-serao-discutidos-em-conferencia-de-notarios-e-registradores\/#article","isPartOf":{"@id":"https:\/\/cnr.org.br\/novoportal\/concart-2019-temas-do-direito-no-ambito-dos-cartorios-serao-discutidos-em-conferencia-de-notarios-e-registradores\/"},"author":{"name":"Imprensa CNR","@id":"https:\/\/cnr.org.br\/novoportal\/#\/schema\/person\/1f46209cd8c9d3d9887a0765b64ca66b"},"headline":"CONCART 2019: Temas do Direito no \u00e2mbito dos cart\u00f3rios ser\u00e3o discutidos em confer\u00eancia de not\u00e1rios e registradores","datePublished":"2019-05-30T13:04:04+00:00","dateModified":"2019-06-03T15:19:54+00:00","mainEntityOfPage":{"@id":"https:\/\/cnr.org.br\/novoportal\/concart-2019-temas-do-direito-no-ambito-dos-cartorios-serao-discutidos-em-conferencia-de-notarios-e-registradores\/"},"wordCount":401,"publisher":{"@id":"https:\/\/cnr.org.br\/novoportal\/#organization"},"image":{"@id":"https:\/\/cnr.org.br\/novoportal\/concart-2019-temas-do-direito-no-ambito-dos-cartorios-serao-discutidos-em-conferencia-de-notarios-e-registradores\/#primaryimage"},"thumbnailUrl":"https:\/\/cnr.org.br\/site\/wp-content\/uploads\/2019\/03\/BannerSite-e1553786610604.jpg","articleSection":["Not\u00edcia"],"inLanguage":"pt-BR"},{"@type":"WebPage","@id":"https:\/\/cnr.org.br\/novoportal\/concart-2019-temas-do-direito-no-ambito-dos-cartorios-serao-discutidos-em-conferencia-de-notarios-e-registradores\/","url":"https:\/\/cnr.org.br\/novoportal\/concart-2019-temas-do-direito-no-ambito-dos-cartorios-serao-discutidos-em-conferencia-de-notarios-e-registradores\/","name":"CONCART 2019: Temas do Direito no \u00e2mbito dos cart\u00f3rios ser\u00e3o discutidos em confer\u00eancia de not\u00e1rios e registradores - CNR","isPartOf":{"@id":"https:\/\/cnr.org.br\/novoportal\/#website"},"primaryImageOfPage":{"@id":"https:\/\/cnr.org.br\/novoportal\/concart-2019-temas-do-direito-no-ambito-dos-cartorios-serao-discutidos-em-conferencia-de-notarios-e-registradores\/#primaryimage"},"image":{"@id":"https:\/\/cnr.org.br\/novoportal\/concart-2019-temas-do-direito-no-ambito-dos-cartorios-serao-discutidos-em-conferencia-de-notarios-e-registradores\/#primaryimage"},"thumbnailUrl":"https:\/\/cnr.org.br\/site\/wp-content\/uploads\/2019\/03\/BannerSite-e1553786610604.jpg","datePublished":"2019-05-30T13:04:04+00:00","dateModified":"2019-06-03T15:19:54+00:00","breadcrumb":{"@id":"https:\/\/cnr.org.br\/novoportal\/concart-2019-temas-do-direito-no-ambito-dos-cartorios-serao-discutidos-em-conferencia-de-notarios-e-registradores\/#breadcrumb"},"inLanguage":"pt-BR","potentialAction":[{"@type":"ReadAction","target":["https:\/\/cnr.org.br\/novoportal\/concart-2019-temas-do-direito-no-ambito-dos-cartorios-serao-discutidos-em-conferencia-de-notarios-e-registradores\/"]}]},{"@type":"ImageObject","inLanguage":"pt-BR","@id":"https:\/\/cnr.org.br\/novoportal\/concart-2019-temas-do-direito-no-ambito-dos-cartorios-serao-discutidos-em-conferencia-de-notarios-e-registradores\/#primaryimage","url":"https:\/\/cnr.org.br\/site\/wp-content\/uploads\/2019\/03\/BannerSite-e1553786610604.jpg","contentUrl":"https:\/\/cnr.org.br\/site\/wp-content\/uploads\/2019\/03\/BannerSite-e1553786610604.jpg","width":555,"height":350},{"@type":"BreadcrumbList","@id":"https:\/\/cnr.org.br\/novoportal\/concart-2019-temas-do-direito-no-ambito-dos-cartorios-serao-discutidos-em-conferencia-de-notarios-e-registradores\/#breadcrumb","itemListElement":[{"@type":"ListItem","position":1,"name":"In\u00edcio","item":"https:\/\/cnr.org.br\/site\/"},{"@type":"ListItem","position":2,"name":"CONCART 2019: Temas do Direito no \u00e2mbito dos cart\u00f3rios ser\u00e3o discutidos em confer\u00eancia de not\u00e1rios e registradores"}]},{"@type":"WebSite","@id":"https:\/\/cnr.org.br\/novoportal\/#website","url":"https:\/\/cnr.org.br\/novoportal\/","name":"CNR","description":"Confedera\u00e7\u00e3o Nacional de Not\u00e1rios e Registradores","publisher":{"@id":"https:\/\/cnr.org.br\/novoportal\/#organization"},"potentialAction":[{"@type":"SearchAction","target":{"@type":"EntryPoint","urlTemplate":"https:\/\/cnr.org.br\/novoportal\/?s={search_term_string}"},"query-input":{"@type":"PropertyValueSpecification","valueRequired":true,"valueName":"search_term_string"}}],"inLanguage":"pt-BR"},{"@type":"Organization","@id":"https:\/\/cnr.org.br\/novoportal\/#organization","name":"CNR","url":"https:\/\/cnr.org.br\/novoportal\/","logo":{"@type":"ImageObject","inLanguage":"pt-BR","@id":"https:\/\/cnr.org.br\/novoportal\/#\/schema\/logo\/image\/","url":"https:\/\/cnr.org.br\/site\/wp-content\/uploads\/2026\/02\/Logo_CNR_completa_colorida_2024.png","contentUrl":"https:\/\/cnr.org.br\/site\/wp-content\/uploads\/2026\/02\/Logo_CNR_completa_colorida_2024.png","width":910,"height":450,"caption":"CNR"},"image":{"@id":"https:\/\/cnr.org.br\/novoportal\/#\/schema\/logo\/image\/"}},{"@type":"Person","@id":"https:\/\/cnr.org.br\/novoportal\/#\/schema\/person\/1f46209cd8c9d3d9887a0765b64ca66b","name":"Imprensa CNR","sameAs":["https:\/\/cnr.org.br\/site"],"url":"https:\/\/cnr.org.br\/site\/author\/imprensa\/"}]}},"_links":{"self":[{"href":"https:\/\/cnr.org.br\/site\/wp-json\/wp\/v2\/posts\/14915","targetHints":{"allow":["GET"]}}],"collection":[{"href":"https:\/\/cnr.org.br\/site\/wp-json\/wp\/v2\/posts"}],"about":[{"href":"https:\/\/cnr.org.br\/site\/wp-json\/wp\/v2\/types\/post"}],"author":[{"embeddable":true,"href":"https:\/\/cnr.org.br\/site\/wp-json\/wp\/v2\/users\/2"}],"replies":[{"embeddable":true,"href":"https:\/\/cnr.org.br\/site\/wp-json\/wp\/v2\/comments?post=14915"}],"version-history":[{"count":0,"href":"https:\/\/cnr.org.br\/site\/wp-json\/wp\/v2\/posts\/14915\/revisions"}],"wp:featuredmedia":[{"embeddable":true,"href":"https:\/\/cnr.org.br\/site\/wp-json\/wp\/v2\/media\/14221"}],"wp:attachment":[{"href":"https:\/\/cnr.org.br\/site\/wp-json\/wp\/v2\/media?parent=14915"}],"wp:term":[{"taxonomy":"category","embeddable":true,"href":"https:\/\/cnr.org.br\/site\/wp-json\/wp\/v2\/categories?post=14915"},{"taxonomy":"post_tag","embeddable":true,"href":"https:\/\/cnr.org.br\/site\/wp-json\/wp\/v2\/tags?post=14915"}],"curies":[{"name":"wp","href":"https:\/\/api.w.org\/{rel}","templated":true}]}}