{"id":14919,"date":"2019-05-30T15:00:06","date_gmt":"2019-05-30T18:00:06","guid":{"rendered":"https:\/\/cnr.org.br\/site\/?p=14919"},"modified":"2019-05-30T15:00:06","modified_gmt":"2019-05-30T18:00:06","slug":"plenario-aprova-texto-principal-de-mp-sobre-protecao-de-dados","status":"publish","type":"post","link":"https:\/\/cnr.org.br\/site\/plenario-aprova-texto-principal-de-mp-sobre-protecao-de-dados\/","title":{"rendered":"Plen\u00e1rio aprova texto principal de MP sobre prote\u00e7\u00e3o de dados"},"content":{"rendered":"<div id=\"dslc-theme-content\"><div id=\"dslc-theme-content-inner\"><p>O Plen\u00e1rio da C\u00e2mara dos Deputados aprovou o\u00a0<span class=\"termoGlossario\" title=\"\" data-original-title=\"Nome que recebe a medida provis\u00f3ria alterada por emenda.\">projeto de lei de convers\u00e3o<\/span>\u00a0da Medida Provis\u00f3ria 869\/18, que cria a Autoridade Nacional de Prote\u00e7\u00e3o de Dados (ANPD) para fiscalizar os respons\u00e1veis pelo tratamento de dados nos setores p\u00fablico e privado.<\/p>\n<p>Os deputados come\u00e7am agora a analisar os\u00a0<span class=\"termoGlossario\" title=\"\" data-original-title=\"Pedido feito por deputado ou l\u00edder de partido para votar, de forma separada, emenda ou parte do texto. A vota\u00e7\u00e3o ocorre ap\u00f3s a aprova\u00e7\u00e3o do texto principal.\">destaques<\/span>\u00a0apresentados ao texto do relator, deputado Orlando Silva (PCdoB-SP).<\/p>\n<p>Por acordo, foi aprovado o primeiro deles, que inclui\u00a0<span class=\"termoGlossario\" title=\"\" data-original-title=\"Proposta para alterar, no todo ou em parte, o texto de um projeto de lei submetido \u00e0 discuss\u00e3o ou vota\u00e7\u00e3o.\">emenda<\/span>\u00a0do deputado Rodrigo de Castro (PSDB-MG) para permitir a indica\u00e7\u00e3o de um \u00fanico encarregado pelo tratamento de dados por grupo econ\u00f4mico.<\/p>\n<p>Est\u00e1 em an\u00e1lise, neste momento, destaque do DEM que pretende retirar do texto a penalidade de suspens\u00e3o parcial, por seis meses, do funcionamento do banco de dados que tenha cometido infra\u00e7\u00e3o e n\u00e3o tenha revertido a situa\u00e7\u00e3o ap\u00f3s multa.<\/p>\n<p><em>Fonte: <a href=\"https:\/\/www2.camara.leg.br\/camaranoticias\/noticias\/ADMINISTRACAO-PUBLICA\/577239-PLENARIO-APROVA-TEXTO-PRINCIPAL-DE-MP-SOBRE-PROTECAO-DE-DADOS.html\">C\u00e2mara dos Deputados<\/a><\/em><\/p>\n<\/div><\/div>","protected":false},"excerpt":{"rendered":"<p>O Plen\u00e1rio da C\u00e2mara dos Deputados aprovou o\u00a0projeto de lei de convers\u00e3o\u00a0da Medida Provis\u00f3ria 869\/18, que cria a Autoridade Nacional de Prote\u00e7\u00e3o de Dados (ANPD) para fiscalizar os respons\u00e1veis pelo tratamento de dados nos setores p\u00fablico e privado. Os deputados come\u00e7am agora a analisar os\u00a0destaques\u00a0apresentados ao texto do relator, deputado Orlando Silva (PCdoB-SP). Por acordo, [&hellip;]<\/p>\n","protected":false},"author":2,"featured_media":14920,"comment_status":"closed","ping_status":"closed","sticky":false,"template":"","format":"standard","meta":{"footnotes":"","_links_to":"","_links_to_target":""},"categories":[47],"tags":[],"class_list":["post-14919","post","type-post","status-publish","format-standard","has-post-thumbnail","hentry","category-ultimas-noticias"],"yoast_head":"<!-- This site is optimized with the Yoast SEO plugin v28.4 - https:\/\/yoast.com\/product\/yoast-seo-wordpress\/ -->\n<title>Plen\u00e1rio aprova texto principal de MP sobre prote\u00e7\u00e3o de dados - CNR<\/title>\n<meta name=\"robots\" content=\"index, follow, max-snippet:-1, max-image-preview:large, max-video-preview:-1\" \/>\n<link rel=\"canonical\" href=\"https:\/\/cnr.org.br\/novoportal\/plenario-aprova-texto-principal-de-mp-sobre-protecao-de-dados\/\" \/>\n<meta property=\"og:locale\" content=\"pt_BR\" \/>\n<meta property=\"og:type\" content=\"article\" \/>\n<meta property=\"og:title\" content=\"Plen\u00e1rio aprova texto principal de MP sobre prote\u00e7\u00e3o de dados - CNR\" \/>\n<meta property=\"og:description\" content=\"O Plen\u00e1rio da C\u00e2mara dos Deputados aprovou o\u00a0projeto de lei de convers\u00e3o\u00a0da Medida Provis\u00f3ria 869\/18, que cria a Autoridade Nacional de Prote\u00e7\u00e3o de Dados (ANPD) para fiscalizar os respons\u00e1veis pelo tratamento de dados nos setores p\u00fablico e privado. Os deputados come\u00e7am agora a analisar os\u00a0destaques\u00a0apresentados ao texto do relator, deputado Orlando Silva (PCdoB-SP). Por acordo, [&hellip;]\" \/>\n<meta property=\"og:url\" content=\"https:\/\/cnr.org.br\/novoportal\/plenario-aprova-texto-principal-de-mp-sobre-protecao-de-dados\/\" \/>\n<meta property=\"og:site_name\" content=\"CNR\" \/>\n<meta property=\"article:published_time\" content=\"2019-05-30T18:00:06+00:00\" \/>\n<meta property=\"og:image\" content=\"https:\/\/cnr.org.br\/novoportal\/wp-content\/uploads\/2019\/05\/imagem_materia.jpeg\" \/>\n\t<meta property=\"og:image:width\" content=\"860\" \/>\n\t<meta property=\"og:image:height\" content=\"570\" \/>\n\t<meta property=\"og:image:type\" content=\"image\/jpeg\" \/>\n<meta name=\"author\" content=\"Imprensa CNR\" \/>\n<meta name=\"twitter:card\" content=\"summary_large_image\" \/>\n<meta name=\"twitter:label1\" content=\"Escrito por\" \/>\n\t<meta name=\"twitter:data1\" content=\"Imprensa CNR\" \/>\n\t<meta name=\"twitter:label2\" content=\"Est. tempo de leitura\" \/>\n\t<meta name=\"twitter:data2\" content=\"1 minuto\" \/>\n<script type=\"application\/ld+json\" class=\"yoast-schema-graph\">{\"@context\":\"https:\\\/\\\/schema.org\",\"@graph\":[{\"@type\":\"Article\",\"@id\":\"https:\\\/\\\/cnr.org.br\\\/novoportal\\\/plenario-aprova-texto-principal-de-mp-sobre-protecao-de-dados\\\/#article\",\"isPartOf\":{\"@id\":\"https:\\\/\\\/cnr.org.br\\\/novoportal\\\/plenario-aprova-texto-principal-de-mp-sobre-protecao-de-dados\\\/\"},\"author\":{\"name\":\"Imprensa CNR\",\"@id\":\"https:\\\/\\\/cnr.org.br\\\/novoportal\\\/#\\\/schema\\\/person\\\/1f46209cd8c9d3d9887a0765b64ca66b\"},\"headline\":\"Plen\u00e1rio aprova texto principal de MP sobre prote\u00e7\u00e3o de dados\",\"datePublished\":\"2019-05-30T18:00:06+00:00\",\"mainEntityOfPage\":{\"@id\":\"https:\\\/\\\/cnr.org.br\\\/novoportal\\\/plenario-aprova-texto-principal-de-mp-sobre-protecao-de-dados\\\/\"},\"wordCount\":159,\"publisher\":{\"@id\":\"https:\\\/\\\/cnr.org.br\\\/novoportal\\\/#organization\"},\"image\":{\"@id\":\"https:\\\/\\\/cnr.org.br\\\/novoportal\\\/plenario-aprova-texto-principal-de-mp-sobre-protecao-de-dados\\\/#primaryimage\"},\"thumbnailUrl\":\"https:\\\/\\\/cnr.org.br\\\/site\\\/wp-content\\\/uploads\\\/2019\\\/05\\\/imagem_materia.jpeg\",\"articleSection\":[\"\u00daltimas Not\u00edcias\"],\"inLanguage\":\"pt-BR\"},{\"@type\":\"WebPage\",\"@id\":\"https:\\\/\\\/cnr.org.br\\\/novoportal\\\/plenario-aprova-texto-principal-de-mp-sobre-protecao-de-dados\\\/\",\"url\":\"https:\\\/\\\/cnr.org.br\\\/novoportal\\\/plenario-aprova-texto-principal-de-mp-sobre-protecao-de-dados\\\/\",\"name\":\"Plen\u00e1rio aprova texto principal de MP sobre prote\u00e7\u00e3o de dados - CNR\",\"isPartOf\":{\"@id\":\"https:\\\/\\\/cnr.org.br\\\/novoportal\\\/#website\"},\"primaryImageOfPage\":{\"@id\":\"https:\\\/\\\/cnr.org.br\\\/novoportal\\\/plenario-aprova-texto-principal-de-mp-sobre-protecao-de-dados\\\/#primaryimage\"},\"image\":{\"@id\":\"https:\\\/\\\/cnr.org.br\\\/novoportal\\\/plenario-aprova-texto-principal-de-mp-sobre-protecao-de-dados\\\/#primaryimage\"},\"thumbnailUrl\":\"https:\\\/\\\/cnr.org.br\\\/site\\\/wp-content\\\/uploads\\\/2019\\\/05\\\/imagem_materia.jpeg\",\"datePublished\":\"2019-05-30T18:00:06+00:00\",\"breadcrumb\":{\"@id\":\"https:\\\/\\\/cnr.org.br\\\/novoportal\\\/plenario-aprova-texto-principal-de-mp-sobre-protecao-de-dados\\\/#breadcrumb\"},\"inLanguage\":\"pt-BR\",\"potentialAction\":[{\"@type\":\"ReadAction\",\"target\":[\"https:\\\/\\\/cnr.org.br\\\/novoportal\\\/plenario-aprova-texto-principal-de-mp-sobre-protecao-de-dados\\\/\"]}]},{\"@type\":\"ImageObject\",\"inLanguage\":\"pt-BR\",\"@id\":\"https:\\\/\\\/cnr.org.br\\\/novoportal\\\/plenario-aprova-texto-principal-de-mp-sobre-protecao-de-dados\\\/#primaryimage\",\"url\":\"https:\\\/\\\/cnr.org.br\\\/site\\\/wp-content\\\/uploads\\\/2019\\\/05\\\/imagem_materia.jpeg\",\"contentUrl\":\"https:\\\/\\\/cnr.org.br\\\/site\\\/wp-content\\\/uploads\\\/2019\\\/05\\\/imagem_materia.jpeg\",\"width\":860,\"height\":570},{\"@type\":\"BreadcrumbList\",\"@id\":\"https:\\\/\\\/cnr.org.br\\\/novoportal\\\/plenario-aprova-texto-principal-de-mp-sobre-protecao-de-dados\\\/#breadcrumb\",\"itemListElement\":[{\"@type\":\"ListItem\",\"position\":1,\"name\":\"In\u00edcio\",\"item\":\"https:\\\/\\\/cnr.org.br\\\/site\\\/\"},{\"@type\":\"ListItem\",\"position\":2,\"name\":\"Plen\u00e1rio aprova texto principal de MP sobre prote\u00e7\u00e3o de dados\"}]},{\"@type\":\"WebSite\",\"@id\":\"https:\\\/\\\/cnr.org.br\\\/novoportal\\\/#website\",\"url\":\"https:\\\/\\\/cnr.org.br\\\/novoportal\\\/\",\"name\":\"CNR\",\"description\":\"Confedera\u00e7\u00e3o Nacional de Not\u00e1rios e Registradores\",\"publisher\":{\"@id\":\"https:\\\/\\\/cnr.org.br\\\/novoportal\\\/#organization\"},\"potentialAction\":[{\"@type\":\"SearchAction\",\"target\":{\"@type\":\"EntryPoint\",\"urlTemplate\":\"https:\\\/\\\/cnr.org.br\\\/novoportal\\\/?s={search_term_string}\"},\"query-input\":{\"@type\":\"PropertyValueSpecification\",\"valueRequired\":true,\"valueName\":\"search_term_string\"}}],\"inLanguage\":\"pt-BR\"},{\"@type\":\"Organization\",\"@id\":\"https:\\\/\\\/cnr.org.br\\\/novoportal\\\/#organization\",\"name\":\"CNR\",\"url\":\"https:\\\/\\\/cnr.org.br\\\/novoportal\\\/\",\"logo\":{\"@type\":\"ImageObject\",\"inLanguage\":\"pt-BR\",\"@id\":\"https:\\\/\\\/cnr.org.br\\\/novoportal\\\/#\\\/schema\\\/logo\\\/image\\\/\",\"url\":\"https:\\\/\\\/cnr.org.br\\\/site\\\/wp-content\\\/uploads\\\/2026\\\/02\\\/Logo_CNR_completa_colorida_2024.png\",\"contentUrl\":\"https:\\\/\\\/cnr.org.br\\\/site\\\/wp-content\\\/uploads\\\/2026\\\/02\\\/Logo_CNR_completa_colorida_2024.png\",\"width\":910,\"height\":450,\"caption\":\"CNR\"},\"image\":{\"@id\":\"https:\\\/\\\/cnr.org.br\\\/novoportal\\\/#\\\/schema\\\/logo\\\/image\\\/\"}},{\"@type\":\"Person\",\"@id\":\"https:\\\/\\\/cnr.org.br\\\/novoportal\\\/#\\\/schema\\\/person\\\/1f46209cd8c9d3d9887a0765b64ca66b\",\"name\":\"Imprensa CNR\",\"sameAs\":[\"https:\\\/\\\/cnr.org.br\\\/site\"],\"url\":\"https:\\\/\\\/cnr.org.br\\\/site\\\/author\\\/imprensa\\\/\"}]}<\/script>\n<!-- \/ Yoast SEO plugin. -->","yoast_head_json":{"title":"Plen\u00e1rio aprova texto principal de MP sobre prote\u00e7\u00e3o de dados - CNR","robots":{"index":"index","follow":"follow","max-snippet":"max-snippet:-1","max-image-preview":"max-image-preview:large","max-video-preview":"max-video-preview:-1"},"canonical":"https:\/\/cnr.org.br\/novoportal\/plenario-aprova-texto-principal-de-mp-sobre-protecao-de-dados\/","og_locale":"pt_BR","og_type":"article","og_title":"Plen\u00e1rio aprova texto principal de MP sobre prote\u00e7\u00e3o de dados - CNR","og_description":"O Plen\u00e1rio da C\u00e2mara dos Deputados aprovou o\u00a0projeto de lei de convers\u00e3o\u00a0da Medida Provis\u00f3ria 869\/18, que cria a Autoridade Nacional de Prote\u00e7\u00e3o de Dados (ANPD) para fiscalizar os respons\u00e1veis pelo tratamento de dados nos setores p\u00fablico e privado. Os deputados come\u00e7am agora a analisar os\u00a0destaques\u00a0apresentados ao texto do relator, deputado Orlando Silva (PCdoB-SP). Por acordo, [&hellip;]","og_url":"https:\/\/cnr.org.br\/novoportal\/plenario-aprova-texto-principal-de-mp-sobre-protecao-de-dados\/","og_site_name":"CNR","article_published_time":"2019-05-30T18:00:06+00:00","og_image":[{"width":860,"height":570,"url":"https:\/\/cnr.org.br\/novoportal\/wp-content\/uploads\/2019\/05\/imagem_materia.jpeg","type":"image\/jpeg"}],"author":"Imprensa CNR","twitter_card":"summary_large_image","twitter_misc":{"Escrito por":"Imprensa CNR","Est. tempo de leitura":"1 minuto"},"schema":{"@context":"https:\/\/schema.org","@graph":[{"@type":"Article","@id":"https:\/\/cnr.org.br\/novoportal\/plenario-aprova-texto-principal-de-mp-sobre-protecao-de-dados\/#article","isPartOf":{"@id":"https:\/\/cnr.org.br\/novoportal\/plenario-aprova-texto-principal-de-mp-sobre-protecao-de-dados\/"},"author":{"name":"Imprensa CNR","@id":"https:\/\/cnr.org.br\/novoportal\/#\/schema\/person\/1f46209cd8c9d3d9887a0765b64ca66b"},"headline":"Plen\u00e1rio aprova texto principal de MP sobre prote\u00e7\u00e3o de dados","datePublished":"2019-05-30T18:00:06+00:00","mainEntityOfPage":{"@id":"https:\/\/cnr.org.br\/novoportal\/plenario-aprova-texto-principal-de-mp-sobre-protecao-de-dados\/"},"wordCount":159,"publisher":{"@id":"https:\/\/cnr.org.br\/novoportal\/#organization"},"image":{"@id":"https:\/\/cnr.org.br\/novoportal\/plenario-aprova-texto-principal-de-mp-sobre-protecao-de-dados\/#primaryimage"},"thumbnailUrl":"https:\/\/cnr.org.br\/site\/wp-content\/uploads\/2019\/05\/imagem_materia.jpeg","articleSection":["\u00daltimas Not\u00edcias"],"inLanguage":"pt-BR"},{"@type":"WebPage","@id":"https:\/\/cnr.org.br\/novoportal\/plenario-aprova-texto-principal-de-mp-sobre-protecao-de-dados\/","url":"https:\/\/cnr.org.br\/novoportal\/plenario-aprova-texto-principal-de-mp-sobre-protecao-de-dados\/","name":"Plen\u00e1rio aprova texto principal de MP sobre prote\u00e7\u00e3o de dados - CNR","isPartOf":{"@id":"https:\/\/cnr.org.br\/novoportal\/#website"},"primaryImageOfPage":{"@id":"https:\/\/cnr.org.br\/novoportal\/plenario-aprova-texto-principal-de-mp-sobre-protecao-de-dados\/#primaryimage"},"image":{"@id":"https:\/\/cnr.org.br\/novoportal\/plenario-aprova-texto-principal-de-mp-sobre-protecao-de-dados\/#primaryimage"},"thumbnailUrl":"https:\/\/cnr.org.br\/site\/wp-content\/uploads\/2019\/05\/imagem_materia.jpeg","datePublished":"2019-05-30T18:00:06+00:00","breadcrumb":{"@id":"https:\/\/cnr.org.br\/novoportal\/plenario-aprova-texto-principal-de-mp-sobre-protecao-de-dados\/#breadcrumb"},"inLanguage":"pt-BR","potentialAction":[{"@type":"ReadAction","target":["https:\/\/cnr.org.br\/novoportal\/plenario-aprova-texto-principal-de-mp-sobre-protecao-de-dados\/"]}]},{"@type":"ImageObject","inLanguage":"pt-BR","@id":"https:\/\/cnr.org.br\/novoportal\/plenario-aprova-texto-principal-de-mp-sobre-protecao-de-dados\/#primaryimage","url":"https:\/\/cnr.org.br\/site\/wp-content\/uploads\/2019\/05\/imagem_materia.jpeg","contentUrl":"https:\/\/cnr.org.br\/site\/wp-content\/uploads\/2019\/05\/imagem_materia.jpeg","width":860,"height":570},{"@type":"BreadcrumbList","@id":"https:\/\/cnr.org.br\/novoportal\/plenario-aprova-texto-principal-de-mp-sobre-protecao-de-dados\/#breadcrumb","itemListElement":[{"@type":"ListItem","position":1,"name":"In\u00edcio","item":"https:\/\/cnr.org.br\/site\/"},{"@type":"ListItem","position":2,"name":"Plen\u00e1rio aprova texto principal de MP sobre prote\u00e7\u00e3o de dados"}]},{"@type":"WebSite","@id":"https:\/\/cnr.org.br\/novoportal\/#website","url":"https:\/\/cnr.org.br\/novoportal\/","name":"CNR","description":"Confedera\u00e7\u00e3o Nacional de Not\u00e1rios e Registradores","publisher":{"@id":"https:\/\/cnr.org.br\/novoportal\/#organization"},"potentialAction":[{"@type":"SearchAction","target":{"@type":"EntryPoint","urlTemplate":"https:\/\/cnr.org.br\/novoportal\/?s={search_term_string}"},"query-input":{"@type":"PropertyValueSpecification","valueRequired":true,"valueName":"search_term_string"}}],"inLanguage":"pt-BR"},{"@type":"Organization","@id":"https:\/\/cnr.org.br\/novoportal\/#organization","name":"CNR","url":"https:\/\/cnr.org.br\/novoportal\/","logo":{"@type":"ImageObject","inLanguage":"pt-BR","@id":"https:\/\/cnr.org.br\/novoportal\/#\/schema\/logo\/image\/","url":"https:\/\/cnr.org.br\/site\/wp-content\/uploads\/2026\/02\/Logo_CNR_completa_colorida_2024.png","contentUrl":"https:\/\/cnr.org.br\/site\/wp-content\/uploads\/2026\/02\/Logo_CNR_completa_colorida_2024.png","width":910,"height":450,"caption":"CNR"},"image":{"@id":"https:\/\/cnr.org.br\/novoportal\/#\/schema\/logo\/image\/"}},{"@type":"Person","@id":"https:\/\/cnr.org.br\/novoportal\/#\/schema\/person\/1f46209cd8c9d3d9887a0765b64ca66b","name":"Imprensa CNR","sameAs":["https:\/\/cnr.org.br\/site"],"url":"https:\/\/cnr.org.br\/site\/author\/imprensa\/"}]}},"_links":{"self":[{"href":"https:\/\/cnr.org.br\/site\/wp-json\/wp\/v2\/posts\/14919","targetHints":{"allow":["GET"]}}],"collection":[{"href":"https:\/\/cnr.org.br\/site\/wp-json\/wp\/v2\/posts"}],"about":[{"href":"https:\/\/cnr.org.br\/site\/wp-json\/wp\/v2\/types\/post"}],"author":[{"embeddable":true,"href":"https:\/\/cnr.org.br\/site\/wp-json\/wp\/v2\/users\/2"}],"replies":[{"embeddable":true,"href":"https:\/\/cnr.org.br\/site\/wp-json\/wp\/v2\/comments?post=14919"}],"version-history":[{"count":0,"href":"https:\/\/cnr.org.br\/site\/wp-json\/wp\/v2\/posts\/14919\/revisions"}],"wp:featuredmedia":[{"embeddable":true,"href":"https:\/\/cnr.org.br\/site\/wp-json\/wp\/v2\/media\/14920"}],"wp:attachment":[{"href":"https:\/\/cnr.org.br\/site\/wp-json\/wp\/v2\/media?parent=14919"}],"wp:term":[{"taxonomy":"category","embeddable":true,"href":"https:\/\/cnr.org.br\/site\/wp-json\/wp\/v2\/categories?post=14919"},{"taxonomy":"post_tag","embeddable":true,"href":"https:\/\/cnr.org.br\/site\/wp-json\/wp\/v2\/tags?post=14919"}],"curies":[{"name":"wp","href":"https:\/\/api.w.org\/{rel}","templated":true}]}}