{"id":14926,"date":"2019-05-30T15:12:22","date_gmt":"2019-05-30T18:12:22","guid":{"rendered":"https:\/\/cnr.org.br\/site\/?p=14926"},"modified":"2019-05-30T15:12:22","modified_gmt":"2019-05-30T18:12:22","slug":"recivil-e-intimado-a-realizar-eleicao-sindical","status":"publish","type":"post","link":"https:\/\/cnr.org.br\/site\/recivil-e-intimado-a-realizar-eleicao-sindical\/","title":{"rendered":"Recivil \u00e9 intimado a realizar elei\u00e7\u00e3o sindical"},"content":{"rendered":"<div id=\"dslc-theme-content\"><div id=\"dslc-theme-content-inner\"><div class=\"page_chamada\">\n<h5><em><strong>A data prov\u00e1vel para o pleito \u00e9 dia 18 de junho de 2019.<\/strong><\/em><\/h5>\n<p>&nbsp;<\/p>\n<\/div>\n<div class=\"page_content\">\n<p>No dia 21 de maio de 2019, o Recivil, representado pela Junta de Interventores, foi intimado judicialmente \u201cpara proceder \u00e0 realiza\u00e7\u00e3o da elei\u00e7\u00e3o, como determinado no processo principal, no prazo de 30 dias, considerando-se a \u00fanica chapa inscrita Renova\u00e7\u00e3o Recivil, cuja posse, caso declarada vencedora do pleito, se dar\u00e1 na forma do Estatuto do referido sindicato, momento em que se desconstituir\u00e1 a junta interventora\u201d.<\/p>\n<p>Por esse motivo, o Sindicato informa aos seus filiados que a prov\u00e1vel data da realiza\u00e7\u00e3o da elei\u00e7\u00e3o \u00e9 18 de junho de 2019, ter\u00e7a-feira, na sede do Recivil, em hor\u00e1rio ainda a ser divulgado atrav\u00e9s do Edital de Convoca\u00e7\u00e3o.<\/p>\n<p>Por fim, a Junta de Interventores comunica que j\u00e1 est\u00e1 tomando as provid\u00eancias necess\u00e1rias para a realiza\u00e7\u00e3o da elei\u00e7\u00e3o.<\/p>\n<p>Veja a\u00a0<a href=\"http:\/\/www.recivil.com.br\/app\/webroot\/files\/uploads\/arquivos%20site\/Decis%C3%A3o%20-%20Processo%20eleitoral%20RECIVIL.pdf\">\u00edntegra da intima\u00e7\u00e3o<\/a>.<\/p>\n<p>&nbsp;<\/p>\n<p>&nbsp;<\/p>\n<p><strong>Fonte:<\/strong>\u00a0Recivil<\/p>\n<\/div>\n<\/div><\/div>","protected":false},"excerpt":{"rendered":"<p>A data prov\u00e1vel para o pleito \u00e9 dia 18 de junho de 2019. &nbsp; No dia 21 de maio de 2019, o Recivil, representado pela Junta de Interventores, foi intimado judicialmente \u201cpara proceder \u00e0 realiza\u00e7\u00e3o da elei\u00e7\u00e3o, como determinado no processo principal, no prazo de 30 dias, considerando-se a \u00fanica chapa inscrita Renova\u00e7\u00e3o Recivil, cuja [&hellip;]<\/p>\n","protected":false},"author":2,"featured_media":14930,"comment_status":"closed","ping_status":"closed","sticky":false,"template":"","format":"standard","meta":{"footnotes":"","_links_to":"","_links_to_target":""},"categories":[47],"tags":[],"class_list":["post-14926","post","type-post","status-publish","format-standard","has-post-thumbnail","hentry","category-ultimas-noticias"],"yoast_head":"<!-- This site is optimized with the Yoast SEO plugin v28.4 - https:\/\/yoast.com\/product\/yoast-seo-wordpress\/ -->\n<title>Recivil \u00e9 intimado a realizar elei\u00e7\u00e3o sindical - CNR<\/title>\n<meta name=\"robots\" content=\"index, follow, max-snippet:-1, max-image-preview:large, max-video-preview:-1\" \/>\n<link rel=\"canonical\" href=\"https:\/\/cnr.org.br\/novoportal\/recivil-e-intimado-a-realizar-eleicao-sindical\/\" \/>\n<meta property=\"og:locale\" content=\"pt_BR\" \/>\n<meta property=\"og:type\" content=\"article\" \/>\n<meta property=\"og:title\" content=\"Recivil \u00e9 intimado a realizar elei\u00e7\u00e3o sindical - CNR\" \/>\n<meta property=\"og:description\" content=\"A data prov\u00e1vel para o pleito \u00e9 dia 18 de junho de 2019. &nbsp; No dia 21 de maio de 2019, o Recivil, representado pela Junta de Interventores, foi intimado judicialmente \u201cpara proceder \u00e0 realiza\u00e7\u00e3o da elei\u00e7\u00e3o, como determinado no processo principal, no prazo de 30 dias, considerando-se a \u00fanica chapa inscrita Renova\u00e7\u00e3o Recivil, cuja [&hellip;]\" \/>\n<meta property=\"og:url\" content=\"https:\/\/cnr.org.br\/novoportal\/recivil-e-intimado-a-realizar-eleicao-sindical\/\" \/>\n<meta property=\"og:site_name\" content=\"CNR\" \/>\n<meta property=\"article:published_time\" content=\"2019-05-30T18:12:22+00:00\" \/>\n<meta property=\"og:image\" content=\"https:\/\/cnr.org.br\/novoportal\/wp-content\/uploads\/2019\/05\/Urnas-1.jpg\" \/>\n\t<meta property=\"og:image:width\" content=\"448\" \/>\n\t<meta property=\"og:image:height\" content=\"269\" \/>\n\t<meta property=\"og:image:type\" content=\"image\/jpeg\" \/>\n<meta name=\"author\" content=\"Imprensa CNR\" \/>\n<meta name=\"twitter:card\" content=\"summary_large_image\" \/>\n<meta name=\"twitter:label1\" content=\"Escrito por\" \/>\n\t<meta name=\"twitter:data1\" content=\"Imprensa CNR\" \/>\n\t<meta name=\"twitter:label2\" content=\"Est. tempo de leitura\" \/>\n\t<meta name=\"twitter:data2\" content=\"1 minuto\" \/>\n<script type=\"application\/ld+json\" class=\"yoast-schema-graph\">{\"@context\":\"https:\\\/\\\/schema.org\",\"@graph\":[{\"@type\":\"Article\",\"@id\":\"https:\\\/\\\/cnr.org.br\\\/novoportal\\\/recivil-e-intimado-a-realizar-eleicao-sindical\\\/#article\",\"isPartOf\":{\"@id\":\"https:\\\/\\\/cnr.org.br\\\/novoportal\\\/recivil-e-intimado-a-realizar-eleicao-sindical\\\/\"},\"author\":{\"name\":\"Imprensa CNR\",\"@id\":\"https:\\\/\\\/cnr.org.br\\\/novoportal\\\/#\\\/schema\\\/person\\\/1f46209cd8c9d3d9887a0765b64ca66b\"},\"headline\":\"Recivil \u00e9 intimado a realizar elei\u00e7\u00e3o sindical\",\"datePublished\":\"2019-05-30T18:12:22+00:00\",\"mainEntityOfPage\":{\"@id\":\"https:\\\/\\\/cnr.org.br\\\/novoportal\\\/recivil-e-intimado-a-realizar-eleicao-sindical\\\/\"},\"wordCount\":158,\"publisher\":{\"@id\":\"https:\\\/\\\/cnr.org.br\\\/novoportal\\\/#organization\"},\"image\":{\"@id\":\"https:\\\/\\\/cnr.org.br\\\/novoportal\\\/recivil-e-intimado-a-realizar-eleicao-sindical\\\/#primaryimage\"},\"thumbnailUrl\":\"https:\\\/\\\/cnr.org.br\\\/site\\\/wp-content\\\/uploads\\\/2019\\\/05\\\/Urnas-1.jpg\",\"articleSection\":[\"\u00daltimas Not\u00edcias\"],\"inLanguage\":\"pt-BR\"},{\"@type\":\"WebPage\",\"@id\":\"https:\\\/\\\/cnr.org.br\\\/novoportal\\\/recivil-e-intimado-a-realizar-eleicao-sindical\\\/\",\"url\":\"https:\\\/\\\/cnr.org.br\\\/novoportal\\\/recivil-e-intimado-a-realizar-eleicao-sindical\\\/\",\"name\":\"Recivil \u00e9 intimado a realizar elei\u00e7\u00e3o sindical - CNR\",\"isPartOf\":{\"@id\":\"https:\\\/\\\/cnr.org.br\\\/novoportal\\\/#website\"},\"primaryImageOfPage\":{\"@id\":\"https:\\\/\\\/cnr.org.br\\\/novoportal\\\/recivil-e-intimado-a-realizar-eleicao-sindical\\\/#primaryimage\"},\"image\":{\"@id\":\"https:\\\/\\\/cnr.org.br\\\/novoportal\\\/recivil-e-intimado-a-realizar-eleicao-sindical\\\/#primaryimage\"},\"thumbnailUrl\":\"https:\\\/\\\/cnr.org.br\\\/site\\\/wp-content\\\/uploads\\\/2019\\\/05\\\/Urnas-1.jpg\",\"datePublished\":\"2019-05-30T18:12:22+00:00\",\"breadcrumb\":{\"@id\":\"https:\\\/\\\/cnr.org.br\\\/novoportal\\\/recivil-e-intimado-a-realizar-eleicao-sindical\\\/#breadcrumb\"},\"inLanguage\":\"pt-BR\",\"potentialAction\":[{\"@type\":\"ReadAction\",\"target\":[\"https:\\\/\\\/cnr.org.br\\\/novoportal\\\/recivil-e-intimado-a-realizar-eleicao-sindical\\\/\"]}]},{\"@type\":\"ImageObject\",\"inLanguage\":\"pt-BR\",\"@id\":\"https:\\\/\\\/cnr.org.br\\\/novoportal\\\/recivil-e-intimado-a-realizar-eleicao-sindical\\\/#primaryimage\",\"url\":\"https:\\\/\\\/cnr.org.br\\\/site\\\/wp-content\\\/uploads\\\/2019\\\/05\\\/Urnas-1.jpg\",\"contentUrl\":\"https:\\\/\\\/cnr.org.br\\\/site\\\/wp-content\\\/uploads\\\/2019\\\/05\\\/Urnas-1.jpg\",\"width\":448,\"height\":269},{\"@type\":\"BreadcrumbList\",\"@id\":\"https:\\\/\\\/cnr.org.br\\\/novoportal\\\/recivil-e-intimado-a-realizar-eleicao-sindical\\\/#breadcrumb\",\"itemListElement\":[{\"@type\":\"ListItem\",\"position\":1,\"name\":\"In\u00edcio\",\"item\":\"https:\\\/\\\/cnr.org.br\\\/site\\\/\"},{\"@type\":\"ListItem\",\"position\":2,\"name\":\"Recivil \u00e9 intimado a realizar elei\u00e7\u00e3o sindical\"}]},{\"@type\":\"WebSite\",\"@id\":\"https:\\\/\\\/cnr.org.br\\\/novoportal\\\/#website\",\"url\":\"https:\\\/\\\/cnr.org.br\\\/novoportal\\\/\",\"name\":\"CNR\",\"description\":\"Confedera\u00e7\u00e3o Nacional de Not\u00e1rios e Registradores\",\"publisher\":{\"@id\":\"https:\\\/\\\/cnr.org.br\\\/novoportal\\\/#organization\"},\"potentialAction\":[{\"@type\":\"SearchAction\",\"target\":{\"@type\":\"EntryPoint\",\"urlTemplate\":\"https:\\\/\\\/cnr.org.br\\\/novoportal\\\/?s={search_term_string}\"},\"query-input\":{\"@type\":\"PropertyValueSpecification\",\"valueRequired\":true,\"valueName\":\"search_term_string\"}}],\"inLanguage\":\"pt-BR\"},{\"@type\":\"Organization\",\"@id\":\"https:\\\/\\\/cnr.org.br\\\/novoportal\\\/#organization\",\"name\":\"CNR\",\"url\":\"https:\\\/\\\/cnr.org.br\\\/novoportal\\\/\",\"logo\":{\"@type\":\"ImageObject\",\"inLanguage\":\"pt-BR\",\"@id\":\"https:\\\/\\\/cnr.org.br\\\/novoportal\\\/#\\\/schema\\\/logo\\\/image\\\/\",\"url\":\"https:\\\/\\\/cnr.org.br\\\/site\\\/wp-content\\\/uploads\\\/2026\\\/02\\\/Logo_CNR_completa_colorida_2024.png\",\"contentUrl\":\"https:\\\/\\\/cnr.org.br\\\/site\\\/wp-content\\\/uploads\\\/2026\\\/02\\\/Logo_CNR_completa_colorida_2024.png\",\"width\":910,\"height\":450,\"caption\":\"CNR\"},\"image\":{\"@id\":\"https:\\\/\\\/cnr.org.br\\\/novoportal\\\/#\\\/schema\\\/logo\\\/image\\\/\"}},{\"@type\":\"Person\",\"@id\":\"https:\\\/\\\/cnr.org.br\\\/novoportal\\\/#\\\/schema\\\/person\\\/1f46209cd8c9d3d9887a0765b64ca66b\",\"name\":\"Imprensa CNR\",\"sameAs\":[\"https:\\\/\\\/cnr.org.br\\\/site\"],\"url\":\"https:\\\/\\\/cnr.org.br\\\/site\\\/author\\\/imprensa\\\/\"}]}<\/script>\n<!-- \/ Yoast SEO plugin. -->","yoast_head_json":{"title":"Recivil \u00e9 intimado a realizar elei\u00e7\u00e3o sindical - CNR","robots":{"index":"index","follow":"follow","max-snippet":"max-snippet:-1","max-image-preview":"max-image-preview:large","max-video-preview":"max-video-preview:-1"},"canonical":"https:\/\/cnr.org.br\/novoportal\/recivil-e-intimado-a-realizar-eleicao-sindical\/","og_locale":"pt_BR","og_type":"article","og_title":"Recivil \u00e9 intimado a realizar elei\u00e7\u00e3o sindical - CNR","og_description":"A data prov\u00e1vel para o pleito \u00e9 dia 18 de junho de 2019. &nbsp; No dia 21 de maio de 2019, o Recivil, representado pela Junta de Interventores, foi intimado judicialmente \u201cpara proceder \u00e0 realiza\u00e7\u00e3o da elei\u00e7\u00e3o, como determinado no processo principal, no prazo de 30 dias, considerando-se a \u00fanica chapa inscrita Renova\u00e7\u00e3o Recivil, cuja [&hellip;]","og_url":"https:\/\/cnr.org.br\/novoportal\/recivil-e-intimado-a-realizar-eleicao-sindical\/","og_site_name":"CNR","article_published_time":"2019-05-30T18:12:22+00:00","og_image":[{"width":448,"height":269,"url":"https:\/\/cnr.org.br\/novoportal\/wp-content\/uploads\/2019\/05\/Urnas-1.jpg","type":"image\/jpeg"}],"author":"Imprensa CNR","twitter_card":"summary_large_image","twitter_misc":{"Escrito por":"Imprensa CNR","Est. tempo de leitura":"1 minuto"},"schema":{"@context":"https:\/\/schema.org","@graph":[{"@type":"Article","@id":"https:\/\/cnr.org.br\/novoportal\/recivil-e-intimado-a-realizar-eleicao-sindical\/#article","isPartOf":{"@id":"https:\/\/cnr.org.br\/novoportal\/recivil-e-intimado-a-realizar-eleicao-sindical\/"},"author":{"name":"Imprensa CNR","@id":"https:\/\/cnr.org.br\/novoportal\/#\/schema\/person\/1f46209cd8c9d3d9887a0765b64ca66b"},"headline":"Recivil \u00e9 intimado a realizar elei\u00e7\u00e3o sindical","datePublished":"2019-05-30T18:12:22+00:00","mainEntityOfPage":{"@id":"https:\/\/cnr.org.br\/novoportal\/recivil-e-intimado-a-realizar-eleicao-sindical\/"},"wordCount":158,"publisher":{"@id":"https:\/\/cnr.org.br\/novoportal\/#organization"},"image":{"@id":"https:\/\/cnr.org.br\/novoportal\/recivil-e-intimado-a-realizar-eleicao-sindical\/#primaryimage"},"thumbnailUrl":"https:\/\/cnr.org.br\/site\/wp-content\/uploads\/2019\/05\/Urnas-1.jpg","articleSection":["\u00daltimas Not\u00edcias"],"inLanguage":"pt-BR"},{"@type":"WebPage","@id":"https:\/\/cnr.org.br\/novoportal\/recivil-e-intimado-a-realizar-eleicao-sindical\/","url":"https:\/\/cnr.org.br\/novoportal\/recivil-e-intimado-a-realizar-eleicao-sindical\/","name":"Recivil \u00e9 intimado a realizar elei\u00e7\u00e3o sindical - CNR","isPartOf":{"@id":"https:\/\/cnr.org.br\/novoportal\/#website"},"primaryImageOfPage":{"@id":"https:\/\/cnr.org.br\/novoportal\/recivil-e-intimado-a-realizar-eleicao-sindical\/#primaryimage"},"image":{"@id":"https:\/\/cnr.org.br\/novoportal\/recivil-e-intimado-a-realizar-eleicao-sindical\/#primaryimage"},"thumbnailUrl":"https:\/\/cnr.org.br\/site\/wp-content\/uploads\/2019\/05\/Urnas-1.jpg","datePublished":"2019-05-30T18:12:22+00:00","breadcrumb":{"@id":"https:\/\/cnr.org.br\/novoportal\/recivil-e-intimado-a-realizar-eleicao-sindical\/#breadcrumb"},"inLanguage":"pt-BR","potentialAction":[{"@type":"ReadAction","target":["https:\/\/cnr.org.br\/novoportal\/recivil-e-intimado-a-realizar-eleicao-sindical\/"]}]},{"@type":"ImageObject","inLanguage":"pt-BR","@id":"https:\/\/cnr.org.br\/novoportal\/recivil-e-intimado-a-realizar-eleicao-sindical\/#primaryimage","url":"https:\/\/cnr.org.br\/site\/wp-content\/uploads\/2019\/05\/Urnas-1.jpg","contentUrl":"https:\/\/cnr.org.br\/site\/wp-content\/uploads\/2019\/05\/Urnas-1.jpg","width":448,"height":269},{"@type":"BreadcrumbList","@id":"https:\/\/cnr.org.br\/novoportal\/recivil-e-intimado-a-realizar-eleicao-sindical\/#breadcrumb","itemListElement":[{"@type":"ListItem","position":1,"name":"In\u00edcio","item":"https:\/\/cnr.org.br\/site\/"},{"@type":"ListItem","position":2,"name":"Recivil \u00e9 intimado a realizar elei\u00e7\u00e3o sindical"}]},{"@type":"WebSite","@id":"https:\/\/cnr.org.br\/novoportal\/#website","url":"https:\/\/cnr.org.br\/novoportal\/","name":"CNR","description":"Confedera\u00e7\u00e3o Nacional de Not\u00e1rios e Registradores","publisher":{"@id":"https:\/\/cnr.org.br\/novoportal\/#organization"},"potentialAction":[{"@type":"SearchAction","target":{"@type":"EntryPoint","urlTemplate":"https:\/\/cnr.org.br\/novoportal\/?s={search_term_string}"},"query-input":{"@type":"PropertyValueSpecification","valueRequired":true,"valueName":"search_term_string"}}],"inLanguage":"pt-BR"},{"@type":"Organization","@id":"https:\/\/cnr.org.br\/novoportal\/#organization","name":"CNR","url":"https:\/\/cnr.org.br\/novoportal\/","logo":{"@type":"ImageObject","inLanguage":"pt-BR","@id":"https:\/\/cnr.org.br\/novoportal\/#\/schema\/logo\/image\/","url":"https:\/\/cnr.org.br\/site\/wp-content\/uploads\/2026\/02\/Logo_CNR_completa_colorida_2024.png","contentUrl":"https:\/\/cnr.org.br\/site\/wp-content\/uploads\/2026\/02\/Logo_CNR_completa_colorida_2024.png","width":910,"height":450,"caption":"CNR"},"image":{"@id":"https:\/\/cnr.org.br\/novoportal\/#\/schema\/logo\/image\/"}},{"@type":"Person","@id":"https:\/\/cnr.org.br\/novoportal\/#\/schema\/person\/1f46209cd8c9d3d9887a0765b64ca66b","name":"Imprensa CNR","sameAs":["https:\/\/cnr.org.br\/site"],"url":"https:\/\/cnr.org.br\/site\/author\/imprensa\/"}]}},"_links":{"self":[{"href":"https:\/\/cnr.org.br\/site\/wp-json\/wp\/v2\/posts\/14926","targetHints":{"allow":["GET"]}}],"collection":[{"href":"https:\/\/cnr.org.br\/site\/wp-json\/wp\/v2\/posts"}],"about":[{"href":"https:\/\/cnr.org.br\/site\/wp-json\/wp\/v2\/types\/post"}],"author":[{"embeddable":true,"href":"https:\/\/cnr.org.br\/site\/wp-json\/wp\/v2\/users\/2"}],"replies":[{"embeddable":true,"href":"https:\/\/cnr.org.br\/site\/wp-json\/wp\/v2\/comments?post=14926"}],"version-history":[{"count":0,"href":"https:\/\/cnr.org.br\/site\/wp-json\/wp\/v2\/posts\/14926\/revisions"}],"wp:featuredmedia":[{"embeddable":true,"href":"https:\/\/cnr.org.br\/site\/wp-json\/wp\/v2\/media\/14930"}],"wp:attachment":[{"href":"https:\/\/cnr.org.br\/site\/wp-json\/wp\/v2\/media?parent=14926"}],"wp:term":[{"taxonomy":"category","embeddable":true,"href":"https:\/\/cnr.org.br\/site\/wp-json\/wp\/v2\/categories?post=14926"},{"taxonomy":"post_tag","embeddable":true,"href":"https:\/\/cnr.org.br\/site\/wp-json\/wp\/v2\/tags?post=14926"}],"curies":[{"name":"wp","href":"https:\/\/api.w.org\/{rel}","templated":true}]}}