{"id":14938,"date":"2019-06-04T09:59:04","date_gmt":"2019-06-04T12:59:04","guid":{"rendered":"https:\/\/cnr.org.br\/site\/?p=14938"},"modified":"2019-06-05T12:16:39","modified_gmt":"2019-06-05T15:16:39","slug":"cinco-praias-para-conferir-em-natal-rn-durante-a-concart-2019","status":"publish","type":"post","link":"https:\/\/cnr.org.br\/site\/cinco-praias-para-conferir-em-natal-rn-durante-a-concart-2019\/","title":{"rendered":"Cinco praias para conferir em Natal-RN durante a Concart 2019"},"content":{"rendered":"<div id=\"dslc-theme-content\"><div id=\"dslc-theme-content-inner\"><p><i><span style=\"font-weight: 400;\">No dia 06 de junho inicia mais uma Concart, al\u00e9m de temas relacionados \u00e0 profiss\u00e3o a programa\u00e7\u00e3o possui tamb\u00e9m hor\u00e1rios livres para aproveitar a beleza natural da cidade<\/span><\/i><\/p>\n<p>&nbsp;<\/p>\n<p><span style=\"font-weight: 400;\">Nesta quinta-feira (06) inicia a II Confer\u00eancia Nacional dos Cart\u00f3rios (Concart 2019), em Natal-RN, no Serhs Natal Grand Hotel. Promovido pela Confedera\u00e7\u00e3o Nacional de Not\u00e1rios e Registradores (CNR), temas importantes para a classe notarial e registral est\u00e3o na programa\u00e7\u00e3o do evento. Al\u00e9m das palestras, hor\u00e1rios livres para conhecer a cidade tamb\u00e9m est\u00e3o no roteiro. Confira a seguir cinco pontos tur\u00edsticos da cidade para conhecer nesta viagem.<\/span><\/p>\n<p>&nbsp;<\/p>\n<h5><b>1 - Praia de Ponta Negra<\/b><\/h5>\n<p><span style=\"font-weight: 400;\">Natal \u00e9 conhecida por suas praias deslumbrantes e por seu clima, que \u00e9 de ver\u00e3o o ano todo. Localizada no Bairro de Ponta Negra, a Praia de Ponta Negra atrai turistas de todos os lugares. O local fica a apenas 2 km do hotel da <a href=\"https:\/\/www.serhsnatalgrandhotel.com\/\">Concart<\/a>, ou seja, ideal para quem quiser conhecer. A regi\u00e3o \u00e9 cercada por restaurantes com a comida local e bares.<\/span><\/p>\n<div id=\"attachment_14942\" style=\"width: 585px\" class=\"wp-caption aligncenter\"><img loading=\"lazy\" decoding=\"async\" aria-describedby=\"caption-attachment-14942\" class=\"size-full wp-image-14942\" src=\"https:\/\/cnr.org.br\/site\/wp-content\/uploads\/2019\/05\/Ponte-Negra.jpg\" alt=\"\" width=\"575\" height=\"371\" srcset=\"https:\/\/cnr.org.br\/site\/wp-content\/uploads\/2019\/05\/Ponte-Negra.jpg 575w, https:\/\/cnr.org.br\/site\/wp-content\/uploads\/2019\/05\/Ponte-Negra-300x194.jpg 300w\" sizes=\"auto, (max-width: 575px) 100vw, 575px\" \/><p id=\"caption-attachment-14942\" class=\"wp-caption-text\">Foto: Serhs Natal Grand Hotel - Praia mais pr\u00f3xima do local da Concart 2019.<\/p><\/div>\n<p>&nbsp;<\/p>\n<h5><b>2 \u2013 Praia da Areia Preta<\/b><\/h5>\n<p><span style=\"font-weight: 400;\">Segunda praia mais pr\u00f3xima do hotel que ir\u00e1 recepcionar a concart, a Praia da Areia Preta est\u00e1 a 9 km do local. O local \u00e9 um dos cart\u00f5es postais de Natal, sem d\u00favida, uma atra\u00e7\u00e3o que deve ser vista. Um dos destaques da regi\u00e3o \u00e9 o famoso Farol da M\u00e3e Luiza, nome dado em homenagem a uma velha parteira do bairro.<\/span><\/p>\n<div id=\"attachment_14943\" style=\"width: 585px\" class=\"wp-caption aligncenter\"><img loading=\"lazy\" decoding=\"async\" aria-describedby=\"caption-attachment-14943\" class=\"size-full wp-image-14943\" src=\"https:\/\/cnr.org.br\/site\/wp-content\/uploads\/2019\/05\/Praia-Preta.jpg\" alt=\"\" width=\"575\" height=\"371\" srcset=\"https:\/\/cnr.org.br\/site\/wp-content\/uploads\/2019\/05\/Praia-Preta.jpg 575w, https:\/\/cnr.org.br\/site\/wp-content\/uploads\/2019\/05\/Praia-Preta-300x194.jpg 300w\" sizes=\"auto, (max-width: 575px) 100vw, 575px\" \/><p id=\"caption-attachment-14943\" class=\"wp-caption-text\">Foto: Serhs Natal Grand Hotel.<\/p><\/div>\n<h5><b>3 \u2013 Praia dos Artistas<\/b><\/h5>\n<p><span style=\"font-weight: 400;\">Tamb\u00e9m pr\u00f3ximo do local do evento da Concart, a Praia dos Artistas est\u00e1 fica a dez minutos de carro do Serhs Natal Grand Hotel. O espa\u00e7o cont\u00e9m bares, restaurantes e centros de artesanato. O ponto destaque desta praia \u00e9 o Hotel dos Reis Magos, primeiro hotel de luxo de Natal \u2013 que atualmente n\u00e3o est\u00e1 em funcionamento.<\/span><\/p>\n<div id=\"attachment_14940\" style=\"width: 585px\" class=\"wp-caption aligncenter\"><img loading=\"lazy\" decoding=\"async\" aria-describedby=\"caption-attachment-14940\" class=\"size-full wp-image-14940\" src=\"https:\/\/cnr.org.br\/site\/wp-content\/uploads\/2019\/05\/content_imgsxml_galerias_panel_experiencesdetail_4_pre-hotel-reis-magos369.jpg\" alt=\"\" width=\"575\" height=\"371\" srcset=\"https:\/\/cnr.org.br\/site\/wp-content\/uploads\/2019\/05\/content_imgsxml_galerias_panel_experiencesdetail_4_pre-hotel-reis-magos369.jpg 575w, https:\/\/cnr.org.br\/site\/wp-content\/uploads\/2019\/05\/content_imgsxml_galerias_panel_experiencesdetail_4_pre-hotel-reis-magos369-300x194.jpg 300w\" sizes=\"auto, (max-width: 575px) 100vw, 575px\" \/><p id=\"caption-attachment-14940\" class=\"wp-caption-text\">Foto: Serhs Natal Grand Hotel.<\/p><\/div>\n<h5><b>4 \u2013 Praia do Forte<\/b><\/h5>\n<p><span style=\"font-weight: 400;\">A Praia do Forte fica localizada no bairro de Santos Reis. Passeio vi\u00e1vel para quem vai na Concat, visto que, fica a 12 km do hotel da Confer\u00eancia. A atra\u00e7\u00e3o principal do local \u00e9 o Forte dos Reis Magos \u2013 edifica\u00e7\u00e3o militar constru\u00edda em 1567.<\/span><\/p>\n<div id=\"attachment_14941\" style=\"width: 585px\" class=\"wp-caption aligncenter\"><img loading=\"lazy\" decoding=\"async\" aria-describedby=\"caption-attachment-14941\" class=\"size-full wp-image-14941\" src=\"https:\/\/cnr.org.br\/site\/wp-content\/uploads\/2019\/05\/content_imgsxml_galerias_panel_experiencesdetail_5_pre-forte-reis-magos152.jpg\" alt=\"\" width=\"575\" height=\"371\" srcset=\"https:\/\/cnr.org.br\/site\/wp-content\/uploads\/2019\/05\/content_imgsxml_galerias_panel_experiencesdetail_5_pre-forte-reis-magos152.jpg 575w, https:\/\/cnr.org.br\/site\/wp-content\/uploads\/2019\/05\/content_imgsxml_galerias_panel_experiencesdetail_5_pre-forte-reis-magos152-300x194.jpg 300w\" sizes=\"auto, (max-width: 575px) 100vw, 575px\" \/><p id=\"caption-attachment-14941\" class=\"wp-caption-text\">Foto: Serhs Natal Grand Hotel<\/p><\/div>\n<h5><b>Programa\u00e7\u00e3o da Concart 2019 em Natal<\/b><\/h5>\n<p><span style=\"font-weight: 400;\">Para quem vai a Confer\u00eancia, o ideal \u00e9 se programar com anteced\u00eancia, para conseguir aproveitar ao m\u00e1ximo a viagem. O evento ocorre entre os dias 06 e 09 de junho, sendo que, o s\u00e1bado das 12h em diante e o domingo ser\u00e3o livres para os participantes. Aproveite para conhecer esses locais que s\u00e3o refer\u00eancia tur\u00edstica no pa\u00eds.<\/span><\/p>\n<p>&nbsp;<\/p>\n<p><span style=\"font-weight: 400;\">Nomes importantes j\u00e1 est\u00e3o confirmados para como <a href=\"https:\/\/cnr.org.br\/site\/confira-os-palestrantes-que-ja-estao-confirmados-para-a-concart-2019\/\">palestrantes<\/a> do evento. Sem d\u00favida, ser\u00e1 um dos maiores eventos do setor no Brasil.<\/span><\/p>\n<p>&nbsp;<\/p>\n<p><span style=\"font-weight: 400;\">N\u00e3o deixe de confirmar sua presen\u00e7a no evento criado no <a href=\"https:\/\/business.facebook.com\/confederacaonacionaldenotarioseregistradores\/?business_id=412216252476857\">Facebook<\/a>. E durante a Confer\u00eancia use a #concart2019 nas suas postagens no <a href=\"https:\/\/www.instagram.com\/?hl=pt-br\">Instagram<\/a>.<\/span><\/p>\n<\/div><\/div>","protected":false},"excerpt":{"rendered":"<p>No dia 06 de junho inicia mais uma Concart, al\u00e9m de temas relacionados \u00e0 profiss\u00e3o a programa\u00e7\u00e3o possui tamb\u00e9m hor\u00e1rios livres para aproveitar a beleza natural da cidade &nbsp; Nesta quinta-feira (06) inicia a II Confer\u00eancia Nacional dos Cart\u00f3rios (Concart 2019), em Natal-RN, no Serhs Natal Grand Hotel. Promovido pela Confedera\u00e7\u00e3o Nacional de Not\u00e1rios e [&hellip;]<\/p>\n","protected":false},"author":2,"featured_media":14980,"comment_status":"closed","ping_status":"closed","sticky":false,"template":"","format":"standard","meta":{"footnotes":"","_links_to":"","_links_to_target":""},"categories":[525,55,1,47],"tags":[],"class_list":["post-14938","post","type-post","status-publish","format-standard","has-post-thumbnail","hentry","category-home","category-noticia","category-sem-categoria","category-ultimas-noticias"],"yoast_head":"<!-- This site is optimized with the Yoast SEO plugin v28.4 - https:\/\/yoast.com\/product\/yoast-seo-wordpress\/ -->\n<title>Cinco praias para conferir em Natal-RN durante a Concart 2019 - CNR<\/title>\n<meta name=\"description\" content=\"Nesta quinta-feira (06) inicia a II Confer\u00eancia Nacional dos Cart\u00f3rios (Concart 2019), em Natal-RN, no Serhs Natal Grand Hotel.\" \/>\n<meta name=\"robots\" content=\"index, follow, max-snippet:-1, max-image-preview:large, max-video-preview:-1\" \/>\n<link rel=\"canonical\" href=\"https:\/\/cnr.org.br\/novoportal\/cinco-praias-para-conferir-em-natal-rn-durante-a-concart-2019\/\" \/>\n<meta property=\"og:locale\" content=\"pt_BR\" \/>\n<meta property=\"og:type\" content=\"article\" \/>\n<meta property=\"og:title\" content=\"Cinco praias para conferir em Natal-RN durante a Concart 2019 - CNR\" \/>\n<meta property=\"og:description\" content=\"Nesta quinta-feira (06) inicia a II Confer\u00eancia Nacional dos Cart\u00f3rios (Concart 2019), em Natal-RN, no Serhs Natal Grand Hotel.\" \/>\n<meta property=\"og:url\" content=\"https:\/\/cnr.org.br\/novoportal\/cinco-praias-para-conferir-em-natal-rn-durante-a-concart-2019\/\" \/>\n<meta property=\"og:site_name\" content=\"CNR\" \/>\n<meta property=\"article:published_time\" content=\"2019-06-04T12:59:04+00:00\" \/>\n<meta property=\"article:modified_time\" content=\"2019-06-05T15:16:39+00:00\" \/>\n<meta property=\"og:image\" content=\"https:\/\/cnr.org.br\/novoportal\/wp-content\/uploads\/2019\/06\/25_6377-1024x683.jpg\" \/>\n\t<meta property=\"og:image:width\" content=\"1024\" \/>\n\t<meta property=\"og:image:height\" content=\"683\" \/>\n\t<meta property=\"og:image:type\" content=\"image\/jpeg\" \/>\n<meta name=\"author\" content=\"Imprensa CNR\" \/>\n<meta name=\"twitter:card\" content=\"summary_large_image\" \/>\n<meta name=\"twitter:label1\" content=\"Escrito por\" \/>\n\t<meta name=\"twitter:data1\" content=\"Imprensa CNR\" \/>\n\t<meta name=\"twitter:label2\" content=\"Est. tempo de leitura\" \/>\n\t<meta name=\"twitter:data2\" content=\"3 minutos\" \/>\n<script type=\"application\/ld+json\" class=\"yoast-schema-graph\">{\"@context\":\"https:\\\/\\\/schema.org\",\"@graph\":[{\"@type\":\"Article\",\"@id\":\"https:\\\/\\\/cnr.org.br\\\/novoportal\\\/cinco-praias-para-conferir-em-natal-rn-durante-a-concart-2019\\\/#article\",\"isPartOf\":{\"@id\":\"https:\\\/\\\/cnr.org.br\\\/novoportal\\\/cinco-praias-para-conferir-em-natal-rn-durante-a-concart-2019\\\/\"},\"author\":{\"name\":\"Imprensa CNR\",\"@id\":\"https:\\\/\\\/cnr.org.br\\\/novoportal\\\/#\\\/schema\\\/person\\\/1f46209cd8c9d3d9887a0765b64ca66b\"},\"headline\":\"Cinco praias para conferir em Natal-RN durante a Concart 2019\",\"datePublished\":\"2019-06-04T12:59:04+00:00\",\"dateModified\":\"2019-06-05T15:16:39+00:00\",\"mainEntityOfPage\":{\"@id\":\"https:\\\/\\\/cnr.org.br\\\/novoportal\\\/cinco-praias-para-conferir-em-natal-rn-durante-a-concart-2019\\\/\"},\"wordCount\":543,\"publisher\":{\"@id\":\"https:\\\/\\\/cnr.org.br\\\/novoportal\\\/#organization\"},\"image\":{\"@id\":\"https:\\\/\\\/cnr.org.br\\\/novoportal\\\/cinco-praias-para-conferir-em-natal-rn-durante-a-concart-2019\\\/#primaryimage\"},\"thumbnailUrl\":\"https:\\\/\\\/cnr.org.br\\\/site\\\/wp-content\\\/uploads\\\/2019\\\/06\\\/25_6377.jpg\",\"articleSection\":{\"0\":\"Home\",\"1\":\"Not\u00edcia\",\"3\":\"\u00daltimas Not\u00edcias\"},\"inLanguage\":\"pt-BR\"},{\"@type\":\"WebPage\",\"@id\":\"https:\\\/\\\/cnr.org.br\\\/novoportal\\\/cinco-praias-para-conferir-em-natal-rn-durante-a-concart-2019\\\/\",\"url\":\"https:\\\/\\\/cnr.org.br\\\/novoportal\\\/cinco-praias-para-conferir-em-natal-rn-durante-a-concart-2019\\\/\",\"name\":\"Cinco praias para conferir em Natal-RN durante a Concart 2019 - CNR\",\"isPartOf\":{\"@id\":\"https:\\\/\\\/cnr.org.br\\\/novoportal\\\/#website\"},\"primaryImageOfPage\":{\"@id\":\"https:\\\/\\\/cnr.org.br\\\/novoportal\\\/cinco-praias-para-conferir-em-natal-rn-durante-a-concart-2019\\\/#primaryimage\"},\"image\":{\"@id\":\"https:\\\/\\\/cnr.org.br\\\/novoportal\\\/cinco-praias-para-conferir-em-natal-rn-durante-a-concart-2019\\\/#primaryimage\"},\"thumbnailUrl\":\"https:\\\/\\\/cnr.org.br\\\/site\\\/wp-content\\\/uploads\\\/2019\\\/06\\\/25_6377.jpg\",\"datePublished\":\"2019-06-04T12:59:04+00:00\",\"dateModified\":\"2019-06-05T15:16:39+00:00\",\"description\":\"Nesta quinta-feira (06) inicia a II Confer\u00eancia Nacional dos Cart\u00f3rios (Concart 2019), em Natal-RN, no Serhs Natal Grand Hotel.\",\"breadcrumb\":{\"@id\":\"https:\\\/\\\/cnr.org.br\\\/novoportal\\\/cinco-praias-para-conferir-em-natal-rn-durante-a-concart-2019\\\/#breadcrumb\"},\"inLanguage\":\"pt-BR\",\"potentialAction\":[{\"@type\":\"ReadAction\",\"target\":[\"https:\\\/\\\/cnr.org.br\\\/novoportal\\\/cinco-praias-para-conferir-em-natal-rn-durante-a-concart-2019\\\/\"]}]},{\"@type\":\"ImageObject\",\"inLanguage\":\"pt-BR\",\"@id\":\"https:\\\/\\\/cnr.org.br\\\/novoportal\\\/cinco-praias-para-conferir-em-natal-rn-durante-a-concart-2019\\\/#primaryimage\",\"url\":\"https:\\\/\\\/cnr.org.br\\\/site\\\/wp-content\\\/uploads\\\/2019\\\/06\\\/25_6377.jpg\",\"contentUrl\":\"https:\\\/\\\/cnr.org.br\\\/site\\\/wp-content\\\/uploads\\\/2019\\\/06\\\/25_6377.jpg\",\"width\":2964,\"height\":1976,\"caption\":\"Fotos do RN.\"},{\"@type\":\"BreadcrumbList\",\"@id\":\"https:\\\/\\\/cnr.org.br\\\/novoportal\\\/cinco-praias-para-conferir-em-natal-rn-durante-a-concart-2019\\\/#breadcrumb\",\"itemListElement\":[{\"@type\":\"ListItem\",\"position\":1,\"name\":\"In\u00edcio\",\"item\":\"https:\\\/\\\/cnr.org.br\\\/site\\\/\"},{\"@type\":\"ListItem\",\"position\":2,\"name\":\"Cinco praias para conferir em Natal-RN durante a Concart 2019\"}]},{\"@type\":\"WebSite\",\"@id\":\"https:\\\/\\\/cnr.org.br\\\/novoportal\\\/#website\",\"url\":\"https:\\\/\\\/cnr.org.br\\\/novoportal\\\/\",\"name\":\"CNR\",\"description\":\"Confedera\u00e7\u00e3o Nacional de Not\u00e1rios e Registradores\",\"publisher\":{\"@id\":\"https:\\\/\\\/cnr.org.br\\\/novoportal\\\/#organization\"},\"potentialAction\":[{\"@type\":\"SearchAction\",\"target\":{\"@type\":\"EntryPoint\",\"urlTemplate\":\"https:\\\/\\\/cnr.org.br\\\/novoportal\\\/?s={search_term_string}\"},\"query-input\":{\"@type\":\"PropertyValueSpecification\",\"valueRequired\":true,\"valueName\":\"search_term_string\"}}],\"inLanguage\":\"pt-BR\"},{\"@type\":\"Organization\",\"@id\":\"https:\\\/\\\/cnr.org.br\\\/novoportal\\\/#organization\",\"name\":\"CNR\",\"url\":\"https:\\\/\\\/cnr.org.br\\\/novoportal\\\/\",\"logo\":{\"@type\":\"ImageObject\",\"inLanguage\":\"pt-BR\",\"@id\":\"https:\\\/\\\/cnr.org.br\\\/novoportal\\\/#\\\/schema\\\/logo\\\/image\\\/\",\"url\":\"https:\\\/\\\/cnr.org.br\\\/site\\\/wp-content\\\/uploads\\\/2026\\\/02\\\/Logo_CNR_completa_colorida_2024.png\",\"contentUrl\":\"https:\\\/\\\/cnr.org.br\\\/site\\\/wp-content\\\/uploads\\\/2026\\\/02\\\/Logo_CNR_completa_colorida_2024.png\",\"width\":910,\"height\":450,\"caption\":\"CNR\"},\"image\":{\"@id\":\"https:\\\/\\\/cnr.org.br\\\/novoportal\\\/#\\\/schema\\\/logo\\\/image\\\/\"}},{\"@type\":\"Person\",\"@id\":\"https:\\\/\\\/cnr.org.br\\\/novoportal\\\/#\\\/schema\\\/person\\\/1f46209cd8c9d3d9887a0765b64ca66b\",\"name\":\"Imprensa CNR\",\"sameAs\":[\"https:\\\/\\\/cnr.org.br\\\/site\"],\"url\":\"https:\\\/\\\/cnr.org.br\\\/site\\\/author\\\/imprensa\\\/\"}]}<\/script>\n<!-- \/ Yoast SEO plugin. -->","yoast_head_json":{"title":"Cinco praias para conferir em Natal-RN durante a Concart 2019 - CNR","description":"Nesta quinta-feira (06) inicia a II Confer\u00eancia Nacional dos Cart\u00f3rios (Concart 2019), em Natal-RN, no Serhs Natal Grand Hotel.","robots":{"index":"index","follow":"follow","max-snippet":"max-snippet:-1","max-image-preview":"max-image-preview:large","max-video-preview":"max-video-preview:-1"},"canonical":"https:\/\/cnr.org.br\/novoportal\/cinco-praias-para-conferir-em-natal-rn-durante-a-concart-2019\/","og_locale":"pt_BR","og_type":"article","og_title":"Cinco praias para conferir em Natal-RN durante a Concart 2019 - CNR","og_description":"Nesta quinta-feira (06) inicia a II Confer\u00eancia Nacional dos Cart\u00f3rios (Concart 2019), em Natal-RN, no Serhs Natal Grand Hotel.","og_url":"https:\/\/cnr.org.br\/novoportal\/cinco-praias-para-conferir-em-natal-rn-durante-a-concart-2019\/","og_site_name":"CNR","article_published_time":"2019-06-04T12:59:04+00:00","article_modified_time":"2019-06-05T15:16:39+00:00","og_image":[{"width":1024,"height":683,"url":"https:\/\/cnr.org.br\/novoportal\/wp-content\/uploads\/2019\/06\/25_6377-1024x683.jpg","type":"image\/jpeg"}],"author":"Imprensa CNR","twitter_card":"summary_large_image","twitter_misc":{"Escrito por":"Imprensa CNR","Est. tempo de leitura":"3 minutos"},"schema":{"@context":"https:\/\/schema.org","@graph":[{"@type":"Article","@id":"https:\/\/cnr.org.br\/novoportal\/cinco-praias-para-conferir-em-natal-rn-durante-a-concart-2019\/#article","isPartOf":{"@id":"https:\/\/cnr.org.br\/novoportal\/cinco-praias-para-conferir-em-natal-rn-durante-a-concart-2019\/"},"author":{"name":"Imprensa CNR","@id":"https:\/\/cnr.org.br\/novoportal\/#\/schema\/person\/1f46209cd8c9d3d9887a0765b64ca66b"},"headline":"Cinco praias para conferir em Natal-RN durante a Concart 2019","datePublished":"2019-06-04T12:59:04+00:00","dateModified":"2019-06-05T15:16:39+00:00","mainEntityOfPage":{"@id":"https:\/\/cnr.org.br\/novoportal\/cinco-praias-para-conferir-em-natal-rn-durante-a-concart-2019\/"},"wordCount":543,"publisher":{"@id":"https:\/\/cnr.org.br\/novoportal\/#organization"},"image":{"@id":"https:\/\/cnr.org.br\/novoportal\/cinco-praias-para-conferir-em-natal-rn-durante-a-concart-2019\/#primaryimage"},"thumbnailUrl":"https:\/\/cnr.org.br\/site\/wp-content\/uploads\/2019\/06\/25_6377.jpg","articleSection":{"0":"Home","1":"Not\u00edcia","3":"\u00daltimas Not\u00edcias"},"inLanguage":"pt-BR"},{"@type":"WebPage","@id":"https:\/\/cnr.org.br\/novoportal\/cinco-praias-para-conferir-em-natal-rn-durante-a-concart-2019\/","url":"https:\/\/cnr.org.br\/novoportal\/cinco-praias-para-conferir-em-natal-rn-durante-a-concart-2019\/","name":"Cinco praias para conferir em Natal-RN durante a Concart 2019 - CNR","isPartOf":{"@id":"https:\/\/cnr.org.br\/novoportal\/#website"},"primaryImageOfPage":{"@id":"https:\/\/cnr.org.br\/novoportal\/cinco-praias-para-conferir-em-natal-rn-durante-a-concart-2019\/#primaryimage"},"image":{"@id":"https:\/\/cnr.org.br\/novoportal\/cinco-praias-para-conferir-em-natal-rn-durante-a-concart-2019\/#primaryimage"},"thumbnailUrl":"https:\/\/cnr.org.br\/site\/wp-content\/uploads\/2019\/06\/25_6377.jpg","datePublished":"2019-06-04T12:59:04+00:00","dateModified":"2019-06-05T15:16:39+00:00","description":"Nesta quinta-feira (06) inicia a II Confer\u00eancia Nacional dos Cart\u00f3rios (Concart 2019), em Natal-RN, no Serhs Natal Grand Hotel.","breadcrumb":{"@id":"https:\/\/cnr.org.br\/novoportal\/cinco-praias-para-conferir-em-natal-rn-durante-a-concart-2019\/#breadcrumb"},"inLanguage":"pt-BR","potentialAction":[{"@type":"ReadAction","target":["https:\/\/cnr.org.br\/novoportal\/cinco-praias-para-conferir-em-natal-rn-durante-a-concart-2019\/"]}]},{"@type":"ImageObject","inLanguage":"pt-BR","@id":"https:\/\/cnr.org.br\/novoportal\/cinco-praias-para-conferir-em-natal-rn-durante-a-concart-2019\/#primaryimage","url":"https:\/\/cnr.org.br\/site\/wp-content\/uploads\/2019\/06\/25_6377.jpg","contentUrl":"https:\/\/cnr.org.br\/site\/wp-content\/uploads\/2019\/06\/25_6377.jpg","width":2964,"height":1976,"caption":"Fotos do RN."},{"@type":"BreadcrumbList","@id":"https:\/\/cnr.org.br\/novoportal\/cinco-praias-para-conferir-em-natal-rn-durante-a-concart-2019\/#breadcrumb","itemListElement":[{"@type":"ListItem","position":1,"name":"In\u00edcio","item":"https:\/\/cnr.org.br\/site\/"},{"@type":"ListItem","position":2,"name":"Cinco praias para conferir em Natal-RN durante a Concart 2019"}]},{"@type":"WebSite","@id":"https:\/\/cnr.org.br\/novoportal\/#website","url":"https:\/\/cnr.org.br\/novoportal\/","name":"CNR","description":"Confedera\u00e7\u00e3o Nacional de Not\u00e1rios e Registradores","publisher":{"@id":"https:\/\/cnr.org.br\/novoportal\/#organization"},"potentialAction":[{"@type":"SearchAction","target":{"@type":"EntryPoint","urlTemplate":"https:\/\/cnr.org.br\/novoportal\/?s={search_term_string}"},"query-input":{"@type":"PropertyValueSpecification","valueRequired":true,"valueName":"search_term_string"}}],"inLanguage":"pt-BR"},{"@type":"Organization","@id":"https:\/\/cnr.org.br\/novoportal\/#organization","name":"CNR","url":"https:\/\/cnr.org.br\/novoportal\/","logo":{"@type":"ImageObject","inLanguage":"pt-BR","@id":"https:\/\/cnr.org.br\/novoportal\/#\/schema\/logo\/image\/","url":"https:\/\/cnr.org.br\/site\/wp-content\/uploads\/2026\/02\/Logo_CNR_completa_colorida_2024.png","contentUrl":"https:\/\/cnr.org.br\/site\/wp-content\/uploads\/2026\/02\/Logo_CNR_completa_colorida_2024.png","width":910,"height":450,"caption":"CNR"},"image":{"@id":"https:\/\/cnr.org.br\/novoportal\/#\/schema\/logo\/image\/"}},{"@type":"Person","@id":"https:\/\/cnr.org.br\/novoportal\/#\/schema\/person\/1f46209cd8c9d3d9887a0765b64ca66b","name":"Imprensa CNR","sameAs":["https:\/\/cnr.org.br\/site"],"url":"https:\/\/cnr.org.br\/site\/author\/imprensa\/"}]}},"_links":{"self":[{"href":"https:\/\/cnr.org.br\/site\/wp-json\/wp\/v2\/posts\/14938","targetHints":{"allow":["GET"]}}],"collection":[{"href":"https:\/\/cnr.org.br\/site\/wp-json\/wp\/v2\/posts"}],"about":[{"href":"https:\/\/cnr.org.br\/site\/wp-json\/wp\/v2\/types\/post"}],"author":[{"embeddable":true,"href":"https:\/\/cnr.org.br\/site\/wp-json\/wp\/v2\/users\/2"}],"replies":[{"embeddable":true,"href":"https:\/\/cnr.org.br\/site\/wp-json\/wp\/v2\/comments?post=14938"}],"version-history":[{"count":0,"href":"https:\/\/cnr.org.br\/site\/wp-json\/wp\/v2\/posts\/14938\/revisions"}],"wp:featuredmedia":[{"embeddable":true,"href":"https:\/\/cnr.org.br\/site\/wp-json\/wp\/v2\/media\/14980"}],"wp:attachment":[{"href":"https:\/\/cnr.org.br\/site\/wp-json\/wp\/v2\/media?parent=14938"}],"wp:term":[{"taxonomy":"category","embeddable":true,"href":"https:\/\/cnr.org.br\/site\/wp-json\/wp\/v2\/categories?post=14938"},{"taxonomy":"post_tag","embeddable":true,"href":"https:\/\/cnr.org.br\/site\/wp-json\/wp\/v2\/tags?post=14938"}],"curies":[{"name":"wp","href":"https:\/\/api.w.org\/{rel}","templated":true}]}}