{"id":14957,"date":"2019-06-03T12:18:43","date_gmt":"2019-06-03T15:18:43","guid":{"rendered":"https:\/\/cnr.org.br\/site\/?p=14957"},"modified":"2019-06-03T12:18:43","modified_gmt":"2019-06-03T15:18:43","slug":"conferencia-nacional-dos-cartorios-ultimo-dia-para-se-inscrever","status":"publish","type":"post","link":"https:\/\/cnr.org.br\/site\/conferencia-nacional-dos-cartorios-ultimo-dia-para-se-inscrever\/","title":{"rendered":"Confer\u00eancia Nacional dos Cart\u00f3rios: \u00faltimo dia para se inscrever"},"content":{"rendered":"<div id=\"dslc-theme-content\"><div id=\"dslc-theme-content-inner\"><p>Nesta quinta-feira (06) inicia a Confer\u00eancia Nacional dos Cart\u00f3rios (Concart 2019). Portanto, hoje (03\/06), \u00e9 o \u00faltimo dia das inscri\u00e7\u00f5es para o evento. \u00c9 a \u00faltima oportunidade tamb\u00e9m para garantir o desconto no valor. Promovido pela Confedera\u00e7\u00e3o Nacional de Not\u00e1rios e Registradores (CNR), a Confer\u00eancia ir\u00e1 abordar os principais temas da classe notarial e registral. O evento vai at\u00e9 o dia 06 de junho e ocorre em Natal-RN, no Serhs Natal Grand Hotel.<\/p>\n<h5><b>Inscri\u00e7\u00f5es para a Confer\u00eancia Nacional dos Cart\u00f3rios<\/b><\/h5>\n<p>As inscri\u00e7\u00f5es para a Confer\u00eancia Nacional dos Cart\u00f3rios podem ser realizadas pelo site oficial do evento. Nomes importantes j\u00e1 est\u00e3o confirmados para o evento. Logo ap\u00f3s fazer sua inscri\u00e7\u00e3o, j\u00e1 confira aqui quem s\u00e3o eles. Sem d\u00favida ser\u00e1 uma das maiores Confer\u00eancias do setor. Confira todas as categorias e condi\u00e7\u00f5es.<\/p>\n<h5><b>Categorias e valores<\/b><\/h5>\n<p><strong>Associado<\/strong>: voucher com jantar incluso \u2013 R$ 350,00.<\/p>\n<p><strong>N\u00e3o associado<\/strong>: voucher com jantar incluso \u2013 R$ 450,00.<\/p>\n<p><strong>Estudante (Gradua\u00e7\u00e3o \u2013 Direito)<\/strong>: R$ 200,00, por\u00e9m, obrigat\u00f3rio a apresenta\u00e7\u00e3o de Declara\u00e7\u00e3o Escolar.<\/p>\n<p><strong>Acompanhante:<\/strong> R$ 200,00<\/p>\n<p><strong>Voucher Jantar (Hotel Unique 14\/11):<\/strong> R$ 400,00, sendo que o voucher dever\u00e1 ser retirado pessoalmente na secretaria.<\/p>\n<p><strong>Caravana:<\/strong> R$ 300,00. Para grupos acima de 10 pessoas indicadas pelo Sindicato local.<\/p>\n<h5>Sobre o Congresso<\/h5>\n<p>A Concart 2019 contar\u00e1 com a presen\u00e7a de especialistas e autoridades de renome, visando ampliar o conhecimento de not\u00e1rios e registradores de todo o pa\u00eds sobre os servi\u00e7os extrajudiciais.<\/p>\n<p>Al\u00e9m disso, a Confer\u00eancia tamb\u00e9m ir\u00e1 contar com a realiza\u00e7\u00e3o de uma exposi\u00e7\u00e3o de servi\u00e7os para Cart\u00f3rios e uma premia\u00e7\u00e3o para os Sindicatos Destaques.<\/p>\n<p>Clique aqui e se <a href=\"https:\/\/cnr.org.br\/inscricao\/\">inscreva<\/a>.<\/p>\n<p>N\u00e3o deixe tamb\u00e9m de confirmar presen\u00e7a no evento criado no <a href=\"https:\/\/www.facebook.com\/events\/447178682492796\/\">Facebook<\/a>. Nos acompanhe pelo <a href=\"https:\/\/www.instagram.com\/cnr_confederacao\/?hl=pt-br\">Instagram<\/a> e sempre use a #concart2019 nas publica\u00e7\u00f5es que fizer sobre o evento!<\/p>\n<p>Foto: <a href=\"https:\/\/www.serhsnatalgrandhotel.com\/fotos\/\">Serhs Natal Grand Hotel<\/a><\/p>\n<\/div><\/div>","protected":false},"excerpt":{"rendered":"<p>Nesta quinta-feira (06) inicia a Confer\u00eancia Nacional dos Cart\u00f3rios (Concart 2019). Portanto, hoje (03\/06), \u00e9 o \u00faltimo dia das inscri\u00e7\u00f5es para o evento. \u00c9 a \u00faltima oportunidade tamb\u00e9m para garantir o desconto no valor. Promovido pela Confedera\u00e7\u00e3o Nacional de Not\u00e1rios e Registradores (CNR), a Confer\u00eancia ir\u00e1 abordar os principais temas da classe notarial e registral. [&hellip;]<\/p>\n","protected":false},"author":2,"featured_media":14959,"comment_status":"closed","ping_status":"closed","sticky":false,"template":"","format":"standard","meta":{"footnotes":"","_links_to":"","_links_to_target":""},"categories":[525,55,1,47],"tags":[],"class_list":["post-14957","post","type-post","status-publish","format-standard","has-post-thumbnail","hentry","category-home","category-noticia","category-sem-categoria","category-ultimas-noticias"],"yoast_head":"<!-- This site is optimized with the Yoast SEO plugin v28.4 - https:\/\/yoast.com\/product\/yoast-seo-wordpress\/ -->\n<title>Confer\u00eancia Nacional dos Cart\u00f3rios: \u00faltimo dia para se inscrever - CNR<\/title>\n<meta name=\"description\" content=\"Nesta quinta-feira (06) inicia a Confer\u00eancia Nacional dos Cart\u00f3rios (Concart 2019). Portanto, hoje (03\/06), \u00e9 o \u00faltimo dia das inscri\u00e7\u00f5es para o evento.\" \/>\n<meta name=\"robots\" content=\"index, follow, max-snippet:-1, max-image-preview:large, max-video-preview:-1\" \/>\n<link rel=\"canonical\" href=\"https:\/\/cnr.org.br\/novoportal\/conferencia-nacional-dos-cartorios-ultimo-dia-para-se-inscrever\/\" \/>\n<meta property=\"og:locale\" content=\"pt_BR\" \/>\n<meta property=\"og:type\" content=\"article\" \/>\n<meta property=\"og:title\" content=\"Confer\u00eancia Nacional dos Cart\u00f3rios: \u00faltimo dia para se inscrever - CNR\" \/>\n<meta property=\"og:description\" content=\"Nesta quinta-feira (06) inicia a Confer\u00eancia Nacional dos Cart\u00f3rios (Concart 2019). Portanto, hoje (03\/06), \u00e9 o \u00faltimo dia das inscri\u00e7\u00f5es para o evento.\" \/>\n<meta property=\"og:url\" content=\"https:\/\/cnr.org.br\/novoportal\/conferencia-nacional-dos-cartorios-ultimo-dia-para-se-inscrever\/\" \/>\n<meta property=\"og:site_name\" content=\"CNR\" \/>\n<meta property=\"article:published_time\" content=\"2019-06-03T15:18:43+00:00\" \/>\n<meta property=\"og:image\" content=\"https:\/\/cnr.org.br\/novoportal\/wp-content\/uploads\/2019\/06\/piscina-central915.jpg\" \/>\n\t<meta property=\"og:image:width\" content=\"2048\" \/>\n\t<meta property=\"og:image:height\" content=\"1216\" \/>\n\t<meta property=\"og:image:type\" content=\"image\/jpeg\" \/>\n<meta name=\"author\" content=\"Imprensa CNR\" \/>\n<meta name=\"twitter:card\" content=\"summary_large_image\" \/>\n<meta name=\"twitter:label1\" content=\"Escrito por\" \/>\n\t<meta name=\"twitter:data1\" content=\"Imprensa CNR\" \/>\n\t<meta name=\"twitter:label2\" content=\"Est. tempo de leitura\" \/>\n\t<meta name=\"twitter:data2\" content=\"2 minutos\" \/>\n<script type=\"application\/ld+json\" class=\"yoast-schema-graph\">{\"@context\":\"https:\\\/\\\/schema.org\",\"@graph\":[{\"@type\":\"Article\",\"@id\":\"https:\\\/\\\/cnr.org.br\\\/novoportal\\\/conferencia-nacional-dos-cartorios-ultimo-dia-para-se-inscrever\\\/#article\",\"isPartOf\":{\"@id\":\"https:\\\/\\\/cnr.org.br\\\/novoportal\\\/conferencia-nacional-dos-cartorios-ultimo-dia-para-se-inscrever\\\/\"},\"author\":{\"name\":\"Imprensa CNR\",\"@id\":\"https:\\\/\\\/cnr.org.br\\\/novoportal\\\/#\\\/schema\\\/person\\\/1f46209cd8c9d3d9887a0765b64ca66b\"},\"headline\":\"Confer\u00eancia Nacional dos Cart\u00f3rios: \u00faltimo dia para se inscrever\",\"datePublished\":\"2019-06-03T15:18:43+00:00\",\"mainEntityOfPage\":{\"@id\":\"https:\\\/\\\/cnr.org.br\\\/novoportal\\\/conferencia-nacional-dos-cartorios-ultimo-dia-para-se-inscrever\\\/\"},\"wordCount\":324,\"publisher\":{\"@id\":\"https:\\\/\\\/cnr.org.br\\\/novoportal\\\/#organization\"},\"image\":{\"@id\":\"https:\\\/\\\/cnr.org.br\\\/novoportal\\\/conferencia-nacional-dos-cartorios-ultimo-dia-para-se-inscrever\\\/#primaryimage\"},\"thumbnailUrl\":\"https:\\\/\\\/cnr.org.br\\\/site\\\/wp-content\\\/uploads\\\/2019\\\/06\\\/piscina-central915.jpg\",\"articleSection\":{\"0\":\"Home\",\"1\":\"Not\u00edcia\",\"3\":\"\u00daltimas Not\u00edcias\"},\"inLanguage\":\"pt-BR\"},{\"@type\":\"WebPage\",\"@id\":\"https:\\\/\\\/cnr.org.br\\\/novoportal\\\/conferencia-nacional-dos-cartorios-ultimo-dia-para-se-inscrever\\\/\",\"url\":\"https:\\\/\\\/cnr.org.br\\\/novoportal\\\/conferencia-nacional-dos-cartorios-ultimo-dia-para-se-inscrever\\\/\",\"name\":\"Confer\u00eancia Nacional dos Cart\u00f3rios: \u00faltimo dia para se inscrever - CNR\",\"isPartOf\":{\"@id\":\"https:\\\/\\\/cnr.org.br\\\/novoportal\\\/#website\"},\"primaryImageOfPage\":{\"@id\":\"https:\\\/\\\/cnr.org.br\\\/novoportal\\\/conferencia-nacional-dos-cartorios-ultimo-dia-para-se-inscrever\\\/#primaryimage\"},\"image\":{\"@id\":\"https:\\\/\\\/cnr.org.br\\\/novoportal\\\/conferencia-nacional-dos-cartorios-ultimo-dia-para-se-inscrever\\\/#primaryimage\"},\"thumbnailUrl\":\"https:\\\/\\\/cnr.org.br\\\/site\\\/wp-content\\\/uploads\\\/2019\\\/06\\\/piscina-central915.jpg\",\"datePublished\":\"2019-06-03T15:18:43+00:00\",\"description\":\"Nesta quinta-feira (06) inicia a Confer\u00eancia Nacional dos Cart\u00f3rios (Concart 2019). Portanto, hoje (03\\\/06), \u00e9 o \u00faltimo dia das inscri\u00e7\u00f5es para o evento.\",\"breadcrumb\":{\"@id\":\"https:\\\/\\\/cnr.org.br\\\/novoportal\\\/conferencia-nacional-dos-cartorios-ultimo-dia-para-se-inscrever\\\/#breadcrumb\"},\"inLanguage\":\"pt-BR\",\"potentialAction\":[{\"@type\":\"ReadAction\",\"target\":[\"https:\\\/\\\/cnr.org.br\\\/novoportal\\\/conferencia-nacional-dos-cartorios-ultimo-dia-para-se-inscrever\\\/\"]}]},{\"@type\":\"ImageObject\",\"inLanguage\":\"pt-BR\",\"@id\":\"https:\\\/\\\/cnr.org.br\\\/novoportal\\\/conferencia-nacional-dos-cartorios-ultimo-dia-para-se-inscrever\\\/#primaryimage\",\"url\":\"https:\\\/\\\/cnr.org.br\\\/site\\\/wp-content\\\/uploads\\\/2019\\\/06\\\/piscina-central915.jpg\",\"contentUrl\":\"https:\\\/\\\/cnr.org.br\\\/site\\\/wp-content\\\/uploads\\\/2019\\\/06\\\/piscina-central915.jpg\",\"width\":2048,\"height\":1216},{\"@type\":\"BreadcrumbList\",\"@id\":\"https:\\\/\\\/cnr.org.br\\\/novoportal\\\/conferencia-nacional-dos-cartorios-ultimo-dia-para-se-inscrever\\\/#breadcrumb\",\"itemListElement\":[{\"@type\":\"ListItem\",\"position\":1,\"name\":\"In\u00edcio\",\"item\":\"https:\\\/\\\/cnr.org.br\\\/site\\\/\"},{\"@type\":\"ListItem\",\"position\":2,\"name\":\"Confer\u00eancia Nacional dos Cart\u00f3rios: \u00faltimo dia para se inscrever\"}]},{\"@type\":\"WebSite\",\"@id\":\"https:\\\/\\\/cnr.org.br\\\/novoportal\\\/#website\",\"url\":\"https:\\\/\\\/cnr.org.br\\\/novoportal\\\/\",\"name\":\"CNR\",\"description\":\"Confedera\u00e7\u00e3o Nacional de Not\u00e1rios e Registradores\",\"publisher\":{\"@id\":\"https:\\\/\\\/cnr.org.br\\\/novoportal\\\/#organization\"},\"potentialAction\":[{\"@type\":\"SearchAction\",\"target\":{\"@type\":\"EntryPoint\",\"urlTemplate\":\"https:\\\/\\\/cnr.org.br\\\/novoportal\\\/?s={search_term_string}\"},\"query-input\":{\"@type\":\"PropertyValueSpecification\",\"valueRequired\":true,\"valueName\":\"search_term_string\"}}],\"inLanguage\":\"pt-BR\"},{\"@type\":\"Organization\",\"@id\":\"https:\\\/\\\/cnr.org.br\\\/novoportal\\\/#organization\",\"name\":\"CNR\",\"url\":\"https:\\\/\\\/cnr.org.br\\\/novoportal\\\/\",\"logo\":{\"@type\":\"ImageObject\",\"inLanguage\":\"pt-BR\",\"@id\":\"https:\\\/\\\/cnr.org.br\\\/novoportal\\\/#\\\/schema\\\/logo\\\/image\\\/\",\"url\":\"https:\\\/\\\/cnr.org.br\\\/site\\\/wp-content\\\/uploads\\\/2026\\\/02\\\/Logo_CNR_completa_colorida_2024.png\",\"contentUrl\":\"https:\\\/\\\/cnr.org.br\\\/site\\\/wp-content\\\/uploads\\\/2026\\\/02\\\/Logo_CNR_completa_colorida_2024.png\",\"width\":910,\"height\":450,\"caption\":\"CNR\"},\"image\":{\"@id\":\"https:\\\/\\\/cnr.org.br\\\/novoportal\\\/#\\\/schema\\\/logo\\\/image\\\/\"}},{\"@type\":\"Person\",\"@id\":\"https:\\\/\\\/cnr.org.br\\\/novoportal\\\/#\\\/schema\\\/person\\\/1f46209cd8c9d3d9887a0765b64ca66b\",\"name\":\"Imprensa CNR\",\"sameAs\":[\"https:\\\/\\\/cnr.org.br\\\/site\"],\"url\":\"https:\\\/\\\/cnr.org.br\\\/site\\\/author\\\/imprensa\\\/\"}]}<\/script>\n<!-- \/ Yoast SEO plugin. -->","yoast_head_json":{"title":"Confer\u00eancia Nacional dos Cart\u00f3rios: \u00faltimo dia para se inscrever - CNR","description":"Nesta quinta-feira (06) inicia a Confer\u00eancia Nacional dos Cart\u00f3rios (Concart 2019). Portanto, hoje (03\/06), \u00e9 o \u00faltimo dia das inscri\u00e7\u00f5es para o evento.","robots":{"index":"index","follow":"follow","max-snippet":"max-snippet:-1","max-image-preview":"max-image-preview:large","max-video-preview":"max-video-preview:-1"},"canonical":"https:\/\/cnr.org.br\/novoportal\/conferencia-nacional-dos-cartorios-ultimo-dia-para-se-inscrever\/","og_locale":"pt_BR","og_type":"article","og_title":"Confer\u00eancia Nacional dos Cart\u00f3rios: \u00faltimo dia para se inscrever - CNR","og_description":"Nesta quinta-feira (06) inicia a Confer\u00eancia Nacional dos Cart\u00f3rios (Concart 2019). Portanto, hoje (03\/06), \u00e9 o \u00faltimo dia das inscri\u00e7\u00f5es para o evento.","og_url":"https:\/\/cnr.org.br\/novoportal\/conferencia-nacional-dos-cartorios-ultimo-dia-para-se-inscrever\/","og_site_name":"CNR","article_published_time":"2019-06-03T15:18:43+00:00","og_image":[{"width":2048,"height":1216,"url":"https:\/\/cnr.org.br\/novoportal\/wp-content\/uploads\/2019\/06\/piscina-central915.jpg","type":"image\/jpeg"}],"author":"Imprensa CNR","twitter_card":"summary_large_image","twitter_misc":{"Escrito por":"Imprensa CNR","Est. tempo de leitura":"2 minutos"},"schema":{"@context":"https:\/\/schema.org","@graph":[{"@type":"Article","@id":"https:\/\/cnr.org.br\/novoportal\/conferencia-nacional-dos-cartorios-ultimo-dia-para-se-inscrever\/#article","isPartOf":{"@id":"https:\/\/cnr.org.br\/novoportal\/conferencia-nacional-dos-cartorios-ultimo-dia-para-se-inscrever\/"},"author":{"name":"Imprensa CNR","@id":"https:\/\/cnr.org.br\/novoportal\/#\/schema\/person\/1f46209cd8c9d3d9887a0765b64ca66b"},"headline":"Confer\u00eancia Nacional dos Cart\u00f3rios: \u00faltimo dia para se inscrever","datePublished":"2019-06-03T15:18:43+00:00","mainEntityOfPage":{"@id":"https:\/\/cnr.org.br\/novoportal\/conferencia-nacional-dos-cartorios-ultimo-dia-para-se-inscrever\/"},"wordCount":324,"publisher":{"@id":"https:\/\/cnr.org.br\/novoportal\/#organization"},"image":{"@id":"https:\/\/cnr.org.br\/novoportal\/conferencia-nacional-dos-cartorios-ultimo-dia-para-se-inscrever\/#primaryimage"},"thumbnailUrl":"https:\/\/cnr.org.br\/site\/wp-content\/uploads\/2019\/06\/piscina-central915.jpg","articleSection":{"0":"Home","1":"Not\u00edcia","3":"\u00daltimas Not\u00edcias"},"inLanguage":"pt-BR"},{"@type":"WebPage","@id":"https:\/\/cnr.org.br\/novoportal\/conferencia-nacional-dos-cartorios-ultimo-dia-para-se-inscrever\/","url":"https:\/\/cnr.org.br\/novoportal\/conferencia-nacional-dos-cartorios-ultimo-dia-para-se-inscrever\/","name":"Confer\u00eancia Nacional dos Cart\u00f3rios: \u00faltimo dia para se inscrever - CNR","isPartOf":{"@id":"https:\/\/cnr.org.br\/novoportal\/#website"},"primaryImageOfPage":{"@id":"https:\/\/cnr.org.br\/novoportal\/conferencia-nacional-dos-cartorios-ultimo-dia-para-se-inscrever\/#primaryimage"},"image":{"@id":"https:\/\/cnr.org.br\/novoportal\/conferencia-nacional-dos-cartorios-ultimo-dia-para-se-inscrever\/#primaryimage"},"thumbnailUrl":"https:\/\/cnr.org.br\/site\/wp-content\/uploads\/2019\/06\/piscina-central915.jpg","datePublished":"2019-06-03T15:18:43+00:00","description":"Nesta quinta-feira (06) inicia a Confer\u00eancia Nacional dos Cart\u00f3rios (Concart 2019). Portanto, hoje (03\/06), \u00e9 o \u00faltimo dia das inscri\u00e7\u00f5es para o evento.","breadcrumb":{"@id":"https:\/\/cnr.org.br\/novoportal\/conferencia-nacional-dos-cartorios-ultimo-dia-para-se-inscrever\/#breadcrumb"},"inLanguage":"pt-BR","potentialAction":[{"@type":"ReadAction","target":["https:\/\/cnr.org.br\/novoportal\/conferencia-nacional-dos-cartorios-ultimo-dia-para-se-inscrever\/"]}]},{"@type":"ImageObject","inLanguage":"pt-BR","@id":"https:\/\/cnr.org.br\/novoportal\/conferencia-nacional-dos-cartorios-ultimo-dia-para-se-inscrever\/#primaryimage","url":"https:\/\/cnr.org.br\/site\/wp-content\/uploads\/2019\/06\/piscina-central915.jpg","contentUrl":"https:\/\/cnr.org.br\/site\/wp-content\/uploads\/2019\/06\/piscina-central915.jpg","width":2048,"height":1216},{"@type":"BreadcrumbList","@id":"https:\/\/cnr.org.br\/novoportal\/conferencia-nacional-dos-cartorios-ultimo-dia-para-se-inscrever\/#breadcrumb","itemListElement":[{"@type":"ListItem","position":1,"name":"In\u00edcio","item":"https:\/\/cnr.org.br\/site\/"},{"@type":"ListItem","position":2,"name":"Confer\u00eancia Nacional dos Cart\u00f3rios: \u00faltimo dia para se inscrever"}]},{"@type":"WebSite","@id":"https:\/\/cnr.org.br\/novoportal\/#website","url":"https:\/\/cnr.org.br\/novoportal\/","name":"CNR","description":"Confedera\u00e7\u00e3o Nacional de Not\u00e1rios e Registradores","publisher":{"@id":"https:\/\/cnr.org.br\/novoportal\/#organization"},"potentialAction":[{"@type":"SearchAction","target":{"@type":"EntryPoint","urlTemplate":"https:\/\/cnr.org.br\/novoportal\/?s={search_term_string}"},"query-input":{"@type":"PropertyValueSpecification","valueRequired":true,"valueName":"search_term_string"}}],"inLanguage":"pt-BR"},{"@type":"Organization","@id":"https:\/\/cnr.org.br\/novoportal\/#organization","name":"CNR","url":"https:\/\/cnr.org.br\/novoportal\/","logo":{"@type":"ImageObject","inLanguage":"pt-BR","@id":"https:\/\/cnr.org.br\/novoportal\/#\/schema\/logo\/image\/","url":"https:\/\/cnr.org.br\/site\/wp-content\/uploads\/2026\/02\/Logo_CNR_completa_colorida_2024.png","contentUrl":"https:\/\/cnr.org.br\/site\/wp-content\/uploads\/2026\/02\/Logo_CNR_completa_colorida_2024.png","width":910,"height":450,"caption":"CNR"},"image":{"@id":"https:\/\/cnr.org.br\/novoportal\/#\/schema\/logo\/image\/"}},{"@type":"Person","@id":"https:\/\/cnr.org.br\/novoportal\/#\/schema\/person\/1f46209cd8c9d3d9887a0765b64ca66b","name":"Imprensa CNR","sameAs":["https:\/\/cnr.org.br\/site"],"url":"https:\/\/cnr.org.br\/site\/author\/imprensa\/"}]}},"_links":{"self":[{"href":"https:\/\/cnr.org.br\/site\/wp-json\/wp\/v2\/posts\/14957","targetHints":{"allow":["GET"]}}],"collection":[{"href":"https:\/\/cnr.org.br\/site\/wp-json\/wp\/v2\/posts"}],"about":[{"href":"https:\/\/cnr.org.br\/site\/wp-json\/wp\/v2\/types\/post"}],"author":[{"embeddable":true,"href":"https:\/\/cnr.org.br\/site\/wp-json\/wp\/v2\/users\/2"}],"replies":[{"embeddable":true,"href":"https:\/\/cnr.org.br\/site\/wp-json\/wp\/v2\/comments?post=14957"}],"version-history":[{"count":0,"href":"https:\/\/cnr.org.br\/site\/wp-json\/wp\/v2\/posts\/14957\/revisions"}],"wp:featuredmedia":[{"embeddable":true,"href":"https:\/\/cnr.org.br\/site\/wp-json\/wp\/v2\/media\/14959"}],"wp:attachment":[{"href":"https:\/\/cnr.org.br\/site\/wp-json\/wp\/v2\/media?parent=14957"}],"wp:term":[{"taxonomy":"category","embeddable":true,"href":"https:\/\/cnr.org.br\/site\/wp-json\/wp\/v2\/categories?post=14957"},{"taxonomy":"post_tag","embeddable":true,"href":"https:\/\/cnr.org.br\/site\/wp-json\/wp\/v2\/tags?post=14957"}],"curies":[{"name":"wp","href":"https:\/\/api.w.org\/{rel}","templated":true}]}}