{"id":15241,"date":"2019-06-27T14:52:13","date_gmt":"2019-06-27T17:52:13","guid":{"rendered":"https:\/\/cnr.org.br\/site\/?p=15241"},"modified":"2019-06-27T15:17:52","modified_gmt":"2019-06-27T18:17:52","slug":"presidente-da-cnr-participa-da-3a-reuniao-da-frente-parlamentar","status":"publish","type":"post","link":"https:\/\/cnr.org.br\/site\/presidente-da-cnr-participa-da-3a-reuniao-da-frente-parlamentar\/","title":{"rendered":"Presidente da CNR participa da 3\u00aa reuni\u00e3o da Frente Parlamentar"},"content":{"rendered":"<div id=\"dslc-theme-content\"><div id=\"dslc-theme-content-inner\"><p><span style=\"font-weight: 400;\">O presidente da Confedera\u00e7\u00e3o Nacional de Not\u00e1rios e Registradores, Rog\u00e9rio Bacellar, participou nesta quarta-feira (26.06), da terceira reuni\u00e3o da<\/span><a href=\"https:\/\/cnr.org.br\/site\/lancada-a-frente-parlamentar-da-justica-notarial-e-registral\/\"> <span style=\"font-weight: 400;\">Frente Parlamentar Notarial e Registral. <\/span><\/a><span style=\"font-weight: 400;\">O encontro foi realizado na sede da Associa\u00e7\u00e3o dos Not\u00e1rios e Registradores do Brasil (Anoreg\/BR), em Bras\u00edlia. Assim sendo, o presidente da Frente, deputado <\/span><a href=\"https:\/\/www.deputadopeninha.com.br\/\"><span style=\"font-weight: 400;\">Rog\u00e9rio Peninha Mendon\u00e7a<\/span><\/a><span style=\"font-weight: 400;\"> (MDB-SC), coordenou o grupo.<\/span><\/p>\n<p>&nbsp;<\/p>\n<p><span style=\"font-weight: 400;\">Participaram da reuni\u00e3o da Frente deputados e representantes de diversas Anoregs estaduais e institutos membros. Entre eles estiveram S\u00e9rgio Toledo (PL-AL), Dagoberto Nogueira (PDT-MS), Angela Amin (PP-SC), Darci de Matos (PSD-SC), Luisa Canziani (PTB-PR), S\u00e9rgio Souza (MDB-PR), Denis Bezerra (PSB-CE) e o ex-deputado, Alex Canziani.\u00a0<\/span><\/p>\n<p>&nbsp;<\/p>\n<p><span style=\"font-weight: 400;\">A pr\u00f3xima reuni\u00e3o ficou marcada para o dia 14 de agosto, na C\u00e2mara dos Deputados.<\/span><\/p>\n<p>&nbsp;<\/p>\n<h4><b>Reuni\u00e3o da Frente Parlamentar Notarial e Registral<\/b><\/h4>\n<p><span style=\"font-weight: 400;\">A Frente Parlamentar tamb\u00e9m foi<\/span><a href=\"https:\/\/cnr.org.br\/site\/frente-parlamentar-da-justica-notarial-e-registral-e-enaltecida-durante-o-concart-em-natal\/\"> <span style=\"font-weight: 400;\">apresentada durante a Concart 2019<\/span><\/a><span style=\"font-weight: 400;\">.\u00a0 O Deputado Federal, Rog\u00e9rio Peninha do MDB \u2013 SC, participou do evento. Na ocasi\u00e3o, ele falou dos trabalhos que vem sendo desenvolvidos pelo grupo, criado em abril de 2019 na C\u00e2mara dos Deputados. Dessa forma, Peninha agradeceu o apoio da Confedera\u00e7\u00e3o Nacional de Not\u00e1rios e Registradores.<\/span><\/p>\n<p>&nbsp;<\/p>\n<p><span style=\"font-weight: 400;\">Durante a Concart 2019, o presidente da CNR, Rog\u00e9rio Bacellar, reiterou o apoio \u00e0 Frente Parlamentar. \u201cN\u00f3s estamos juntos sempre para defender o cart\u00f3rio, os not\u00e1rios e registradores e brigar com quem quer que seja mas dentro dos direitos e da seguran\u00e7a jur\u00eddica\u201d, pontuou.<\/span><\/p>\n<p><em><b>Informa\u00e7\u00f5es e foto: Assessoria de Imprensa \u2013 Anoreg\/BR<\/b><\/em><\/p>\n<\/div><\/div>","protected":false},"excerpt":{"rendered":"<p>O presidente da Confedera\u00e7\u00e3o Nacional de Not\u00e1rios e Registradores, Rog\u00e9rio Bacellar, participou nesta quarta-feira (26.06), da terceira reuni\u00e3o da Frente Parlamentar Notarial e Registral. O encontro foi realizado na sede da Associa\u00e7\u00e3o dos Not\u00e1rios e Registradores do Brasil (Anoreg\/BR), em Bras\u00edlia. Assim sendo, o presidente da Frente, deputado Rog\u00e9rio Peninha Mendon\u00e7a (MDB-SC), coordenou o grupo. [&hellip;]<\/p>\n","protected":false},"author":2,"featured_media":15242,"comment_status":"closed","ping_status":"closed","sticky":false,"template":"","format":"standard","meta":{"footnotes":"","_links_to":"","_links_to_target":""},"categories":[55,47],"tags":[],"class_list":["post-15241","post","type-post","status-publish","format-standard","has-post-thumbnail","hentry","category-noticia","category-ultimas-noticias"],"yoast_head":"<!-- This site is optimized with the Yoast SEO plugin v27.5 - https:\/\/yoast.com\/product\/yoast-seo-wordpress\/ -->\n<title>Presidente da CNR participa da 3\u00aa reuni\u00e3o da Frente Parlamentar - CNR<\/title>\n<meta name=\"robots\" content=\"index, follow, max-snippet:-1, max-image-preview:large, max-video-preview:-1\" \/>\n<link rel=\"canonical\" href=\"https:\/\/cnr.org.br\/novoportal\/presidente-da-cnr-participa-da-3a-reuniao-da-frente-parlamentar\/\" \/>\n<meta property=\"og:locale\" content=\"pt_BR\" \/>\n<meta property=\"og:type\" content=\"article\" \/>\n<meta property=\"og:title\" content=\"Presidente da CNR participa da 3\u00aa reuni\u00e3o da Frente Parlamentar - CNR\" \/>\n<meta property=\"og:description\" content=\"O presidente da Confedera\u00e7\u00e3o Nacional de Not\u00e1rios e Registradores, Rog\u00e9rio Bacellar, participou nesta quarta-feira (26.06), da terceira reuni\u00e3o da Frente Parlamentar Notarial e Registral. O encontro foi realizado na sede da Associa\u00e7\u00e3o dos Not\u00e1rios e Registradores do Brasil (Anoreg\/BR), em Bras\u00edlia. Assim sendo, o presidente da Frente, deputado Rog\u00e9rio Peninha Mendon\u00e7a (MDB-SC), coordenou o grupo. [&hellip;]\" \/>\n<meta property=\"og:url\" content=\"https:\/\/cnr.org.br\/novoportal\/presidente-da-cnr-participa-da-3a-reuniao-da-frente-parlamentar\/\" \/>\n<meta property=\"og:site_name\" content=\"CNR\" \/>\n<meta property=\"article:published_time\" content=\"2019-06-27T17:52:13+00:00\" \/>\n<meta property=\"article:modified_time\" content=\"2019-06-27T18:17:52+00:00\" \/>\n<meta property=\"og:image\" content=\"https:\/\/cnr.org.br\/novoportal\/wp-content\/uploads\/2019\/06\/DSC06364-1024x682.jpg\" \/>\n\t<meta property=\"og:image:width\" content=\"1024\" \/>\n\t<meta property=\"og:image:height\" content=\"682\" \/>\n\t<meta property=\"og:image:type\" content=\"image\/jpeg\" \/>\n<meta name=\"author\" content=\"Imprensa CNR\" \/>\n<meta name=\"twitter:card\" content=\"summary_large_image\" \/>\n<meta name=\"twitter:label1\" content=\"Escrito por\" \/>\n\t<meta name=\"twitter:data1\" content=\"Imprensa CNR\" \/>\n\t<meta name=\"twitter:label2\" content=\"Est. tempo de leitura\" \/>\n\t<meta name=\"twitter:data2\" content=\"1 minuto\" \/>\n<script type=\"application\/ld+json\" class=\"yoast-schema-graph\">{\"@context\":\"https:\\\/\\\/schema.org\",\"@graph\":[{\"@type\":\"Article\",\"@id\":\"https:\\\/\\\/cnr.org.br\\\/novoportal\\\/presidente-da-cnr-participa-da-3a-reuniao-da-frente-parlamentar\\\/#article\",\"isPartOf\":{\"@id\":\"https:\\\/\\\/cnr.org.br\\\/novoportal\\\/presidente-da-cnr-participa-da-3a-reuniao-da-frente-parlamentar\\\/\"},\"author\":{\"name\":\"Imprensa CNR\",\"@id\":\"https:\\\/\\\/cnr.org.br\\\/novoportal\\\/#\\\/schema\\\/person\\\/1f46209cd8c9d3d9887a0765b64ca66b\"},\"headline\":\"Presidente da CNR participa da 3\u00aa reuni\u00e3o da Frente Parlamentar\",\"datePublished\":\"2019-06-27T17:52:13+00:00\",\"dateModified\":\"2019-06-27T18:17:52+00:00\",\"mainEntityOfPage\":{\"@id\":\"https:\\\/\\\/cnr.org.br\\\/novoportal\\\/presidente-da-cnr-participa-da-3a-reuniao-da-frente-parlamentar\\\/\"},\"wordCount\":267,\"publisher\":{\"@id\":\"https:\\\/\\\/cnr.org.br\\\/novoportal\\\/#organization\"},\"image\":{\"@id\":\"https:\\\/\\\/cnr.org.br\\\/novoportal\\\/presidente-da-cnr-participa-da-3a-reuniao-da-frente-parlamentar\\\/#primaryimage\"},\"thumbnailUrl\":\"https:\\\/\\\/cnr.org.br\\\/site\\\/wp-content\\\/uploads\\\/2019\\\/06\\\/DSC06364-1024x682.jpg\",\"articleSection\":[\"Not\u00edcia\",\"\u00daltimas Not\u00edcias\"],\"inLanguage\":\"pt-BR\"},{\"@type\":\"WebPage\",\"@id\":\"https:\\\/\\\/cnr.org.br\\\/novoportal\\\/presidente-da-cnr-participa-da-3a-reuniao-da-frente-parlamentar\\\/\",\"url\":\"https:\\\/\\\/cnr.org.br\\\/novoportal\\\/presidente-da-cnr-participa-da-3a-reuniao-da-frente-parlamentar\\\/\",\"name\":\"Presidente da CNR participa da 3\u00aa reuni\u00e3o da Frente Parlamentar - CNR\",\"isPartOf\":{\"@id\":\"https:\\\/\\\/cnr.org.br\\\/novoportal\\\/#website\"},\"primaryImageOfPage\":{\"@id\":\"https:\\\/\\\/cnr.org.br\\\/novoportal\\\/presidente-da-cnr-participa-da-3a-reuniao-da-frente-parlamentar\\\/#primaryimage\"},\"image\":{\"@id\":\"https:\\\/\\\/cnr.org.br\\\/novoportal\\\/presidente-da-cnr-participa-da-3a-reuniao-da-frente-parlamentar\\\/#primaryimage\"},\"thumbnailUrl\":\"https:\\\/\\\/cnr.org.br\\\/site\\\/wp-content\\\/uploads\\\/2019\\\/06\\\/DSC06364-1024x682.jpg\",\"datePublished\":\"2019-06-27T17:52:13+00:00\",\"dateModified\":\"2019-06-27T18:17:52+00:00\",\"breadcrumb\":{\"@id\":\"https:\\\/\\\/cnr.org.br\\\/novoportal\\\/presidente-da-cnr-participa-da-3a-reuniao-da-frente-parlamentar\\\/#breadcrumb\"},\"inLanguage\":\"pt-BR\",\"potentialAction\":[{\"@type\":\"ReadAction\",\"target\":[\"https:\\\/\\\/cnr.org.br\\\/novoportal\\\/presidente-da-cnr-participa-da-3a-reuniao-da-frente-parlamentar\\\/\"]}]},{\"@type\":\"ImageObject\",\"inLanguage\":\"pt-BR\",\"@id\":\"https:\\\/\\\/cnr.org.br\\\/novoportal\\\/presidente-da-cnr-participa-da-3a-reuniao-da-frente-parlamentar\\\/#primaryimage\",\"url\":\"https:\\\/\\\/cnr.org.br\\\/site\\\/wp-content\\\/uploads\\\/2019\\\/06\\\/DSC06364-1024x682.jpg\",\"contentUrl\":\"https:\\\/\\\/cnr.org.br\\\/site\\\/wp-content\\\/uploads\\\/2019\\\/06\\\/DSC06364-1024x682.jpg\",\"width\":1024,\"height\":682},{\"@type\":\"BreadcrumbList\",\"@id\":\"https:\\\/\\\/cnr.org.br\\\/novoportal\\\/presidente-da-cnr-participa-da-3a-reuniao-da-frente-parlamentar\\\/#breadcrumb\",\"itemListElement\":[{\"@type\":\"ListItem\",\"position\":1,\"name\":\"In\u00edcio\",\"item\":\"https:\\\/\\\/cnr.org.br\\\/site\\\/\"},{\"@type\":\"ListItem\",\"position\":2,\"name\":\"Presidente da CNR participa da 3\u00aa reuni\u00e3o da Frente Parlamentar\"}]},{\"@type\":\"WebSite\",\"@id\":\"https:\\\/\\\/cnr.org.br\\\/novoportal\\\/#website\",\"url\":\"https:\\\/\\\/cnr.org.br\\\/novoportal\\\/\",\"name\":\"CNR\",\"description\":\"Confedera\u00e7\u00e3o Nacional de Not\u00e1rios e Registradores\",\"publisher\":{\"@id\":\"https:\\\/\\\/cnr.org.br\\\/novoportal\\\/#organization\"},\"potentialAction\":[{\"@type\":\"SearchAction\",\"target\":{\"@type\":\"EntryPoint\",\"urlTemplate\":\"https:\\\/\\\/cnr.org.br\\\/novoportal\\\/?s={search_term_string}\"},\"query-input\":{\"@type\":\"PropertyValueSpecification\",\"valueRequired\":true,\"valueName\":\"search_term_string\"}}],\"inLanguage\":\"pt-BR\"},{\"@type\":\"Organization\",\"@id\":\"https:\\\/\\\/cnr.org.br\\\/novoportal\\\/#organization\",\"name\":\"CNR\",\"url\":\"https:\\\/\\\/cnr.org.br\\\/novoportal\\\/\",\"logo\":{\"@type\":\"ImageObject\",\"inLanguage\":\"pt-BR\",\"@id\":\"https:\\\/\\\/cnr.org.br\\\/novoportal\\\/#\\\/schema\\\/logo\\\/image\\\/\",\"url\":\"https:\\\/\\\/cnr.org.br\\\/site\\\/wp-content\\\/uploads\\\/2026\\\/02\\\/Logo_CNR_completa_colorida_2024.png\",\"contentUrl\":\"https:\\\/\\\/cnr.org.br\\\/site\\\/wp-content\\\/uploads\\\/2026\\\/02\\\/Logo_CNR_completa_colorida_2024.png\",\"width\":910,\"height\":450,\"caption\":\"CNR\"},\"image\":{\"@id\":\"https:\\\/\\\/cnr.org.br\\\/novoportal\\\/#\\\/schema\\\/logo\\\/image\\\/\"}},{\"@type\":\"Person\",\"@id\":\"https:\\\/\\\/cnr.org.br\\\/novoportal\\\/#\\\/schema\\\/person\\\/1f46209cd8c9d3d9887a0765b64ca66b\",\"name\":\"Imprensa CNR\",\"sameAs\":[\"https:\\\/\\\/cnr.org.br\\\/site\"],\"url\":\"https:\\\/\\\/cnr.org.br\\\/site\\\/author\\\/imprensa\\\/\"}]}<\/script>\n<!-- \/ Yoast SEO plugin. -->","yoast_head_json":{"title":"Presidente da CNR participa da 3\u00aa reuni\u00e3o da Frente Parlamentar - CNR","robots":{"index":"index","follow":"follow","max-snippet":"max-snippet:-1","max-image-preview":"max-image-preview:large","max-video-preview":"max-video-preview:-1"},"canonical":"https:\/\/cnr.org.br\/novoportal\/presidente-da-cnr-participa-da-3a-reuniao-da-frente-parlamentar\/","og_locale":"pt_BR","og_type":"article","og_title":"Presidente da CNR participa da 3\u00aa reuni\u00e3o da Frente Parlamentar - CNR","og_description":"O presidente da Confedera\u00e7\u00e3o Nacional de Not\u00e1rios e Registradores, Rog\u00e9rio Bacellar, participou nesta quarta-feira (26.06), da terceira reuni\u00e3o da Frente Parlamentar Notarial e Registral. O encontro foi realizado na sede da Associa\u00e7\u00e3o dos Not\u00e1rios e Registradores do Brasil (Anoreg\/BR), em Bras\u00edlia. Assim sendo, o presidente da Frente, deputado Rog\u00e9rio Peninha Mendon\u00e7a (MDB-SC), coordenou o grupo. [&hellip;]","og_url":"https:\/\/cnr.org.br\/novoportal\/presidente-da-cnr-participa-da-3a-reuniao-da-frente-parlamentar\/","og_site_name":"CNR","article_published_time":"2019-06-27T17:52:13+00:00","article_modified_time":"2019-06-27T18:17:52+00:00","og_image":[{"width":1024,"height":682,"url":"https:\/\/cnr.org.br\/novoportal\/wp-content\/uploads\/2019\/06\/DSC06364-1024x682.jpg","type":"image\/jpeg"}],"author":"Imprensa CNR","twitter_card":"summary_large_image","twitter_misc":{"Escrito por":"Imprensa CNR","Est. tempo de leitura":"1 minuto"},"schema":{"@context":"https:\/\/schema.org","@graph":[{"@type":"Article","@id":"https:\/\/cnr.org.br\/novoportal\/presidente-da-cnr-participa-da-3a-reuniao-da-frente-parlamentar\/#article","isPartOf":{"@id":"https:\/\/cnr.org.br\/novoportal\/presidente-da-cnr-participa-da-3a-reuniao-da-frente-parlamentar\/"},"author":{"name":"Imprensa CNR","@id":"https:\/\/cnr.org.br\/novoportal\/#\/schema\/person\/1f46209cd8c9d3d9887a0765b64ca66b"},"headline":"Presidente da CNR participa da 3\u00aa reuni\u00e3o da Frente Parlamentar","datePublished":"2019-06-27T17:52:13+00:00","dateModified":"2019-06-27T18:17:52+00:00","mainEntityOfPage":{"@id":"https:\/\/cnr.org.br\/novoportal\/presidente-da-cnr-participa-da-3a-reuniao-da-frente-parlamentar\/"},"wordCount":267,"publisher":{"@id":"https:\/\/cnr.org.br\/novoportal\/#organization"},"image":{"@id":"https:\/\/cnr.org.br\/novoportal\/presidente-da-cnr-participa-da-3a-reuniao-da-frente-parlamentar\/#primaryimage"},"thumbnailUrl":"https:\/\/cnr.org.br\/site\/wp-content\/uploads\/2019\/06\/DSC06364-1024x682.jpg","articleSection":["Not\u00edcia","\u00daltimas Not\u00edcias"],"inLanguage":"pt-BR"},{"@type":"WebPage","@id":"https:\/\/cnr.org.br\/novoportal\/presidente-da-cnr-participa-da-3a-reuniao-da-frente-parlamentar\/","url":"https:\/\/cnr.org.br\/novoportal\/presidente-da-cnr-participa-da-3a-reuniao-da-frente-parlamentar\/","name":"Presidente da CNR participa da 3\u00aa reuni\u00e3o da Frente Parlamentar - CNR","isPartOf":{"@id":"https:\/\/cnr.org.br\/novoportal\/#website"},"primaryImageOfPage":{"@id":"https:\/\/cnr.org.br\/novoportal\/presidente-da-cnr-participa-da-3a-reuniao-da-frente-parlamentar\/#primaryimage"},"image":{"@id":"https:\/\/cnr.org.br\/novoportal\/presidente-da-cnr-participa-da-3a-reuniao-da-frente-parlamentar\/#primaryimage"},"thumbnailUrl":"https:\/\/cnr.org.br\/site\/wp-content\/uploads\/2019\/06\/DSC06364-1024x682.jpg","datePublished":"2019-06-27T17:52:13+00:00","dateModified":"2019-06-27T18:17:52+00:00","breadcrumb":{"@id":"https:\/\/cnr.org.br\/novoportal\/presidente-da-cnr-participa-da-3a-reuniao-da-frente-parlamentar\/#breadcrumb"},"inLanguage":"pt-BR","potentialAction":[{"@type":"ReadAction","target":["https:\/\/cnr.org.br\/novoportal\/presidente-da-cnr-participa-da-3a-reuniao-da-frente-parlamentar\/"]}]},{"@type":"ImageObject","inLanguage":"pt-BR","@id":"https:\/\/cnr.org.br\/novoportal\/presidente-da-cnr-participa-da-3a-reuniao-da-frente-parlamentar\/#primaryimage","url":"https:\/\/cnr.org.br\/site\/wp-content\/uploads\/2019\/06\/DSC06364-1024x682.jpg","contentUrl":"https:\/\/cnr.org.br\/site\/wp-content\/uploads\/2019\/06\/DSC06364-1024x682.jpg","width":1024,"height":682},{"@type":"BreadcrumbList","@id":"https:\/\/cnr.org.br\/novoportal\/presidente-da-cnr-participa-da-3a-reuniao-da-frente-parlamentar\/#breadcrumb","itemListElement":[{"@type":"ListItem","position":1,"name":"In\u00edcio","item":"https:\/\/cnr.org.br\/site\/"},{"@type":"ListItem","position":2,"name":"Presidente da CNR participa da 3\u00aa reuni\u00e3o da Frente Parlamentar"}]},{"@type":"WebSite","@id":"https:\/\/cnr.org.br\/novoportal\/#website","url":"https:\/\/cnr.org.br\/novoportal\/","name":"CNR","description":"Confedera\u00e7\u00e3o Nacional de Not\u00e1rios e Registradores","publisher":{"@id":"https:\/\/cnr.org.br\/novoportal\/#organization"},"potentialAction":[{"@type":"SearchAction","target":{"@type":"EntryPoint","urlTemplate":"https:\/\/cnr.org.br\/novoportal\/?s={search_term_string}"},"query-input":{"@type":"PropertyValueSpecification","valueRequired":true,"valueName":"search_term_string"}}],"inLanguage":"pt-BR"},{"@type":"Organization","@id":"https:\/\/cnr.org.br\/novoportal\/#organization","name":"CNR","url":"https:\/\/cnr.org.br\/novoportal\/","logo":{"@type":"ImageObject","inLanguage":"pt-BR","@id":"https:\/\/cnr.org.br\/novoportal\/#\/schema\/logo\/image\/","url":"https:\/\/cnr.org.br\/site\/wp-content\/uploads\/2026\/02\/Logo_CNR_completa_colorida_2024.png","contentUrl":"https:\/\/cnr.org.br\/site\/wp-content\/uploads\/2026\/02\/Logo_CNR_completa_colorida_2024.png","width":910,"height":450,"caption":"CNR"},"image":{"@id":"https:\/\/cnr.org.br\/novoportal\/#\/schema\/logo\/image\/"}},{"@type":"Person","@id":"https:\/\/cnr.org.br\/novoportal\/#\/schema\/person\/1f46209cd8c9d3d9887a0765b64ca66b","name":"Imprensa CNR","sameAs":["https:\/\/cnr.org.br\/site"],"url":"https:\/\/cnr.org.br\/site\/author\/imprensa\/"}]}},"_links":{"self":[{"href":"https:\/\/cnr.org.br\/site\/wp-json\/wp\/v2\/posts\/15241","targetHints":{"allow":["GET"]}}],"collection":[{"href":"https:\/\/cnr.org.br\/site\/wp-json\/wp\/v2\/posts"}],"about":[{"href":"https:\/\/cnr.org.br\/site\/wp-json\/wp\/v2\/types\/post"}],"author":[{"embeddable":true,"href":"https:\/\/cnr.org.br\/site\/wp-json\/wp\/v2\/users\/2"}],"replies":[{"embeddable":true,"href":"https:\/\/cnr.org.br\/site\/wp-json\/wp\/v2\/comments?post=15241"}],"version-history":[{"count":0,"href":"https:\/\/cnr.org.br\/site\/wp-json\/wp\/v2\/posts\/15241\/revisions"}],"wp:featuredmedia":[{"embeddable":true,"href":"https:\/\/cnr.org.br\/site\/wp-json\/wp\/v2\/media\/15242"}],"wp:attachment":[{"href":"https:\/\/cnr.org.br\/site\/wp-json\/wp\/v2\/media?parent=15241"}],"wp:term":[{"taxonomy":"category","embeddable":true,"href":"https:\/\/cnr.org.br\/site\/wp-json\/wp\/v2\/categories?post=15241"},{"taxonomy":"post_tag","embeddable":true,"href":"https:\/\/cnr.org.br\/site\/wp-json\/wp\/v2\/tags?post=15241"}],"curies":[{"name":"wp","href":"https:\/\/api.w.org\/{rel}","templated":true}]}}