{"id":15708,"date":"2019-08-21T12:48:30","date_gmt":"2019-08-21T15:48:30","guid":{"rendered":"https:\/\/cnr.org.br\/site\/?p=15708"},"modified":"2019-08-21T12:48:30","modified_gmt":"2019-08-21T15:48:30","slug":"cas-aprova-saque-do-fgts-para-educacao-e-cirurgias","status":"publish","type":"post","link":"https:\/\/cnr.org.br\/site\/cas-aprova-saque-do-fgts-para-educacao-e-cirurgias\/","title":{"rendered":"CAS aprova saque do FGTS para educa\u00e7\u00e3o e cirurgias"},"content":{"rendered":"<div id=\"dslc-theme-content\"><div id=\"dslc-theme-content-inner\"><p><strong><em>A Comiss\u00e3o de Assuntos Sociais (CAS) do Senado\u00a0<a href=\"https:\/\/legis.senado.leg.br\/sdleg-getter\/documento?dm=7990587&amp;ts=1565823849591&amp;disposition=inline\">aprovou<\/a>, em decis\u00e3o final, nesta quarta-feira (14), o Projeto de Lei (PL) 1.540\/19, do senador Styvenson Valentim (Podemos-RN), que amplia as possibilidades de saque do Fundo de Garantia do Tempo de Servi\u00e7o (FGTS) para pagamento de curso de n\u00edvel superior e de cirurgias essenciais \u00e0 sa\u00fade. A relatora da proposta, senadora Mailza Gomes (PP-AC), ofereceu parecer favor\u00e1vel ao projeto, que foi aprovado por 8 votos a 2 contr\u00e1rios.<\/em><\/strong><\/p>\n<p>Na justifica\u00e7\u00e3o do projeto, Styvenson defendeu o saque do FGTS para cobrir gastos educacionais por conta das mudan\u00e7as nas regras e cortes de recursos destinados ao Fundo de Financiamento Estudantil (Fies) e do Programa Universidade para Todos (ProUni), que levou \u00e0 redu\u00e7\u00e3o no n\u00famero de matr\u00edculas em institui\u00e7\u00f5es privadas de ensino superior.<\/p>\n<p>Quanto \u00e0 aplica\u00e7\u00e3o de verbas do fundo em cirurgias, o autor do projeto argumentou que a medida dever\u00e1 beneficiar usu\u00e1rios do Sistema \u00danico de Sa\u00fade (SUS) que enfrentam demora no atendimento mesmo em quest\u00f5es essenciais \u00e0 sa\u00fade.<\/p>\n<p><strong>Tramita\u00e7\u00e3o<\/strong><br \/>\nCaso n\u00e3o haja posi\u00e7\u00e3o contr\u00e1ria \u00e0 decis\u00e3o terminativa da Comiss\u00e3o de Assuntos Sociais, o\u00a0<strong>projeto vai ao exame da C\u00e2mara dos Deputados<\/strong>.<\/p>\n<p><strong>Estatuto iguala cooperativas de celetistas a empresas para fins trabalhistas<\/strong><br \/>\nA\u00a0<strong>Comiss\u00e3o de Trabalho da C\u00e2mara<\/strong>\u00a0<a href=\"https:\/\/www.camara.leg.br\/proposicoesWeb\/prop_mostrarintegra?codteor=1741918&amp;filename=Parecer-CTASP-07-05-2019\">aprovou<\/a>, nesta\u00a0<strong>quarta-feira (14)<\/strong>, o projeto do deputado Baleia Rossi (MDB-SP) que cria o Estatuto Profissional dos Trabalhadores Celetistas em Cooperativas. A mat\u00e9ria (<strong>PL 537\/19<\/strong>) recebeu parecer favor\u00e1vel do relator, deputado Evair Vieira de Melo (PP-ES). A proposi\u00e7\u00e3o ainda vai ser examinada pela\u00a0<strong>Comiss\u00e3o de Constitui\u00e7\u00e3o e Justi\u00e7a, em car\u00e1ter conclusivo<\/strong>.<\/p>\n<p>O texto prev\u00ea para os trabalhadores contratados pelas cooperativas jornada de trabalho oito horas di\u00e1rias e 44 semanais. Regras previstas em acordo, individual ou coletivo, podem mudar a carga semanal de trabalho. J\u00e1 o piso salarial da categoria ser\u00e1 fixado em conven\u00e7\u00e3o ou acordo coletivo de trabalho.\u00a0<a href=\"https:\/\/www.camara.leg.br\/noticias\/570524-trabalho-aprova-estatuto-que-iguala-cooperativas-de-celetistas-a-empresas-para-fins-trabalhistas\/\">Leia mais<\/a><\/p>\n<p><strong>Regras da OIT para pesquisas de desemprego no Pa\u00eds<\/strong><br \/>\nA\u00a0<strong>Comiss\u00e3o de Constitui\u00e7\u00e3o e Justi\u00e7a da C\u00e2mara<\/strong>\u00a0<a href=\"https:\/\/www.camara.leg.br\/proposicoesWeb\/prop_mostrarintegra?codteor=1780076&amp;filename=Parecer-CCJC-16-07-2019\">aprovou<\/a>\u00a0o\u00a0<strong>Projeto de Lei (PL) 2.126\/15<\/strong>, do deputado Daniel Coelho (Cidadania-PE), que obriga os \u00f3rg\u00e3os respons\u00e1veis por pesquisas de emprego e desemprego no Brasil a seguir os par\u00e2metros recomendados por uma resolu\u00e7\u00e3o da Organiza\u00e7\u00e3o Internacional do Trabalho (OIT) de 2013.<\/p>\n<p>O texto determina que os \u00f3rg\u00e3os como o Instituto Brasileiro de Geografia e Estat\u00edstica (IBGE) n\u00e3o poder\u00e3o considerar empregadas as pessoas sem ocupa\u00e7\u00e3o profissional remunerada em dinheiro que participam de programas de transfer\u00eancia de renda, como o Bolsa Fam\u00edlia. Al\u00e9m disso, o projeto determina que somente ser\u00e1 considerada empregada a pessoa que recebe o pagamento em dinheiro, conforme estabelece o artigo 463 da Consolida\u00e7\u00e3o das Leis do Trabalho (CLT).<\/p>\n<p><strong>Tramita\u00e7\u00e3o<\/strong><br \/>\nO projeto foi\u00a0<strong>aprovado em car\u00e1ter conclusivo<\/strong>, entretanto, ainda \u00e9 poss\u00edvel recurso para que o mat\u00e9ria seja analisada pelo plen\u00e1rio. Caso isso n\u00e3o ocorra, o texto deve seguir para an\u00e1lise do Senado.\u00a0<a href=\"https:\/\/www.camara.leg.br\/noticias\/570508-ccj-aprova-regras-da-oit-para-pesquisas-de-desemprego-no-pais\/\">Leia mais<\/a><\/p>\n<p>Fonte: <a href=\"http:\/\/www.diap.org.br\/index.php\/noticias\/noticias\/29044-cas-aprova-saque-do-fgts-para-educacao-e-cirurgias\">DIAP<\/a><\/p>\n<\/div><\/div>","protected":false},"excerpt":{"rendered":"<p>A Comiss\u00e3o de Assuntos Sociais (CAS) do Senado\u00a0aprovou, em decis\u00e3o final, nesta quarta-feira (14), o Projeto de Lei (PL) 1.540\/19, do senador Styvenson Valentim (Podemos-RN), que amplia as possibilidades de saque do Fundo de Garantia do Tempo de Servi\u00e7o (FGTS) para pagamento de curso de n\u00edvel superior e de cirurgias essenciais \u00e0 sa\u00fade. A relatora [&hellip;]<\/p>\n","protected":false},"author":2,"featured_media":15709,"comment_status":"closed","ping_status":"closed","sticky":false,"template":"","format":"standard","meta":{"footnotes":"","_links_to":"","_links_to_target":""},"categories":[47],"tags":[],"class_list":["post-15708","post","type-post","status-publish","format-standard","has-post-thumbnail","hentry","category-ultimas-noticias"],"yoast_head":"<!-- This site is optimized with the Yoast SEO plugin v28.4 - https:\/\/yoast.com\/product\/yoast-seo-wordpress\/ -->\n<title>CAS aprova saque do FGTS para educa\u00e7\u00e3o e cirurgias - CNR<\/title>\n<meta name=\"robots\" content=\"index, follow, max-snippet:-1, max-image-preview:large, max-video-preview:-1\" \/>\n<link rel=\"canonical\" href=\"https:\/\/cnr.org.br\/novoportal\/cas-aprova-saque-do-fgts-para-educacao-e-cirurgias\/\" \/>\n<meta property=\"og:locale\" content=\"pt_BR\" \/>\n<meta property=\"og:type\" content=\"article\" \/>\n<meta property=\"og:title\" content=\"CAS aprova saque do FGTS para educa\u00e7\u00e3o e cirurgias - CNR\" \/>\n<meta property=\"og:description\" content=\"A Comiss\u00e3o de Assuntos Sociais (CAS) do Senado\u00a0aprovou, em decis\u00e3o final, nesta quarta-feira (14), o Projeto de Lei (PL) 1.540\/19, do senador Styvenson Valentim (Podemos-RN), que amplia as possibilidades de saque do Fundo de Garantia do Tempo de Servi\u00e7o (FGTS) para pagamento de curso de n\u00edvel superior e de cirurgias essenciais \u00e0 sa\u00fade. A relatora [&hellip;]\" \/>\n<meta property=\"og:url\" content=\"https:\/\/cnr.org.br\/novoportal\/cas-aprova-saque-do-fgts-para-educacao-e-cirurgias\/\" \/>\n<meta property=\"og:site_name\" content=\"CNR\" \/>\n<meta property=\"article:published_time\" content=\"2019-08-21T15:48:30+00:00\" \/>\n<meta property=\"og:image\" content=\"https:\/\/cnr.org.br\/novoportal\/wp-content\/uploads\/2019\/08\/saque.jpg\" \/>\n\t<meta property=\"og:image:width\" content=\"540\" \/>\n\t<meta property=\"og:image:height\" content=\"432\" \/>\n\t<meta property=\"og:image:type\" content=\"image\/jpeg\" \/>\n<meta name=\"author\" content=\"Imprensa CNR\" \/>\n<meta name=\"twitter:card\" content=\"summary_large_image\" \/>\n<meta name=\"twitter:label1\" content=\"Escrito por\" \/>\n\t<meta name=\"twitter:data1\" content=\"Imprensa CNR\" \/>\n\t<meta name=\"twitter:label2\" content=\"Est. tempo de leitura\" \/>\n\t<meta name=\"twitter:data2\" content=\"3 minutos\" \/>\n<script type=\"application\/ld+json\" class=\"yoast-schema-graph\">{\"@context\":\"https:\\\/\\\/schema.org\",\"@graph\":[{\"@type\":\"Article\",\"@id\":\"https:\\\/\\\/cnr.org.br\\\/novoportal\\\/cas-aprova-saque-do-fgts-para-educacao-e-cirurgias\\\/#article\",\"isPartOf\":{\"@id\":\"https:\\\/\\\/cnr.org.br\\\/novoportal\\\/cas-aprova-saque-do-fgts-para-educacao-e-cirurgias\\\/\"},\"author\":{\"name\":\"Imprensa CNR\",\"@id\":\"https:\\\/\\\/cnr.org.br\\\/novoportal\\\/#\\\/schema\\\/person\\\/1f46209cd8c9d3d9887a0765b64ca66b\"},\"headline\":\"CAS aprova saque do FGTS para educa\u00e7\u00e3o e cirurgias\",\"datePublished\":\"2019-08-21T15:48:30+00:00\",\"mainEntityOfPage\":{\"@id\":\"https:\\\/\\\/cnr.org.br\\\/novoportal\\\/cas-aprova-saque-do-fgts-para-educacao-e-cirurgias\\\/\"},\"wordCount\":524,\"publisher\":{\"@id\":\"https:\\\/\\\/cnr.org.br\\\/novoportal\\\/#organization\"},\"image\":{\"@id\":\"https:\\\/\\\/cnr.org.br\\\/novoportal\\\/cas-aprova-saque-do-fgts-para-educacao-e-cirurgias\\\/#primaryimage\"},\"thumbnailUrl\":\"https:\\\/\\\/cnr.org.br\\\/site\\\/wp-content\\\/uploads\\\/2019\\\/08\\\/saque.jpg\",\"articleSection\":[\"\u00daltimas Not\u00edcias\"],\"inLanguage\":\"pt-BR\"},{\"@type\":\"WebPage\",\"@id\":\"https:\\\/\\\/cnr.org.br\\\/novoportal\\\/cas-aprova-saque-do-fgts-para-educacao-e-cirurgias\\\/\",\"url\":\"https:\\\/\\\/cnr.org.br\\\/novoportal\\\/cas-aprova-saque-do-fgts-para-educacao-e-cirurgias\\\/\",\"name\":\"CAS aprova saque do FGTS para educa\u00e7\u00e3o e cirurgias - CNR\",\"isPartOf\":{\"@id\":\"https:\\\/\\\/cnr.org.br\\\/novoportal\\\/#website\"},\"primaryImageOfPage\":{\"@id\":\"https:\\\/\\\/cnr.org.br\\\/novoportal\\\/cas-aprova-saque-do-fgts-para-educacao-e-cirurgias\\\/#primaryimage\"},\"image\":{\"@id\":\"https:\\\/\\\/cnr.org.br\\\/novoportal\\\/cas-aprova-saque-do-fgts-para-educacao-e-cirurgias\\\/#primaryimage\"},\"thumbnailUrl\":\"https:\\\/\\\/cnr.org.br\\\/site\\\/wp-content\\\/uploads\\\/2019\\\/08\\\/saque.jpg\",\"datePublished\":\"2019-08-21T15:48:30+00:00\",\"breadcrumb\":{\"@id\":\"https:\\\/\\\/cnr.org.br\\\/novoportal\\\/cas-aprova-saque-do-fgts-para-educacao-e-cirurgias\\\/#breadcrumb\"},\"inLanguage\":\"pt-BR\",\"potentialAction\":[{\"@type\":\"ReadAction\",\"target\":[\"https:\\\/\\\/cnr.org.br\\\/novoportal\\\/cas-aprova-saque-do-fgts-para-educacao-e-cirurgias\\\/\"]}]},{\"@type\":\"ImageObject\",\"inLanguage\":\"pt-BR\",\"@id\":\"https:\\\/\\\/cnr.org.br\\\/novoportal\\\/cas-aprova-saque-do-fgts-para-educacao-e-cirurgias\\\/#primaryimage\",\"url\":\"https:\\\/\\\/cnr.org.br\\\/site\\\/wp-content\\\/uploads\\\/2019\\\/08\\\/saque.jpg\",\"contentUrl\":\"https:\\\/\\\/cnr.org.br\\\/site\\\/wp-content\\\/uploads\\\/2019\\\/08\\\/saque.jpg\",\"width\":540,\"height\":432},{\"@type\":\"BreadcrumbList\",\"@id\":\"https:\\\/\\\/cnr.org.br\\\/novoportal\\\/cas-aprova-saque-do-fgts-para-educacao-e-cirurgias\\\/#breadcrumb\",\"itemListElement\":[{\"@type\":\"ListItem\",\"position\":1,\"name\":\"In\u00edcio\",\"item\":\"https:\\\/\\\/cnr.org.br\\\/site\\\/\"},{\"@type\":\"ListItem\",\"position\":2,\"name\":\"CAS aprova saque do FGTS para educa\u00e7\u00e3o e cirurgias\"}]},{\"@type\":\"WebSite\",\"@id\":\"https:\\\/\\\/cnr.org.br\\\/novoportal\\\/#website\",\"url\":\"https:\\\/\\\/cnr.org.br\\\/novoportal\\\/\",\"name\":\"CNR\",\"description\":\"Confedera\u00e7\u00e3o Nacional de Not\u00e1rios e Registradores\",\"publisher\":{\"@id\":\"https:\\\/\\\/cnr.org.br\\\/novoportal\\\/#organization\"},\"potentialAction\":[{\"@type\":\"SearchAction\",\"target\":{\"@type\":\"EntryPoint\",\"urlTemplate\":\"https:\\\/\\\/cnr.org.br\\\/novoportal\\\/?s={search_term_string}\"},\"query-input\":{\"@type\":\"PropertyValueSpecification\",\"valueRequired\":true,\"valueName\":\"search_term_string\"}}],\"inLanguage\":\"pt-BR\"},{\"@type\":\"Organization\",\"@id\":\"https:\\\/\\\/cnr.org.br\\\/novoportal\\\/#organization\",\"name\":\"CNR\",\"url\":\"https:\\\/\\\/cnr.org.br\\\/novoportal\\\/\",\"logo\":{\"@type\":\"ImageObject\",\"inLanguage\":\"pt-BR\",\"@id\":\"https:\\\/\\\/cnr.org.br\\\/novoportal\\\/#\\\/schema\\\/logo\\\/image\\\/\",\"url\":\"https:\\\/\\\/cnr.org.br\\\/site\\\/wp-content\\\/uploads\\\/2026\\\/02\\\/Logo_CNR_completa_colorida_2024.png\",\"contentUrl\":\"https:\\\/\\\/cnr.org.br\\\/site\\\/wp-content\\\/uploads\\\/2026\\\/02\\\/Logo_CNR_completa_colorida_2024.png\",\"width\":910,\"height\":450,\"caption\":\"CNR\"},\"image\":{\"@id\":\"https:\\\/\\\/cnr.org.br\\\/novoportal\\\/#\\\/schema\\\/logo\\\/image\\\/\"}},{\"@type\":\"Person\",\"@id\":\"https:\\\/\\\/cnr.org.br\\\/novoportal\\\/#\\\/schema\\\/person\\\/1f46209cd8c9d3d9887a0765b64ca66b\",\"name\":\"Imprensa CNR\",\"sameAs\":[\"https:\\\/\\\/cnr.org.br\\\/site\"],\"url\":\"https:\\\/\\\/cnr.org.br\\\/site\\\/author\\\/imprensa\\\/\"}]}<\/script>\n<!-- \/ Yoast SEO plugin. -->","yoast_head_json":{"title":"CAS aprova saque do FGTS para educa\u00e7\u00e3o e cirurgias - CNR","robots":{"index":"index","follow":"follow","max-snippet":"max-snippet:-1","max-image-preview":"max-image-preview:large","max-video-preview":"max-video-preview:-1"},"canonical":"https:\/\/cnr.org.br\/novoportal\/cas-aprova-saque-do-fgts-para-educacao-e-cirurgias\/","og_locale":"pt_BR","og_type":"article","og_title":"CAS aprova saque do FGTS para educa\u00e7\u00e3o e cirurgias - CNR","og_description":"A Comiss\u00e3o de Assuntos Sociais (CAS) do Senado\u00a0aprovou, em decis\u00e3o final, nesta quarta-feira (14), o Projeto de Lei (PL) 1.540\/19, do senador Styvenson Valentim (Podemos-RN), que amplia as possibilidades de saque do Fundo de Garantia do Tempo de Servi\u00e7o (FGTS) para pagamento de curso de n\u00edvel superior e de cirurgias essenciais \u00e0 sa\u00fade. A relatora [&hellip;]","og_url":"https:\/\/cnr.org.br\/novoportal\/cas-aprova-saque-do-fgts-para-educacao-e-cirurgias\/","og_site_name":"CNR","article_published_time":"2019-08-21T15:48:30+00:00","og_image":[{"width":540,"height":432,"url":"https:\/\/cnr.org.br\/novoportal\/wp-content\/uploads\/2019\/08\/saque.jpg","type":"image\/jpeg"}],"author":"Imprensa CNR","twitter_card":"summary_large_image","twitter_misc":{"Escrito por":"Imprensa CNR","Est. tempo de leitura":"3 minutos"},"schema":{"@context":"https:\/\/schema.org","@graph":[{"@type":"Article","@id":"https:\/\/cnr.org.br\/novoportal\/cas-aprova-saque-do-fgts-para-educacao-e-cirurgias\/#article","isPartOf":{"@id":"https:\/\/cnr.org.br\/novoportal\/cas-aprova-saque-do-fgts-para-educacao-e-cirurgias\/"},"author":{"name":"Imprensa CNR","@id":"https:\/\/cnr.org.br\/novoportal\/#\/schema\/person\/1f46209cd8c9d3d9887a0765b64ca66b"},"headline":"CAS aprova saque do FGTS para educa\u00e7\u00e3o e cirurgias","datePublished":"2019-08-21T15:48:30+00:00","mainEntityOfPage":{"@id":"https:\/\/cnr.org.br\/novoportal\/cas-aprova-saque-do-fgts-para-educacao-e-cirurgias\/"},"wordCount":524,"publisher":{"@id":"https:\/\/cnr.org.br\/novoportal\/#organization"},"image":{"@id":"https:\/\/cnr.org.br\/novoportal\/cas-aprova-saque-do-fgts-para-educacao-e-cirurgias\/#primaryimage"},"thumbnailUrl":"https:\/\/cnr.org.br\/site\/wp-content\/uploads\/2019\/08\/saque.jpg","articleSection":["\u00daltimas Not\u00edcias"],"inLanguage":"pt-BR"},{"@type":"WebPage","@id":"https:\/\/cnr.org.br\/novoportal\/cas-aprova-saque-do-fgts-para-educacao-e-cirurgias\/","url":"https:\/\/cnr.org.br\/novoportal\/cas-aprova-saque-do-fgts-para-educacao-e-cirurgias\/","name":"CAS aprova saque do FGTS para educa\u00e7\u00e3o e cirurgias - CNR","isPartOf":{"@id":"https:\/\/cnr.org.br\/novoportal\/#website"},"primaryImageOfPage":{"@id":"https:\/\/cnr.org.br\/novoportal\/cas-aprova-saque-do-fgts-para-educacao-e-cirurgias\/#primaryimage"},"image":{"@id":"https:\/\/cnr.org.br\/novoportal\/cas-aprova-saque-do-fgts-para-educacao-e-cirurgias\/#primaryimage"},"thumbnailUrl":"https:\/\/cnr.org.br\/site\/wp-content\/uploads\/2019\/08\/saque.jpg","datePublished":"2019-08-21T15:48:30+00:00","breadcrumb":{"@id":"https:\/\/cnr.org.br\/novoportal\/cas-aprova-saque-do-fgts-para-educacao-e-cirurgias\/#breadcrumb"},"inLanguage":"pt-BR","potentialAction":[{"@type":"ReadAction","target":["https:\/\/cnr.org.br\/novoportal\/cas-aprova-saque-do-fgts-para-educacao-e-cirurgias\/"]}]},{"@type":"ImageObject","inLanguage":"pt-BR","@id":"https:\/\/cnr.org.br\/novoportal\/cas-aprova-saque-do-fgts-para-educacao-e-cirurgias\/#primaryimage","url":"https:\/\/cnr.org.br\/site\/wp-content\/uploads\/2019\/08\/saque.jpg","contentUrl":"https:\/\/cnr.org.br\/site\/wp-content\/uploads\/2019\/08\/saque.jpg","width":540,"height":432},{"@type":"BreadcrumbList","@id":"https:\/\/cnr.org.br\/novoportal\/cas-aprova-saque-do-fgts-para-educacao-e-cirurgias\/#breadcrumb","itemListElement":[{"@type":"ListItem","position":1,"name":"In\u00edcio","item":"https:\/\/cnr.org.br\/site\/"},{"@type":"ListItem","position":2,"name":"CAS aprova saque do FGTS para educa\u00e7\u00e3o e cirurgias"}]},{"@type":"WebSite","@id":"https:\/\/cnr.org.br\/novoportal\/#website","url":"https:\/\/cnr.org.br\/novoportal\/","name":"CNR","description":"Confedera\u00e7\u00e3o Nacional de Not\u00e1rios e Registradores","publisher":{"@id":"https:\/\/cnr.org.br\/novoportal\/#organization"},"potentialAction":[{"@type":"SearchAction","target":{"@type":"EntryPoint","urlTemplate":"https:\/\/cnr.org.br\/novoportal\/?s={search_term_string}"},"query-input":{"@type":"PropertyValueSpecification","valueRequired":true,"valueName":"search_term_string"}}],"inLanguage":"pt-BR"},{"@type":"Organization","@id":"https:\/\/cnr.org.br\/novoportal\/#organization","name":"CNR","url":"https:\/\/cnr.org.br\/novoportal\/","logo":{"@type":"ImageObject","inLanguage":"pt-BR","@id":"https:\/\/cnr.org.br\/novoportal\/#\/schema\/logo\/image\/","url":"https:\/\/cnr.org.br\/site\/wp-content\/uploads\/2026\/02\/Logo_CNR_completa_colorida_2024.png","contentUrl":"https:\/\/cnr.org.br\/site\/wp-content\/uploads\/2026\/02\/Logo_CNR_completa_colorida_2024.png","width":910,"height":450,"caption":"CNR"},"image":{"@id":"https:\/\/cnr.org.br\/novoportal\/#\/schema\/logo\/image\/"}},{"@type":"Person","@id":"https:\/\/cnr.org.br\/novoportal\/#\/schema\/person\/1f46209cd8c9d3d9887a0765b64ca66b","name":"Imprensa CNR","sameAs":["https:\/\/cnr.org.br\/site"],"url":"https:\/\/cnr.org.br\/site\/author\/imprensa\/"}]}},"_links":{"self":[{"href":"https:\/\/cnr.org.br\/site\/wp-json\/wp\/v2\/posts\/15708","targetHints":{"allow":["GET"]}}],"collection":[{"href":"https:\/\/cnr.org.br\/site\/wp-json\/wp\/v2\/posts"}],"about":[{"href":"https:\/\/cnr.org.br\/site\/wp-json\/wp\/v2\/types\/post"}],"author":[{"embeddable":true,"href":"https:\/\/cnr.org.br\/site\/wp-json\/wp\/v2\/users\/2"}],"replies":[{"embeddable":true,"href":"https:\/\/cnr.org.br\/site\/wp-json\/wp\/v2\/comments?post=15708"}],"version-history":[{"count":0,"href":"https:\/\/cnr.org.br\/site\/wp-json\/wp\/v2\/posts\/15708\/revisions"}],"wp:featuredmedia":[{"embeddable":true,"href":"https:\/\/cnr.org.br\/site\/wp-json\/wp\/v2\/media\/15709"}],"wp:attachment":[{"href":"https:\/\/cnr.org.br\/site\/wp-json\/wp\/v2\/media?parent=15708"}],"wp:term":[{"taxonomy":"category","embeddable":true,"href":"https:\/\/cnr.org.br\/site\/wp-json\/wp\/v2\/categories?post=15708"},{"taxonomy":"post_tag","embeddable":true,"href":"https:\/\/cnr.org.br\/site\/wp-json\/wp\/v2\/tags?post=15708"}],"curies":[{"name":"wp","href":"https:\/\/api.w.org\/{rel}","templated":true}]}}