{"id":16053,"date":"2019-10-17T12:09:41","date_gmt":"2019-10-17T15:09:41","guid":{"rendered":"https:\/\/cnr.org.br\/site\/?p=16053"},"modified":"2019-10-17T12:10:28","modified_gmt":"2019-10-17T15:10:28","slug":"tst-suspende-processos-que-tratam-de-restricao-de-direitos-por-norma-coletiva","status":"publish","type":"post","link":"https:\/\/cnr.org.br\/site\/tst-suspende-processos-que-tratam-de-restricao-de-direitos-por-norma-coletiva\/","title":{"rendered":"TST suspende processos que tratam de restri\u00e7\u00e3o de direitos por norma coletiva"},"content":{"rendered":"<div id=\"dslc-theme-content\"><div id=\"dslc-theme-content-inner\"><p>Em sess\u00e3o realizada na \u00faltima quinta-feira (10), a Subse\u00e7\u00e3o 1 Especializada em Diss\u00eddios Individuais (SDI-1) do Tribunal Superior do Trabalho (TST) decidiu, por maioria, suspender a tramita\u00e7\u00e3o de todos os processos que tratam da validade de norma coletiva que limita ou restrinja direito trabalhista n\u00e3o assegurado pela Constitui\u00e7\u00e3o Federal.<\/p>\n<p>Com a decis\u00e3o, os processos ficam suspensos at\u00e9 que o Supremo Tribunal Federal (STF) defina tese jur\u00eddica sobre a mat\u00e9ria, objeto de repercuss\u00e3o geral.<\/p>\n<p><strong>Supremo<\/strong><br \/>\nEm julho deste ano, o ministro Gilmar Mendes, do STF, relator de recurso extraordin\u00e1rio com agravo (ARE 1121633), em que se discute o pagamento de horas de deslocamento (<em>in itinere<\/em>), havia determinado a suspens\u00e3o nacional de todos os processos que envolvam a possibilidade da redu\u00e7\u00e3o de direitos por meio de negocia\u00e7\u00e3o coletiva e a inaplicabilidade do princ\u00edpio da irrenunciabilidade dos direitos trabalhistas ao direito coletivo do trabalho.<\/p>\n<p>O recurso teve repercuss\u00e3o geral reconhecida (Tema 1046), e o m\u00e9rito ainda ser\u00e1 julgado pelo plen\u00e1rio do STF.<\/p>\n<p><strong>Quest\u00e3o de ordem<\/strong><br \/>\nNa quinta-feira, no julgamento de embargos de um empregado da Companhia Urbanizadora da Nova Capital do Brasil (Novacap), de Bras\u00edlia (DF), em que se discute a previs\u00e3o em norma coletiva da carga hor\u00e1ria de trabalho de 40 horas semanais com a manuten\u00e7\u00e3o do divisor 220 para o c\u00e1lculo das horas extras, o ministro Cl\u00e1udio Brand\u00e3o apresentou quest\u00e3o de ordem, a fim de discutir se essa mat\u00e9ria n\u00e3o estaria abrangida pela liminar do ministro Gilmar Mendes.<\/p>\n<p>O colegiado acolheu a quest\u00e3o de ordem e, por maioria, determinou a suspens\u00e3o de todos os processos que tratam da mat\u00e9ria de fundo.<\/p>\n<p>O relator dos embargos, ministro Alberto Bresciani, adotou a tese apresentada pelo vice-presidente do TST, ministro Renato de Lacerda Paiva, para reconhecer que a decis\u00e3o do ministro do STF abrange todos os processos que versem sobre o tema constitucional cuja repercuss\u00e3o geral foi reconhecida \u2014 a validade de norma coletiva que limita ou restringe direito trabalhista n\u00e3o reconhecido na Constitui\u00e7\u00e3o.<\/p>\n<p>Ficaram vencidos os ministros Cl\u00e1udio Brand\u00e3o, Vieira de Mello, Lelio Bentes Corr\u00eaa, Walmir Oliveira da Costa, Jos\u00e9 Roberto Pimenta, e Hugo Scheuermann.\u00a0<strong>Processo<\/strong>: RR-819-71.2017.5.10.0022 - Fase atual: E<\/p>\n<p>&nbsp;<\/p>\n<p>Fonte: <a href=\"http:\/\/www.diap.org.br\/index.php\/noticias\/noticias\/29124-tst-suspende-processos-que-tratam-de-restricao-de-direitos-por-norma-coletiva\">Diap<\/a><\/p>\n<p>&nbsp;<\/p>\n<p>&nbsp;<\/p>\n<\/div><\/div>","protected":false},"excerpt":{"rendered":"<p>Em sess\u00e3o realizada na \u00faltima quinta-feira (10), a Subse\u00e7\u00e3o 1 Especializada em Diss\u00eddios Individuais (SDI-1) do Tribunal Superior do Trabalho (TST) decidiu, por maioria, suspender a tramita\u00e7\u00e3o de todos os processos que tratam da validade de norma coletiva que limita ou restrinja direito trabalhista n\u00e3o assegurado pela Constitui\u00e7\u00e3o Federal. Com a decis\u00e3o, os processos ficam [&hellip;]<\/p>\n","protected":false},"author":2,"featured_media":16054,"comment_status":"closed","ping_status":"closed","sticky":false,"template":"","format":"standard","meta":{"footnotes":"","_links_to":"","_links_to_target":""},"categories":[47],"tags":[],"class_list":["post-16053","post","type-post","status-publish","format-standard","has-post-thumbnail","hentry","category-ultimas-noticias"],"yoast_head":"<!-- This site is optimized with the Yoast SEO plugin v27.5 - https:\/\/yoast.com\/product\/yoast-seo-wordpress\/ -->\n<title>TST suspende processos que tratam de restri\u00e7\u00e3o de direitos por norma coletiva - CNR<\/title>\n<meta name=\"robots\" content=\"index, follow, max-snippet:-1, max-image-preview:large, max-video-preview:-1\" \/>\n<link rel=\"canonical\" href=\"https:\/\/cnr.org.br\/novoportal\/tst-suspende-processos-que-tratam-de-restricao-de-direitos-por-norma-coletiva\/\" \/>\n<meta property=\"og:locale\" content=\"pt_BR\" \/>\n<meta property=\"og:type\" content=\"article\" \/>\n<meta property=\"og:title\" content=\"TST suspende processos que tratam de restri\u00e7\u00e3o de direitos por norma coletiva - CNR\" \/>\n<meta property=\"og:description\" content=\"Em sess\u00e3o realizada na \u00faltima quinta-feira (10), a Subse\u00e7\u00e3o 1 Especializada em Diss\u00eddios Individuais (SDI-1) do Tribunal Superior do Trabalho (TST) decidiu, por maioria, suspender a tramita\u00e7\u00e3o de todos os processos que tratam da validade de norma coletiva que limita ou restrinja direito trabalhista n\u00e3o assegurado pela Constitui\u00e7\u00e3o Federal. Com a decis\u00e3o, os processos ficam [&hellip;]\" \/>\n<meta property=\"og:url\" content=\"https:\/\/cnr.org.br\/novoportal\/tst-suspende-processos-que-tratam-de-restricao-de-direitos-por-norma-coletiva\/\" \/>\n<meta property=\"og:site_name\" content=\"CNR\" \/>\n<meta property=\"article:published_time\" content=\"2019-10-17T15:09:41+00:00\" \/>\n<meta property=\"article:modified_time\" content=\"2019-10-17T15:10:28+00:00\" \/>\n<meta property=\"og:image\" content=\"https:\/\/cnr.org.br\/novoportal\/wp-content\/uploads\/2019\/10\/tst-brasilia-sede.jpg\" \/>\n\t<meta property=\"og:image:width\" content=\"640\" \/>\n\t<meta property=\"og:image:height\" content=\"427\" \/>\n\t<meta property=\"og:image:type\" content=\"image\/jpeg\" \/>\n<meta name=\"author\" content=\"Imprensa CNR\" \/>\n<meta name=\"twitter:card\" content=\"summary_large_image\" \/>\n<meta name=\"twitter:label1\" content=\"Escrito por\" \/>\n\t<meta name=\"twitter:data1\" content=\"Imprensa CNR\" \/>\n\t<meta name=\"twitter:label2\" content=\"Est. tempo de leitura\" \/>\n\t<meta name=\"twitter:data2\" content=\"2 minutos\" \/>\n<script type=\"application\/ld+json\" class=\"yoast-schema-graph\">{\"@context\":\"https:\\\/\\\/schema.org\",\"@graph\":[{\"@type\":\"Article\",\"@id\":\"https:\\\/\\\/cnr.org.br\\\/novoportal\\\/tst-suspende-processos-que-tratam-de-restricao-de-direitos-por-norma-coletiva\\\/#article\",\"isPartOf\":{\"@id\":\"https:\\\/\\\/cnr.org.br\\\/novoportal\\\/tst-suspende-processos-que-tratam-de-restricao-de-direitos-por-norma-coletiva\\\/\"},\"author\":{\"name\":\"Imprensa CNR\",\"@id\":\"https:\\\/\\\/cnr.org.br\\\/novoportal\\\/#\\\/schema\\\/person\\\/1f46209cd8c9d3d9887a0765b64ca66b\"},\"headline\":\"TST suspende processos que tratam de restri\u00e7\u00e3o de direitos por norma coletiva\",\"datePublished\":\"2019-10-17T15:09:41+00:00\",\"dateModified\":\"2019-10-17T15:10:28+00:00\",\"mainEntityOfPage\":{\"@id\":\"https:\\\/\\\/cnr.org.br\\\/novoportal\\\/tst-suspende-processos-que-tratam-de-restricao-de-direitos-por-norma-coletiva\\\/\"},\"wordCount\":399,\"publisher\":{\"@id\":\"https:\\\/\\\/cnr.org.br\\\/novoportal\\\/#organization\"},\"image\":{\"@id\":\"https:\\\/\\\/cnr.org.br\\\/novoportal\\\/tst-suspende-processos-que-tratam-de-restricao-de-direitos-por-norma-coletiva\\\/#primaryimage\"},\"thumbnailUrl\":\"https:\\\/\\\/cnr.org.br\\\/site\\\/wp-content\\\/uploads\\\/2019\\\/10\\\/tst-brasilia-sede.jpg\",\"articleSection\":[\"\u00daltimas Not\u00edcias\"],\"inLanguage\":\"pt-BR\"},{\"@type\":\"WebPage\",\"@id\":\"https:\\\/\\\/cnr.org.br\\\/novoportal\\\/tst-suspende-processos-que-tratam-de-restricao-de-direitos-por-norma-coletiva\\\/\",\"url\":\"https:\\\/\\\/cnr.org.br\\\/novoportal\\\/tst-suspende-processos-que-tratam-de-restricao-de-direitos-por-norma-coletiva\\\/\",\"name\":\"TST suspende processos que tratam de restri\u00e7\u00e3o de direitos por norma coletiva - CNR\",\"isPartOf\":{\"@id\":\"https:\\\/\\\/cnr.org.br\\\/novoportal\\\/#website\"},\"primaryImageOfPage\":{\"@id\":\"https:\\\/\\\/cnr.org.br\\\/novoportal\\\/tst-suspende-processos-que-tratam-de-restricao-de-direitos-por-norma-coletiva\\\/#primaryimage\"},\"image\":{\"@id\":\"https:\\\/\\\/cnr.org.br\\\/novoportal\\\/tst-suspende-processos-que-tratam-de-restricao-de-direitos-por-norma-coletiva\\\/#primaryimage\"},\"thumbnailUrl\":\"https:\\\/\\\/cnr.org.br\\\/site\\\/wp-content\\\/uploads\\\/2019\\\/10\\\/tst-brasilia-sede.jpg\",\"datePublished\":\"2019-10-17T15:09:41+00:00\",\"dateModified\":\"2019-10-17T15:10:28+00:00\",\"breadcrumb\":{\"@id\":\"https:\\\/\\\/cnr.org.br\\\/novoportal\\\/tst-suspende-processos-que-tratam-de-restricao-de-direitos-por-norma-coletiva\\\/#breadcrumb\"},\"inLanguage\":\"pt-BR\",\"potentialAction\":[{\"@type\":\"ReadAction\",\"target\":[\"https:\\\/\\\/cnr.org.br\\\/novoportal\\\/tst-suspende-processos-que-tratam-de-restricao-de-direitos-por-norma-coletiva\\\/\"]}]},{\"@type\":\"ImageObject\",\"inLanguage\":\"pt-BR\",\"@id\":\"https:\\\/\\\/cnr.org.br\\\/novoportal\\\/tst-suspende-processos-que-tratam-de-restricao-de-direitos-por-norma-coletiva\\\/#primaryimage\",\"url\":\"https:\\\/\\\/cnr.org.br\\\/site\\\/wp-content\\\/uploads\\\/2019\\\/10\\\/tst-brasilia-sede.jpg\",\"contentUrl\":\"https:\\\/\\\/cnr.org.br\\\/site\\\/wp-content\\\/uploads\\\/2019\\\/10\\\/tst-brasilia-sede.jpg\",\"width\":640,\"height\":427},{\"@type\":\"BreadcrumbList\",\"@id\":\"https:\\\/\\\/cnr.org.br\\\/novoportal\\\/tst-suspende-processos-que-tratam-de-restricao-de-direitos-por-norma-coletiva\\\/#breadcrumb\",\"itemListElement\":[{\"@type\":\"ListItem\",\"position\":1,\"name\":\"In\u00edcio\",\"item\":\"https:\\\/\\\/cnr.org.br\\\/site\\\/\"},{\"@type\":\"ListItem\",\"position\":2,\"name\":\"TST suspende processos que tratam de restri\u00e7\u00e3o de direitos por norma coletiva\"}]},{\"@type\":\"WebSite\",\"@id\":\"https:\\\/\\\/cnr.org.br\\\/novoportal\\\/#website\",\"url\":\"https:\\\/\\\/cnr.org.br\\\/novoportal\\\/\",\"name\":\"CNR\",\"description\":\"Confedera\u00e7\u00e3o Nacional de Not\u00e1rios e Registradores\",\"publisher\":{\"@id\":\"https:\\\/\\\/cnr.org.br\\\/novoportal\\\/#organization\"},\"potentialAction\":[{\"@type\":\"SearchAction\",\"target\":{\"@type\":\"EntryPoint\",\"urlTemplate\":\"https:\\\/\\\/cnr.org.br\\\/novoportal\\\/?s={search_term_string}\"},\"query-input\":{\"@type\":\"PropertyValueSpecification\",\"valueRequired\":true,\"valueName\":\"search_term_string\"}}],\"inLanguage\":\"pt-BR\"},{\"@type\":\"Organization\",\"@id\":\"https:\\\/\\\/cnr.org.br\\\/novoportal\\\/#organization\",\"name\":\"CNR\",\"url\":\"https:\\\/\\\/cnr.org.br\\\/novoportal\\\/\",\"logo\":{\"@type\":\"ImageObject\",\"inLanguage\":\"pt-BR\",\"@id\":\"https:\\\/\\\/cnr.org.br\\\/novoportal\\\/#\\\/schema\\\/logo\\\/image\\\/\",\"url\":\"https:\\\/\\\/cnr.org.br\\\/site\\\/wp-content\\\/uploads\\\/2026\\\/02\\\/Logo_CNR_completa_colorida_2024.png\",\"contentUrl\":\"https:\\\/\\\/cnr.org.br\\\/site\\\/wp-content\\\/uploads\\\/2026\\\/02\\\/Logo_CNR_completa_colorida_2024.png\",\"width\":910,\"height\":450,\"caption\":\"CNR\"},\"image\":{\"@id\":\"https:\\\/\\\/cnr.org.br\\\/novoportal\\\/#\\\/schema\\\/logo\\\/image\\\/\"}},{\"@type\":\"Person\",\"@id\":\"https:\\\/\\\/cnr.org.br\\\/novoportal\\\/#\\\/schema\\\/person\\\/1f46209cd8c9d3d9887a0765b64ca66b\",\"name\":\"Imprensa CNR\",\"sameAs\":[\"https:\\\/\\\/cnr.org.br\\\/site\"],\"url\":\"https:\\\/\\\/cnr.org.br\\\/site\\\/author\\\/imprensa\\\/\"}]}<\/script>\n<!-- \/ Yoast SEO plugin. -->","yoast_head_json":{"title":"TST suspende processos que tratam de restri\u00e7\u00e3o de direitos por norma coletiva - CNR","robots":{"index":"index","follow":"follow","max-snippet":"max-snippet:-1","max-image-preview":"max-image-preview:large","max-video-preview":"max-video-preview:-1"},"canonical":"https:\/\/cnr.org.br\/novoportal\/tst-suspende-processos-que-tratam-de-restricao-de-direitos-por-norma-coletiva\/","og_locale":"pt_BR","og_type":"article","og_title":"TST suspende processos que tratam de restri\u00e7\u00e3o de direitos por norma coletiva - CNR","og_description":"Em sess\u00e3o realizada na \u00faltima quinta-feira (10), a Subse\u00e7\u00e3o 1 Especializada em Diss\u00eddios Individuais (SDI-1) do Tribunal Superior do Trabalho (TST) decidiu, por maioria, suspender a tramita\u00e7\u00e3o de todos os processos que tratam da validade de norma coletiva que limita ou restrinja direito trabalhista n\u00e3o assegurado pela Constitui\u00e7\u00e3o Federal. Com a decis\u00e3o, os processos ficam [&hellip;]","og_url":"https:\/\/cnr.org.br\/novoportal\/tst-suspende-processos-que-tratam-de-restricao-de-direitos-por-norma-coletiva\/","og_site_name":"CNR","article_published_time":"2019-10-17T15:09:41+00:00","article_modified_time":"2019-10-17T15:10:28+00:00","og_image":[{"width":640,"height":427,"url":"https:\/\/cnr.org.br\/novoportal\/wp-content\/uploads\/2019\/10\/tst-brasilia-sede.jpg","type":"image\/jpeg"}],"author":"Imprensa CNR","twitter_card":"summary_large_image","twitter_misc":{"Escrito por":"Imprensa CNR","Est. tempo de leitura":"2 minutos"},"schema":{"@context":"https:\/\/schema.org","@graph":[{"@type":"Article","@id":"https:\/\/cnr.org.br\/novoportal\/tst-suspende-processos-que-tratam-de-restricao-de-direitos-por-norma-coletiva\/#article","isPartOf":{"@id":"https:\/\/cnr.org.br\/novoportal\/tst-suspende-processos-que-tratam-de-restricao-de-direitos-por-norma-coletiva\/"},"author":{"name":"Imprensa CNR","@id":"https:\/\/cnr.org.br\/novoportal\/#\/schema\/person\/1f46209cd8c9d3d9887a0765b64ca66b"},"headline":"TST suspende processos que tratam de restri\u00e7\u00e3o de direitos por norma coletiva","datePublished":"2019-10-17T15:09:41+00:00","dateModified":"2019-10-17T15:10:28+00:00","mainEntityOfPage":{"@id":"https:\/\/cnr.org.br\/novoportal\/tst-suspende-processos-que-tratam-de-restricao-de-direitos-por-norma-coletiva\/"},"wordCount":399,"publisher":{"@id":"https:\/\/cnr.org.br\/novoportal\/#organization"},"image":{"@id":"https:\/\/cnr.org.br\/novoportal\/tst-suspende-processos-que-tratam-de-restricao-de-direitos-por-norma-coletiva\/#primaryimage"},"thumbnailUrl":"https:\/\/cnr.org.br\/site\/wp-content\/uploads\/2019\/10\/tst-brasilia-sede.jpg","articleSection":["\u00daltimas Not\u00edcias"],"inLanguage":"pt-BR"},{"@type":"WebPage","@id":"https:\/\/cnr.org.br\/novoportal\/tst-suspende-processos-que-tratam-de-restricao-de-direitos-por-norma-coletiva\/","url":"https:\/\/cnr.org.br\/novoportal\/tst-suspende-processos-que-tratam-de-restricao-de-direitos-por-norma-coletiva\/","name":"TST suspende processos que tratam de restri\u00e7\u00e3o de direitos por norma coletiva - CNR","isPartOf":{"@id":"https:\/\/cnr.org.br\/novoportal\/#website"},"primaryImageOfPage":{"@id":"https:\/\/cnr.org.br\/novoportal\/tst-suspende-processos-que-tratam-de-restricao-de-direitos-por-norma-coletiva\/#primaryimage"},"image":{"@id":"https:\/\/cnr.org.br\/novoportal\/tst-suspende-processos-que-tratam-de-restricao-de-direitos-por-norma-coletiva\/#primaryimage"},"thumbnailUrl":"https:\/\/cnr.org.br\/site\/wp-content\/uploads\/2019\/10\/tst-brasilia-sede.jpg","datePublished":"2019-10-17T15:09:41+00:00","dateModified":"2019-10-17T15:10:28+00:00","breadcrumb":{"@id":"https:\/\/cnr.org.br\/novoportal\/tst-suspende-processos-que-tratam-de-restricao-de-direitos-por-norma-coletiva\/#breadcrumb"},"inLanguage":"pt-BR","potentialAction":[{"@type":"ReadAction","target":["https:\/\/cnr.org.br\/novoportal\/tst-suspende-processos-que-tratam-de-restricao-de-direitos-por-norma-coletiva\/"]}]},{"@type":"ImageObject","inLanguage":"pt-BR","@id":"https:\/\/cnr.org.br\/novoportal\/tst-suspende-processos-que-tratam-de-restricao-de-direitos-por-norma-coletiva\/#primaryimage","url":"https:\/\/cnr.org.br\/site\/wp-content\/uploads\/2019\/10\/tst-brasilia-sede.jpg","contentUrl":"https:\/\/cnr.org.br\/site\/wp-content\/uploads\/2019\/10\/tst-brasilia-sede.jpg","width":640,"height":427},{"@type":"BreadcrumbList","@id":"https:\/\/cnr.org.br\/novoportal\/tst-suspende-processos-que-tratam-de-restricao-de-direitos-por-norma-coletiva\/#breadcrumb","itemListElement":[{"@type":"ListItem","position":1,"name":"In\u00edcio","item":"https:\/\/cnr.org.br\/site\/"},{"@type":"ListItem","position":2,"name":"TST suspende processos que tratam de restri\u00e7\u00e3o de direitos por norma coletiva"}]},{"@type":"WebSite","@id":"https:\/\/cnr.org.br\/novoportal\/#website","url":"https:\/\/cnr.org.br\/novoportal\/","name":"CNR","description":"Confedera\u00e7\u00e3o Nacional de Not\u00e1rios e Registradores","publisher":{"@id":"https:\/\/cnr.org.br\/novoportal\/#organization"},"potentialAction":[{"@type":"SearchAction","target":{"@type":"EntryPoint","urlTemplate":"https:\/\/cnr.org.br\/novoportal\/?s={search_term_string}"},"query-input":{"@type":"PropertyValueSpecification","valueRequired":true,"valueName":"search_term_string"}}],"inLanguage":"pt-BR"},{"@type":"Organization","@id":"https:\/\/cnr.org.br\/novoportal\/#organization","name":"CNR","url":"https:\/\/cnr.org.br\/novoportal\/","logo":{"@type":"ImageObject","inLanguage":"pt-BR","@id":"https:\/\/cnr.org.br\/novoportal\/#\/schema\/logo\/image\/","url":"https:\/\/cnr.org.br\/site\/wp-content\/uploads\/2026\/02\/Logo_CNR_completa_colorida_2024.png","contentUrl":"https:\/\/cnr.org.br\/site\/wp-content\/uploads\/2026\/02\/Logo_CNR_completa_colorida_2024.png","width":910,"height":450,"caption":"CNR"},"image":{"@id":"https:\/\/cnr.org.br\/novoportal\/#\/schema\/logo\/image\/"}},{"@type":"Person","@id":"https:\/\/cnr.org.br\/novoportal\/#\/schema\/person\/1f46209cd8c9d3d9887a0765b64ca66b","name":"Imprensa CNR","sameAs":["https:\/\/cnr.org.br\/site"],"url":"https:\/\/cnr.org.br\/site\/author\/imprensa\/"}]}},"_links":{"self":[{"href":"https:\/\/cnr.org.br\/site\/wp-json\/wp\/v2\/posts\/16053","targetHints":{"allow":["GET"]}}],"collection":[{"href":"https:\/\/cnr.org.br\/site\/wp-json\/wp\/v2\/posts"}],"about":[{"href":"https:\/\/cnr.org.br\/site\/wp-json\/wp\/v2\/types\/post"}],"author":[{"embeddable":true,"href":"https:\/\/cnr.org.br\/site\/wp-json\/wp\/v2\/users\/2"}],"replies":[{"embeddable":true,"href":"https:\/\/cnr.org.br\/site\/wp-json\/wp\/v2\/comments?post=16053"}],"version-history":[{"count":0,"href":"https:\/\/cnr.org.br\/site\/wp-json\/wp\/v2\/posts\/16053\/revisions"}],"wp:featuredmedia":[{"embeddable":true,"href":"https:\/\/cnr.org.br\/site\/wp-json\/wp\/v2\/media\/16054"}],"wp:attachment":[{"href":"https:\/\/cnr.org.br\/site\/wp-json\/wp\/v2\/media?parent=16053"}],"wp:term":[{"taxonomy":"category","embeddable":true,"href":"https:\/\/cnr.org.br\/site\/wp-json\/wp\/v2\/categories?post=16053"},{"taxonomy":"post_tag","embeddable":true,"href":"https:\/\/cnr.org.br\/site\/wp-json\/wp\/v2\/tags?post=16053"}],"curies":[{"name":"wp","href":"https:\/\/api.w.org\/{rel}","templated":true}]}}