{"id":16256,"date":"2019-11-08T12:35:02","date_gmt":"2019-11-08T14:35:02","guid":{"rendered":"https:\/\/cnr.org.br\/site\/?p=16256"},"modified":"2019-11-08T12:35:47","modified_gmt":"2019-11-08T14:35:47","slug":"ccj-conclui-tramitacao-da-pec-paralela-a-reforma-da-previdencia","status":"publish","type":"post","link":"https:\/\/cnr.org.br\/site\/ccj-conclui-tramitacao-da-pec-paralela-a-reforma-da-previdencia\/","title":{"rendered":"CCJ conclui tramita\u00e7\u00e3o da PEC Paralela \u00e0 reforma da Previd\u00eancia"},"content":{"rendered":"<div id=\"dslc-theme-content\"><div id=\"dslc-theme-content-inner\"><div class=\"clearfix\">A Comiss\u00e3o de Constitui\u00e7\u00e3o e, Justi\u00e7a (<a href=\"http:\/\/legis.senado.leg.br\/comissoes\/comissao?1&amp;codcol=34\">CCJ<\/a>) concluiu a an\u00e1lise da chamada PEC Paralela (<a href=\"https:\/\/www25.senado.leg.br\/web\/atividade\/materias\/-\/materia\/138555\">PEC 133\/2019<\/a>), que modifica a reforma da Previd\u00eancia (<a class=\"external-link\" href=\"http:\/\/www25.senado.leg.br\/web\/atividade\/materias\/-\/materia\/137999\">PEC 6\/2019<\/a>), determinando, entre outros pontos, a ades\u00e3o de estados e munic\u00edpios \u00e0 reforma da Previd\u00eancia (PEC 6\/2019).<\/div>\n<div id=\"textoMateria\">\n<p>O senador Paulo Paim (PT-RS) apresentou um voto em separado (relat\u00f3rio alternativo) que ampliava o alcance das mudan\u00e7as. Por\u00e9m, o relator, senador Tasso Jereissati (PSDB-CE), lamentou n\u00e3o poder acatar as diversas concess\u00f5es feitas, o que \"jogaria por terra\" os esfor\u00e7os feitos para economia de recursos or\u00e7ament\u00e1rios. A proposta seguiu para a vota\u00e7\u00e3o em segundo turno no Plen\u00e1rio do Senado<\/p>\n<\/div>\n<p>Fonte: <a href=\"https:\/\/www12.senado.leg.br\/noticias\/audios\/2019\/11\/ccj-conclui-tramitacao-da-pec-paralela-a-reforma-da-previdencia\">Ag\u00eancia Senado<\/a><\/p>\n<\/div><\/div>","protected":false},"excerpt":{"rendered":"<p>A Comiss\u00e3o de Constitui\u00e7\u00e3o e, Justi\u00e7a (CCJ) concluiu a an\u00e1lise da chamada PEC Paralela (PEC 133\/2019), que modifica a reforma da Previd\u00eancia (PEC 6\/2019), determinando, entre outros pontos, a ades\u00e3o de estados e munic\u00edpios \u00e0 reforma da Previd\u00eancia (PEC 6\/2019). O senador Paulo Paim (PT-RS) apresentou um voto em separado (relat\u00f3rio alternativo) que ampliava o [&hellip;]<\/p>\n","protected":false},"author":2,"featured_media":16257,"comment_status":"closed","ping_status":"closed","sticky":false,"template":"","format":"standard","meta":{"footnotes":"","_links_to":"","_links_to_target":""},"categories":[525,47],"tags":[565],"class_list":["post-16256","post","type-post","status-publish","format-standard","has-post-thumbnail","hentry","category-home","category-ultimas-noticias","tag-pec-paralela-a-reforma-da-previdencia"],"yoast_head":"<!-- This site is optimized with the Yoast SEO plugin v28.4 - https:\/\/yoast.com\/product\/yoast-seo-wordpress\/ -->\n<title>CCJ conclui tramita\u00e7\u00e3o da PEC Paralela \u00e0 reforma da Previd\u00eancia - CNR<\/title>\n<meta name=\"robots\" content=\"index, follow, max-snippet:-1, max-image-preview:large, max-video-preview:-1\" \/>\n<link rel=\"canonical\" href=\"https:\/\/cnr.org.br\/novoportal\/ccj-conclui-tramitacao-da-pec-paralela-a-reforma-da-previdencia\/\" \/>\n<meta property=\"og:locale\" content=\"pt_BR\" \/>\n<meta property=\"og:type\" content=\"article\" \/>\n<meta property=\"og:title\" content=\"CCJ conclui tramita\u00e7\u00e3o da PEC Paralela \u00e0 reforma da Previd\u00eancia - CNR\" \/>\n<meta property=\"og:description\" content=\"A Comiss\u00e3o de Constitui\u00e7\u00e3o e, Justi\u00e7a (CCJ) concluiu a an\u00e1lise da chamada PEC Paralela (PEC 133\/2019), que modifica a reforma da Previd\u00eancia (PEC 6\/2019), determinando, entre outros pontos, a ades\u00e3o de estados e munic\u00edpios \u00e0 reforma da Previd\u00eancia (PEC 6\/2019). O senador Paulo Paim (PT-RS) apresentou um voto em separado (relat\u00f3rio alternativo) que ampliava o [&hellip;]\" \/>\n<meta property=\"og:url\" content=\"https:\/\/cnr.org.br\/novoportal\/ccj-conclui-tramitacao-da-pec-paralela-a-reforma-da-previdencia\/\" \/>\n<meta property=\"og:site_name\" content=\"CNR\" \/>\n<meta property=\"article:published_time\" content=\"2019-11-08T14:35:02+00:00\" \/>\n<meta property=\"article:modified_time\" content=\"2019-11-08T14:35:47+00:00\" \/>\n<meta property=\"og:image\" content=\"https:\/\/cnr.org.br\/novoportal\/wp-content\/uploads\/2019\/11\/edit_img_8224.jpg\" \/>\n\t<meta property=\"og:image:width\" content=\"1140\" \/>\n\t<meta property=\"og:image:height\" content=\"760\" \/>\n\t<meta property=\"og:image:type\" content=\"image\/jpeg\" \/>\n<meta name=\"author\" content=\"Imprensa CNR\" \/>\n<meta name=\"twitter:card\" content=\"summary_large_image\" \/>\n<meta name=\"twitter:label1\" content=\"Escrito por\" \/>\n\t<meta name=\"twitter:data1\" content=\"Imprensa CNR\" \/>\n\t<meta name=\"twitter:label2\" content=\"Est. tempo de leitura\" \/>\n\t<meta name=\"twitter:data2\" content=\"1 minuto\" \/>\n<script type=\"application\/ld+json\" class=\"yoast-schema-graph\">{\"@context\":\"https:\\\/\\\/schema.org\",\"@graph\":[{\"@type\":\"Article\",\"@id\":\"https:\\\/\\\/cnr.org.br\\\/novoportal\\\/ccj-conclui-tramitacao-da-pec-paralela-a-reforma-da-previdencia\\\/#article\",\"isPartOf\":{\"@id\":\"https:\\\/\\\/cnr.org.br\\\/novoportal\\\/ccj-conclui-tramitacao-da-pec-paralela-a-reforma-da-previdencia\\\/\"},\"author\":{\"name\":\"Imprensa CNR\",\"@id\":\"https:\\\/\\\/cnr.org.br\\\/novoportal\\\/#\\\/schema\\\/person\\\/1f46209cd8c9d3d9887a0765b64ca66b\"},\"headline\":\"CCJ conclui tramita\u00e7\u00e3o da PEC Paralela \u00e0 reforma da Previd\u00eancia\",\"datePublished\":\"2019-11-08T14:35:02+00:00\",\"dateModified\":\"2019-11-08T14:35:47+00:00\",\"mainEntityOfPage\":{\"@id\":\"https:\\\/\\\/cnr.org.br\\\/novoportal\\\/ccj-conclui-tramitacao-da-pec-paralela-a-reforma-da-previdencia\\\/\"},\"wordCount\":128,\"publisher\":{\"@id\":\"https:\\\/\\\/cnr.org.br\\\/novoportal\\\/#organization\"},\"image\":{\"@id\":\"https:\\\/\\\/cnr.org.br\\\/novoportal\\\/ccj-conclui-tramitacao-da-pec-paralela-a-reforma-da-previdencia\\\/#primaryimage\"},\"thumbnailUrl\":\"https:\\\/\\\/cnr.org.br\\\/site\\\/wp-content\\\/uploads\\\/2019\\\/11\\\/edit_img_8224.jpg\",\"keywords\":[\"PEC Paralela \u00e0 reforma da Previd\u00eancia\"],\"articleSection\":[\"Home\",\"\u00daltimas Not\u00edcias\"],\"inLanguage\":\"pt-BR\"},{\"@type\":\"WebPage\",\"@id\":\"https:\\\/\\\/cnr.org.br\\\/novoportal\\\/ccj-conclui-tramitacao-da-pec-paralela-a-reforma-da-previdencia\\\/\",\"url\":\"https:\\\/\\\/cnr.org.br\\\/novoportal\\\/ccj-conclui-tramitacao-da-pec-paralela-a-reforma-da-previdencia\\\/\",\"name\":\"CCJ conclui tramita\u00e7\u00e3o da PEC Paralela \u00e0 reforma da Previd\u00eancia - CNR\",\"isPartOf\":{\"@id\":\"https:\\\/\\\/cnr.org.br\\\/novoportal\\\/#website\"},\"primaryImageOfPage\":{\"@id\":\"https:\\\/\\\/cnr.org.br\\\/novoportal\\\/ccj-conclui-tramitacao-da-pec-paralela-a-reforma-da-previdencia\\\/#primaryimage\"},\"image\":{\"@id\":\"https:\\\/\\\/cnr.org.br\\\/novoportal\\\/ccj-conclui-tramitacao-da-pec-paralela-a-reforma-da-previdencia\\\/#primaryimage\"},\"thumbnailUrl\":\"https:\\\/\\\/cnr.org.br\\\/site\\\/wp-content\\\/uploads\\\/2019\\\/11\\\/edit_img_8224.jpg\",\"datePublished\":\"2019-11-08T14:35:02+00:00\",\"dateModified\":\"2019-11-08T14:35:47+00:00\",\"breadcrumb\":{\"@id\":\"https:\\\/\\\/cnr.org.br\\\/novoportal\\\/ccj-conclui-tramitacao-da-pec-paralela-a-reforma-da-previdencia\\\/#breadcrumb\"},\"inLanguage\":\"pt-BR\",\"potentialAction\":[{\"@type\":\"ReadAction\",\"target\":[\"https:\\\/\\\/cnr.org.br\\\/novoportal\\\/ccj-conclui-tramitacao-da-pec-paralela-a-reforma-da-previdencia\\\/\"]}]},{\"@type\":\"ImageObject\",\"inLanguage\":\"pt-BR\",\"@id\":\"https:\\\/\\\/cnr.org.br\\\/novoportal\\\/ccj-conclui-tramitacao-da-pec-paralela-a-reforma-da-previdencia\\\/#primaryimage\",\"url\":\"https:\\\/\\\/cnr.org.br\\\/site\\\/wp-content\\\/uploads\\\/2019\\\/11\\\/edit_img_8224.jpg\",\"contentUrl\":\"https:\\\/\\\/cnr.org.br\\\/site\\\/wp-content\\\/uploads\\\/2019\\\/11\\\/edit_img_8224.jpg\",\"width\":1140,\"height\":760,\"caption\":\"T\u00e9cnicos do minist\u00e9rio da Economia d\u00e3o entrevista coletiva para detalhar o texto da proposta de reforma da Previd\u00eancia\"},{\"@type\":\"BreadcrumbList\",\"@id\":\"https:\\\/\\\/cnr.org.br\\\/novoportal\\\/ccj-conclui-tramitacao-da-pec-paralela-a-reforma-da-previdencia\\\/#breadcrumb\",\"itemListElement\":[{\"@type\":\"ListItem\",\"position\":1,\"name\":\"In\u00edcio\",\"item\":\"https:\\\/\\\/cnr.org.br\\\/site\\\/\"},{\"@type\":\"ListItem\",\"position\":2,\"name\":\"CCJ conclui tramita\u00e7\u00e3o da PEC Paralela \u00e0 reforma da Previd\u00eancia\"}]},{\"@type\":\"WebSite\",\"@id\":\"https:\\\/\\\/cnr.org.br\\\/novoportal\\\/#website\",\"url\":\"https:\\\/\\\/cnr.org.br\\\/novoportal\\\/\",\"name\":\"CNR\",\"description\":\"Confedera\u00e7\u00e3o Nacional de Not\u00e1rios e Registradores\",\"publisher\":{\"@id\":\"https:\\\/\\\/cnr.org.br\\\/novoportal\\\/#organization\"},\"potentialAction\":[{\"@type\":\"SearchAction\",\"target\":{\"@type\":\"EntryPoint\",\"urlTemplate\":\"https:\\\/\\\/cnr.org.br\\\/novoportal\\\/?s={search_term_string}\"},\"query-input\":{\"@type\":\"PropertyValueSpecification\",\"valueRequired\":true,\"valueName\":\"search_term_string\"}}],\"inLanguage\":\"pt-BR\"},{\"@type\":\"Organization\",\"@id\":\"https:\\\/\\\/cnr.org.br\\\/novoportal\\\/#organization\",\"name\":\"CNR\",\"url\":\"https:\\\/\\\/cnr.org.br\\\/novoportal\\\/\",\"logo\":{\"@type\":\"ImageObject\",\"inLanguage\":\"pt-BR\",\"@id\":\"https:\\\/\\\/cnr.org.br\\\/novoportal\\\/#\\\/schema\\\/logo\\\/image\\\/\",\"url\":\"https:\\\/\\\/cnr.org.br\\\/site\\\/wp-content\\\/uploads\\\/2026\\\/02\\\/Logo_CNR_completa_colorida_2024.png\",\"contentUrl\":\"https:\\\/\\\/cnr.org.br\\\/site\\\/wp-content\\\/uploads\\\/2026\\\/02\\\/Logo_CNR_completa_colorida_2024.png\",\"width\":910,\"height\":450,\"caption\":\"CNR\"},\"image\":{\"@id\":\"https:\\\/\\\/cnr.org.br\\\/novoportal\\\/#\\\/schema\\\/logo\\\/image\\\/\"}},{\"@type\":\"Person\",\"@id\":\"https:\\\/\\\/cnr.org.br\\\/novoportal\\\/#\\\/schema\\\/person\\\/1f46209cd8c9d3d9887a0765b64ca66b\",\"name\":\"Imprensa CNR\",\"sameAs\":[\"https:\\\/\\\/cnr.org.br\\\/site\"],\"url\":\"https:\\\/\\\/cnr.org.br\\\/site\\\/author\\\/imprensa\\\/\"}]}<\/script>\n<!-- \/ Yoast SEO plugin. -->","yoast_head_json":{"title":"CCJ conclui tramita\u00e7\u00e3o da PEC Paralela \u00e0 reforma da Previd\u00eancia - CNR","robots":{"index":"index","follow":"follow","max-snippet":"max-snippet:-1","max-image-preview":"max-image-preview:large","max-video-preview":"max-video-preview:-1"},"canonical":"https:\/\/cnr.org.br\/novoportal\/ccj-conclui-tramitacao-da-pec-paralela-a-reforma-da-previdencia\/","og_locale":"pt_BR","og_type":"article","og_title":"CCJ conclui tramita\u00e7\u00e3o da PEC Paralela \u00e0 reforma da Previd\u00eancia - CNR","og_description":"A Comiss\u00e3o de Constitui\u00e7\u00e3o e, Justi\u00e7a (CCJ) concluiu a an\u00e1lise da chamada PEC Paralela (PEC 133\/2019), que modifica a reforma da Previd\u00eancia (PEC 6\/2019), determinando, entre outros pontos, a ades\u00e3o de estados e munic\u00edpios \u00e0 reforma da Previd\u00eancia (PEC 6\/2019). O senador Paulo Paim (PT-RS) apresentou um voto em separado (relat\u00f3rio alternativo) que ampliava o [&hellip;]","og_url":"https:\/\/cnr.org.br\/novoportal\/ccj-conclui-tramitacao-da-pec-paralela-a-reforma-da-previdencia\/","og_site_name":"CNR","article_published_time":"2019-11-08T14:35:02+00:00","article_modified_time":"2019-11-08T14:35:47+00:00","og_image":[{"width":1140,"height":760,"url":"https:\/\/cnr.org.br\/novoportal\/wp-content\/uploads\/2019\/11\/edit_img_8224.jpg","type":"image\/jpeg"}],"author":"Imprensa CNR","twitter_card":"summary_large_image","twitter_misc":{"Escrito por":"Imprensa CNR","Est. tempo de leitura":"1 minuto"},"schema":{"@context":"https:\/\/schema.org","@graph":[{"@type":"Article","@id":"https:\/\/cnr.org.br\/novoportal\/ccj-conclui-tramitacao-da-pec-paralela-a-reforma-da-previdencia\/#article","isPartOf":{"@id":"https:\/\/cnr.org.br\/novoportal\/ccj-conclui-tramitacao-da-pec-paralela-a-reforma-da-previdencia\/"},"author":{"name":"Imprensa CNR","@id":"https:\/\/cnr.org.br\/novoportal\/#\/schema\/person\/1f46209cd8c9d3d9887a0765b64ca66b"},"headline":"CCJ conclui tramita\u00e7\u00e3o da PEC Paralela \u00e0 reforma da Previd\u00eancia","datePublished":"2019-11-08T14:35:02+00:00","dateModified":"2019-11-08T14:35:47+00:00","mainEntityOfPage":{"@id":"https:\/\/cnr.org.br\/novoportal\/ccj-conclui-tramitacao-da-pec-paralela-a-reforma-da-previdencia\/"},"wordCount":128,"publisher":{"@id":"https:\/\/cnr.org.br\/novoportal\/#organization"},"image":{"@id":"https:\/\/cnr.org.br\/novoportal\/ccj-conclui-tramitacao-da-pec-paralela-a-reforma-da-previdencia\/#primaryimage"},"thumbnailUrl":"https:\/\/cnr.org.br\/site\/wp-content\/uploads\/2019\/11\/edit_img_8224.jpg","keywords":["PEC Paralela \u00e0 reforma da Previd\u00eancia"],"articleSection":["Home","\u00daltimas Not\u00edcias"],"inLanguage":"pt-BR"},{"@type":"WebPage","@id":"https:\/\/cnr.org.br\/novoportal\/ccj-conclui-tramitacao-da-pec-paralela-a-reforma-da-previdencia\/","url":"https:\/\/cnr.org.br\/novoportal\/ccj-conclui-tramitacao-da-pec-paralela-a-reforma-da-previdencia\/","name":"CCJ conclui tramita\u00e7\u00e3o da PEC Paralela \u00e0 reforma da Previd\u00eancia - CNR","isPartOf":{"@id":"https:\/\/cnr.org.br\/novoportal\/#website"},"primaryImageOfPage":{"@id":"https:\/\/cnr.org.br\/novoportal\/ccj-conclui-tramitacao-da-pec-paralela-a-reforma-da-previdencia\/#primaryimage"},"image":{"@id":"https:\/\/cnr.org.br\/novoportal\/ccj-conclui-tramitacao-da-pec-paralela-a-reforma-da-previdencia\/#primaryimage"},"thumbnailUrl":"https:\/\/cnr.org.br\/site\/wp-content\/uploads\/2019\/11\/edit_img_8224.jpg","datePublished":"2019-11-08T14:35:02+00:00","dateModified":"2019-11-08T14:35:47+00:00","breadcrumb":{"@id":"https:\/\/cnr.org.br\/novoportal\/ccj-conclui-tramitacao-da-pec-paralela-a-reforma-da-previdencia\/#breadcrumb"},"inLanguage":"pt-BR","potentialAction":[{"@type":"ReadAction","target":["https:\/\/cnr.org.br\/novoportal\/ccj-conclui-tramitacao-da-pec-paralela-a-reforma-da-previdencia\/"]}]},{"@type":"ImageObject","inLanguage":"pt-BR","@id":"https:\/\/cnr.org.br\/novoportal\/ccj-conclui-tramitacao-da-pec-paralela-a-reforma-da-previdencia\/#primaryimage","url":"https:\/\/cnr.org.br\/site\/wp-content\/uploads\/2019\/11\/edit_img_8224.jpg","contentUrl":"https:\/\/cnr.org.br\/site\/wp-content\/uploads\/2019\/11\/edit_img_8224.jpg","width":1140,"height":760,"caption":"T\u00e9cnicos do minist\u00e9rio da Economia d\u00e3o entrevista coletiva para detalhar o texto da proposta de reforma da Previd\u00eancia"},{"@type":"BreadcrumbList","@id":"https:\/\/cnr.org.br\/novoportal\/ccj-conclui-tramitacao-da-pec-paralela-a-reforma-da-previdencia\/#breadcrumb","itemListElement":[{"@type":"ListItem","position":1,"name":"In\u00edcio","item":"https:\/\/cnr.org.br\/site\/"},{"@type":"ListItem","position":2,"name":"CCJ conclui tramita\u00e7\u00e3o da PEC Paralela \u00e0 reforma da Previd\u00eancia"}]},{"@type":"WebSite","@id":"https:\/\/cnr.org.br\/novoportal\/#website","url":"https:\/\/cnr.org.br\/novoportal\/","name":"CNR","description":"Confedera\u00e7\u00e3o Nacional de Not\u00e1rios e Registradores","publisher":{"@id":"https:\/\/cnr.org.br\/novoportal\/#organization"},"potentialAction":[{"@type":"SearchAction","target":{"@type":"EntryPoint","urlTemplate":"https:\/\/cnr.org.br\/novoportal\/?s={search_term_string}"},"query-input":{"@type":"PropertyValueSpecification","valueRequired":true,"valueName":"search_term_string"}}],"inLanguage":"pt-BR"},{"@type":"Organization","@id":"https:\/\/cnr.org.br\/novoportal\/#organization","name":"CNR","url":"https:\/\/cnr.org.br\/novoportal\/","logo":{"@type":"ImageObject","inLanguage":"pt-BR","@id":"https:\/\/cnr.org.br\/novoportal\/#\/schema\/logo\/image\/","url":"https:\/\/cnr.org.br\/site\/wp-content\/uploads\/2026\/02\/Logo_CNR_completa_colorida_2024.png","contentUrl":"https:\/\/cnr.org.br\/site\/wp-content\/uploads\/2026\/02\/Logo_CNR_completa_colorida_2024.png","width":910,"height":450,"caption":"CNR"},"image":{"@id":"https:\/\/cnr.org.br\/novoportal\/#\/schema\/logo\/image\/"}},{"@type":"Person","@id":"https:\/\/cnr.org.br\/novoportal\/#\/schema\/person\/1f46209cd8c9d3d9887a0765b64ca66b","name":"Imprensa CNR","sameAs":["https:\/\/cnr.org.br\/site"],"url":"https:\/\/cnr.org.br\/site\/author\/imprensa\/"}]}},"_links":{"self":[{"href":"https:\/\/cnr.org.br\/site\/wp-json\/wp\/v2\/posts\/16256","targetHints":{"allow":["GET"]}}],"collection":[{"href":"https:\/\/cnr.org.br\/site\/wp-json\/wp\/v2\/posts"}],"about":[{"href":"https:\/\/cnr.org.br\/site\/wp-json\/wp\/v2\/types\/post"}],"author":[{"embeddable":true,"href":"https:\/\/cnr.org.br\/site\/wp-json\/wp\/v2\/users\/2"}],"replies":[{"embeddable":true,"href":"https:\/\/cnr.org.br\/site\/wp-json\/wp\/v2\/comments?post=16256"}],"version-history":[{"count":0,"href":"https:\/\/cnr.org.br\/site\/wp-json\/wp\/v2\/posts\/16256\/revisions"}],"wp:featuredmedia":[{"embeddable":true,"href":"https:\/\/cnr.org.br\/site\/wp-json\/wp\/v2\/media\/16257"}],"wp:attachment":[{"href":"https:\/\/cnr.org.br\/site\/wp-json\/wp\/v2\/media?parent=16256"}],"wp:term":[{"taxonomy":"category","embeddable":true,"href":"https:\/\/cnr.org.br\/site\/wp-json\/wp\/v2\/categories?post=16256"},{"taxonomy":"post_tag","embeddable":true,"href":"https:\/\/cnr.org.br\/site\/wp-json\/wp\/v2\/tags?post=16256"}],"curies":[{"name":"wp","href":"https:\/\/api.w.org\/{rel}","templated":true}]}}