{"id":16304,"date":"2019-11-12T20:15:33","date_gmt":"2019-11-12T22:15:33","guid":{"rendered":"https:\/\/cnr.org.br\/site\/?p=16304"},"modified":"2019-11-12T20:25:12","modified_gmt":"2019-11-12T22:25:12","slug":"esocial-passa-a-substituir-livro-de-registro-de-empregados","status":"publish","type":"post","link":"https:\/\/cnr.org.br\/site\/esocial-passa-a-substituir-livro-de-registro-de-empregados\/","title":{"rendered":"eSocial passa a substituir Livro de Registro de Empregados"},"content":{"rendered":"<div id=\"dslc-theme-content\"><div id=\"dslc-theme-content-inner\"><p style=\"text-align: center;\"><em>Portaria publicada no Di\u00e1rio Oficial da Uni\u00e3o deixar\u00e1 anota\u00e7\u00f5es em carteira e registro de trabalhadores mais f\u00e1ceis<\/em><!--more--><\/p>\n<p style=\"text-align: justify;\">As anota\u00e7\u00f5es na carteira de trabalho e o registro eletr\u00f4nico de empregados v\u00e3o ficar mais f\u00e1ceis. Portaria publicada na edi\u00e7\u00e3o desta sexta-feira (1\u00ba) do Di\u00e1rio Oficial da Uni\u00e3o (DOU) permite o registro por meio das informa\u00e7\u00f5es prestadas ao Sistema de Escritura\u00e7\u00e3o Digital das Obriga\u00e7\u00f5es Fiscais, Previdenci\u00e1rias e Trabalhistas (eSocial).<\/p>\n<p style=\"text-align: justify;\">Pela\u00a0<a href=\"http:\/\/www.in.gov.br\/web\/dou\/-\/portaria-n-1.195-de-30-de-outubro-de-2019-*-224956334\" target=\"_blank\" rel=\"alternate noopener noreferrer\">Portaria n\u00ba 1.195<\/a>, de 30 de outubro de 2019, da Secretaria Especial de Previd\u00eancia e Trabalho, para substituir o livro de registro dos empregados pelo eSocial, os empregadores devem optar pelo registro eletr\u00f4nico dos trabalhadores. Os que n\u00e3o fizerem essa op\u00e7\u00e3o devem continuar com o registro em meio f\u00edsico. E, neste caso, v\u00e3o ter um ano para adequarem os documentos ao conte\u00fado previsto na regra.<\/p>\n<p style=\"text-align: justify;\">Dados presentes no eSocial tamb\u00e9m v\u00e3o abastecer a Carteira de Trabalho Digital. Dessa forma, o empregador que prestar as informa\u00e7\u00f5es para o registro de empregados no prazo correspondente n\u00e3o vai precisar fazer o mesmo trabalho para anotar na carteira. Para o trabalhador, todas as informa\u00e7\u00f5es estar\u00e3o dispon\u00edveis pelo aplicativo Carteira de Trabalho Digital.<\/p>\n<p style=\"text-align: justify;\">Al\u00e9m do livro de registros e da carteira de trabalho, as informa\u00e7\u00f5es prestadas ao Cadastro Geral de Empregados e Desempregados (Caged) e \u00e0 Rela\u00e7\u00e3o Anual de Informa\u00e7\u00f5es Sociais (Rais) tamb\u00e9m ser\u00e3o substitu\u00eddas pelo eSocial.<\/p>\n<p>Fonte: Minist\u00e9rio da Economia - Secretaria de Trabalho<\/p>\n<\/div><\/div>","protected":false},"excerpt":{"rendered":"<p>Portaria publicada no Di\u00e1rio Oficial da Uni\u00e3o deixar\u00e1 anota\u00e7\u00f5es em carteira e registro de trabalhadores mais f\u00e1ceis<\/p>\n","protected":false},"author":2,"featured_media":13898,"comment_status":"closed","ping_status":"closed","sticky":false,"template":"","format":"standard","meta":{"footnotes":"","_links_to":"","_links_to_target":""},"categories":[47],"tags":[570],"class_list":["post-16304","post","type-post","status-publish","format-standard","has-post-thumbnail","hentry","category-ultimas-noticias","tag-esocial"],"yoast_head":"<!-- This site is optimized with the Yoast SEO plugin v28.4 - https:\/\/yoast.com\/product\/yoast-seo-wordpress\/ -->\n<title>eSocial passa a substituir Livro de Registro de Empregados - CNR<\/title>\n<meta name=\"robots\" content=\"index, follow, max-snippet:-1, max-image-preview:large, max-video-preview:-1\" \/>\n<link rel=\"canonical\" href=\"https:\/\/cnr.org.br\/novoportal\/esocial-passa-a-substituir-livro-de-registro-de-empregados\/\" \/>\n<meta property=\"og:locale\" content=\"pt_BR\" \/>\n<meta property=\"og:type\" content=\"article\" \/>\n<meta property=\"og:title\" content=\"eSocial passa a substituir Livro de Registro de Empregados - CNR\" \/>\n<meta property=\"og:description\" content=\"Portaria publicada no Di\u00e1rio Oficial da Uni\u00e3o deixar\u00e1 anota\u00e7\u00f5es em carteira e registro de trabalhadores mais f\u00e1ceis\" \/>\n<meta property=\"og:url\" content=\"https:\/\/cnr.org.br\/novoportal\/esocial-passa-a-substituir-livro-de-registro-de-empregados\/\" \/>\n<meta property=\"og:site_name\" content=\"CNR\" \/>\n<meta property=\"article:published_time\" content=\"2019-11-12T22:15:33+00:00\" \/>\n<meta property=\"article:modified_time\" content=\"2019-11-12T22:25:12+00:00\" \/>\n<meta property=\"og:image\" content=\"https:\/\/cnr.org.br\/novoportal\/wp-content\/uploads\/2019\/03\/ipad-820272_1920.jpg\" \/>\n\t<meta property=\"og:image:width\" content=\"1920\" \/>\n\t<meta property=\"og:image:height\" content=\"1280\" \/>\n\t<meta property=\"og:image:type\" content=\"image\/jpeg\" \/>\n<meta name=\"author\" content=\"Imprensa CNR\" \/>\n<meta name=\"twitter:card\" content=\"summary_large_image\" \/>\n<meta name=\"twitter:label1\" content=\"Escrito por\" \/>\n\t<meta name=\"twitter:data1\" content=\"Imprensa CNR\" \/>\n\t<meta name=\"twitter:label2\" content=\"Est. tempo de leitura\" \/>\n\t<meta name=\"twitter:data2\" content=\"1 minuto\" \/>\n<script type=\"application\/ld+json\" class=\"yoast-schema-graph\">{\"@context\":\"https:\\\/\\\/schema.org\",\"@graph\":[{\"@type\":\"Article\",\"@id\":\"https:\\\/\\\/cnr.org.br\\\/novoportal\\\/esocial-passa-a-substituir-livro-de-registro-de-empregados\\\/#article\",\"isPartOf\":{\"@id\":\"https:\\\/\\\/cnr.org.br\\\/novoportal\\\/esocial-passa-a-substituir-livro-de-registro-de-empregados\\\/\"},\"author\":{\"name\":\"Imprensa CNR\",\"@id\":\"https:\\\/\\\/cnr.org.br\\\/novoportal\\\/#\\\/schema\\\/person\\\/1f46209cd8c9d3d9887a0765b64ca66b\"},\"headline\":\"eSocial passa a substituir Livro de Registro de Empregados\",\"datePublished\":\"2019-11-12T22:15:33+00:00\",\"dateModified\":\"2019-11-12T22:25:12+00:00\",\"mainEntityOfPage\":{\"@id\":\"https:\\\/\\\/cnr.org.br\\\/novoportal\\\/esocial-passa-a-substituir-livro-de-registro-de-empregados\\\/\"},\"wordCount\":268,\"publisher\":{\"@id\":\"https:\\\/\\\/cnr.org.br\\\/novoportal\\\/#organization\"},\"image\":{\"@id\":\"https:\\\/\\\/cnr.org.br\\\/novoportal\\\/esocial-passa-a-substituir-livro-de-registro-de-empregados\\\/#primaryimage\"},\"thumbnailUrl\":\"https:\\\/\\\/cnr.org.br\\\/site\\\/wp-content\\\/uploads\\\/2019\\\/03\\\/ipad-820272_1920.jpg\",\"keywords\":[\"#esocial\"],\"articleSection\":[\"\u00daltimas Not\u00edcias\"],\"inLanguage\":\"pt-BR\"},{\"@type\":\"WebPage\",\"@id\":\"https:\\\/\\\/cnr.org.br\\\/novoportal\\\/esocial-passa-a-substituir-livro-de-registro-de-empregados\\\/\",\"url\":\"https:\\\/\\\/cnr.org.br\\\/novoportal\\\/esocial-passa-a-substituir-livro-de-registro-de-empregados\\\/\",\"name\":\"eSocial passa a substituir Livro de Registro de Empregados - CNR\",\"isPartOf\":{\"@id\":\"https:\\\/\\\/cnr.org.br\\\/novoportal\\\/#website\"},\"primaryImageOfPage\":{\"@id\":\"https:\\\/\\\/cnr.org.br\\\/novoportal\\\/esocial-passa-a-substituir-livro-de-registro-de-empregados\\\/#primaryimage\"},\"image\":{\"@id\":\"https:\\\/\\\/cnr.org.br\\\/novoportal\\\/esocial-passa-a-substituir-livro-de-registro-de-empregados\\\/#primaryimage\"},\"thumbnailUrl\":\"https:\\\/\\\/cnr.org.br\\\/site\\\/wp-content\\\/uploads\\\/2019\\\/03\\\/ipad-820272_1920.jpg\",\"datePublished\":\"2019-11-12T22:15:33+00:00\",\"dateModified\":\"2019-11-12T22:25:12+00:00\",\"breadcrumb\":{\"@id\":\"https:\\\/\\\/cnr.org.br\\\/novoportal\\\/esocial-passa-a-substituir-livro-de-registro-de-empregados\\\/#breadcrumb\"},\"inLanguage\":\"pt-BR\",\"potentialAction\":[{\"@type\":\"ReadAction\",\"target\":[\"https:\\\/\\\/cnr.org.br\\\/novoportal\\\/esocial-passa-a-substituir-livro-de-registro-de-empregados\\\/\"]}]},{\"@type\":\"ImageObject\",\"inLanguage\":\"pt-BR\",\"@id\":\"https:\\\/\\\/cnr.org.br\\\/novoportal\\\/esocial-passa-a-substituir-livro-de-registro-de-empregados\\\/#primaryimage\",\"url\":\"https:\\\/\\\/cnr.org.br\\\/site\\\/wp-content\\\/uploads\\\/2019\\\/03\\\/ipad-820272_1920.jpg\",\"contentUrl\":\"https:\\\/\\\/cnr.org.br\\\/site\\\/wp-content\\\/uploads\\\/2019\\\/03\\\/ipad-820272_1920.jpg\",\"width\":1920,\"height\":1280},{\"@type\":\"BreadcrumbList\",\"@id\":\"https:\\\/\\\/cnr.org.br\\\/novoportal\\\/esocial-passa-a-substituir-livro-de-registro-de-empregados\\\/#breadcrumb\",\"itemListElement\":[{\"@type\":\"ListItem\",\"position\":1,\"name\":\"In\u00edcio\",\"item\":\"https:\\\/\\\/cnr.org.br\\\/site\\\/\"},{\"@type\":\"ListItem\",\"position\":2,\"name\":\"eSocial passa a substituir Livro de Registro de Empregados\"}]},{\"@type\":\"WebSite\",\"@id\":\"https:\\\/\\\/cnr.org.br\\\/novoportal\\\/#website\",\"url\":\"https:\\\/\\\/cnr.org.br\\\/novoportal\\\/\",\"name\":\"CNR\",\"description\":\"Confedera\u00e7\u00e3o Nacional de Not\u00e1rios e Registradores\",\"publisher\":{\"@id\":\"https:\\\/\\\/cnr.org.br\\\/novoportal\\\/#organization\"},\"potentialAction\":[{\"@type\":\"SearchAction\",\"target\":{\"@type\":\"EntryPoint\",\"urlTemplate\":\"https:\\\/\\\/cnr.org.br\\\/novoportal\\\/?s={search_term_string}\"},\"query-input\":{\"@type\":\"PropertyValueSpecification\",\"valueRequired\":true,\"valueName\":\"search_term_string\"}}],\"inLanguage\":\"pt-BR\"},{\"@type\":\"Organization\",\"@id\":\"https:\\\/\\\/cnr.org.br\\\/novoportal\\\/#organization\",\"name\":\"CNR\",\"url\":\"https:\\\/\\\/cnr.org.br\\\/novoportal\\\/\",\"logo\":{\"@type\":\"ImageObject\",\"inLanguage\":\"pt-BR\",\"@id\":\"https:\\\/\\\/cnr.org.br\\\/novoportal\\\/#\\\/schema\\\/logo\\\/image\\\/\",\"url\":\"https:\\\/\\\/cnr.org.br\\\/site\\\/wp-content\\\/uploads\\\/2026\\\/02\\\/Logo_CNR_completa_colorida_2024.png\",\"contentUrl\":\"https:\\\/\\\/cnr.org.br\\\/site\\\/wp-content\\\/uploads\\\/2026\\\/02\\\/Logo_CNR_completa_colorida_2024.png\",\"width\":910,\"height\":450,\"caption\":\"CNR\"},\"image\":{\"@id\":\"https:\\\/\\\/cnr.org.br\\\/novoportal\\\/#\\\/schema\\\/logo\\\/image\\\/\"}},{\"@type\":\"Person\",\"@id\":\"https:\\\/\\\/cnr.org.br\\\/novoportal\\\/#\\\/schema\\\/person\\\/1f46209cd8c9d3d9887a0765b64ca66b\",\"name\":\"Imprensa CNR\",\"sameAs\":[\"https:\\\/\\\/cnr.org.br\\\/site\"],\"url\":\"https:\\\/\\\/cnr.org.br\\\/site\\\/author\\\/imprensa\\\/\"}]}<\/script>\n<!-- \/ Yoast SEO plugin. -->","yoast_head_json":{"title":"eSocial passa a substituir Livro de Registro de Empregados - CNR","robots":{"index":"index","follow":"follow","max-snippet":"max-snippet:-1","max-image-preview":"max-image-preview:large","max-video-preview":"max-video-preview:-1"},"canonical":"https:\/\/cnr.org.br\/novoportal\/esocial-passa-a-substituir-livro-de-registro-de-empregados\/","og_locale":"pt_BR","og_type":"article","og_title":"eSocial passa a substituir Livro de Registro de Empregados - CNR","og_description":"Portaria publicada no Di\u00e1rio Oficial da Uni\u00e3o deixar\u00e1 anota\u00e7\u00f5es em carteira e registro de trabalhadores mais f\u00e1ceis","og_url":"https:\/\/cnr.org.br\/novoportal\/esocial-passa-a-substituir-livro-de-registro-de-empregados\/","og_site_name":"CNR","article_published_time":"2019-11-12T22:15:33+00:00","article_modified_time":"2019-11-12T22:25:12+00:00","og_image":[{"width":1920,"height":1280,"url":"https:\/\/cnr.org.br\/novoportal\/wp-content\/uploads\/2019\/03\/ipad-820272_1920.jpg","type":"image\/jpeg"}],"author":"Imprensa CNR","twitter_card":"summary_large_image","twitter_misc":{"Escrito por":"Imprensa CNR","Est. tempo de leitura":"1 minuto"},"schema":{"@context":"https:\/\/schema.org","@graph":[{"@type":"Article","@id":"https:\/\/cnr.org.br\/novoportal\/esocial-passa-a-substituir-livro-de-registro-de-empregados\/#article","isPartOf":{"@id":"https:\/\/cnr.org.br\/novoportal\/esocial-passa-a-substituir-livro-de-registro-de-empregados\/"},"author":{"name":"Imprensa CNR","@id":"https:\/\/cnr.org.br\/novoportal\/#\/schema\/person\/1f46209cd8c9d3d9887a0765b64ca66b"},"headline":"eSocial passa a substituir Livro de Registro de Empregados","datePublished":"2019-11-12T22:15:33+00:00","dateModified":"2019-11-12T22:25:12+00:00","mainEntityOfPage":{"@id":"https:\/\/cnr.org.br\/novoportal\/esocial-passa-a-substituir-livro-de-registro-de-empregados\/"},"wordCount":268,"publisher":{"@id":"https:\/\/cnr.org.br\/novoportal\/#organization"},"image":{"@id":"https:\/\/cnr.org.br\/novoportal\/esocial-passa-a-substituir-livro-de-registro-de-empregados\/#primaryimage"},"thumbnailUrl":"https:\/\/cnr.org.br\/site\/wp-content\/uploads\/2019\/03\/ipad-820272_1920.jpg","keywords":["#esocial"],"articleSection":["\u00daltimas Not\u00edcias"],"inLanguage":"pt-BR"},{"@type":"WebPage","@id":"https:\/\/cnr.org.br\/novoportal\/esocial-passa-a-substituir-livro-de-registro-de-empregados\/","url":"https:\/\/cnr.org.br\/novoportal\/esocial-passa-a-substituir-livro-de-registro-de-empregados\/","name":"eSocial passa a substituir Livro de Registro de Empregados - CNR","isPartOf":{"@id":"https:\/\/cnr.org.br\/novoportal\/#website"},"primaryImageOfPage":{"@id":"https:\/\/cnr.org.br\/novoportal\/esocial-passa-a-substituir-livro-de-registro-de-empregados\/#primaryimage"},"image":{"@id":"https:\/\/cnr.org.br\/novoportal\/esocial-passa-a-substituir-livro-de-registro-de-empregados\/#primaryimage"},"thumbnailUrl":"https:\/\/cnr.org.br\/site\/wp-content\/uploads\/2019\/03\/ipad-820272_1920.jpg","datePublished":"2019-11-12T22:15:33+00:00","dateModified":"2019-11-12T22:25:12+00:00","breadcrumb":{"@id":"https:\/\/cnr.org.br\/novoportal\/esocial-passa-a-substituir-livro-de-registro-de-empregados\/#breadcrumb"},"inLanguage":"pt-BR","potentialAction":[{"@type":"ReadAction","target":["https:\/\/cnr.org.br\/novoportal\/esocial-passa-a-substituir-livro-de-registro-de-empregados\/"]}]},{"@type":"ImageObject","inLanguage":"pt-BR","@id":"https:\/\/cnr.org.br\/novoportal\/esocial-passa-a-substituir-livro-de-registro-de-empregados\/#primaryimage","url":"https:\/\/cnr.org.br\/site\/wp-content\/uploads\/2019\/03\/ipad-820272_1920.jpg","contentUrl":"https:\/\/cnr.org.br\/site\/wp-content\/uploads\/2019\/03\/ipad-820272_1920.jpg","width":1920,"height":1280},{"@type":"BreadcrumbList","@id":"https:\/\/cnr.org.br\/novoportal\/esocial-passa-a-substituir-livro-de-registro-de-empregados\/#breadcrumb","itemListElement":[{"@type":"ListItem","position":1,"name":"In\u00edcio","item":"https:\/\/cnr.org.br\/site\/"},{"@type":"ListItem","position":2,"name":"eSocial passa a substituir Livro de Registro de Empregados"}]},{"@type":"WebSite","@id":"https:\/\/cnr.org.br\/novoportal\/#website","url":"https:\/\/cnr.org.br\/novoportal\/","name":"CNR","description":"Confedera\u00e7\u00e3o Nacional de Not\u00e1rios e Registradores","publisher":{"@id":"https:\/\/cnr.org.br\/novoportal\/#organization"},"potentialAction":[{"@type":"SearchAction","target":{"@type":"EntryPoint","urlTemplate":"https:\/\/cnr.org.br\/novoportal\/?s={search_term_string}"},"query-input":{"@type":"PropertyValueSpecification","valueRequired":true,"valueName":"search_term_string"}}],"inLanguage":"pt-BR"},{"@type":"Organization","@id":"https:\/\/cnr.org.br\/novoportal\/#organization","name":"CNR","url":"https:\/\/cnr.org.br\/novoportal\/","logo":{"@type":"ImageObject","inLanguage":"pt-BR","@id":"https:\/\/cnr.org.br\/novoportal\/#\/schema\/logo\/image\/","url":"https:\/\/cnr.org.br\/site\/wp-content\/uploads\/2026\/02\/Logo_CNR_completa_colorida_2024.png","contentUrl":"https:\/\/cnr.org.br\/site\/wp-content\/uploads\/2026\/02\/Logo_CNR_completa_colorida_2024.png","width":910,"height":450,"caption":"CNR"},"image":{"@id":"https:\/\/cnr.org.br\/novoportal\/#\/schema\/logo\/image\/"}},{"@type":"Person","@id":"https:\/\/cnr.org.br\/novoportal\/#\/schema\/person\/1f46209cd8c9d3d9887a0765b64ca66b","name":"Imprensa CNR","sameAs":["https:\/\/cnr.org.br\/site"],"url":"https:\/\/cnr.org.br\/site\/author\/imprensa\/"}]}},"_links":{"self":[{"href":"https:\/\/cnr.org.br\/site\/wp-json\/wp\/v2\/posts\/16304","targetHints":{"allow":["GET"]}}],"collection":[{"href":"https:\/\/cnr.org.br\/site\/wp-json\/wp\/v2\/posts"}],"about":[{"href":"https:\/\/cnr.org.br\/site\/wp-json\/wp\/v2\/types\/post"}],"author":[{"embeddable":true,"href":"https:\/\/cnr.org.br\/site\/wp-json\/wp\/v2\/users\/2"}],"replies":[{"embeddable":true,"href":"https:\/\/cnr.org.br\/site\/wp-json\/wp\/v2\/comments?post=16304"}],"version-history":[{"count":0,"href":"https:\/\/cnr.org.br\/site\/wp-json\/wp\/v2\/posts\/16304\/revisions"}],"wp:featuredmedia":[{"embeddable":true,"href":"https:\/\/cnr.org.br\/site\/wp-json\/wp\/v2\/media\/13898"}],"wp:attachment":[{"href":"https:\/\/cnr.org.br\/site\/wp-json\/wp\/v2\/media?parent=16304"}],"wp:term":[{"taxonomy":"category","embeddable":true,"href":"https:\/\/cnr.org.br\/site\/wp-json\/wp\/v2\/categories?post=16304"},{"taxonomy":"post_tag","embeddable":true,"href":"https:\/\/cnr.org.br\/site\/wp-json\/wp\/v2\/tags?post=16304"}],"curies":[{"name":"wp","href":"https:\/\/api.w.org\/{rel}","templated":true}]}}