{"id":16351,"date":"2019-11-25T16:12:08","date_gmt":"2019-11-25T18:12:08","guid":{"rendered":"https:\/\/cnr.org.br\/site\/?p=16351"},"modified":"2019-11-25T16:12:08","modified_gmt":"2019-11-25T18:12:08","slug":"conarci","status":"publish","type":"post","link":"https:\/\/cnr.org.br\/site\/conarci\/","title":{"rendered":"Diretor da CNR participa de abertura oficial do CONARCI 2019"},"content":{"rendered":"<div id=\"dslc-theme-content\"><div id=\"dslc-theme-content-inner\"><p><span style=\"font-weight: 400;\">Foi realizada entre os dias 21 e 22 de novembro a 25\u00aa edi\u00e7\u00e3o do Congresso Nacional do Registro Civil (CONARCI). O evento, realizado em Bonito (MS), contou com a presen\u00e7a de autoridades dos poderes Legislativo e Judici\u00e1rio. A Confedera\u00e7\u00e3o Nacional de Not\u00e1rios e Registradores (CNR) foi representada na solenidade de abertura por seu diretor, Edison Ferreira Esp\u00edndola.<\/span><\/p>\n<p><span style=\"font-weight: 400;\">O foco desta edi\u00e7\u00e3o do CONARCI foi a import\u00e2ncia da atividade para a cidadania, constitui\u00e7\u00e3o de direitos e desjudicializa\u00e7\u00e3o. O diretor da CNR destacou a import\u00e2ncia da busca pelo aprimoramento dos servi\u00e7os prestados. \u201c\u00c9 preciso que tenhamos uni\u00e3o e objetivos determinados para buscarmos as solu\u00e7\u00f5es que tanto o Governo como a sociedade esperam de n\u00f3s\u201d, afirmou Esp\u00edndola. Voc\u00ea pode conhecer mais sobre o tema na atual edi\u00e7\u00e3o da<\/span><a href=\"https:\/\/cnr.org.br\/revista2019\/mobile\/index.html#p=31\"> <span style=\"font-weight: 400;\">Revista Cart\u00f3rio Contempor\u00e2neo.<\/span><\/a><\/p>\n<p>&nbsp;<\/p>\n<h3><b>An\u00fancio no CONARCI 2019<\/b><\/h3>\n<p><span style=\"font-weight: 400;\">Foi anunciada durante a edi\u00e7\u00e3o do CONARCI 2019 a homologa\u00e7\u00e3o de novo conv\u00eanio com a Receita Federal. Com o incremento, os servi\u00e7os de registro civil poder\u00e3o receber solicita\u00e7\u00f5es de procura\u00e7\u00e3o da Receita Federal. Na pr\u00e1tica, os cart\u00f3rios poder\u00e3o fazer altera\u00e7\u00e3o de nome, em raz\u00e3o de casamento, div\u00f3rcio ou viuvez, por exemplo.<\/span><\/p>\n<p><span style=\"font-weight: 400;\">O presidente da Associa\u00e7\u00e3o Nacional dos Registradores de Pessoas Naturais (Arpen\/BR), Arion Toledo Cavalheiro J\u00fanior, salientou, ainda, que novos conv\u00eanios est\u00e3o em negocia\u00e7\u00e3o. Entre eles, est\u00e3o a parceria com o INSS, Pol\u00edcia Federal, Detran e institutos de identifica\u00e7\u00e3o nos estados.<\/span><\/p>\n<p>&nbsp;<\/p>\n<h3><b>Pain\u00e9is tem\u00e1ticos<\/b><\/h3>\n<p><span style=\"font-weight: 400;\">O servi\u00e7o de<\/span><a href=\"https:\/\/cnr.org.br\/site\/mediacao-e-conciliacao\/\"> <span style=\"font-weight: 400;\">media\u00e7\u00e3o e concilia\u00e7\u00e3o<\/span><\/a><span style=\"font-weight: 400;\"> em cart\u00f3rios tamb\u00e9m foi debatido no CONARCI 2019. Um dos temas mais presentes no cen\u00e1rio judicial e extrajudicial, o servi\u00e7o \u00e9 oferecido em cart\u00f3rios de todo o pa\u00eds desde 2018. A palestra contou com a participa\u00e7\u00e3o do desembargador do Tribunal de Justi\u00e7a do Paran\u00e1 (TJ\/PR), Roberto Portugal Bacellar.<\/span><\/p>\n<p><span style=\"font-weight: 400;\">O<\/span><a href=\"https:\/\/cnr.org.br\/site\/provimento-no-82-do-cnj-padroniza-nacionalmente-procedimentos-de-alteracao-do-nome-do-genitor\/\"> <span style=\"font-weight: 400;\">Provimento n\u00ba 82<\/span><\/a><span style=\"font-weight: 400;\"> tamb\u00e9m foi destaque nos debates. A norma foi editada pelo Corregedor Nacional de Justi\u00e7a, ministro Humberto Martins, em julho desse ano. O objetivo \u00e9 padronizar os processos de altera\u00e7\u00e3o de nome do genitor. E tamb\u00e9m disp\u00f5e sobre o procedimento de averba\u00e7\u00e3o, no registro de nascimento e casamento dos filhos.<\/span><\/p>\n<p><span style=\"font-weight: 400;\">Voc\u00ea pode saber mais sobre essa edi\u00e7\u00e3o do CONARCI 2019 no<\/span><a href=\"http:\/\/arpen.org.br\/list_noticia.php\"> <span style=\"font-weight: 400;\">site da Arpen\/BR.<\/span><\/a><\/p>\n<p>&nbsp;<\/p>\n<h3><b>Redes Sociais e CNR<\/b><\/h3>\n<p><span style=\"font-weight: 400;\">Fique por dentro de tudo o que acontece com a classe Notarial e Registral e acompanhe a CNR nas redes sociais<\/span><a href=\"https:\/\/www.instagram.com\/cnr_confederacao\/\"> <span style=\"font-weight: 400;\">Instagram<\/span><\/a><span style=\"font-weight: 400;\"> e<\/span><a href=\"https:\/\/www.facebook.com\/confederacaonacionaldenotarioseregistradores\/\"> <span style=\"font-weight: 400;\">Facebook.<\/span><\/a><\/p>\n<p><span style=\"font-weight: 400;\">Assessoria de imprensa da CNR com informa\u00e7\u00f5es da Associa\u00e7\u00e3o Nacional dos Registradores de Pessoas Naturais (Arpen-Brasil).<\/span><\/p>\n<\/div><\/div>","protected":false},"excerpt":{"rendered":"<p>Foi realizada entre os dias 21 e 22 de novembro a 25\u00aa edi\u00e7\u00e3o do Congresso Nacional do Registro Civil (CONARCI). O evento, realizado em Bonito (MS), contou com a presen\u00e7a de autoridades dos poderes Legislativo e Judici\u00e1rio. A Confedera\u00e7\u00e3o Nacional de Not\u00e1rios e Registradores (CNR) foi representada na solenidade de abertura por seu diretor, Edison [&hellip;]<\/p>\n","protected":false},"author":2,"featured_media":16352,"comment_status":"closed","ping_status":"closed","sticky":false,"template":"","format":"standard","meta":{"footnotes":"","_links_to":"","_links_to_target":""},"categories":[525,55,47],"tags":[574],"class_list":["post-16351","post","type-post","status-publish","format-standard","has-post-thumbnail","hentry","category-home","category-noticia","category-ultimas-noticias","tag-conarci-2019"],"yoast_head":"<!-- This site is optimized with the Yoast SEO plugin v28.4 - https:\/\/yoast.com\/product\/yoast-seo-wordpress\/ -->\n<title>Diretor da CNR participa de abertura oficial do CONARCI 2019 - CNR<\/title>\n<meta name=\"description\" content=\"Foi realizada entre os dias 21 e 22 de novembro a 25\u00aa edi\u00e7\u00e3o do CONARCI. A CNR foi representada na abertura por seu diretor, Edison Ferreira Esp\u00edndola.\" \/>\n<meta name=\"robots\" content=\"index, follow, max-snippet:-1, max-image-preview:large, max-video-preview:-1\" \/>\n<link rel=\"canonical\" href=\"https:\/\/cnr.org.br\/novoportal\/conarci\/\" \/>\n<meta property=\"og:locale\" content=\"pt_BR\" \/>\n<meta property=\"og:type\" content=\"article\" \/>\n<meta property=\"og:title\" content=\"Diretor da CNR participa de abertura oficial do CONARCI 2019 - CNR\" \/>\n<meta property=\"og:description\" content=\"Foi realizada entre os dias 21 e 22 de novembro a 25\u00aa edi\u00e7\u00e3o do CONARCI. A CNR foi representada na abertura por seu diretor, Edison Ferreira Esp\u00edndola.\" \/>\n<meta property=\"og:url\" content=\"https:\/\/cnr.org.br\/novoportal\/conarci\/\" \/>\n<meta property=\"og:site_name\" content=\"CNR\" \/>\n<meta property=\"article:published_time\" content=\"2019-11-25T18:12:08+00:00\" \/>\n<meta property=\"og:image\" content=\"https:\/\/cnr.org.br\/novoportal\/wp-content\/uploads\/2019\/11\/conarci1.jpg\" \/>\n\t<meta property=\"og:image:width\" content=\"1280\" \/>\n\t<meta property=\"og:image:height\" content=\"960\" \/>\n\t<meta property=\"og:image:type\" content=\"image\/jpeg\" \/>\n<meta name=\"author\" content=\"Imprensa CNR\" \/>\n<meta name=\"twitter:card\" content=\"summary_large_image\" \/>\n<meta name=\"twitter:label1\" content=\"Escrito por\" \/>\n\t<meta name=\"twitter:data1\" content=\"Imprensa CNR\" \/>\n\t<meta name=\"twitter:label2\" content=\"Est. tempo de leitura\" \/>\n\t<meta name=\"twitter:data2\" content=\"2 minutos\" \/>\n<script type=\"application\/ld+json\" class=\"yoast-schema-graph\">{\"@context\":\"https:\\\/\\\/schema.org\",\"@graph\":[{\"@type\":\"Article\",\"@id\":\"https:\\\/\\\/cnr.org.br\\\/novoportal\\\/conarci\\\/#article\",\"isPartOf\":{\"@id\":\"https:\\\/\\\/cnr.org.br\\\/novoportal\\\/conarci\\\/\"},\"author\":{\"name\":\"Imprensa CNR\",\"@id\":\"https:\\\/\\\/cnr.org.br\\\/novoportal\\\/#\\\/schema\\\/person\\\/1f46209cd8c9d3d9887a0765b64ca66b\"},\"headline\":\"Diretor da CNR participa de abertura oficial do CONARCI 2019\",\"datePublished\":\"2019-11-25T18:12:08+00:00\",\"mainEntityOfPage\":{\"@id\":\"https:\\\/\\\/cnr.org.br\\\/novoportal\\\/conarci\\\/\"},\"wordCount\":456,\"publisher\":{\"@id\":\"https:\\\/\\\/cnr.org.br\\\/novoportal\\\/#organization\"},\"image\":{\"@id\":\"https:\\\/\\\/cnr.org.br\\\/novoportal\\\/conarci\\\/#primaryimage\"},\"thumbnailUrl\":\"https:\\\/\\\/cnr.org.br\\\/site\\\/wp-content\\\/uploads\\\/2019\\\/11\\\/conarci1.jpg\",\"keywords\":[\"CONARCI 2019\"],\"articleSection\":[\"Home\",\"Not\u00edcia\",\"\u00daltimas Not\u00edcias\"],\"inLanguage\":\"pt-BR\"},{\"@type\":\"WebPage\",\"@id\":\"https:\\\/\\\/cnr.org.br\\\/novoportal\\\/conarci\\\/\",\"url\":\"https:\\\/\\\/cnr.org.br\\\/novoportal\\\/conarci\\\/\",\"name\":\"Diretor da CNR participa de abertura oficial do CONARCI 2019 - CNR\",\"isPartOf\":{\"@id\":\"https:\\\/\\\/cnr.org.br\\\/novoportal\\\/#website\"},\"primaryImageOfPage\":{\"@id\":\"https:\\\/\\\/cnr.org.br\\\/novoportal\\\/conarci\\\/#primaryimage\"},\"image\":{\"@id\":\"https:\\\/\\\/cnr.org.br\\\/novoportal\\\/conarci\\\/#primaryimage\"},\"thumbnailUrl\":\"https:\\\/\\\/cnr.org.br\\\/site\\\/wp-content\\\/uploads\\\/2019\\\/11\\\/conarci1.jpg\",\"datePublished\":\"2019-11-25T18:12:08+00:00\",\"description\":\"Foi realizada entre os dias 21 e 22 de novembro a 25\u00aa edi\u00e7\u00e3o do CONARCI. A CNR foi representada na abertura por seu diretor, Edison Ferreira Esp\u00edndola.\",\"breadcrumb\":{\"@id\":\"https:\\\/\\\/cnr.org.br\\\/novoportal\\\/conarci\\\/#breadcrumb\"},\"inLanguage\":\"pt-BR\",\"potentialAction\":[{\"@type\":\"ReadAction\",\"target\":[\"https:\\\/\\\/cnr.org.br\\\/novoportal\\\/conarci\\\/\"]}]},{\"@type\":\"ImageObject\",\"inLanguage\":\"pt-BR\",\"@id\":\"https:\\\/\\\/cnr.org.br\\\/novoportal\\\/conarci\\\/#primaryimage\",\"url\":\"https:\\\/\\\/cnr.org.br\\\/site\\\/wp-content\\\/uploads\\\/2019\\\/11\\\/conarci1.jpg\",\"contentUrl\":\"https:\\\/\\\/cnr.org.br\\\/site\\\/wp-content\\\/uploads\\\/2019\\\/11\\\/conarci1.jpg\",\"width\":1280,\"height\":960,\"caption\":\"Diretor da CNR participa de abertura oficial do CONARCI 2019\"},{\"@type\":\"BreadcrumbList\",\"@id\":\"https:\\\/\\\/cnr.org.br\\\/novoportal\\\/conarci\\\/#breadcrumb\",\"itemListElement\":[{\"@type\":\"ListItem\",\"position\":1,\"name\":\"In\u00edcio\",\"item\":\"https:\\\/\\\/cnr.org.br\\\/site\\\/\"},{\"@type\":\"ListItem\",\"position\":2,\"name\":\"Diretor da CNR participa de abertura oficial do CONARCI 2019\"}]},{\"@type\":\"WebSite\",\"@id\":\"https:\\\/\\\/cnr.org.br\\\/novoportal\\\/#website\",\"url\":\"https:\\\/\\\/cnr.org.br\\\/novoportal\\\/\",\"name\":\"CNR\",\"description\":\"Confedera\u00e7\u00e3o Nacional de Not\u00e1rios e Registradores\",\"publisher\":{\"@id\":\"https:\\\/\\\/cnr.org.br\\\/novoportal\\\/#organization\"},\"potentialAction\":[{\"@type\":\"SearchAction\",\"target\":{\"@type\":\"EntryPoint\",\"urlTemplate\":\"https:\\\/\\\/cnr.org.br\\\/novoportal\\\/?s={search_term_string}\"},\"query-input\":{\"@type\":\"PropertyValueSpecification\",\"valueRequired\":true,\"valueName\":\"search_term_string\"}}],\"inLanguage\":\"pt-BR\"},{\"@type\":\"Organization\",\"@id\":\"https:\\\/\\\/cnr.org.br\\\/novoportal\\\/#organization\",\"name\":\"CNR\",\"url\":\"https:\\\/\\\/cnr.org.br\\\/novoportal\\\/\",\"logo\":{\"@type\":\"ImageObject\",\"inLanguage\":\"pt-BR\",\"@id\":\"https:\\\/\\\/cnr.org.br\\\/novoportal\\\/#\\\/schema\\\/logo\\\/image\\\/\",\"url\":\"https:\\\/\\\/cnr.org.br\\\/site\\\/wp-content\\\/uploads\\\/2026\\\/02\\\/Logo_CNR_completa_colorida_2024.png\",\"contentUrl\":\"https:\\\/\\\/cnr.org.br\\\/site\\\/wp-content\\\/uploads\\\/2026\\\/02\\\/Logo_CNR_completa_colorida_2024.png\",\"width\":910,\"height\":450,\"caption\":\"CNR\"},\"image\":{\"@id\":\"https:\\\/\\\/cnr.org.br\\\/novoportal\\\/#\\\/schema\\\/logo\\\/image\\\/\"}},{\"@type\":\"Person\",\"@id\":\"https:\\\/\\\/cnr.org.br\\\/novoportal\\\/#\\\/schema\\\/person\\\/1f46209cd8c9d3d9887a0765b64ca66b\",\"name\":\"Imprensa CNR\",\"sameAs\":[\"https:\\\/\\\/cnr.org.br\\\/site\"],\"url\":\"https:\\\/\\\/cnr.org.br\\\/site\\\/author\\\/imprensa\\\/\"}]}<\/script>\n<!-- \/ Yoast SEO plugin. -->","yoast_head_json":{"title":"Diretor da CNR participa de abertura oficial do CONARCI 2019 - CNR","description":"Foi realizada entre os dias 21 e 22 de novembro a 25\u00aa edi\u00e7\u00e3o do CONARCI. A CNR foi representada na abertura por seu diretor, Edison Ferreira Esp\u00edndola.","robots":{"index":"index","follow":"follow","max-snippet":"max-snippet:-1","max-image-preview":"max-image-preview:large","max-video-preview":"max-video-preview:-1"},"canonical":"https:\/\/cnr.org.br\/novoportal\/conarci\/","og_locale":"pt_BR","og_type":"article","og_title":"Diretor da CNR participa de abertura oficial do CONARCI 2019 - CNR","og_description":"Foi realizada entre os dias 21 e 22 de novembro a 25\u00aa edi\u00e7\u00e3o do CONARCI. A CNR foi representada na abertura por seu diretor, Edison Ferreira Esp\u00edndola.","og_url":"https:\/\/cnr.org.br\/novoportal\/conarci\/","og_site_name":"CNR","article_published_time":"2019-11-25T18:12:08+00:00","og_image":[{"width":1280,"height":960,"url":"https:\/\/cnr.org.br\/novoportal\/wp-content\/uploads\/2019\/11\/conarci1.jpg","type":"image\/jpeg"}],"author":"Imprensa CNR","twitter_card":"summary_large_image","twitter_misc":{"Escrito por":"Imprensa CNR","Est. tempo de leitura":"2 minutos"},"schema":{"@context":"https:\/\/schema.org","@graph":[{"@type":"Article","@id":"https:\/\/cnr.org.br\/novoportal\/conarci\/#article","isPartOf":{"@id":"https:\/\/cnr.org.br\/novoportal\/conarci\/"},"author":{"name":"Imprensa CNR","@id":"https:\/\/cnr.org.br\/novoportal\/#\/schema\/person\/1f46209cd8c9d3d9887a0765b64ca66b"},"headline":"Diretor da CNR participa de abertura oficial do CONARCI 2019","datePublished":"2019-11-25T18:12:08+00:00","mainEntityOfPage":{"@id":"https:\/\/cnr.org.br\/novoportal\/conarci\/"},"wordCount":456,"publisher":{"@id":"https:\/\/cnr.org.br\/novoportal\/#organization"},"image":{"@id":"https:\/\/cnr.org.br\/novoportal\/conarci\/#primaryimage"},"thumbnailUrl":"https:\/\/cnr.org.br\/site\/wp-content\/uploads\/2019\/11\/conarci1.jpg","keywords":["CONARCI 2019"],"articleSection":["Home","Not\u00edcia","\u00daltimas Not\u00edcias"],"inLanguage":"pt-BR"},{"@type":"WebPage","@id":"https:\/\/cnr.org.br\/novoportal\/conarci\/","url":"https:\/\/cnr.org.br\/novoportal\/conarci\/","name":"Diretor da CNR participa de abertura oficial do CONARCI 2019 - CNR","isPartOf":{"@id":"https:\/\/cnr.org.br\/novoportal\/#website"},"primaryImageOfPage":{"@id":"https:\/\/cnr.org.br\/novoportal\/conarci\/#primaryimage"},"image":{"@id":"https:\/\/cnr.org.br\/novoportal\/conarci\/#primaryimage"},"thumbnailUrl":"https:\/\/cnr.org.br\/site\/wp-content\/uploads\/2019\/11\/conarci1.jpg","datePublished":"2019-11-25T18:12:08+00:00","description":"Foi realizada entre os dias 21 e 22 de novembro a 25\u00aa edi\u00e7\u00e3o do CONARCI. A CNR foi representada na abertura por seu diretor, Edison Ferreira Esp\u00edndola.","breadcrumb":{"@id":"https:\/\/cnr.org.br\/novoportal\/conarci\/#breadcrumb"},"inLanguage":"pt-BR","potentialAction":[{"@type":"ReadAction","target":["https:\/\/cnr.org.br\/novoportal\/conarci\/"]}]},{"@type":"ImageObject","inLanguage":"pt-BR","@id":"https:\/\/cnr.org.br\/novoportal\/conarci\/#primaryimage","url":"https:\/\/cnr.org.br\/site\/wp-content\/uploads\/2019\/11\/conarci1.jpg","contentUrl":"https:\/\/cnr.org.br\/site\/wp-content\/uploads\/2019\/11\/conarci1.jpg","width":1280,"height":960,"caption":"Diretor da CNR participa de abertura oficial do CONARCI 2019"},{"@type":"BreadcrumbList","@id":"https:\/\/cnr.org.br\/novoportal\/conarci\/#breadcrumb","itemListElement":[{"@type":"ListItem","position":1,"name":"In\u00edcio","item":"https:\/\/cnr.org.br\/site\/"},{"@type":"ListItem","position":2,"name":"Diretor da CNR participa de abertura oficial do CONARCI 2019"}]},{"@type":"WebSite","@id":"https:\/\/cnr.org.br\/novoportal\/#website","url":"https:\/\/cnr.org.br\/novoportal\/","name":"CNR","description":"Confedera\u00e7\u00e3o Nacional de Not\u00e1rios e Registradores","publisher":{"@id":"https:\/\/cnr.org.br\/novoportal\/#organization"},"potentialAction":[{"@type":"SearchAction","target":{"@type":"EntryPoint","urlTemplate":"https:\/\/cnr.org.br\/novoportal\/?s={search_term_string}"},"query-input":{"@type":"PropertyValueSpecification","valueRequired":true,"valueName":"search_term_string"}}],"inLanguage":"pt-BR"},{"@type":"Organization","@id":"https:\/\/cnr.org.br\/novoportal\/#organization","name":"CNR","url":"https:\/\/cnr.org.br\/novoportal\/","logo":{"@type":"ImageObject","inLanguage":"pt-BR","@id":"https:\/\/cnr.org.br\/novoportal\/#\/schema\/logo\/image\/","url":"https:\/\/cnr.org.br\/site\/wp-content\/uploads\/2026\/02\/Logo_CNR_completa_colorida_2024.png","contentUrl":"https:\/\/cnr.org.br\/site\/wp-content\/uploads\/2026\/02\/Logo_CNR_completa_colorida_2024.png","width":910,"height":450,"caption":"CNR"},"image":{"@id":"https:\/\/cnr.org.br\/novoportal\/#\/schema\/logo\/image\/"}},{"@type":"Person","@id":"https:\/\/cnr.org.br\/novoportal\/#\/schema\/person\/1f46209cd8c9d3d9887a0765b64ca66b","name":"Imprensa CNR","sameAs":["https:\/\/cnr.org.br\/site"],"url":"https:\/\/cnr.org.br\/site\/author\/imprensa\/"}]}},"_links":{"self":[{"href":"https:\/\/cnr.org.br\/site\/wp-json\/wp\/v2\/posts\/16351","targetHints":{"allow":["GET"]}}],"collection":[{"href":"https:\/\/cnr.org.br\/site\/wp-json\/wp\/v2\/posts"}],"about":[{"href":"https:\/\/cnr.org.br\/site\/wp-json\/wp\/v2\/types\/post"}],"author":[{"embeddable":true,"href":"https:\/\/cnr.org.br\/site\/wp-json\/wp\/v2\/users\/2"}],"replies":[{"embeddable":true,"href":"https:\/\/cnr.org.br\/site\/wp-json\/wp\/v2\/comments?post=16351"}],"version-history":[{"count":0,"href":"https:\/\/cnr.org.br\/site\/wp-json\/wp\/v2\/posts\/16351\/revisions"}],"wp:featuredmedia":[{"embeddable":true,"href":"https:\/\/cnr.org.br\/site\/wp-json\/wp\/v2\/media\/16352"}],"wp:attachment":[{"href":"https:\/\/cnr.org.br\/site\/wp-json\/wp\/v2\/media?parent=16351"}],"wp:term":[{"taxonomy":"category","embeddable":true,"href":"https:\/\/cnr.org.br\/site\/wp-json\/wp\/v2\/categories?post=16351"},{"taxonomy":"post_tag","embeddable":true,"href":"https:\/\/cnr.org.br\/site\/wp-json\/wp\/v2\/tags?post=16351"}],"curies":[{"name":"wp","href":"https:\/\/api.w.org\/{rel}","templated":true}]}}