{"id":16389,"date":"2019-11-28T17:11:38","date_gmt":"2019-11-28T19:11:38","guid":{"rendered":"https:\/\/cnr.org.br\/site\/?p=16389"},"modified":"2019-12-04T13:43:14","modified_gmt":"2019-12-04T15:43:14","slug":"xxi-congresso-anoreg","status":"publish","type":"post","link":"https:\/\/cnr.org.br\/site\/xxi-congresso-anoreg\/","title":{"rendered":"Presidente da CNR participa da abertura do XXI Congresso da Anoreg\/BR"},"content":{"rendered":"<div id=\"dslc-theme-content\"><div id=\"dslc-theme-content-inner\"><p><span style=\"font-weight: 400;\">Teve in\u00edcio na tarde de ontem (27) o XXI Congresso Brasileiro de Direito Notarial e de Registro, realizado na cidade de Aracaju (SE). O evento promove a troca de experi\u00eancias sobre temas relevantes, bem como discute os avan\u00e7os na atua\u00e7\u00e3o de not\u00e1rios e registradores. A Confedera\u00e7\u00e3o Nacional de Not\u00e1rios e Registradores (CNR) foi representada na solenidade de abertura por seu presidente, Rog\u00e9rio Portugal Bacellar.<\/span><\/p>\n<p><span style=\"font-weight: 400;\">Promovido pela Associa\u00e7\u00e3o dos Not\u00e1rios e Registradores do Brasil (Anoreg\/BR) e Associa\u00e7\u00e3o dos Not\u00e1rios e Registradores do Estado de Sergipe (Anoreg\/SE), o Congresso \u00e9 um dos principais eventos do setor. A solenidade de abertura contou com a presen\u00e7a de autoridades dos poderes Legislativo e Judici\u00e1rio.<\/span><\/p>\n<p>&nbsp;<\/p>\n<h3><b>A Palestra Magna<\/b><\/h3>\n<p><span style=\"font-weight: 400;\">A palestra magna da abertura foi proferida pela conselheira do Conselho Nacional de Justi\u00e7a (CNJ), Maria Tereza Uille. A conselheira convidou os cart\u00f3rios extrajudiciais a participarem dos Objetivos de Desenvolvimento Sustent\u00e1vel da <a href=\"https:\/\/cnr.org.br\/site\/cnj-elabora-indicadores-de-sustentabilidade-com-tjs-e-cartorios\/\">Agenda 2030<\/a>. E afirmou que o volume de informa\u00e7\u00f5es dispon\u00edveis nos cart\u00f3rios s\u00e3o de utiliza\u00e7\u00e3o imediata e podem colaborar com as pol\u00edticas p\u00fablicas.<\/span><\/p>\n<p>&nbsp;<\/p>\n<h3><b>Programa\u00e7\u00e3o do Congresso<\/b><\/h3>\n<p><span style=\"font-weight: 400;\">Entre os debates do Congresso est\u00e3o: o impacto da Lei Geral de Prote\u00e7\u00e3o de Dados e transforma\u00e7\u00f5es dos cart\u00f3rios na era digital. A atua\u00e7\u00e3o do setor no combate \u00e0 lavagem de dinheiro tamb\u00e9m est\u00e1 entre os temas. Al\u00e9m dos pain\u00e9is, a programa\u00e7\u00e3o ainda conta com Feira Tecnol\u00f3gica e Cultural, debates acad\u00eamicos e lan\u00e7amento de livros.<\/span><\/p>\n<p><span style=\"font-weight: 400;\">O Congresso segue at\u00e9 sexta-feira (29). A palestra de encerramento ser\u00e1 proferida pelo Ministro Luiz Fux, do Supremo Tribunal Federal (STF). Saiba mais na<\/span><a href=\"https:\/\/anoreg.org.br\/congresso2019\/\"> <span style=\"font-weight: 400;\">p\u00e1gina oficial<\/span><\/a> <span style=\"font-weight: 400;\">do evento.<\/span><\/p>\n<p><em><span style=\"font-weight: 400;\">Fonte: Assessoria de imprensa da CNR com informa\u00e7\u00f5es da Associa\u00e7\u00e3o dos Not\u00e1rios e Registradores do Brasil (Anoreg\/BR).<\/span><\/em><\/p>\n<\/div><\/div>","protected":false},"excerpt":{"rendered":"<p>Teve in\u00edcio na tarde de ontem (27) o XXI Congresso Brasileiro de Direito Notarial e de Registro, realizado na cidade de Aracaju (SE). O evento promove a troca de experi\u00eancias sobre temas relevantes, bem como discute os avan\u00e7os na atua\u00e7\u00e3o de not\u00e1rios e registradores. A Confedera\u00e7\u00e3o Nacional de Not\u00e1rios e Registradores (CNR) foi representada na [&hellip;]<\/p>\n","protected":false},"author":2,"featured_media":16401,"comment_status":"closed","ping_status":"closed","sticky":false,"template":"","format":"standard","meta":{"footnotes":"","_links_to":"","_links_to_target":""},"categories":[525,55,47],"tags":[578],"class_list":["post-16389","post","type-post","status-publish","format-standard","has-post-thumbnail","hentry","category-home","category-noticia","category-ultimas-noticias","tag-xxi-congresso-da-anoreg-br"],"yoast_head":"<!-- This site is optimized with the Yoast SEO plugin v28.4 - https:\/\/yoast.com\/product\/yoast-seo-wordpress\/ -->\n<title>Presidente da CNR participa da abertura do XXI Congresso da Anoreg\/BR - CNR<\/title>\n<meta name=\"description\" content=\"Come\u00e7ou ontem (27) o XXI Congresso Brasileiro de Direito Notarial e de Registro. A CNR foi representada na abertura pelo presidente Rog\u00e9rio Bacellar.\" \/>\n<meta name=\"robots\" content=\"index, follow, max-snippet:-1, max-image-preview:large, max-video-preview:-1\" \/>\n<link rel=\"canonical\" href=\"https:\/\/cnr.org.br\/novoportal\/xxi-congresso-anoreg\/\" \/>\n<meta property=\"og:locale\" content=\"pt_BR\" \/>\n<meta property=\"og:type\" content=\"article\" \/>\n<meta property=\"og:title\" content=\"Presidente da CNR participa da abertura do XXI Congresso da Anoreg\/BR - CNR\" \/>\n<meta property=\"og:description\" content=\"Come\u00e7ou ontem (27) o XXI Congresso Brasileiro de Direito Notarial e de Registro. A CNR foi representada na abertura pelo presidente Rog\u00e9rio Bacellar.\" \/>\n<meta property=\"og:url\" content=\"https:\/\/cnr.org.br\/novoportal\/xxi-congresso-anoreg\/\" \/>\n<meta property=\"og:site_name\" content=\"CNR\" \/>\n<meta property=\"article:published_time\" content=\"2019-11-28T19:11:38+00:00\" \/>\n<meta property=\"article:modified_time\" content=\"2019-12-04T15:43:14+00:00\" \/>\n<meta property=\"og:image\" content=\"https:\/\/cnr.org.br\/novoportal\/wp-content\/uploads\/2019\/11\/Congresso-Anoreg.jpeg\" \/>\n\t<meta property=\"og:image:width\" content=\"1024\" \/>\n\t<meta property=\"og:image:height\" content=\"683\" \/>\n\t<meta property=\"og:image:type\" content=\"image\/jpeg\" \/>\n<meta name=\"author\" content=\"Imprensa CNR\" \/>\n<meta name=\"twitter:card\" content=\"summary_large_image\" \/>\n<meta name=\"twitter:label1\" content=\"Escrito por\" \/>\n\t<meta name=\"twitter:data1\" content=\"Imprensa CNR\" \/>\n\t<meta name=\"twitter:label2\" content=\"Est. tempo de leitura\" \/>\n\t<meta name=\"twitter:data2\" content=\"2 minutos\" \/>\n<script type=\"application\/ld+json\" class=\"yoast-schema-graph\">{\"@context\":\"https:\\\/\\\/schema.org\",\"@graph\":[{\"@type\":\"Article\",\"@id\":\"https:\\\/\\\/cnr.org.br\\\/novoportal\\\/xxi-congresso-anoreg\\\/#article\",\"isPartOf\":{\"@id\":\"https:\\\/\\\/cnr.org.br\\\/novoportal\\\/xxi-congresso-anoreg\\\/\"},\"author\":{\"name\":\"Imprensa CNR\",\"@id\":\"https:\\\/\\\/cnr.org.br\\\/novoportal\\\/#\\\/schema\\\/person\\\/1f46209cd8c9d3d9887a0765b64ca66b\"},\"headline\":\"Presidente da CNR participa da abertura do XXI Congresso da Anoreg\\\/BR\",\"datePublished\":\"2019-11-28T19:11:38+00:00\",\"dateModified\":\"2019-12-04T15:43:14+00:00\",\"mainEntityOfPage\":{\"@id\":\"https:\\\/\\\/cnr.org.br\\\/novoportal\\\/xxi-congresso-anoreg\\\/\"},\"wordCount\":323,\"publisher\":{\"@id\":\"https:\\\/\\\/cnr.org.br\\\/novoportal\\\/#organization\"},\"image\":{\"@id\":\"https:\\\/\\\/cnr.org.br\\\/novoportal\\\/xxi-congresso-anoreg\\\/#primaryimage\"},\"thumbnailUrl\":\"https:\\\/\\\/cnr.org.br\\\/site\\\/wp-content\\\/uploads\\\/2019\\\/11\\\/Congresso-Anoreg.jpeg\",\"keywords\":[\"XXI Congresso da Anoreg\\\/BR\"],\"articleSection\":[\"Home\",\"Not\u00edcia\",\"\u00daltimas Not\u00edcias\"],\"inLanguage\":\"pt-BR\"},{\"@type\":\"WebPage\",\"@id\":\"https:\\\/\\\/cnr.org.br\\\/novoportal\\\/xxi-congresso-anoreg\\\/\",\"url\":\"https:\\\/\\\/cnr.org.br\\\/novoportal\\\/xxi-congresso-anoreg\\\/\",\"name\":\"Presidente da CNR participa da abertura do XXI Congresso da Anoreg\\\/BR - CNR\",\"isPartOf\":{\"@id\":\"https:\\\/\\\/cnr.org.br\\\/novoportal\\\/#website\"},\"primaryImageOfPage\":{\"@id\":\"https:\\\/\\\/cnr.org.br\\\/novoportal\\\/xxi-congresso-anoreg\\\/#primaryimage\"},\"image\":{\"@id\":\"https:\\\/\\\/cnr.org.br\\\/novoportal\\\/xxi-congresso-anoreg\\\/#primaryimage\"},\"thumbnailUrl\":\"https:\\\/\\\/cnr.org.br\\\/site\\\/wp-content\\\/uploads\\\/2019\\\/11\\\/Congresso-Anoreg.jpeg\",\"datePublished\":\"2019-11-28T19:11:38+00:00\",\"dateModified\":\"2019-12-04T15:43:14+00:00\",\"description\":\"Come\u00e7ou ontem (27) o XXI Congresso Brasileiro de Direito Notarial e de Registro. A CNR foi representada na abertura pelo presidente Rog\u00e9rio Bacellar.\",\"breadcrumb\":{\"@id\":\"https:\\\/\\\/cnr.org.br\\\/novoportal\\\/xxi-congresso-anoreg\\\/#breadcrumb\"},\"inLanguage\":\"pt-BR\",\"potentialAction\":[{\"@type\":\"ReadAction\",\"target\":[\"https:\\\/\\\/cnr.org.br\\\/novoportal\\\/xxi-congresso-anoreg\\\/\"]}]},{\"@type\":\"ImageObject\",\"inLanguage\":\"pt-BR\",\"@id\":\"https:\\\/\\\/cnr.org.br\\\/novoportal\\\/xxi-congresso-anoreg\\\/#primaryimage\",\"url\":\"https:\\\/\\\/cnr.org.br\\\/site\\\/wp-content\\\/uploads\\\/2019\\\/11\\\/Congresso-Anoreg.jpeg\",\"contentUrl\":\"https:\\\/\\\/cnr.org.br\\\/site\\\/wp-content\\\/uploads\\\/2019\\\/11\\\/Congresso-Anoreg.jpeg\",\"width\":1024,\"height\":683,\"caption\":\"Foto: Anoreg-BR\"},{\"@type\":\"BreadcrumbList\",\"@id\":\"https:\\\/\\\/cnr.org.br\\\/novoportal\\\/xxi-congresso-anoreg\\\/#breadcrumb\",\"itemListElement\":[{\"@type\":\"ListItem\",\"position\":1,\"name\":\"In\u00edcio\",\"item\":\"https:\\\/\\\/cnr.org.br\\\/site\\\/\"},{\"@type\":\"ListItem\",\"position\":2,\"name\":\"Presidente da CNR participa da abertura do XXI Congresso da Anoreg\\\/BR\"}]},{\"@type\":\"WebSite\",\"@id\":\"https:\\\/\\\/cnr.org.br\\\/novoportal\\\/#website\",\"url\":\"https:\\\/\\\/cnr.org.br\\\/novoportal\\\/\",\"name\":\"CNR\",\"description\":\"Confedera\u00e7\u00e3o Nacional de Not\u00e1rios e Registradores\",\"publisher\":{\"@id\":\"https:\\\/\\\/cnr.org.br\\\/novoportal\\\/#organization\"},\"potentialAction\":[{\"@type\":\"SearchAction\",\"target\":{\"@type\":\"EntryPoint\",\"urlTemplate\":\"https:\\\/\\\/cnr.org.br\\\/novoportal\\\/?s={search_term_string}\"},\"query-input\":{\"@type\":\"PropertyValueSpecification\",\"valueRequired\":true,\"valueName\":\"search_term_string\"}}],\"inLanguage\":\"pt-BR\"},{\"@type\":\"Organization\",\"@id\":\"https:\\\/\\\/cnr.org.br\\\/novoportal\\\/#organization\",\"name\":\"CNR\",\"url\":\"https:\\\/\\\/cnr.org.br\\\/novoportal\\\/\",\"logo\":{\"@type\":\"ImageObject\",\"inLanguage\":\"pt-BR\",\"@id\":\"https:\\\/\\\/cnr.org.br\\\/novoportal\\\/#\\\/schema\\\/logo\\\/image\\\/\",\"url\":\"https:\\\/\\\/cnr.org.br\\\/site\\\/wp-content\\\/uploads\\\/2026\\\/02\\\/Logo_CNR_completa_colorida_2024.png\",\"contentUrl\":\"https:\\\/\\\/cnr.org.br\\\/site\\\/wp-content\\\/uploads\\\/2026\\\/02\\\/Logo_CNR_completa_colorida_2024.png\",\"width\":910,\"height\":450,\"caption\":\"CNR\"},\"image\":{\"@id\":\"https:\\\/\\\/cnr.org.br\\\/novoportal\\\/#\\\/schema\\\/logo\\\/image\\\/\"}},{\"@type\":\"Person\",\"@id\":\"https:\\\/\\\/cnr.org.br\\\/novoportal\\\/#\\\/schema\\\/person\\\/1f46209cd8c9d3d9887a0765b64ca66b\",\"name\":\"Imprensa CNR\",\"sameAs\":[\"https:\\\/\\\/cnr.org.br\\\/site\"],\"url\":\"https:\\\/\\\/cnr.org.br\\\/site\\\/author\\\/imprensa\\\/\"}]}<\/script>\n<!-- \/ Yoast SEO plugin. -->","yoast_head_json":{"title":"Presidente da CNR participa da abertura do XXI Congresso da Anoreg\/BR - CNR","description":"Come\u00e7ou ontem (27) o XXI Congresso Brasileiro de Direito Notarial e de Registro. A CNR foi representada na abertura pelo presidente Rog\u00e9rio Bacellar.","robots":{"index":"index","follow":"follow","max-snippet":"max-snippet:-1","max-image-preview":"max-image-preview:large","max-video-preview":"max-video-preview:-1"},"canonical":"https:\/\/cnr.org.br\/novoportal\/xxi-congresso-anoreg\/","og_locale":"pt_BR","og_type":"article","og_title":"Presidente da CNR participa da abertura do XXI Congresso da Anoreg\/BR - CNR","og_description":"Come\u00e7ou ontem (27) o XXI Congresso Brasileiro de Direito Notarial e de Registro. A CNR foi representada na abertura pelo presidente Rog\u00e9rio Bacellar.","og_url":"https:\/\/cnr.org.br\/novoportal\/xxi-congresso-anoreg\/","og_site_name":"CNR","article_published_time":"2019-11-28T19:11:38+00:00","article_modified_time":"2019-12-04T15:43:14+00:00","og_image":[{"width":1024,"height":683,"url":"https:\/\/cnr.org.br\/novoportal\/wp-content\/uploads\/2019\/11\/Congresso-Anoreg.jpeg","type":"image\/jpeg"}],"author":"Imprensa CNR","twitter_card":"summary_large_image","twitter_misc":{"Escrito por":"Imprensa CNR","Est. tempo de leitura":"2 minutos"},"schema":{"@context":"https:\/\/schema.org","@graph":[{"@type":"Article","@id":"https:\/\/cnr.org.br\/novoportal\/xxi-congresso-anoreg\/#article","isPartOf":{"@id":"https:\/\/cnr.org.br\/novoportal\/xxi-congresso-anoreg\/"},"author":{"name":"Imprensa CNR","@id":"https:\/\/cnr.org.br\/novoportal\/#\/schema\/person\/1f46209cd8c9d3d9887a0765b64ca66b"},"headline":"Presidente da CNR participa da abertura do XXI Congresso da Anoreg\/BR","datePublished":"2019-11-28T19:11:38+00:00","dateModified":"2019-12-04T15:43:14+00:00","mainEntityOfPage":{"@id":"https:\/\/cnr.org.br\/novoportal\/xxi-congresso-anoreg\/"},"wordCount":323,"publisher":{"@id":"https:\/\/cnr.org.br\/novoportal\/#organization"},"image":{"@id":"https:\/\/cnr.org.br\/novoportal\/xxi-congresso-anoreg\/#primaryimage"},"thumbnailUrl":"https:\/\/cnr.org.br\/site\/wp-content\/uploads\/2019\/11\/Congresso-Anoreg.jpeg","keywords":["XXI Congresso da Anoreg\/BR"],"articleSection":["Home","Not\u00edcia","\u00daltimas Not\u00edcias"],"inLanguage":"pt-BR"},{"@type":"WebPage","@id":"https:\/\/cnr.org.br\/novoportal\/xxi-congresso-anoreg\/","url":"https:\/\/cnr.org.br\/novoportal\/xxi-congresso-anoreg\/","name":"Presidente da CNR participa da abertura do XXI Congresso da Anoreg\/BR - CNR","isPartOf":{"@id":"https:\/\/cnr.org.br\/novoportal\/#website"},"primaryImageOfPage":{"@id":"https:\/\/cnr.org.br\/novoportal\/xxi-congresso-anoreg\/#primaryimage"},"image":{"@id":"https:\/\/cnr.org.br\/novoportal\/xxi-congresso-anoreg\/#primaryimage"},"thumbnailUrl":"https:\/\/cnr.org.br\/site\/wp-content\/uploads\/2019\/11\/Congresso-Anoreg.jpeg","datePublished":"2019-11-28T19:11:38+00:00","dateModified":"2019-12-04T15:43:14+00:00","description":"Come\u00e7ou ontem (27) o XXI Congresso Brasileiro de Direito Notarial e de Registro. A CNR foi representada na abertura pelo presidente Rog\u00e9rio Bacellar.","breadcrumb":{"@id":"https:\/\/cnr.org.br\/novoportal\/xxi-congresso-anoreg\/#breadcrumb"},"inLanguage":"pt-BR","potentialAction":[{"@type":"ReadAction","target":["https:\/\/cnr.org.br\/novoportal\/xxi-congresso-anoreg\/"]}]},{"@type":"ImageObject","inLanguage":"pt-BR","@id":"https:\/\/cnr.org.br\/novoportal\/xxi-congresso-anoreg\/#primaryimage","url":"https:\/\/cnr.org.br\/site\/wp-content\/uploads\/2019\/11\/Congresso-Anoreg.jpeg","contentUrl":"https:\/\/cnr.org.br\/site\/wp-content\/uploads\/2019\/11\/Congresso-Anoreg.jpeg","width":1024,"height":683,"caption":"Foto: Anoreg-BR"},{"@type":"BreadcrumbList","@id":"https:\/\/cnr.org.br\/novoportal\/xxi-congresso-anoreg\/#breadcrumb","itemListElement":[{"@type":"ListItem","position":1,"name":"In\u00edcio","item":"https:\/\/cnr.org.br\/site\/"},{"@type":"ListItem","position":2,"name":"Presidente da CNR participa da abertura do XXI Congresso da Anoreg\/BR"}]},{"@type":"WebSite","@id":"https:\/\/cnr.org.br\/novoportal\/#website","url":"https:\/\/cnr.org.br\/novoportal\/","name":"CNR","description":"Confedera\u00e7\u00e3o Nacional de Not\u00e1rios e Registradores","publisher":{"@id":"https:\/\/cnr.org.br\/novoportal\/#organization"},"potentialAction":[{"@type":"SearchAction","target":{"@type":"EntryPoint","urlTemplate":"https:\/\/cnr.org.br\/novoportal\/?s={search_term_string}"},"query-input":{"@type":"PropertyValueSpecification","valueRequired":true,"valueName":"search_term_string"}}],"inLanguage":"pt-BR"},{"@type":"Organization","@id":"https:\/\/cnr.org.br\/novoportal\/#organization","name":"CNR","url":"https:\/\/cnr.org.br\/novoportal\/","logo":{"@type":"ImageObject","inLanguage":"pt-BR","@id":"https:\/\/cnr.org.br\/novoportal\/#\/schema\/logo\/image\/","url":"https:\/\/cnr.org.br\/site\/wp-content\/uploads\/2026\/02\/Logo_CNR_completa_colorida_2024.png","contentUrl":"https:\/\/cnr.org.br\/site\/wp-content\/uploads\/2026\/02\/Logo_CNR_completa_colorida_2024.png","width":910,"height":450,"caption":"CNR"},"image":{"@id":"https:\/\/cnr.org.br\/novoportal\/#\/schema\/logo\/image\/"}},{"@type":"Person","@id":"https:\/\/cnr.org.br\/novoportal\/#\/schema\/person\/1f46209cd8c9d3d9887a0765b64ca66b","name":"Imprensa CNR","sameAs":["https:\/\/cnr.org.br\/site"],"url":"https:\/\/cnr.org.br\/site\/author\/imprensa\/"}]}},"_links":{"self":[{"href":"https:\/\/cnr.org.br\/site\/wp-json\/wp\/v2\/posts\/16389","targetHints":{"allow":["GET"]}}],"collection":[{"href":"https:\/\/cnr.org.br\/site\/wp-json\/wp\/v2\/posts"}],"about":[{"href":"https:\/\/cnr.org.br\/site\/wp-json\/wp\/v2\/types\/post"}],"author":[{"embeddable":true,"href":"https:\/\/cnr.org.br\/site\/wp-json\/wp\/v2\/users\/2"}],"replies":[{"embeddable":true,"href":"https:\/\/cnr.org.br\/site\/wp-json\/wp\/v2\/comments?post=16389"}],"version-history":[{"count":0,"href":"https:\/\/cnr.org.br\/site\/wp-json\/wp\/v2\/posts\/16389\/revisions"}],"wp:featuredmedia":[{"embeddable":true,"href":"https:\/\/cnr.org.br\/site\/wp-json\/wp\/v2\/media\/16401"}],"wp:attachment":[{"href":"https:\/\/cnr.org.br\/site\/wp-json\/wp\/v2\/media?parent=16389"}],"wp:term":[{"taxonomy":"category","embeddable":true,"href":"https:\/\/cnr.org.br\/site\/wp-json\/wp\/v2\/categories?post=16389"},{"taxonomy":"post_tag","embeddable":true,"href":"https:\/\/cnr.org.br\/site\/wp-json\/wp\/v2\/tags?post=16389"}],"curies":[{"name":"wp","href":"https:\/\/api.w.org\/{rel}","templated":true}]}}