{"id":16441,"date":"2019-12-05T16:44:08","date_gmt":"2019-12-05T18:44:08","guid":{"rendered":"https:\/\/cnr.org.br\/site\/?p=16441"},"modified":"2019-12-05T16:44:08","modified_gmt":"2019-12-05T18:44:08","slug":"cnr-participa-da-inspecao-do-cnj-no-mato-grosso","status":"publish","type":"post","link":"https:\/\/cnr.org.br\/site\/cnr-participa-da-inspecao-do-cnj-no-mato-grosso\/","title":{"rendered":"CNR participa da inspe\u00e7\u00e3o do CNJ no Mato Grosso"},"content":{"rendered":"<div id=\"dslc-theme-content\"><div id=\"dslc-theme-content-inner\"><p><span style=\"font-weight: 400;\">Come\u00e7ou na segunda-feira (02\/12) mais uma inspe\u00e7\u00e3o do Conselho Nacional de Justi\u00e7a (CNJ). A visita acontece no Tribunal de Justi\u00e7a de Mato Grosso (TJMT), e vai at\u00e9 sexta-feira (06\/12). A unidade \u00e9 a 19\u00aa sede de Tribunal Estadual visitada pelo CNJ, dentre as 27 cortes de Justi\u00e7a do pa\u00eds. A Confedera\u00e7\u00e3o Nacional de Not\u00e1rios e Registradores (CNR) foi representada na abertura por sua vice-presidente, Gl\u00f3ria Alice Bertolli.<\/span><\/p>\n<p>&nbsp;<\/p>\n<h5><b>Inspe\u00e7\u00e3o<\/b><\/h5>\n<p><span style=\"font-weight: 400;\">Durante esta semana, o Corregedor Nacional de Justi\u00e7a, Ministro Humberto Martins, e sua equipe conduzir\u00e1 a inspe\u00e7\u00e3o. Os setores administrativo e judicial do Tribunal de Justi\u00e7a, e tamb\u00e9m as serventias extrajudiciais, ser\u00e3o avaliados.<\/span><\/p>\n<p><span style=\"font-weight: 400;\">O objetivo das visitas de inspe\u00e7\u00e3o \u00e9 zelar pelo aprimoramento dos servi\u00e7os, fiscalizando as diversas unidades do Poder Judici\u00e1rio. Nesse per\u00edodo, trabalhos forenses e prazos processuais n\u00e3o ser\u00e3o suspensos, afirmou o Tribunal de Justi\u00e7a em nota oficial. A a\u00e7\u00e3o faz parte das<\/span><a href=\"https:\/\/cnr.org.br\/site\/corregedoria-apresenta-metas-e-diretrizes-para-corregedorias-para-2020\/\"> <span style=\"font-weight: 400;\">metas e diretrizes<\/span><\/a> <span style=\"font-weight: 400;\">estabelecidas para nortear as unidades judici\u00e1rias do Brasil a partir de 2020.<\/span><\/p>\n<p>&nbsp;<\/p>\n<h5><b>Atendimento ao p\u00fablico<\/b><\/h5>\n<p><span style=\"font-weight: 400;\">Na quinta-feira (05\/12), o Ministro Humberto Martins chega a Cuiab\u00e1 e atender\u00e1 ao p\u00fablico a partir das 14h30. Os cidad\u00e3os poder\u00e3o solicitar informa\u00e7\u00f5es, fazer sugest\u00f5es e cr\u00edticas sobre os servi\u00e7os judiciais prestados no estado.<\/span><\/p>\n<p><span style=\"font-weight: 400;\">\u201cBuscamos compreender o funcionamento do tribunal de modo a possibilitar uma a\u00e7\u00e3o conjunta. Queremos fazer com que a presta\u00e7\u00e3o jurisdicional corresponda \u00e0quilo que a sociedade quer e espera de todos os administradores dos Poderes da Rep\u00fablica, em especial, do Poder Judici\u00e1rio\u201d, declarou o Ministro em v\u00eddeo reproduzido na cerim\u00f4nia de abertura da inspe\u00e7\u00e3o. Confira o material completo no<\/span><a href=\"https:\/\/www.youtube.com\/watch?v=F5VfaToVn_w&amp;feature=youtu.be\"> <span style=\"font-weight: 400;\">canal oficial do TJMT.<\/span><\/a><\/p>\n<p>&nbsp;<\/p>\n<h5><b>Informa\u00e7\u00f5es do setor<\/b><\/h5>\n<p><span style=\"font-weight: 400;\">Acompanhe a CNR por meio das redes sociais e fique informado sobre os principais assuntos do setor. Basta nos seguir pelo<\/span><a href=\"https:\/\/www.instagram.com\/cnr_confederacao\/?hl=pt-br\"> <span style=\"font-weight: 400;\">Instagram<\/span><\/a><span style=\"font-weight: 400;\"> e pelo<\/span><a href=\"https:\/\/www.facebook.com\/confederacaonacionaldenotarioseregistradores\/\"> <span style=\"font-weight: 400;\">Facebook<\/span><\/a><span style=\"font-weight: 400;\">.<\/span><\/p>\n<p><i><span style=\"font-weight: 400;\">Fonte: Assessoria de imprensa da CNR com informa\u00e7\u00f5es da Coordenadoria de Comunica\u00e7\u00e3o do Tribunal de Justi\u00e7a de Mato Grosso (TJMT).<\/span><\/i><\/p>\n<\/div><\/div>","protected":false},"excerpt":{"rendered":"<p>Come\u00e7ou na segunda-feira (02\/12) mais uma inspe\u00e7\u00e3o do Conselho Nacional de Justi\u00e7a (CNJ). A visita acontece no Tribunal de Justi\u00e7a de Mato Grosso (TJMT), e vai at\u00e9 sexta-feira (06\/12). A unidade \u00e9 a 19\u00aa sede de Tribunal Estadual visitada pelo CNJ, dentre as 27 cortes de Justi\u00e7a do pa\u00eds. A Confedera\u00e7\u00e3o Nacional de Not\u00e1rios e [&hellip;]<\/p>\n","protected":false},"author":2,"featured_media":16442,"comment_status":"closed","ping_status":"closed","sticky":false,"template":"","format":"standard","meta":{"footnotes":"","_links_to":"","_links_to_target":""},"categories":[525,55,47],"tags":[581,580],"class_list":["post-16441","post","type-post","status-publish","format-standard","has-post-thumbnail","hentry","category-home","category-noticia","category-ultimas-noticias","tag-cnj","tag-inspecao"],"yoast_head":"<!-- This site is optimized with the Yoast SEO plugin v28.4 - https:\/\/yoast.com\/product\/yoast-seo-wordpress\/ -->\n<title>CNR participa da inspe\u00e7\u00e3o do CNJ no Mato Grosso - CNR<\/title>\n<meta name=\"robots\" content=\"index, follow, max-snippet:-1, max-image-preview:large, max-video-preview:-1\" \/>\n<link rel=\"canonical\" href=\"https:\/\/cnr.org.br\/novoportal\/cnr-participa-da-inspecao-do-cnj-no-mato-grosso\/\" \/>\n<meta property=\"og:locale\" content=\"pt_BR\" \/>\n<meta property=\"og:type\" content=\"article\" \/>\n<meta property=\"og:title\" content=\"CNR participa da inspe\u00e7\u00e3o do CNJ no Mato Grosso - CNR\" \/>\n<meta property=\"og:description\" content=\"Come\u00e7ou na segunda-feira (02\/12) mais uma inspe\u00e7\u00e3o do Conselho Nacional de Justi\u00e7a (CNJ). A visita acontece no Tribunal de Justi\u00e7a de Mato Grosso (TJMT), e vai at\u00e9 sexta-feira (06\/12). A unidade \u00e9 a 19\u00aa sede de Tribunal Estadual visitada pelo CNJ, dentre as 27 cortes de Justi\u00e7a do pa\u00eds. A Confedera\u00e7\u00e3o Nacional de Not\u00e1rios e [&hellip;]\" \/>\n<meta property=\"og:url\" content=\"https:\/\/cnr.org.br\/novoportal\/cnr-participa-da-inspecao-do-cnj-no-mato-grosso\/\" \/>\n<meta property=\"og:site_name\" content=\"CNR\" \/>\n<meta property=\"article:published_time\" content=\"2019-12-05T18:44:08+00:00\" \/>\n<meta property=\"og:image\" content=\"https:\/\/cnr.org.br\/novoportal\/wp-content\/uploads\/2019\/12\/Gl\u00f3ria-Alice-Bertolli_CNJ.jpeg\" \/>\n\t<meta property=\"og:image:width\" content=\"720\" \/>\n\t<meta property=\"og:image:height\" content=\"405\" \/>\n\t<meta property=\"og:image:type\" content=\"image\/jpeg\" \/>\n<meta name=\"author\" content=\"Imprensa CNR\" \/>\n<meta name=\"twitter:card\" content=\"summary_large_image\" \/>\n<meta name=\"twitter:label1\" content=\"Escrito por\" \/>\n\t<meta name=\"twitter:data1\" content=\"Imprensa CNR\" \/>\n\t<meta name=\"twitter:label2\" content=\"Est. tempo de leitura\" \/>\n\t<meta name=\"twitter:data2\" content=\"2 minutos\" \/>\n<script type=\"application\/ld+json\" class=\"yoast-schema-graph\">{\"@context\":\"https:\\\/\\\/schema.org\",\"@graph\":[{\"@type\":\"Article\",\"@id\":\"https:\\\/\\\/cnr.org.br\\\/novoportal\\\/cnr-participa-da-inspecao-do-cnj-no-mato-grosso\\\/#article\",\"isPartOf\":{\"@id\":\"https:\\\/\\\/cnr.org.br\\\/novoportal\\\/cnr-participa-da-inspecao-do-cnj-no-mato-grosso\\\/\"},\"author\":{\"name\":\"Imprensa CNR\",\"@id\":\"https:\\\/\\\/cnr.org.br\\\/novoportal\\\/#\\\/schema\\\/person\\\/1f46209cd8c9d3d9887a0765b64ca66b\"},\"headline\":\"CNR participa da inspe\u00e7\u00e3o do CNJ no Mato Grosso\",\"datePublished\":\"2019-12-05T18:44:08+00:00\",\"mainEntityOfPage\":{\"@id\":\"https:\\\/\\\/cnr.org.br\\\/novoportal\\\/cnr-participa-da-inspecao-do-cnj-no-mato-grosso\\\/\"},\"wordCount\":353,\"publisher\":{\"@id\":\"https:\\\/\\\/cnr.org.br\\\/novoportal\\\/#organization\"},\"image\":{\"@id\":\"https:\\\/\\\/cnr.org.br\\\/novoportal\\\/cnr-participa-da-inspecao-do-cnj-no-mato-grosso\\\/#primaryimage\"},\"thumbnailUrl\":\"https:\\\/\\\/cnr.org.br\\\/site\\\/wp-content\\\/uploads\\\/2019\\\/12\\\/Gl\u00f3ria-Alice-Bertolli_CNJ.jpeg\",\"keywords\":[\"CNJ\",\"Inspe\u00e7\u00e3o\"],\"articleSection\":[\"Home\",\"Not\u00edcia\",\"\u00daltimas Not\u00edcias\"],\"inLanguage\":\"pt-BR\"},{\"@type\":\"WebPage\",\"@id\":\"https:\\\/\\\/cnr.org.br\\\/novoportal\\\/cnr-participa-da-inspecao-do-cnj-no-mato-grosso\\\/\",\"url\":\"https:\\\/\\\/cnr.org.br\\\/novoportal\\\/cnr-participa-da-inspecao-do-cnj-no-mato-grosso\\\/\",\"name\":\"CNR participa da inspe\u00e7\u00e3o do CNJ no Mato Grosso - CNR\",\"isPartOf\":{\"@id\":\"https:\\\/\\\/cnr.org.br\\\/novoportal\\\/#website\"},\"primaryImageOfPage\":{\"@id\":\"https:\\\/\\\/cnr.org.br\\\/novoportal\\\/cnr-participa-da-inspecao-do-cnj-no-mato-grosso\\\/#primaryimage\"},\"image\":{\"@id\":\"https:\\\/\\\/cnr.org.br\\\/novoportal\\\/cnr-participa-da-inspecao-do-cnj-no-mato-grosso\\\/#primaryimage\"},\"thumbnailUrl\":\"https:\\\/\\\/cnr.org.br\\\/site\\\/wp-content\\\/uploads\\\/2019\\\/12\\\/Gl\u00f3ria-Alice-Bertolli_CNJ.jpeg\",\"datePublished\":\"2019-12-05T18:44:08+00:00\",\"breadcrumb\":{\"@id\":\"https:\\\/\\\/cnr.org.br\\\/novoportal\\\/cnr-participa-da-inspecao-do-cnj-no-mato-grosso\\\/#breadcrumb\"},\"inLanguage\":\"pt-BR\",\"potentialAction\":[{\"@type\":\"ReadAction\",\"target\":[\"https:\\\/\\\/cnr.org.br\\\/novoportal\\\/cnr-participa-da-inspecao-do-cnj-no-mato-grosso\\\/\"]}]},{\"@type\":\"ImageObject\",\"inLanguage\":\"pt-BR\",\"@id\":\"https:\\\/\\\/cnr.org.br\\\/novoportal\\\/cnr-participa-da-inspecao-do-cnj-no-mato-grosso\\\/#primaryimage\",\"url\":\"https:\\\/\\\/cnr.org.br\\\/site\\\/wp-content\\\/uploads\\\/2019\\\/12\\\/Gl\u00f3ria-Alice-Bertolli_CNJ.jpeg\",\"contentUrl\":\"https:\\\/\\\/cnr.org.br\\\/site\\\/wp-content\\\/uploads\\\/2019\\\/12\\\/Gl\u00f3ria-Alice-Bertolli_CNJ.jpeg\",\"width\":720,\"height\":405},{\"@type\":\"BreadcrumbList\",\"@id\":\"https:\\\/\\\/cnr.org.br\\\/novoportal\\\/cnr-participa-da-inspecao-do-cnj-no-mato-grosso\\\/#breadcrumb\",\"itemListElement\":[{\"@type\":\"ListItem\",\"position\":1,\"name\":\"In\u00edcio\",\"item\":\"https:\\\/\\\/cnr.org.br\\\/site\\\/\"},{\"@type\":\"ListItem\",\"position\":2,\"name\":\"CNR participa da inspe\u00e7\u00e3o do CNJ no Mato Grosso\"}]},{\"@type\":\"WebSite\",\"@id\":\"https:\\\/\\\/cnr.org.br\\\/novoportal\\\/#website\",\"url\":\"https:\\\/\\\/cnr.org.br\\\/novoportal\\\/\",\"name\":\"CNR\",\"description\":\"Confedera\u00e7\u00e3o Nacional de Not\u00e1rios e Registradores\",\"publisher\":{\"@id\":\"https:\\\/\\\/cnr.org.br\\\/novoportal\\\/#organization\"},\"potentialAction\":[{\"@type\":\"SearchAction\",\"target\":{\"@type\":\"EntryPoint\",\"urlTemplate\":\"https:\\\/\\\/cnr.org.br\\\/novoportal\\\/?s={search_term_string}\"},\"query-input\":{\"@type\":\"PropertyValueSpecification\",\"valueRequired\":true,\"valueName\":\"search_term_string\"}}],\"inLanguage\":\"pt-BR\"},{\"@type\":\"Organization\",\"@id\":\"https:\\\/\\\/cnr.org.br\\\/novoportal\\\/#organization\",\"name\":\"CNR\",\"url\":\"https:\\\/\\\/cnr.org.br\\\/novoportal\\\/\",\"logo\":{\"@type\":\"ImageObject\",\"inLanguage\":\"pt-BR\",\"@id\":\"https:\\\/\\\/cnr.org.br\\\/novoportal\\\/#\\\/schema\\\/logo\\\/image\\\/\",\"url\":\"https:\\\/\\\/cnr.org.br\\\/site\\\/wp-content\\\/uploads\\\/2026\\\/02\\\/Logo_CNR_completa_colorida_2024.png\",\"contentUrl\":\"https:\\\/\\\/cnr.org.br\\\/site\\\/wp-content\\\/uploads\\\/2026\\\/02\\\/Logo_CNR_completa_colorida_2024.png\",\"width\":910,\"height\":450,\"caption\":\"CNR\"},\"image\":{\"@id\":\"https:\\\/\\\/cnr.org.br\\\/novoportal\\\/#\\\/schema\\\/logo\\\/image\\\/\"}},{\"@type\":\"Person\",\"@id\":\"https:\\\/\\\/cnr.org.br\\\/novoportal\\\/#\\\/schema\\\/person\\\/1f46209cd8c9d3d9887a0765b64ca66b\",\"name\":\"Imprensa CNR\",\"sameAs\":[\"https:\\\/\\\/cnr.org.br\\\/site\"],\"url\":\"https:\\\/\\\/cnr.org.br\\\/site\\\/author\\\/imprensa\\\/\"}]}<\/script>\n<!-- \/ Yoast SEO plugin. -->","yoast_head_json":{"title":"CNR participa da inspe\u00e7\u00e3o do CNJ no Mato Grosso - CNR","robots":{"index":"index","follow":"follow","max-snippet":"max-snippet:-1","max-image-preview":"max-image-preview:large","max-video-preview":"max-video-preview:-1"},"canonical":"https:\/\/cnr.org.br\/novoportal\/cnr-participa-da-inspecao-do-cnj-no-mato-grosso\/","og_locale":"pt_BR","og_type":"article","og_title":"CNR participa da inspe\u00e7\u00e3o do CNJ no Mato Grosso - CNR","og_description":"Come\u00e7ou na segunda-feira (02\/12) mais uma inspe\u00e7\u00e3o do Conselho Nacional de Justi\u00e7a (CNJ). A visita acontece no Tribunal de Justi\u00e7a de Mato Grosso (TJMT), e vai at\u00e9 sexta-feira (06\/12). A unidade \u00e9 a 19\u00aa sede de Tribunal Estadual visitada pelo CNJ, dentre as 27 cortes de Justi\u00e7a do pa\u00eds. A Confedera\u00e7\u00e3o Nacional de Not\u00e1rios e [&hellip;]","og_url":"https:\/\/cnr.org.br\/novoportal\/cnr-participa-da-inspecao-do-cnj-no-mato-grosso\/","og_site_name":"CNR","article_published_time":"2019-12-05T18:44:08+00:00","og_image":[{"width":720,"height":405,"url":"https:\/\/cnr.org.br\/novoportal\/wp-content\/uploads\/2019\/12\/Gl\u00f3ria-Alice-Bertolli_CNJ.jpeg","type":"image\/jpeg"}],"author":"Imprensa CNR","twitter_card":"summary_large_image","twitter_misc":{"Escrito por":"Imprensa CNR","Est. tempo de leitura":"2 minutos"},"schema":{"@context":"https:\/\/schema.org","@graph":[{"@type":"Article","@id":"https:\/\/cnr.org.br\/novoportal\/cnr-participa-da-inspecao-do-cnj-no-mato-grosso\/#article","isPartOf":{"@id":"https:\/\/cnr.org.br\/novoportal\/cnr-participa-da-inspecao-do-cnj-no-mato-grosso\/"},"author":{"name":"Imprensa CNR","@id":"https:\/\/cnr.org.br\/novoportal\/#\/schema\/person\/1f46209cd8c9d3d9887a0765b64ca66b"},"headline":"CNR participa da inspe\u00e7\u00e3o do CNJ no Mato Grosso","datePublished":"2019-12-05T18:44:08+00:00","mainEntityOfPage":{"@id":"https:\/\/cnr.org.br\/novoportal\/cnr-participa-da-inspecao-do-cnj-no-mato-grosso\/"},"wordCount":353,"publisher":{"@id":"https:\/\/cnr.org.br\/novoportal\/#organization"},"image":{"@id":"https:\/\/cnr.org.br\/novoportal\/cnr-participa-da-inspecao-do-cnj-no-mato-grosso\/#primaryimage"},"thumbnailUrl":"https:\/\/cnr.org.br\/site\/wp-content\/uploads\/2019\/12\/Gl\u00f3ria-Alice-Bertolli_CNJ.jpeg","keywords":["CNJ","Inspe\u00e7\u00e3o"],"articleSection":["Home","Not\u00edcia","\u00daltimas Not\u00edcias"],"inLanguage":"pt-BR"},{"@type":"WebPage","@id":"https:\/\/cnr.org.br\/novoportal\/cnr-participa-da-inspecao-do-cnj-no-mato-grosso\/","url":"https:\/\/cnr.org.br\/novoportal\/cnr-participa-da-inspecao-do-cnj-no-mato-grosso\/","name":"CNR participa da inspe\u00e7\u00e3o do CNJ no Mato Grosso - CNR","isPartOf":{"@id":"https:\/\/cnr.org.br\/novoportal\/#website"},"primaryImageOfPage":{"@id":"https:\/\/cnr.org.br\/novoportal\/cnr-participa-da-inspecao-do-cnj-no-mato-grosso\/#primaryimage"},"image":{"@id":"https:\/\/cnr.org.br\/novoportal\/cnr-participa-da-inspecao-do-cnj-no-mato-grosso\/#primaryimage"},"thumbnailUrl":"https:\/\/cnr.org.br\/site\/wp-content\/uploads\/2019\/12\/Gl\u00f3ria-Alice-Bertolli_CNJ.jpeg","datePublished":"2019-12-05T18:44:08+00:00","breadcrumb":{"@id":"https:\/\/cnr.org.br\/novoportal\/cnr-participa-da-inspecao-do-cnj-no-mato-grosso\/#breadcrumb"},"inLanguage":"pt-BR","potentialAction":[{"@type":"ReadAction","target":["https:\/\/cnr.org.br\/novoportal\/cnr-participa-da-inspecao-do-cnj-no-mato-grosso\/"]}]},{"@type":"ImageObject","inLanguage":"pt-BR","@id":"https:\/\/cnr.org.br\/novoportal\/cnr-participa-da-inspecao-do-cnj-no-mato-grosso\/#primaryimage","url":"https:\/\/cnr.org.br\/site\/wp-content\/uploads\/2019\/12\/Gl\u00f3ria-Alice-Bertolli_CNJ.jpeg","contentUrl":"https:\/\/cnr.org.br\/site\/wp-content\/uploads\/2019\/12\/Gl\u00f3ria-Alice-Bertolli_CNJ.jpeg","width":720,"height":405},{"@type":"BreadcrumbList","@id":"https:\/\/cnr.org.br\/novoportal\/cnr-participa-da-inspecao-do-cnj-no-mato-grosso\/#breadcrumb","itemListElement":[{"@type":"ListItem","position":1,"name":"In\u00edcio","item":"https:\/\/cnr.org.br\/site\/"},{"@type":"ListItem","position":2,"name":"CNR participa da inspe\u00e7\u00e3o do CNJ no Mato Grosso"}]},{"@type":"WebSite","@id":"https:\/\/cnr.org.br\/novoportal\/#website","url":"https:\/\/cnr.org.br\/novoportal\/","name":"CNR","description":"Confedera\u00e7\u00e3o Nacional de Not\u00e1rios e Registradores","publisher":{"@id":"https:\/\/cnr.org.br\/novoportal\/#organization"},"potentialAction":[{"@type":"SearchAction","target":{"@type":"EntryPoint","urlTemplate":"https:\/\/cnr.org.br\/novoportal\/?s={search_term_string}"},"query-input":{"@type":"PropertyValueSpecification","valueRequired":true,"valueName":"search_term_string"}}],"inLanguage":"pt-BR"},{"@type":"Organization","@id":"https:\/\/cnr.org.br\/novoportal\/#organization","name":"CNR","url":"https:\/\/cnr.org.br\/novoportal\/","logo":{"@type":"ImageObject","inLanguage":"pt-BR","@id":"https:\/\/cnr.org.br\/novoportal\/#\/schema\/logo\/image\/","url":"https:\/\/cnr.org.br\/site\/wp-content\/uploads\/2026\/02\/Logo_CNR_completa_colorida_2024.png","contentUrl":"https:\/\/cnr.org.br\/site\/wp-content\/uploads\/2026\/02\/Logo_CNR_completa_colorida_2024.png","width":910,"height":450,"caption":"CNR"},"image":{"@id":"https:\/\/cnr.org.br\/novoportal\/#\/schema\/logo\/image\/"}},{"@type":"Person","@id":"https:\/\/cnr.org.br\/novoportal\/#\/schema\/person\/1f46209cd8c9d3d9887a0765b64ca66b","name":"Imprensa CNR","sameAs":["https:\/\/cnr.org.br\/site"],"url":"https:\/\/cnr.org.br\/site\/author\/imprensa\/"}]}},"_links":{"self":[{"href":"https:\/\/cnr.org.br\/site\/wp-json\/wp\/v2\/posts\/16441","targetHints":{"allow":["GET"]}}],"collection":[{"href":"https:\/\/cnr.org.br\/site\/wp-json\/wp\/v2\/posts"}],"about":[{"href":"https:\/\/cnr.org.br\/site\/wp-json\/wp\/v2\/types\/post"}],"author":[{"embeddable":true,"href":"https:\/\/cnr.org.br\/site\/wp-json\/wp\/v2\/users\/2"}],"replies":[{"embeddable":true,"href":"https:\/\/cnr.org.br\/site\/wp-json\/wp\/v2\/comments?post=16441"}],"version-history":[{"count":0,"href":"https:\/\/cnr.org.br\/site\/wp-json\/wp\/v2\/posts\/16441\/revisions"}],"wp:featuredmedia":[{"embeddable":true,"href":"https:\/\/cnr.org.br\/site\/wp-json\/wp\/v2\/media\/16442"}],"wp:attachment":[{"href":"https:\/\/cnr.org.br\/site\/wp-json\/wp\/v2\/media?parent=16441"}],"wp:term":[{"taxonomy":"category","embeddable":true,"href":"https:\/\/cnr.org.br\/site\/wp-json\/wp\/v2\/categories?post=16441"},{"taxonomy":"post_tag","embeddable":true,"href":"https:\/\/cnr.org.br\/site\/wp-json\/wp\/v2\/tags?post=16441"}],"curies":[{"name":"wp","href":"https:\/\/api.w.org\/{rel}","templated":true}]}}