{"id":16823,"date":"2019-12-19T13:22:56","date_gmt":"2019-12-19T15:22:56","guid":{"rendered":"https:\/\/cnr.org.br\/site\/?p=16823"},"modified":"2019-12-19T13:22:56","modified_gmt":"2019-12-19T15:22:56","slug":"reforma-sindical-entenda-a-tramitacao-da-pec-na-camara","status":"publish","type":"post","link":"https:\/\/cnr.org.br\/site\/reforma-sindical-entenda-a-tramitacao-da-pec-na-camara\/","title":{"rendered":"Reforma Sindical: entenda a tramita\u00e7\u00e3o da PEC na C\u00e2mara"},"content":{"rendered":"<div id=\"dslc-theme-content\"><div id=\"dslc-theme-content-inner\"><p><strong><em>A\u00a0<a href=\"https:\/\/www.camara.leg.br\/proposicoesWeb\/prop_mostrarintegra;jsessionid=61A6F82E80C4BFA8D10FDA30E61114D5.proposicoesWebExterno1?codteor=1831736&amp;filename=PEC+196\/2019\">PEC (Proposta de Emenda \u00e0 Constitui\u00e7\u00e3o) 196\/19<\/a>, que trata da Reforma Sindical, do deputado Marcelo Ramos (PL-AM),\u00a0<a href=\"https:\/\/www.camara.leg.br\/proposicoesWeb\/prop_mostrarintegra;jsessionid=61A6F82E80C4BFA8D10FDA30E61114D5.proposicoesWebExterno1?codteor=1844851&amp;filename=Parecer-CCJC-11-12-2019\">aprovada<\/a>\u00a0nesta ter\u00e7a-feira (17), na CCJ (Comiss\u00e3o de Constitui\u00e7\u00e3o e Justi\u00e7a), deve obedecer algumas etapas ou fases de tramita\u00e7\u00e3o antes de ser conclu\u00edda sua an\u00e1lise na C\u00e2mara dos Deputados.<\/em><\/strong><\/p>\n<p>O rito regimental deve obedecer algumas etapas para se ter in\u00edcio a tramita\u00e7\u00e3o da proposta at\u00e9 que se consolide sua vota\u00e7\u00e3o.<\/p>\n<p><strong>Admissibilidade<\/strong><br \/>\nA 1\u00aa etapa ou fase \u00e9 a verifica\u00e7\u00e3o de admissibilidade da PEC, ou seja, se a proposta pode tramitar na Casa, se n\u00e3o atinge cl\u00e1usulas p\u00e9treas, como a forma federativa do Estado; o voto direto, secreto e universal; a separa\u00e7\u00e3o dos poderes e os direitos e garantias individuais.<\/p>\n<p><img decoding=\"async\" src=\"http:\/\/www.diap.org.br\/images\/stories\/admissibilidade.JPG\" alt=\"admissibilidade\" \/><\/p>\n<p>Nesta etapa \u2014 conclu\u00edda nesta ter\u00e7a-feira, com a aprova\u00e7\u00e3o do parecer do relator, deputado F\u00e1bio Trad (PSD-MS) \u2014 a mat\u00e9ria pode receber apenas emendas de reda\u00e7\u00e3o, sem que essas altera\u00e7\u00f5es sejam no m\u00e9rito da proposta. Se aprovada, a PEC ser\u00e1 analisada em comiss\u00e3o especial (CE), que examina o m\u00e9rito da proposta.<\/p>\n<p><strong>Comiss\u00e3o especial<\/strong><br \/>\nAp\u00f3s a instala\u00e7\u00e3o da comiss\u00e3o especial (2\u00aa etapa), inicia-se prazo de 40 sess\u00f5es do plen\u00e1rio da C\u00e2mara, mais ou menos 60 dias, para an\u00e1lise do m\u00e9rito da proposta, sendo as 10 primeiras para emendas.<img decoding=\"async\" src=\"http:\/\/www.diap.org.br\/images\/stories\/comissao-especial.JPG\" alt=\"comissao especial\" \/><br \/>\nPara a apresenta\u00e7\u00e3o de emendas ao texto, estas j\u00e1 podem ser de m\u00e9rito, s\u00e3o necess\u00e1rios 1\/3 de apoio dos deputados, ou seja, 171 deputados. Ap\u00f3s vota\u00e7\u00e3o na comiss\u00e3o especial a mat\u00e9ria segue para an\u00e1lise do plen\u00e1rio da Casa.<\/p>\n<p><strong>Plen\u00e1rio<\/strong><br \/>\nEm plen\u00e1rio (3\u00aa e 4\u00aa etapas), inicia-se a discuss\u00e3o da mat\u00e9ria com a leitura do parecer.<\/p>\n<p><img decoding=\"async\" src=\"http:\/\/www.diap.org.br\/images\/stories\/plenario-pec-rp.JPG\" alt=\"plenario pec rp\" \/><\/p>\n<p>O relator da proposta pode acatar emendas aglutinativas, com base nas emendas j\u00e1 apresentadas anteriormente na comiss\u00e3o especial. A vota\u00e7\u00e3o da mat\u00e9ria se dar\u00e1 em 2 turnos com intervalo de 5 sess\u00f5es entre uma e outra.<\/p>\n<p>Para aprovar o texto, s\u00e3o necess\u00e1rios no m\u00ednimo 308 votos favor\u00e1veis, em cada turno de vota\u00e7\u00e3o.<\/p>\n<p>Fonte: DIAP<\/p>\n<\/div><\/div>","protected":false},"excerpt":{"rendered":"<p>A\u00a0PEC (Proposta de Emenda \u00e0 Constitui\u00e7\u00e3o) 196\/19, que trata da Reforma Sindical, do deputado Marcelo Ramos (PL-AM),\u00a0aprovada\u00a0nesta ter\u00e7a-feira (17), na CCJ (Comiss\u00e3o de Constitui\u00e7\u00e3o e Justi\u00e7a), deve obedecer algumas etapas ou fases de tramita\u00e7\u00e3o antes de ser conclu\u00edda sua an\u00e1lise na C\u00e2mara dos Deputados. O rito regimental deve obedecer algumas etapas para se ter in\u00edcio [&hellip;]<\/p>\n","protected":false},"author":2,"featured_media":16824,"comment_status":"closed","ping_status":"closed","sticky":false,"template":"","format":"standard","meta":{"footnotes":"","_links_to":"","_links_to_target":""},"categories":[55],"tags":[585],"class_list":["post-16823","post","type-post","status-publish","format-standard","has-post-thumbnail","hentry","category-noticia","tag-reforma-sindical"],"yoast_head":"<!-- This site is optimized with the Yoast SEO plugin v28.4 - https:\/\/yoast.com\/product\/yoast-seo-wordpress\/ -->\n<title>Reforma Sindical: entenda a tramita\u00e7\u00e3o da PEC na C\u00e2mara - CNR<\/title>\n<meta name=\"robots\" content=\"index, follow, max-snippet:-1, max-image-preview:large, max-video-preview:-1\" \/>\n<link rel=\"canonical\" href=\"https:\/\/cnr.org.br\/novoportal\/reforma-sindical-entenda-a-tramitacao-da-pec-na-camara\/\" \/>\n<meta property=\"og:locale\" content=\"pt_BR\" \/>\n<meta property=\"og:type\" content=\"article\" \/>\n<meta property=\"og:title\" content=\"Reforma Sindical: entenda a tramita\u00e7\u00e3o da PEC na C\u00e2mara - CNR\" \/>\n<meta property=\"og:description\" content=\"A\u00a0PEC (Proposta de Emenda \u00e0 Constitui\u00e7\u00e3o) 196\/19, que trata da Reforma Sindical, do deputado Marcelo Ramos (PL-AM),\u00a0aprovada\u00a0nesta ter\u00e7a-feira (17), na CCJ (Comiss\u00e3o de Constitui\u00e7\u00e3o e Justi\u00e7a), deve obedecer algumas etapas ou fases de tramita\u00e7\u00e3o antes de ser conclu\u00edda sua an\u00e1lise na C\u00e2mara dos Deputados. O rito regimental deve obedecer algumas etapas para se ter in\u00edcio [&hellip;]\" \/>\n<meta property=\"og:url\" content=\"https:\/\/cnr.org.br\/novoportal\/reforma-sindical-entenda-a-tramitacao-da-pec-na-camara\/\" \/>\n<meta property=\"og:site_name\" content=\"CNR\" \/>\n<meta property=\"article:published_time\" content=\"2019-12-19T15:22:56+00:00\" \/>\n<meta property=\"og:image\" content=\"https:\/\/cnr.org.br\/novoportal\/wp-content\/uploads\/2019\/12\/camara-dos-deputados.jpg\" \/>\n\t<meta property=\"og:image:width\" content=\"1000\" \/>\n\t<meta property=\"og:image:height\" content=\"547\" \/>\n\t<meta property=\"og:image:type\" content=\"image\/jpeg\" \/>\n<meta name=\"author\" content=\"Imprensa CNR\" \/>\n<meta name=\"twitter:card\" content=\"summary_large_image\" \/>\n<meta name=\"twitter:label1\" content=\"Escrito por\" \/>\n\t<meta name=\"twitter:data1\" content=\"Imprensa CNR\" \/>\n\t<meta name=\"twitter:label2\" content=\"Est. tempo de leitura\" \/>\n\t<meta name=\"twitter:data2\" content=\"2 minutos\" \/>\n<script type=\"application\/ld+json\" class=\"yoast-schema-graph\">{\"@context\":\"https:\\\/\\\/schema.org\",\"@graph\":[{\"@type\":\"Article\",\"@id\":\"https:\\\/\\\/cnr.org.br\\\/novoportal\\\/reforma-sindical-entenda-a-tramitacao-da-pec-na-camara\\\/#article\",\"isPartOf\":{\"@id\":\"https:\\\/\\\/cnr.org.br\\\/novoportal\\\/reforma-sindical-entenda-a-tramitacao-da-pec-na-camara\\\/\"},\"author\":{\"name\":\"Imprensa CNR\",\"@id\":\"https:\\\/\\\/cnr.org.br\\\/novoportal\\\/#\\\/schema\\\/person\\\/1f46209cd8c9d3d9887a0765b64ca66b\"},\"headline\":\"Reforma Sindical: entenda a tramita\u00e7\u00e3o da PEC na C\u00e2mara\",\"datePublished\":\"2019-12-19T15:22:56+00:00\",\"mainEntityOfPage\":{\"@id\":\"https:\\\/\\\/cnr.org.br\\\/novoportal\\\/reforma-sindical-entenda-a-tramitacao-da-pec-na-camara\\\/\"},\"wordCount\":365,\"publisher\":{\"@id\":\"https:\\\/\\\/cnr.org.br\\\/novoportal\\\/#organization\"},\"image\":{\"@id\":\"https:\\\/\\\/cnr.org.br\\\/novoportal\\\/reforma-sindical-entenda-a-tramitacao-da-pec-na-camara\\\/#primaryimage\"},\"thumbnailUrl\":\"https:\\\/\\\/cnr.org.br\\\/site\\\/wp-content\\\/uploads\\\/2019\\\/12\\\/camara-dos-deputados.jpg\",\"keywords\":[\"#Reforma #Sindical\"],\"articleSection\":[\"Not\u00edcia\"],\"inLanguage\":\"pt-BR\"},{\"@type\":\"WebPage\",\"@id\":\"https:\\\/\\\/cnr.org.br\\\/novoportal\\\/reforma-sindical-entenda-a-tramitacao-da-pec-na-camara\\\/\",\"url\":\"https:\\\/\\\/cnr.org.br\\\/novoportal\\\/reforma-sindical-entenda-a-tramitacao-da-pec-na-camara\\\/\",\"name\":\"Reforma Sindical: entenda a tramita\u00e7\u00e3o da PEC na C\u00e2mara - CNR\",\"isPartOf\":{\"@id\":\"https:\\\/\\\/cnr.org.br\\\/novoportal\\\/#website\"},\"primaryImageOfPage\":{\"@id\":\"https:\\\/\\\/cnr.org.br\\\/novoportal\\\/reforma-sindical-entenda-a-tramitacao-da-pec-na-camara\\\/#primaryimage\"},\"image\":{\"@id\":\"https:\\\/\\\/cnr.org.br\\\/novoportal\\\/reforma-sindical-entenda-a-tramitacao-da-pec-na-camara\\\/#primaryimage\"},\"thumbnailUrl\":\"https:\\\/\\\/cnr.org.br\\\/site\\\/wp-content\\\/uploads\\\/2019\\\/12\\\/camara-dos-deputados.jpg\",\"datePublished\":\"2019-12-19T15:22:56+00:00\",\"breadcrumb\":{\"@id\":\"https:\\\/\\\/cnr.org.br\\\/novoportal\\\/reforma-sindical-entenda-a-tramitacao-da-pec-na-camara\\\/#breadcrumb\"},\"inLanguage\":\"pt-BR\",\"potentialAction\":[{\"@type\":\"ReadAction\",\"target\":[\"https:\\\/\\\/cnr.org.br\\\/novoportal\\\/reforma-sindical-entenda-a-tramitacao-da-pec-na-camara\\\/\"]}]},{\"@type\":\"ImageObject\",\"inLanguage\":\"pt-BR\",\"@id\":\"https:\\\/\\\/cnr.org.br\\\/novoportal\\\/reforma-sindical-entenda-a-tramitacao-da-pec-na-camara\\\/#primaryimage\",\"url\":\"https:\\\/\\\/cnr.org.br\\\/site\\\/wp-content\\\/uploads\\\/2019\\\/12\\\/camara-dos-deputados.jpg\",\"contentUrl\":\"https:\\\/\\\/cnr.org.br\\\/site\\\/wp-content\\\/uploads\\\/2019\\\/12\\\/camara-dos-deputados.jpg\",\"width\":1000,\"height\":547,\"caption\":\"Relembre os provimentos de 2019 que influenciaram os cart\u00f3rios\"},{\"@type\":\"BreadcrumbList\",\"@id\":\"https:\\\/\\\/cnr.org.br\\\/novoportal\\\/reforma-sindical-entenda-a-tramitacao-da-pec-na-camara\\\/#breadcrumb\",\"itemListElement\":[{\"@type\":\"ListItem\",\"position\":1,\"name\":\"In\u00edcio\",\"item\":\"https:\\\/\\\/cnr.org.br\\\/site\\\/\"},{\"@type\":\"ListItem\",\"position\":2,\"name\":\"Reforma Sindical: entenda a tramita\u00e7\u00e3o da PEC na C\u00e2mara\"}]},{\"@type\":\"WebSite\",\"@id\":\"https:\\\/\\\/cnr.org.br\\\/novoportal\\\/#website\",\"url\":\"https:\\\/\\\/cnr.org.br\\\/novoportal\\\/\",\"name\":\"CNR\",\"description\":\"Confedera\u00e7\u00e3o Nacional de Not\u00e1rios e Registradores\",\"publisher\":{\"@id\":\"https:\\\/\\\/cnr.org.br\\\/novoportal\\\/#organization\"},\"potentialAction\":[{\"@type\":\"SearchAction\",\"target\":{\"@type\":\"EntryPoint\",\"urlTemplate\":\"https:\\\/\\\/cnr.org.br\\\/novoportal\\\/?s={search_term_string}\"},\"query-input\":{\"@type\":\"PropertyValueSpecification\",\"valueRequired\":true,\"valueName\":\"search_term_string\"}}],\"inLanguage\":\"pt-BR\"},{\"@type\":\"Organization\",\"@id\":\"https:\\\/\\\/cnr.org.br\\\/novoportal\\\/#organization\",\"name\":\"CNR\",\"url\":\"https:\\\/\\\/cnr.org.br\\\/novoportal\\\/\",\"logo\":{\"@type\":\"ImageObject\",\"inLanguage\":\"pt-BR\",\"@id\":\"https:\\\/\\\/cnr.org.br\\\/novoportal\\\/#\\\/schema\\\/logo\\\/image\\\/\",\"url\":\"https:\\\/\\\/cnr.org.br\\\/site\\\/wp-content\\\/uploads\\\/2026\\\/02\\\/Logo_CNR_completa_colorida_2024.png\",\"contentUrl\":\"https:\\\/\\\/cnr.org.br\\\/site\\\/wp-content\\\/uploads\\\/2026\\\/02\\\/Logo_CNR_completa_colorida_2024.png\",\"width\":910,\"height\":450,\"caption\":\"CNR\"},\"image\":{\"@id\":\"https:\\\/\\\/cnr.org.br\\\/novoportal\\\/#\\\/schema\\\/logo\\\/image\\\/\"}},{\"@type\":\"Person\",\"@id\":\"https:\\\/\\\/cnr.org.br\\\/novoportal\\\/#\\\/schema\\\/person\\\/1f46209cd8c9d3d9887a0765b64ca66b\",\"name\":\"Imprensa CNR\",\"sameAs\":[\"https:\\\/\\\/cnr.org.br\\\/site\"],\"url\":\"https:\\\/\\\/cnr.org.br\\\/site\\\/author\\\/imprensa\\\/\"}]}<\/script>\n<!-- \/ Yoast SEO plugin. -->","yoast_head_json":{"title":"Reforma Sindical: entenda a tramita\u00e7\u00e3o da PEC na C\u00e2mara - CNR","robots":{"index":"index","follow":"follow","max-snippet":"max-snippet:-1","max-image-preview":"max-image-preview:large","max-video-preview":"max-video-preview:-1"},"canonical":"https:\/\/cnr.org.br\/novoportal\/reforma-sindical-entenda-a-tramitacao-da-pec-na-camara\/","og_locale":"pt_BR","og_type":"article","og_title":"Reforma Sindical: entenda a tramita\u00e7\u00e3o da PEC na C\u00e2mara - CNR","og_description":"A\u00a0PEC (Proposta de Emenda \u00e0 Constitui\u00e7\u00e3o) 196\/19, que trata da Reforma Sindical, do deputado Marcelo Ramos (PL-AM),\u00a0aprovada\u00a0nesta ter\u00e7a-feira (17), na CCJ (Comiss\u00e3o de Constitui\u00e7\u00e3o e Justi\u00e7a), deve obedecer algumas etapas ou fases de tramita\u00e7\u00e3o antes de ser conclu\u00edda sua an\u00e1lise na C\u00e2mara dos Deputados. O rito regimental deve obedecer algumas etapas para se ter in\u00edcio [&hellip;]","og_url":"https:\/\/cnr.org.br\/novoportal\/reforma-sindical-entenda-a-tramitacao-da-pec-na-camara\/","og_site_name":"CNR","article_published_time":"2019-12-19T15:22:56+00:00","og_image":[{"width":1000,"height":547,"url":"https:\/\/cnr.org.br\/novoportal\/wp-content\/uploads\/2019\/12\/camara-dos-deputados.jpg","type":"image\/jpeg"}],"author":"Imprensa CNR","twitter_card":"summary_large_image","twitter_misc":{"Escrito por":"Imprensa CNR","Est. tempo de leitura":"2 minutos"},"schema":{"@context":"https:\/\/schema.org","@graph":[{"@type":"Article","@id":"https:\/\/cnr.org.br\/novoportal\/reforma-sindical-entenda-a-tramitacao-da-pec-na-camara\/#article","isPartOf":{"@id":"https:\/\/cnr.org.br\/novoportal\/reforma-sindical-entenda-a-tramitacao-da-pec-na-camara\/"},"author":{"name":"Imprensa CNR","@id":"https:\/\/cnr.org.br\/novoportal\/#\/schema\/person\/1f46209cd8c9d3d9887a0765b64ca66b"},"headline":"Reforma Sindical: entenda a tramita\u00e7\u00e3o da PEC na C\u00e2mara","datePublished":"2019-12-19T15:22:56+00:00","mainEntityOfPage":{"@id":"https:\/\/cnr.org.br\/novoportal\/reforma-sindical-entenda-a-tramitacao-da-pec-na-camara\/"},"wordCount":365,"publisher":{"@id":"https:\/\/cnr.org.br\/novoportal\/#organization"},"image":{"@id":"https:\/\/cnr.org.br\/novoportal\/reforma-sindical-entenda-a-tramitacao-da-pec-na-camara\/#primaryimage"},"thumbnailUrl":"https:\/\/cnr.org.br\/site\/wp-content\/uploads\/2019\/12\/camara-dos-deputados.jpg","keywords":["#Reforma #Sindical"],"articleSection":["Not\u00edcia"],"inLanguage":"pt-BR"},{"@type":"WebPage","@id":"https:\/\/cnr.org.br\/novoportal\/reforma-sindical-entenda-a-tramitacao-da-pec-na-camara\/","url":"https:\/\/cnr.org.br\/novoportal\/reforma-sindical-entenda-a-tramitacao-da-pec-na-camara\/","name":"Reforma Sindical: entenda a tramita\u00e7\u00e3o da PEC na C\u00e2mara - CNR","isPartOf":{"@id":"https:\/\/cnr.org.br\/novoportal\/#website"},"primaryImageOfPage":{"@id":"https:\/\/cnr.org.br\/novoportal\/reforma-sindical-entenda-a-tramitacao-da-pec-na-camara\/#primaryimage"},"image":{"@id":"https:\/\/cnr.org.br\/novoportal\/reforma-sindical-entenda-a-tramitacao-da-pec-na-camara\/#primaryimage"},"thumbnailUrl":"https:\/\/cnr.org.br\/site\/wp-content\/uploads\/2019\/12\/camara-dos-deputados.jpg","datePublished":"2019-12-19T15:22:56+00:00","breadcrumb":{"@id":"https:\/\/cnr.org.br\/novoportal\/reforma-sindical-entenda-a-tramitacao-da-pec-na-camara\/#breadcrumb"},"inLanguage":"pt-BR","potentialAction":[{"@type":"ReadAction","target":["https:\/\/cnr.org.br\/novoportal\/reforma-sindical-entenda-a-tramitacao-da-pec-na-camara\/"]}]},{"@type":"ImageObject","inLanguage":"pt-BR","@id":"https:\/\/cnr.org.br\/novoportal\/reforma-sindical-entenda-a-tramitacao-da-pec-na-camara\/#primaryimage","url":"https:\/\/cnr.org.br\/site\/wp-content\/uploads\/2019\/12\/camara-dos-deputados.jpg","contentUrl":"https:\/\/cnr.org.br\/site\/wp-content\/uploads\/2019\/12\/camara-dos-deputados.jpg","width":1000,"height":547,"caption":"Relembre os provimentos de 2019 que influenciaram os cart\u00f3rios"},{"@type":"BreadcrumbList","@id":"https:\/\/cnr.org.br\/novoportal\/reforma-sindical-entenda-a-tramitacao-da-pec-na-camara\/#breadcrumb","itemListElement":[{"@type":"ListItem","position":1,"name":"In\u00edcio","item":"https:\/\/cnr.org.br\/site\/"},{"@type":"ListItem","position":2,"name":"Reforma Sindical: entenda a tramita\u00e7\u00e3o da PEC na C\u00e2mara"}]},{"@type":"WebSite","@id":"https:\/\/cnr.org.br\/novoportal\/#website","url":"https:\/\/cnr.org.br\/novoportal\/","name":"CNR","description":"Confedera\u00e7\u00e3o Nacional de Not\u00e1rios e Registradores","publisher":{"@id":"https:\/\/cnr.org.br\/novoportal\/#organization"},"potentialAction":[{"@type":"SearchAction","target":{"@type":"EntryPoint","urlTemplate":"https:\/\/cnr.org.br\/novoportal\/?s={search_term_string}"},"query-input":{"@type":"PropertyValueSpecification","valueRequired":true,"valueName":"search_term_string"}}],"inLanguage":"pt-BR"},{"@type":"Organization","@id":"https:\/\/cnr.org.br\/novoportal\/#organization","name":"CNR","url":"https:\/\/cnr.org.br\/novoportal\/","logo":{"@type":"ImageObject","inLanguage":"pt-BR","@id":"https:\/\/cnr.org.br\/novoportal\/#\/schema\/logo\/image\/","url":"https:\/\/cnr.org.br\/site\/wp-content\/uploads\/2026\/02\/Logo_CNR_completa_colorida_2024.png","contentUrl":"https:\/\/cnr.org.br\/site\/wp-content\/uploads\/2026\/02\/Logo_CNR_completa_colorida_2024.png","width":910,"height":450,"caption":"CNR"},"image":{"@id":"https:\/\/cnr.org.br\/novoportal\/#\/schema\/logo\/image\/"}},{"@type":"Person","@id":"https:\/\/cnr.org.br\/novoportal\/#\/schema\/person\/1f46209cd8c9d3d9887a0765b64ca66b","name":"Imprensa CNR","sameAs":["https:\/\/cnr.org.br\/site"],"url":"https:\/\/cnr.org.br\/site\/author\/imprensa\/"}]}},"_links":{"self":[{"href":"https:\/\/cnr.org.br\/site\/wp-json\/wp\/v2\/posts\/16823","targetHints":{"allow":["GET"]}}],"collection":[{"href":"https:\/\/cnr.org.br\/site\/wp-json\/wp\/v2\/posts"}],"about":[{"href":"https:\/\/cnr.org.br\/site\/wp-json\/wp\/v2\/types\/post"}],"author":[{"embeddable":true,"href":"https:\/\/cnr.org.br\/site\/wp-json\/wp\/v2\/users\/2"}],"replies":[{"embeddable":true,"href":"https:\/\/cnr.org.br\/site\/wp-json\/wp\/v2\/comments?post=16823"}],"version-history":[{"count":0,"href":"https:\/\/cnr.org.br\/site\/wp-json\/wp\/v2\/posts\/16823\/revisions"}],"wp:featuredmedia":[{"embeddable":true,"href":"https:\/\/cnr.org.br\/site\/wp-json\/wp\/v2\/media\/16824"}],"wp:attachment":[{"href":"https:\/\/cnr.org.br\/site\/wp-json\/wp\/v2\/media?parent=16823"}],"wp:term":[{"taxonomy":"category","embeddable":true,"href":"https:\/\/cnr.org.br\/site\/wp-json\/wp\/v2\/categories?post=16823"},{"taxonomy":"post_tag","embeddable":true,"href":"https:\/\/cnr.org.br\/site\/wp-json\/wp\/v2\/tags?post=16823"}],"curies":[{"name":"wp","href":"https:\/\/api.w.org\/{rel}","templated":true}]}}