{"id":16848,"date":"2019-12-20T12:55:56","date_gmt":"2019-12-20T14:55:56","guid":{"rendered":"https:\/\/cnr.org.br\/site\/?p=16848"},"modified":"2019-12-20T12:56:23","modified_gmt":"2019-12-20T14:56:23","slug":"ccj-aprova-admissibilidade-de-proposta-que-amplia-licenca-maternidade-para-180-dias","status":"publish","type":"post","link":"https:\/\/cnr.org.br\/site\/ccj-aprova-admissibilidade-de-proposta-que-amplia-licenca-maternidade-para-180-dias\/","title":{"rendered":"CCJ aprova admissibilidade de proposta que amplia licen\u00e7a-maternidade para 180 dias"},"content":{"rendered":"<div id=\"dslc-theme-content\"><div id=\"dslc-theme-content-inner\"><div id=\"image-container-627263\" class=\"image-container\" data-midia=\"627263\">\n<h6 class=\"midia-legenda\">O parecer da relatora, Margarete Coelho, foi favor\u00e1vel \u00e0 proposta<\/h6>\n<\/div>\n<h5 class=\"g-artigo__descricao\">Proposta agora ser\u00e1 analisada em comiss\u00e3o especial e depois pelo Plen\u00e1rio, em dois turnos de vota\u00e7\u00e3o, antes de ir para o Senado<\/h5>\n<div class=\"g-artigo__imagem-identificacao artigo__imagem-identificacao--maior\"><\/div>\n<div class=\"g-artigo__texto-principal\">\n<aside class=\"l-acoes-apoio\">\n<div class=\"acoes-apoio\">\n<p>A Comiss\u00e3o de Constitui\u00e7\u00e3o e Justi\u00e7a e de Cidadania (CCJ) da C\u00e2mara dos Deputados aprovou a\u00a0<span id=\"4373\" class=\"termoGlossario\" title=\"\" contenteditable=\"false\" data-toggle=\"tooltip\" data-placement=\"top\" data-original-title=\"Exame preliminar feito pela Comiss\u00e3o de Constitui\u00e7\u00e3o e Justi\u00e7a, no prazo de cinco sess\u00f5es do Plen\u00e1rio da C\u00e2mara, sobre aspectos de constitucionalidade, legalidade, regimentalidade e de t\u00e9cnica legislativa de uma proposta de emenda \u00e0 Constitui\u00e7\u00e3o (PEC). Se admitida, a PEC ser\u00e1 encaminhada a uma comiss\u00e3o especial para an\u00e1lise do m\u00e9rito da proposta. Em caso de inadmissibilidade, a PEC ser\u00e1 arquivada se n\u00e3o houver recurso.\">admissibilidade<\/span>\u00a0de proposta de emenda \u00e0 Constitui\u00e7\u00e3o (PEC)\u00a0<a href=\"https:\/\/www.camara.leg.br\/noticias\/621022-proposta-estende-licenca-maternidade-e-assegura-beneficio-a-deputadas-e-senadoras\/\">158\/19<\/a>, que amplia a licen\u00e7a-maternidade dos atuais 120 dias para 180 dias para todas as trabalhadoras.<\/p>\n<div id=\"image-container-627263\" class=\"image-container\" data-midia=\"627263\">\n<p>Atualmente, a licen\u00e7a de 180 dias s\u00f3 \u00e9 poss\u00edvel para as mulheres que trabalhem em empresas participantes do Programa Empresa Cidad\u00e3, institu\u00eddo pela Lei 11.770\/08.<\/p>\n<p>O texto tamb\u00e9m assegura licen\u00e7a-maternidade de 120 dias \u00e0s deputadas e senadoras, prorrog\u00e1veis por mais 60. O suplente s\u00f3 ser\u00e1 convocado se o afastamento for superior a 180 dias. Hoje, a Constitui\u00e7\u00e3o n\u00e3o prev\u00ea esse tipo de licen\u00e7a para as congressistas.<\/p>\n<p>A proposta, da deputada\u00a0<a href=\"https:\/\/www.camara.leg.br\/deputados\/178939\">Clarissa Garotinho (Pros-RJ)<\/a>, recebeu parecer favor\u00e1vel da relatora, deputada\u00a0<a href=\"https:\/\/www.camara.leg.br\/deputados\/204430\">Margarete Coelho (PP-PI)<\/a>.<\/p>\n<p>Ao apresentar a PEC, Clarissa disse que a amplia\u00e7\u00e3o da licen\u00e7a-maternidade \u00e9 uma recomenda\u00e7\u00e3o da Sociedade Brasileira de Pediatria (SBP) e segue uma tend\u00eancia mundial. Ela argumentou ainda que o aumento do tempo de licen\u00e7a traz benef\u00edcios para m\u00e3e e filho rec\u00e9m-nascido.<\/p>\n<p>\u201cS\u00e3o nos primeiros 12 meses de vida que o ser humano vive um per\u00edodo de completa depend\u00eancia da m\u00e3e e \u00e9 nesse per\u00edodo em que m\u00e3e e filho estabelecem padr\u00f5es de relacionamento que ser\u00e3o levados para a vida compartilhada em sociedade\u201d, afirmou a deputada.<\/p>\n<p><strong>Tramita\u00e7\u00e3o<\/strong><br \/>\nO m\u00e9rito da PEC ser\u00e1 analisado por uma comiss\u00e3o especial a ser criada e, em seguida, pelo Plen\u00e1rio, onde dever\u00e1 ser votada em dois turnos.<\/p>\n<\/div>\n<p>Fonte: <a href=\"https:\/\/www.camara.leg.br\/noticias\/627130-ccj-admite-pec-que-estende-licenca-maternidade-e-assegura-beneficio-a-deputadas-e-senadoras\/\">C\u00e2mara dos Deputados\u00a0<\/a><\/p>\n<\/div>\n<\/aside>\n<\/div>\n<\/div><\/div>","protected":false},"excerpt":{"rendered":"<p>O parecer da relatora, Margarete Coelho, foi favor\u00e1vel \u00e0 proposta Proposta agora ser\u00e1 analisada em comiss\u00e3o especial e depois pelo Plen\u00e1rio, em dois turnos de vota\u00e7\u00e3o, antes de ir para o Senado A Comiss\u00e3o de Constitui\u00e7\u00e3o e Justi\u00e7a e de Cidadania (CCJ) da C\u00e2mara dos Deputados aprovou a\u00a0admissibilidade\u00a0de proposta de emenda \u00e0 Constitui\u00e7\u00e3o (PEC)\u00a0158\/19, que [&hellip;]<\/p>\n","protected":false},"author":2,"featured_media":16849,"comment_status":"closed","ping_status":"closed","sticky":false,"template":"","format":"standard","meta":{"footnotes":"","_links_to":"","_links_to_target":""},"categories":[525,47],"tags":[587],"class_list":["post-16848","post","type-post","status-publish","format-standard","has-post-thumbnail","hentry","category-home","category-ultimas-noticias","tag-licenca-maternidade"],"yoast_head":"<!-- This site is optimized with the Yoast SEO plugin v28.4 - https:\/\/yoast.com\/product\/yoast-seo-wordpress\/ -->\n<title>CCJ aprova admissibilidade de proposta que amplia licen\u00e7a-maternidade para 180 dias - CNR<\/title>\n<meta name=\"robots\" content=\"index, follow, max-snippet:-1, max-image-preview:large, max-video-preview:-1\" \/>\n<link rel=\"canonical\" href=\"https:\/\/cnr.org.br\/novoportal\/ccj-aprova-admissibilidade-de-proposta-que-amplia-licenca-maternidade-para-180-dias\/\" \/>\n<meta property=\"og:locale\" content=\"pt_BR\" \/>\n<meta property=\"og:type\" content=\"article\" \/>\n<meta property=\"og:title\" content=\"CCJ aprova admissibilidade de proposta que amplia licen\u00e7a-maternidade para 180 dias - CNR\" \/>\n<meta property=\"og:description\" content=\"O parecer da relatora, Margarete Coelho, foi favor\u00e1vel \u00e0 proposta Proposta agora ser\u00e1 analisada em comiss\u00e3o especial e depois pelo Plen\u00e1rio, em dois turnos de vota\u00e7\u00e3o, antes de ir para o Senado A Comiss\u00e3o de Constitui\u00e7\u00e3o e Justi\u00e7a e de Cidadania (CCJ) da C\u00e2mara dos Deputados aprovou a\u00a0admissibilidade\u00a0de proposta de emenda \u00e0 Constitui\u00e7\u00e3o (PEC)\u00a0158\/19, que [&hellip;]\" \/>\n<meta property=\"og:url\" content=\"https:\/\/cnr.org.br\/novoportal\/ccj-aprova-admissibilidade-de-proposta-que-amplia-licenca-maternidade-para-180-dias\/\" \/>\n<meta property=\"og:site_name\" content=\"CNR\" \/>\n<meta property=\"article:published_time\" content=\"2019-12-20T14:55:56+00:00\" \/>\n<meta property=\"article:modified_time\" content=\"2019-12-20T14:56:23+00:00\" \/>\n<meta property=\"og:image\" content=\"https:\/\/cnr.org.br\/novoportal\/wp-content\/uploads\/2019\/12\/img20191008163504637-768x513.jpg\" \/>\n\t<meta property=\"og:image:width\" content=\"768\" \/>\n\t<meta property=\"og:image:height\" content=\"513\" \/>\n\t<meta property=\"og:image:type\" content=\"image\/jpeg\" \/>\n<meta name=\"author\" content=\"Imprensa CNR\" \/>\n<meta name=\"twitter:card\" content=\"summary_large_image\" \/>\n<meta name=\"twitter:label1\" content=\"Escrito por\" \/>\n\t<meta name=\"twitter:data1\" content=\"Imprensa CNR\" \/>\n\t<meta name=\"twitter:label2\" content=\"Est. tempo de leitura\" \/>\n\t<meta name=\"twitter:data2\" content=\"1 minuto\" \/>\n<script type=\"application\/ld+json\" class=\"yoast-schema-graph\">{\"@context\":\"https:\\\/\\\/schema.org\",\"@graph\":[{\"@type\":\"Article\",\"@id\":\"https:\\\/\\\/cnr.org.br\\\/novoportal\\\/ccj-aprova-admissibilidade-de-proposta-que-amplia-licenca-maternidade-para-180-dias\\\/#article\",\"isPartOf\":{\"@id\":\"https:\\\/\\\/cnr.org.br\\\/novoportal\\\/ccj-aprova-admissibilidade-de-proposta-que-amplia-licenca-maternidade-para-180-dias\\\/\"},\"author\":{\"name\":\"Imprensa CNR\",\"@id\":\"https:\\\/\\\/cnr.org.br\\\/novoportal\\\/#\\\/schema\\\/person\\\/1f46209cd8c9d3d9887a0765b64ca66b\"},\"headline\":\"CCJ aprova admissibilidade de proposta que amplia licen\u00e7a-maternidade para 180 dias\",\"datePublished\":\"2019-12-20T14:55:56+00:00\",\"dateModified\":\"2019-12-20T14:56:23+00:00\",\"mainEntityOfPage\":{\"@id\":\"https:\\\/\\\/cnr.org.br\\\/novoportal\\\/ccj-aprova-admissibilidade-de-proposta-que-amplia-licenca-maternidade-para-180-dias\\\/\"},\"wordCount\":308,\"publisher\":{\"@id\":\"https:\\\/\\\/cnr.org.br\\\/novoportal\\\/#organization\"},\"image\":{\"@id\":\"https:\\\/\\\/cnr.org.br\\\/novoportal\\\/ccj-aprova-admissibilidade-de-proposta-que-amplia-licenca-maternidade-para-180-dias\\\/#primaryimage\"},\"thumbnailUrl\":\"https:\\\/\\\/cnr.org.br\\\/site\\\/wp-content\\\/uploads\\\/2019\\\/12\\\/img20191008163504637-768x513.jpg\",\"keywords\":[\"licen\u00e7a-maternidade\"],\"articleSection\":[\"Home\",\"\u00daltimas Not\u00edcias\"],\"inLanguage\":\"pt-BR\"},{\"@type\":\"WebPage\",\"@id\":\"https:\\\/\\\/cnr.org.br\\\/novoportal\\\/ccj-aprova-admissibilidade-de-proposta-que-amplia-licenca-maternidade-para-180-dias\\\/\",\"url\":\"https:\\\/\\\/cnr.org.br\\\/novoportal\\\/ccj-aprova-admissibilidade-de-proposta-que-amplia-licenca-maternidade-para-180-dias\\\/\",\"name\":\"CCJ aprova admissibilidade de proposta que amplia licen\u00e7a-maternidade para 180 dias - CNR\",\"isPartOf\":{\"@id\":\"https:\\\/\\\/cnr.org.br\\\/novoportal\\\/#website\"},\"primaryImageOfPage\":{\"@id\":\"https:\\\/\\\/cnr.org.br\\\/novoportal\\\/ccj-aprova-admissibilidade-de-proposta-que-amplia-licenca-maternidade-para-180-dias\\\/#primaryimage\"},\"image\":{\"@id\":\"https:\\\/\\\/cnr.org.br\\\/novoportal\\\/ccj-aprova-admissibilidade-de-proposta-que-amplia-licenca-maternidade-para-180-dias\\\/#primaryimage\"},\"thumbnailUrl\":\"https:\\\/\\\/cnr.org.br\\\/site\\\/wp-content\\\/uploads\\\/2019\\\/12\\\/img20191008163504637-768x513.jpg\",\"datePublished\":\"2019-12-20T14:55:56+00:00\",\"dateModified\":\"2019-12-20T14:56:23+00:00\",\"breadcrumb\":{\"@id\":\"https:\\\/\\\/cnr.org.br\\\/novoportal\\\/ccj-aprova-admissibilidade-de-proposta-que-amplia-licenca-maternidade-para-180-dias\\\/#breadcrumb\"},\"inLanguage\":\"pt-BR\",\"potentialAction\":[{\"@type\":\"ReadAction\",\"target\":[\"https:\\\/\\\/cnr.org.br\\\/novoportal\\\/ccj-aprova-admissibilidade-de-proposta-que-amplia-licenca-maternidade-para-180-dias\\\/\"]}]},{\"@type\":\"ImageObject\",\"inLanguage\":\"pt-BR\",\"@id\":\"https:\\\/\\\/cnr.org.br\\\/novoportal\\\/ccj-aprova-admissibilidade-de-proposta-que-amplia-licenca-maternidade-para-180-dias\\\/#primaryimage\",\"url\":\"https:\\\/\\\/cnr.org.br\\\/site\\\/wp-content\\\/uploads\\\/2019\\\/12\\\/img20191008163504637-768x513.jpg\",\"contentUrl\":\"https:\\\/\\\/cnr.org.br\\\/site\\\/wp-content\\\/uploads\\\/2019\\\/12\\\/img20191008163504637-768x513.jpg\",\"width\":768,\"height\":513},{\"@type\":\"BreadcrumbList\",\"@id\":\"https:\\\/\\\/cnr.org.br\\\/novoportal\\\/ccj-aprova-admissibilidade-de-proposta-que-amplia-licenca-maternidade-para-180-dias\\\/#breadcrumb\",\"itemListElement\":[{\"@type\":\"ListItem\",\"position\":1,\"name\":\"In\u00edcio\",\"item\":\"https:\\\/\\\/cnr.org.br\\\/site\\\/\"},{\"@type\":\"ListItem\",\"position\":2,\"name\":\"CCJ aprova admissibilidade de proposta que amplia licen\u00e7a-maternidade para 180 dias\"}]},{\"@type\":\"WebSite\",\"@id\":\"https:\\\/\\\/cnr.org.br\\\/novoportal\\\/#website\",\"url\":\"https:\\\/\\\/cnr.org.br\\\/novoportal\\\/\",\"name\":\"CNR\",\"description\":\"Confedera\u00e7\u00e3o Nacional de Not\u00e1rios e Registradores\",\"publisher\":{\"@id\":\"https:\\\/\\\/cnr.org.br\\\/novoportal\\\/#organization\"},\"potentialAction\":[{\"@type\":\"SearchAction\",\"target\":{\"@type\":\"EntryPoint\",\"urlTemplate\":\"https:\\\/\\\/cnr.org.br\\\/novoportal\\\/?s={search_term_string}\"},\"query-input\":{\"@type\":\"PropertyValueSpecification\",\"valueRequired\":true,\"valueName\":\"search_term_string\"}}],\"inLanguage\":\"pt-BR\"},{\"@type\":\"Organization\",\"@id\":\"https:\\\/\\\/cnr.org.br\\\/novoportal\\\/#organization\",\"name\":\"CNR\",\"url\":\"https:\\\/\\\/cnr.org.br\\\/novoportal\\\/\",\"logo\":{\"@type\":\"ImageObject\",\"inLanguage\":\"pt-BR\",\"@id\":\"https:\\\/\\\/cnr.org.br\\\/novoportal\\\/#\\\/schema\\\/logo\\\/image\\\/\",\"url\":\"https:\\\/\\\/cnr.org.br\\\/site\\\/wp-content\\\/uploads\\\/2026\\\/02\\\/Logo_CNR_completa_colorida_2024.png\",\"contentUrl\":\"https:\\\/\\\/cnr.org.br\\\/site\\\/wp-content\\\/uploads\\\/2026\\\/02\\\/Logo_CNR_completa_colorida_2024.png\",\"width\":910,\"height\":450,\"caption\":\"CNR\"},\"image\":{\"@id\":\"https:\\\/\\\/cnr.org.br\\\/novoportal\\\/#\\\/schema\\\/logo\\\/image\\\/\"}},{\"@type\":\"Person\",\"@id\":\"https:\\\/\\\/cnr.org.br\\\/novoportal\\\/#\\\/schema\\\/person\\\/1f46209cd8c9d3d9887a0765b64ca66b\",\"name\":\"Imprensa CNR\",\"sameAs\":[\"https:\\\/\\\/cnr.org.br\\\/site\"],\"url\":\"https:\\\/\\\/cnr.org.br\\\/site\\\/author\\\/imprensa\\\/\"}]}<\/script>\n<!-- \/ Yoast SEO plugin. -->","yoast_head_json":{"title":"CCJ aprova admissibilidade de proposta que amplia licen\u00e7a-maternidade para 180 dias - CNR","robots":{"index":"index","follow":"follow","max-snippet":"max-snippet:-1","max-image-preview":"max-image-preview:large","max-video-preview":"max-video-preview:-1"},"canonical":"https:\/\/cnr.org.br\/novoportal\/ccj-aprova-admissibilidade-de-proposta-que-amplia-licenca-maternidade-para-180-dias\/","og_locale":"pt_BR","og_type":"article","og_title":"CCJ aprova admissibilidade de proposta que amplia licen\u00e7a-maternidade para 180 dias - CNR","og_description":"O parecer da relatora, Margarete Coelho, foi favor\u00e1vel \u00e0 proposta Proposta agora ser\u00e1 analisada em comiss\u00e3o especial e depois pelo Plen\u00e1rio, em dois turnos de vota\u00e7\u00e3o, antes de ir para o Senado A Comiss\u00e3o de Constitui\u00e7\u00e3o e Justi\u00e7a e de Cidadania (CCJ) da C\u00e2mara dos Deputados aprovou a\u00a0admissibilidade\u00a0de proposta de emenda \u00e0 Constitui\u00e7\u00e3o (PEC)\u00a0158\/19, que [&hellip;]","og_url":"https:\/\/cnr.org.br\/novoportal\/ccj-aprova-admissibilidade-de-proposta-que-amplia-licenca-maternidade-para-180-dias\/","og_site_name":"CNR","article_published_time":"2019-12-20T14:55:56+00:00","article_modified_time":"2019-12-20T14:56:23+00:00","og_image":[{"width":768,"height":513,"url":"https:\/\/cnr.org.br\/novoportal\/wp-content\/uploads\/2019\/12\/img20191008163504637-768x513.jpg","type":"image\/jpeg"}],"author":"Imprensa CNR","twitter_card":"summary_large_image","twitter_misc":{"Escrito por":"Imprensa CNR","Est. tempo de leitura":"1 minuto"},"schema":{"@context":"https:\/\/schema.org","@graph":[{"@type":"Article","@id":"https:\/\/cnr.org.br\/novoportal\/ccj-aprova-admissibilidade-de-proposta-que-amplia-licenca-maternidade-para-180-dias\/#article","isPartOf":{"@id":"https:\/\/cnr.org.br\/novoportal\/ccj-aprova-admissibilidade-de-proposta-que-amplia-licenca-maternidade-para-180-dias\/"},"author":{"name":"Imprensa CNR","@id":"https:\/\/cnr.org.br\/novoportal\/#\/schema\/person\/1f46209cd8c9d3d9887a0765b64ca66b"},"headline":"CCJ aprova admissibilidade de proposta que amplia licen\u00e7a-maternidade para 180 dias","datePublished":"2019-12-20T14:55:56+00:00","dateModified":"2019-12-20T14:56:23+00:00","mainEntityOfPage":{"@id":"https:\/\/cnr.org.br\/novoportal\/ccj-aprova-admissibilidade-de-proposta-que-amplia-licenca-maternidade-para-180-dias\/"},"wordCount":308,"publisher":{"@id":"https:\/\/cnr.org.br\/novoportal\/#organization"},"image":{"@id":"https:\/\/cnr.org.br\/novoportal\/ccj-aprova-admissibilidade-de-proposta-que-amplia-licenca-maternidade-para-180-dias\/#primaryimage"},"thumbnailUrl":"https:\/\/cnr.org.br\/site\/wp-content\/uploads\/2019\/12\/img20191008163504637-768x513.jpg","keywords":["licen\u00e7a-maternidade"],"articleSection":["Home","\u00daltimas Not\u00edcias"],"inLanguage":"pt-BR"},{"@type":"WebPage","@id":"https:\/\/cnr.org.br\/novoportal\/ccj-aprova-admissibilidade-de-proposta-que-amplia-licenca-maternidade-para-180-dias\/","url":"https:\/\/cnr.org.br\/novoportal\/ccj-aprova-admissibilidade-de-proposta-que-amplia-licenca-maternidade-para-180-dias\/","name":"CCJ aprova admissibilidade de proposta que amplia licen\u00e7a-maternidade para 180 dias - CNR","isPartOf":{"@id":"https:\/\/cnr.org.br\/novoportal\/#website"},"primaryImageOfPage":{"@id":"https:\/\/cnr.org.br\/novoportal\/ccj-aprova-admissibilidade-de-proposta-que-amplia-licenca-maternidade-para-180-dias\/#primaryimage"},"image":{"@id":"https:\/\/cnr.org.br\/novoportal\/ccj-aprova-admissibilidade-de-proposta-que-amplia-licenca-maternidade-para-180-dias\/#primaryimage"},"thumbnailUrl":"https:\/\/cnr.org.br\/site\/wp-content\/uploads\/2019\/12\/img20191008163504637-768x513.jpg","datePublished":"2019-12-20T14:55:56+00:00","dateModified":"2019-12-20T14:56:23+00:00","breadcrumb":{"@id":"https:\/\/cnr.org.br\/novoportal\/ccj-aprova-admissibilidade-de-proposta-que-amplia-licenca-maternidade-para-180-dias\/#breadcrumb"},"inLanguage":"pt-BR","potentialAction":[{"@type":"ReadAction","target":["https:\/\/cnr.org.br\/novoportal\/ccj-aprova-admissibilidade-de-proposta-que-amplia-licenca-maternidade-para-180-dias\/"]}]},{"@type":"ImageObject","inLanguage":"pt-BR","@id":"https:\/\/cnr.org.br\/novoportal\/ccj-aprova-admissibilidade-de-proposta-que-amplia-licenca-maternidade-para-180-dias\/#primaryimage","url":"https:\/\/cnr.org.br\/site\/wp-content\/uploads\/2019\/12\/img20191008163504637-768x513.jpg","contentUrl":"https:\/\/cnr.org.br\/site\/wp-content\/uploads\/2019\/12\/img20191008163504637-768x513.jpg","width":768,"height":513},{"@type":"BreadcrumbList","@id":"https:\/\/cnr.org.br\/novoportal\/ccj-aprova-admissibilidade-de-proposta-que-amplia-licenca-maternidade-para-180-dias\/#breadcrumb","itemListElement":[{"@type":"ListItem","position":1,"name":"In\u00edcio","item":"https:\/\/cnr.org.br\/site\/"},{"@type":"ListItem","position":2,"name":"CCJ aprova admissibilidade de proposta que amplia licen\u00e7a-maternidade para 180 dias"}]},{"@type":"WebSite","@id":"https:\/\/cnr.org.br\/novoportal\/#website","url":"https:\/\/cnr.org.br\/novoportal\/","name":"CNR","description":"Confedera\u00e7\u00e3o Nacional de Not\u00e1rios e Registradores","publisher":{"@id":"https:\/\/cnr.org.br\/novoportal\/#organization"},"potentialAction":[{"@type":"SearchAction","target":{"@type":"EntryPoint","urlTemplate":"https:\/\/cnr.org.br\/novoportal\/?s={search_term_string}"},"query-input":{"@type":"PropertyValueSpecification","valueRequired":true,"valueName":"search_term_string"}}],"inLanguage":"pt-BR"},{"@type":"Organization","@id":"https:\/\/cnr.org.br\/novoportal\/#organization","name":"CNR","url":"https:\/\/cnr.org.br\/novoportal\/","logo":{"@type":"ImageObject","inLanguage":"pt-BR","@id":"https:\/\/cnr.org.br\/novoportal\/#\/schema\/logo\/image\/","url":"https:\/\/cnr.org.br\/site\/wp-content\/uploads\/2026\/02\/Logo_CNR_completa_colorida_2024.png","contentUrl":"https:\/\/cnr.org.br\/site\/wp-content\/uploads\/2026\/02\/Logo_CNR_completa_colorida_2024.png","width":910,"height":450,"caption":"CNR"},"image":{"@id":"https:\/\/cnr.org.br\/novoportal\/#\/schema\/logo\/image\/"}},{"@type":"Person","@id":"https:\/\/cnr.org.br\/novoportal\/#\/schema\/person\/1f46209cd8c9d3d9887a0765b64ca66b","name":"Imprensa CNR","sameAs":["https:\/\/cnr.org.br\/site"],"url":"https:\/\/cnr.org.br\/site\/author\/imprensa\/"}]}},"_links":{"self":[{"href":"https:\/\/cnr.org.br\/site\/wp-json\/wp\/v2\/posts\/16848","targetHints":{"allow":["GET"]}}],"collection":[{"href":"https:\/\/cnr.org.br\/site\/wp-json\/wp\/v2\/posts"}],"about":[{"href":"https:\/\/cnr.org.br\/site\/wp-json\/wp\/v2\/types\/post"}],"author":[{"embeddable":true,"href":"https:\/\/cnr.org.br\/site\/wp-json\/wp\/v2\/users\/2"}],"replies":[{"embeddable":true,"href":"https:\/\/cnr.org.br\/site\/wp-json\/wp\/v2\/comments?post=16848"}],"version-history":[{"count":0,"href":"https:\/\/cnr.org.br\/site\/wp-json\/wp\/v2\/posts\/16848\/revisions"}],"wp:featuredmedia":[{"embeddable":true,"href":"https:\/\/cnr.org.br\/site\/wp-json\/wp\/v2\/media\/16849"}],"wp:attachment":[{"href":"https:\/\/cnr.org.br\/site\/wp-json\/wp\/v2\/media?parent=16848"}],"wp:term":[{"taxonomy":"category","embeddable":true,"href":"https:\/\/cnr.org.br\/site\/wp-json\/wp\/v2\/categories?post=16848"},{"taxonomy":"post_tag","embeddable":true,"href":"https:\/\/cnr.org.br\/site\/wp-json\/wp\/v2\/tags?post=16848"}],"curies":[{"name":"wp","href":"https:\/\/api.w.org\/{rel}","templated":true}]}}