{"id":16983,"date":"2020-01-02T16:58:17","date_gmt":"2020-01-02T18:58:17","guid":{"rendered":"https:\/\/cnr.org.br\/site\/?p=16983"},"modified":"2020-01-02T16:59:30","modified_gmt":"2020-01-02T18:59:30","slug":"projeto-que-cria-carteira-de-identidade-para-funcionarios-de-cartorios-esta-na-ccj","status":"publish","type":"post","link":"https:\/\/cnr.org.br\/site\/projeto-que-cria-carteira-de-identidade-para-funcionarios-de-cartorios-esta-na-ccj\/","title":{"rendered":"Projeto que cria carteira de identidade para funcion\u00e1rios de cart\u00f3rios est\u00e1 na CCJ"},"content":{"rendered":"<div id=\"dslc-theme-content\"><div id=\"dslc-theme-content-inner\"><p>Funcion\u00e1rios de cart\u00f3rios em todo o Brasil poder\u00e3o ter um documento de identidade representativo da categoria para not\u00e1rios, registradores e escreventes. \u00c9 o que determina o Projeto de Lei (PL) <a class=\"external-link\" title=\"\" href=\"http:\/\/www25.senado.leg.br\/web\/atividade\/materias\/-\/materia\/138838\" target=\"_self\">5.106\/2019<\/a>, que seguir\u00e1 os moldes do documento profissional emitido para advogados, jornalistas e outras categorias profissionais. A mat\u00e9ria est\u00e1 pronta para vota\u00e7\u00e3o na Comiss\u00e3o de Constitui\u00e7\u00e3o e Justi\u00e7a (CCJ); se aprovada, seguir\u00e1 para aprecia\u00e7\u00e3o do Plen\u00e1rio.<\/p>\n<p>O relator da mat\u00e9ria na CCJ, senador Rodrigo Pacheco (DEM-MG), apresentou parecer favor\u00e1vel ao projeto original, de autoria do\u00a0deputado Gonzaga Patriota (PSB-PE), j\u00e1 aprovado na C\u00e2mara sem altera\u00e7\u00f5es. Na sua opini\u00e3o, a proposta \u00e9 relevante quanto ao m\u00e9rito. Segundo o relator, a iniciativa do autor \u00e9 louv\u00e1vel, pois permitir\u00e1 que os que exercem a atividade (not\u00e1rios e registradores) possam estar devidamente identificados, seguindo a mesma sistem\u00e1tica adotada por outras entidades sindicais. O texto prev\u00ea, ainda, que o documento ser\u00e1 emitido tamb\u00e9m para os profissionais n\u00e3o sindicalizados.<\/p>\n<p>\u201cO documento de identidade a ser institu\u00eddo dever\u00e1 ser emitido pela Confedera\u00e7\u00e3o Nacional dos Not\u00e1rios e Registradores, com validade em todo o territ\u00f3rio nacional, como prova de identidade para qualquer efeito, podendo ser emitido pelos entes sindicais da estrutura da mencionada confedera\u00e7\u00e3o\u201d.<\/p>\n<p>Ao justificar o projeto,\u00a0Gonzaga Patriota\u00a0observou que antes da Constitui\u00e7\u00e3o de 1988 os not\u00e1rios e registradores eram considerados serventu\u00e1rios da Justi\u00e7a e tinham carteiras de identifica\u00e7\u00e3o expedidas pelos tribunais de Justi\u00e7a, o que n\u00e3o ocorre mais. Portanto, o projeto, busca restabelecer esse direito. \u201c\u00c9 importante que essa identidade seja expedida para que os que exercem a atividade sejam devidamente identificados\u201d, defende o parlamentar.<\/p>\n<h3><b>Validade e responsabilidades<\/b><\/h3>\n<p>O documento perder\u00e1 sua validade com a extin\u00e7\u00e3o da delega\u00e7\u00e3o, no caso do titular do cart\u00f3rio, ou com o fim do contrato de trabalho, no caso de escreventes. Est\u00e1 prevista responsabiliza\u00e7\u00e3o civil e criminal em casos de uso indevido do documento, que dever\u00e1 ser devolvido \u00e0 entidade emissora quando perder a validade.<b><\/b><\/p>\n<h3><b>Modelo<\/b><b><\/b><\/h3>\n<p>As carteiras trar\u00e3o informa\u00e7\u00f5es que incluem nome completo, nome da m\u00e3e, nacionalidade e naturalidade, data de nascimento, serventia na qual trabalha,\u00a0com indica\u00e7\u00e3o da comarca e do estado, a fun\u00e7\u00e3o exercida,\u00a0datas de expedi\u00e7\u00e3o e de validade, fotografia, cadastro de pessoas f\u00edsicas (CPF) e grupo sangu\u00edneo, entre outras.<\/p>\n<p>Fonte: <a href=\"https:\/\/www12.senado.leg.br\/noticias\/materias\/2019\/12\/30\/projeto-que-cria-carteira-de-identidade-para-funcionarios-de-cartorios-esta-na-ccj\">Ag\u00eancia Senado<\/a><\/p>\n<p>&nbsp;<\/p>\n<\/div><\/div>","protected":false},"excerpt":{"rendered":"<p>Funcion\u00e1rios de cart\u00f3rios em todo o Brasil poder\u00e3o ter um documento de identidade representativo da categoria para not\u00e1rios, registradores e escreventes. \u00c9 o que determina o Projeto de Lei (PL) 5.106\/2019, que seguir\u00e1 os moldes do documento profissional emitido para advogados, jornalistas e outras categorias profissionais. A mat\u00e9ria est\u00e1 pronta para vota\u00e7\u00e3o na Comiss\u00e3o de [&hellip;]<\/p>\n","protected":false},"author":2,"featured_media":16984,"comment_status":"closed","ping_status":"closed","sticky":false,"template":"","format":"standard","meta":{"footnotes":"","_links_to":"","_links_to_target":""},"categories":[525,55,47],"tags":[591,592],"class_list":["post-16983","post","type-post","status-publish","format-standard","has-post-thumbnail","hentry","category-home","category-noticia","category-ultimas-noticias","tag-carteira-de-identidade-para-funcionarios-de-cartorios","tag-funcionarios-de-cartorios"],"yoast_head":"<!-- This site is optimized with the Yoast SEO plugin v27.5 - https:\/\/yoast.com\/product\/yoast-seo-wordpress\/ -->\n<title>Projeto que cria carteira de identidade para funcion\u00e1rios de cart\u00f3rios est\u00e1 na CCJ - CNR<\/title>\n<meta name=\"robots\" content=\"index, follow, max-snippet:-1, max-image-preview:large, max-video-preview:-1\" \/>\n<link rel=\"canonical\" href=\"https:\/\/cnr.org.br\/novoportal\/projeto-que-cria-carteira-de-identidade-para-funcionarios-de-cartorios-esta-na-ccj\/\" \/>\n<meta property=\"og:locale\" content=\"pt_BR\" \/>\n<meta property=\"og:type\" content=\"article\" \/>\n<meta property=\"og:title\" content=\"Projeto que cria carteira de identidade para funcion\u00e1rios de cart\u00f3rios est\u00e1 na CCJ - CNR\" \/>\n<meta property=\"og:description\" content=\"Funcion\u00e1rios de cart\u00f3rios em todo o Brasil poder\u00e3o ter um documento de identidade representativo da categoria para not\u00e1rios, registradores e escreventes. \u00c9 o que determina o Projeto de Lei (PL) 5.106\/2019, que seguir\u00e1 os moldes do documento profissional emitido para advogados, jornalistas e outras categorias profissionais. A mat\u00e9ria est\u00e1 pronta para vota\u00e7\u00e3o na Comiss\u00e3o de [&hellip;]\" \/>\n<meta property=\"og:url\" content=\"https:\/\/cnr.org.br\/novoportal\/projeto-que-cria-carteira-de-identidade-para-funcionarios-de-cartorios-esta-na-ccj\/\" \/>\n<meta property=\"og:site_name\" content=\"CNR\" \/>\n<meta property=\"article:published_time\" content=\"2020-01-02T18:58:17+00:00\" \/>\n<meta property=\"article:modified_time\" content=\"2020-01-02T18:59:30+00:00\" \/>\n<meta property=\"og:image\" content=\"https:\/\/cnr.org.br\/novoportal\/wp-content\/uploads\/2020\/01\/imagem_materia.jpeg\" \/>\n\t<meta property=\"og:image:width\" content=\"860\" \/>\n\t<meta property=\"og:image:height\" content=\"570\" \/>\n\t<meta property=\"og:image:type\" content=\"image\/jpeg\" \/>\n<meta name=\"author\" content=\"Imprensa CNR\" \/>\n<meta name=\"twitter:card\" content=\"summary_large_image\" \/>\n<meta name=\"twitter:label1\" content=\"Escrito por\" \/>\n\t<meta name=\"twitter:data1\" content=\"Imprensa CNR\" \/>\n\t<meta name=\"twitter:label2\" content=\"Est. tempo de leitura\" \/>\n\t<meta name=\"twitter:data2\" content=\"2 minutos\" \/>\n<script type=\"application\/ld+json\" class=\"yoast-schema-graph\">{\"@context\":\"https:\\\/\\\/schema.org\",\"@graph\":[{\"@type\":\"Article\",\"@id\":\"https:\\\/\\\/cnr.org.br\\\/novoportal\\\/projeto-que-cria-carteira-de-identidade-para-funcionarios-de-cartorios-esta-na-ccj\\\/#article\",\"isPartOf\":{\"@id\":\"https:\\\/\\\/cnr.org.br\\\/novoportal\\\/projeto-que-cria-carteira-de-identidade-para-funcionarios-de-cartorios-esta-na-ccj\\\/\"},\"author\":{\"name\":\"Imprensa CNR\",\"@id\":\"https:\\\/\\\/cnr.org.br\\\/novoportal\\\/#\\\/schema\\\/person\\\/1f46209cd8c9d3d9887a0765b64ca66b\"},\"headline\":\"Projeto que cria carteira de identidade para funcion\u00e1rios de cart\u00f3rios est\u00e1 na CCJ\",\"datePublished\":\"2020-01-02T18:58:17+00:00\",\"dateModified\":\"2020-01-02T18:59:30+00:00\",\"mainEntityOfPage\":{\"@id\":\"https:\\\/\\\/cnr.org.br\\\/novoportal\\\/projeto-que-cria-carteira-de-identidade-para-funcionarios-de-cartorios-esta-na-ccj\\\/\"},\"wordCount\":422,\"publisher\":{\"@id\":\"https:\\\/\\\/cnr.org.br\\\/novoportal\\\/#organization\"},\"image\":{\"@id\":\"https:\\\/\\\/cnr.org.br\\\/novoportal\\\/projeto-que-cria-carteira-de-identidade-para-funcionarios-de-cartorios-esta-na-ccj\\\/#primaryimage\"},\"thumbnailUrl\":\"https:\\\/\\\/cnr.org.br\\\/site\\\/wp-content\\\/uploads\\\/2020\\\/01\\\/imagem_materia.jpeg\",\"keywords\":[\"carteira de identidade para funcion\u00e1rios de cart\u00f3rios\",\"funcion\u00e1rios de cart\u00f3rios\"],\"articleSection\":[\"Home\",\"Not\u00edcia\",\"\u00daltimas Not\u00edcias\"],\"inLanguage\":\"pt-BR\"},{\"@type\":\"WebPage\",\"@id\":\"https:\\\/\\\/cnr.org.br\\\/novoportal\\\/projeto-que-cria-carteira-de-identidade-para-funcionarios-de-cartorios-esta-na-ccj\\\/\",\"url\":\"https:\\\/\\\/cnr.org.br\\\/novoportal\\\/projeto-que-cria-carteira-de-identidade-para-funcionarios-de-cartorios-esta-na-ccj\\\/\",\"name\":\"Projeto que cria carteira de identidade para funcion\u00e1rios de cart\u00f3rios est\u00e1 na CCJ - CNR\",\"isPartOf\":{\"@id\":\"https:\\\/\\\/cnr.org.br\\\/novoportal\\\/#website\"},\"primaryImageOfPage\":{\"@id\":\"https:\\\/\\\/cnr.org.br\\\/novoportal\\\/projeto-que-cria-carteira-de-identidade-para-funcionarios-de-cartorios-esta-na-ccj\\\/#primaryimage\"},\"image\":{\"@id\":\"https:\\\/\\\/cnr.org.br\\\/novoportal\\\/projeto-que-cria-carteira-de-identidade-para-funcionarios-de-cartorios-esta-na-ccj\\\/#primaryimage\"},\"thumbnailUrl\":\"https:\\\/\\\/cnr.org.br\\\/site\\\/wp-content\\\/uploads\\\/2020\\\/01\\\/imagem_materia.jpeg\",\"datePublished\":\"2020-01-02T18:58:17+00:00\",\"dateModified\":\"2020-01-02T18:59:30+00:00\",\"breadcrumb\":{\"@id\":\"https:\\\/\\\/cnr.org.br\\\/novoportal\\\/projeto-que-cria-carteira-de-identidade-para-funcionarios-de-cartorios-esta-na-ccj\\\/#breadcrumb\"},\"inLanguage\":\"pt-BR\",\"potentialAction\":[{\"@type\":\"ReadAction\",\"target\":[\"https:\\\/\\\/cnr.org.br\\\/novoportal\\\/projeto-que-cria-carteira-de-identidade-para-funcionarios-de-cartorios-esta-na-ccj\\\/\"]}]},{\"@type\":\"ImageObject\",\"inLanguage\":\"pt-BR\",\"@id\":\"https:\\\/\\\/cnr.org.br\\\/novoportal\\\/projeto-que-cria-carteira-de-identidade-para-funcionarios-de-cartorios-esta-na-ccj\\\/#primaryimage\",\"url\":\"https:\\\/\\\/cnr.org.br\\\/site\\\/wp-content\\\/uploads\\\/2020\\\/01\\\/imagem_materia.jpeg\",\"contentUrl\":\"https:\\\/\\\/cnr.org.br\\\/site\\\/wp-content\\\/uploads\\\/2020\\\/01\\\/imagem_materia.jpeg\",\"width\":860,\"height\":570,\"caption\":\"Not\u00e1rios, registradores e escreventes ser\u00e3o os beneficiados com o projeto\"},{\"@type\":\"BreadcrumbList\",\"@id\":\"https:\\\/\\\/cnr.org.br\\\/novoportal\\\/projeto-que-cria-carteira-de-identidade-para-funcionarios-de-cartorios-esta-na-ccj\\\/#breadcrumb\",\"itemListElement\":[{\"@type\":\"ListItem\",\"position\":1,\"name\":\"In\u00edcio\",\"item\":\"https:\\\/\\\/cnr.org.br\\\/site\\\/\"},{\"@type\":\"ListItem\",\"position\":2,\"name\":\"Projeto que cria carteira de identidade para funcion\u00e1rios de cart\u00f3rios est\u00e1 na CCJ\"}]},{\"@type\":\"WebSite\",\"@id\":\"https:\\\/\\\/cnr.org.br\\\/novoportal\\\/#website\",\"url\":\"https:\\\/\\\/cnr.org.br\\\/novoportal\\\/\",\"name\":\"CNR\",\"description\":\"Confedera\u00e7\u00e3o Nacional de Not\u00e1rios e Registradores\",\"publisher\":{\"@id\":\"https:\\\/\\\/cnr.org.br\\\/novoportal\\\/#organization\"},\"potentialAction\":[{\"@type\":\"SearchAction\",\"target\":{\"@type\":\"EntryPoint\",\"urlTemplate\":\"https:\\\/\\\/cnr.org.br\\\/novoportal\\\/?s={search_term_string}\"},\"query-input\":{\"@type\":\"PropertyValueSpecification\",\"valueRequired\":true,\"valueName\":\"search_term_string\"}}],\"inLanguage\":\"pt-BR\"},{\"@type\":\"Organization\",\"@id\":\"https:\\\/\\\/cnr.org.br\\\/novoportal\\\/#organization\",\"name\":\"CNR\",\"url\":\"https:\\\/\\\/cnr.org.br\\\/novoportal\\\/\",\"logo\":{\"@type\":\"ImageObject\",\"inLanguage\":\"pt-BR\",\"@id\":\"https:\\\/\\\/cnr.org.br\\\/novoportal\\\/#\\\/schema\\\/logo\\\/image\\\/\",\"url\":\"https:\\\/\\\/cnr.org.br\\\/site\\\/wp-content\\\/uploads\\\/2026\\\/02\\\/Logo_CNR_completa_colorida_2024.png\",\"contentUrl\":\"https:\\\/\\\/cnr.org.br\\\/site\\\/wp-content\\\/uploads\\\/2026\\\/02\\\/Logo_CNR_completa_colorida_2024.png\",\"width\":910,\"height\":450,\"caption\":\"CNR\"},\"image\":{\"@id\":\"https:\\\/\\\/cnr.org.br\\\/novoportal\\\/#\\\/schema\\\/logo\\\/image\\\/\"}},{\"@type\":\"Person\",\"@id\":\"https:\\\/\\\/cnr.org.br\\\/novoportal\\\/#\\\/schema\\\/person\\\/1f46209cd8c9d3d9887a0765b64ca66b\",\"name\":\"Imprensa CNR\",\"sameAs\":[\"https:\\\/\\\/cnr.org.br\\\/site\"],\"url\":\"https:\\\/\\\/cnr.org.br\\\/site\\\/author\\\/imprensa\\\/\"}]}<\/script>\n<!-- \/ Yoast SEO plugin. -->","yoast_head_json":{"title":"Projeto que cria carteira de identidade para funcion\u00e1rios de cart\u00f3rios est\u00e1 na CCJ - CNR","robots":{"index":"index","follow":"follow","max-snippet":"max-snippet:-1","max-image-preview":"max-image-preview:large","max-video-preview":"max-video-preview:-1"},"canonical":"https:\/\/cnr.org.br\/novoportal\/projeto-que-cria-carteira-de-identidade-para-funcionarios-de-cartorios-esta-na-ccj\/","og_locale":"pt_BR","og_type":"article","og_title":"Projeto que cria carteira de identidade para funcion\u00e1rios de cart\u00f3rios est\u00e1 na CCJ - CNR","og_description":"Funcion\u00e1rios de cart\u00f3rios em todo o Brasil poder\u00e3o ter um documento de identidade representativo da categoria para not\u00e1rios, registradores e escreventes. \u00c9 o que determina o Projeto de Lei (PL) 5.106\/2019, que seguir\u00e1 os moldes do documento profissional emitido para advogados, jornalistas e outras categorias profissionais. A mat\u00e9ria est\u00e1 pronta para vota\u00e7\u00e3o na Comiss\u00e3o de [&hellip;]","og_url":"https:\/\/cnr.org.br\/novoportal\/projeto-que-cria-carteira-de-identidade-para-funcionarios-de-cartorios-esta-na-ccj\/","og_site_name":"CNR","article_published_time":"2020-01-02T18:58:17+00:00","article_modified_time":"2020-01-02T18:59:30+00:00","og_image":[{"width":860,"height":570,"url":"https:\/\/cnr.org.br\/novoportal\/wp-content\/uploads\/2020\/01\/imagem_materia.jpeg","type":"image\/jpeg"}],"author":"Imprensa CNR","twitter_card":"summary_large_image","twitter_misc":{"Escrito por":"Imprensa CNR","Est. tempo de leitura":"2 minutos"},"schema":{"@context":"https:\/\/schema.org","@graph":[{"@type":"Article","@id":"https:\/\/cnr.org.br\/novoportal\/projeto-que-cria-carteira-de-identidade-para-funcionarios-de-cartorios-esta-na-ccj\/#article","isPartOf":{"@id":"https:\/\/cnr.org.br\/novoportal\/projeto-que-cria-carteira-de-identidade-para-funcionarios-de-cartorios-esta-na-ccj\/"},"author":{"name":"Imprensa CNR","@id":"https:\/\/cnr.org.br\/novoportal\/#\/schema\/person\/1f46209cd8c9d3d9887a0765b64ca66b"},"headline":"Projeto que cria carteira de identidade para funcion\u00e1rios de cart\u00f3rios est\u00e1 na CCJ","datePublished":"2020-01-02T18:58:17+00:00","dateModified":"2020-01-02T18:59:30+00:00","mainEntityOfPage":{"@id":"https:\/\/cnr.org.br\/novoportal\/projeto-que-cria-carteira-de-identidade-para-funcionarios-de-cartorios-esta-na-ccj\/"},"wordCount":422,"publisher":{"@id":"https:\/\/cnr.org.br\/novoportal\/#organization"},"image":{"@id":"https:\/\/cnr.org.br\/novoportal\/projeto-que-cria-carteira-de-identidade-para-funcionarios-de-cartorios-esta-na-ccj\/#primaryimage"},"thumbnailUrl":"https:\/\/cnr.org.br\/site\/wp-content\/uploads\/2020\/01\/imagem_materia.jpeg","keywords":["carteira de identidade para funcion\u00e1rios de cart\u00f3rios","funcion\u00e1rios de cart\u00f3rios"],"articleSection":["Home","Not\u00edcia","\u00daltimas Not\u00edcias"],"inLanguage":"pt-BR"},{"@type":"WebPage","@id":"https:\/\/cnr.org.br\/novoportal\/projeto-que-cria-carteira-de-identidade-para-funcionarios-de-cartorios-esta-na-ccj\/","url":"https:\/\/cnr.org.br\/novoportal\/projeto-que-cria-carteira-de-identidade-para-funcionarios-de-cartorios-esta-na-ccj\/","name":"Projeto que cria carteira de identidade para funcion\u00e1rios de cart\u00f3rios est\u00e1 na CCJ - CNR","isPartOf":{"@id":"https:\/\/cnr.org.br\/novoportal\/#website"},"primaryImageOfPage":{"@id":"https:\/\/cnr.org.br\/novoportal\/projeto-que-cria-carteira-de-identidade-para-funcionarios-de-cartorios-esta-na-ccj\/#primaryimage"},"image":{"@id":"https:\/\/cnr.org.br\/novoportal\/projeto-que-cria-carteira-de-identidade-para-funcionarios-de-cartorios-esta-na-ccj\/#primaryimage"},"thumbnailUrl":"https:\/\/cnr.org.br\/site\/wp-content\/uploads\/2020\/01\/imagem_materia.jpeg","datePublished":"2020-01-02T18:58:17+00:00","dateModified":"2020-01-02T18:59:30+00:00","breadcrumb":{"@id":"https:\/\/cnr.org.br\/novoportal\/projeto-que-cria-carteira-de-identidade-para-funcionarios-de-cartorios-esta-na-ccj\/#breadcrumb"},"inLanguage":"pt-BR","potentialAction":[{"@type":"ReadAction","target":["https:\/\/cnr.org.br\/novoportal\/projeto-que-cria-carteira-de-identidade-para-funcionarios-de-cartorios-esta-na-ccj\/"]}]},{"@type":"ImageObject","inLanguage":"pt-BR","@id":"https:\/\/cnr.org.br\/novoportal\/projeto-que-cria-carteira-de-identidade-para-funcionarios-de-cartorios-esta-na-ccj\/#primaryimage","url":"https:\/\/cnr.org.br\/site\/wp-content\/uploads\/2020\/01\/imagem_materia.jpeg","contentUrl":"https:\/\/cnr.org.br\/site\/wp-content\/uploads\/2020\/01\/imagem_materia.jpeg","width":860,"height":570,"caption":"Not\u00e1rios, registradores e escreventes ser\u00e3o os beneficiados com o projeto"},{"@type":"BreadcrumbList","@id":"https:\/\/cnr.org.br\/novoportal\/projeto-que-cria-carteira-de-identidade-para-funcionarios-de-cartorios-esta-na-ccj\/#breadcrumb","itemListElement":[{"@type":"ListItem","position":1,"name":"In\u00edcio","item":"https:\/\/cnr.org.br\/site\/"},{"@type":"ListItem","position":2,"name":"Projeto que cria carteira de identidade para funcion\u00e1rios de cart\u00f3rios est\u00e1 na CCJ"}]},{"@type":"WebSite","@id":"https:\/\/cnr.org.br\/novoportal\/#website","url":"https:\/\/cnr.org.br\/novoportal\/","name":"CNR","description":"Confedera\u00e7\u00e3o Nacional de Not\u00e1rios e Registradores","publisher":{"@id":"https:\/\/cnr.org.br\/novoportal\/#organization"},"potentialAction":[{"@type":"SearchAction","target":{"@type":"EntryPoint","urlTemplate":"https:\/\/cnr.org.br\/novoportal\/?s={search_term_string}"},"query-input":{"@type":"PropertyValueSpecification","valueRequired":true,"valueName":"search_term_string"}}],"inLanguage":"pt-BR"},{"@type":"Organization","@id":"https:\/\/cnr.org.br\/novoportal\/#organization","name":"CNR","url":"https:\/\/cnr.org.br\/novoportal\/","logo":{"@type":"ImageObject","inLanguage":"pt-BR","@id":"https:\/\/cnr.org.br\/novoportal\/#\/schema\/logo\/image\/","url":"https:\/\/cnr.org.br\/site\/wp-content\/uploads\/2026\/02\/Logo_CNR_completa_colorida_2024.png","contentUrl":"https:\/\/cnr.org.br\/site\/wp-content\/uploads\/2026\/02\/Logo_CNR_completa_colorida_2024.png","width":910,"height":450,"caption":"CNR"},"image":{"@id":"https:\/\/cnr.org.br\/novoportal\/#\/schema\/logo\/image\/"}},{"@type":"Person","@id":"https:\/\/cnr.org.br\/novoportal\/#\/schema\/person\/1f46209cd8c9d3d9887a0765b64ca66b","name":"Imprensa CNR","sameAs":["https:\/\/cnr.org.br\/site"],"url":"https:\/\/cnr.org.br\/site\/author\/imprensa\/"}]}},"_links":{"self":[{"href":"https:\/\/cnr.org.br\/site\/wp-json\/wp\/v2\/posts\/16983","targetHints":{"allow":["GET"]}}],"collection":[{"href":"https:\/\/cnr.org.br\/site\/wp-json\/wp\/v2\/posts"}],"about":[{"href":"https:\/\/cnr.org.br\/site\/wp-json\/wp\/v2\/types\/post"}],"author":[{"embeddable":true,"href":"https:\/\/cnr.org.br\/site\/wp-json\/wp\/v2\/users\/2"}],"replies":[{"embeddable":true,"href":"https:\/\/cnr.org.br\/site\/wp-json\/wp\/v2\/comments?post=16983"}],"version-history":[{"count":0,"href":"https:\/\/cnr.org.br\/site\/wp-json\/wp\/v2\/posts\/16983\/revisions"}],"wp:featuredmedia":[{"embeddable":true,"href":"https:\/\/cnr.org.br\/site\/wp-json\/wp\/v2\/media\/16984"}],"wp:attachment":[{"href":"https:\/\/cnr.org.br\/site\/wp-json\/wp\/v2\/media?parent=16983"}],"wp:term":[{"taxonomy":"category","embeddable":true,"href":"https:\/\/cnr.org.br\/site\/wp-json\/wp\/v2\/categories?post=16983"},{"taxonomy":"post_tag","embeddable":true,"href":"https:\/\/cnr.org.br\/site\/wp-json\/wp\/v2\/tags?post=16983"}],"curies":[{"name":"wp","href":"https:\/\/api.w.org\/{rel}","templated":true}]}}