{"id":17188,"date":"2020-01-17T12:42:02","date_gmt":"2020-01-17T14:42:02","guid":{"rendered":"https:\/\/cnr.org.br\/site\/?p=17188"},"modified":"2020-01-17T12:42:02","modified_gmt":"2020-01-17T14:42:02","slug":"projeto-inclui-trabalho-multifuncional-na-clt","status":"publish","type":"post","link":"https:\/\/cnr.org.br\/site\/projeto-inclui-trabalho-multifuncional-na-clt\/","title":{"rendered":"Projeto inclui trabalho multifuncional na CLT"},"content":{"rendered":"<div id=\"dslc-theme-content\"><div id=\"dslc-theme-content-inner\"><p>O Projeto de Lei 5670\/19 inclui na Consolida\u00e7\u00e3o das Leis do Trabalho (CLT) a regula\u00e7\u00e3o do trabalho multifuncional. Pelo texto, que tramita na C\u00e2mara dos Deputados, a rela\u00e7\u00e3o de emprego poder\u00e1 ser admitida no contrato individual de trabalho tanto por especificidade ou predomin\u00e2ncia de fun\u00e7\u00e3o como por multifuncionalidade.<\/p>\n<p>Outro ponto da proposta passa a n\u00e3o considerar unilateral a determina\u00e7\u00e3o do empregador para que a atividade do empregado seja multifuncional, nos termos definidos em acordo ou conven\u00e7\u00e3o coletiva de trabalho. Ainda segundo o projeto, n\u00e3o ser\u00e1 exigido do empregado contratado por multifuncionalidade o desempenho de atividade mais complexa do que a sua compet\u00eancia principal.<\/p>\n<p>O autor da mat\u00e9ria, deputado\u00a0<a href=\"https:\/\/www.camara.leg.br\/deputados\/204419\">Glaustin Fokus (PSC-GO)<\/a>, aponta a necessidade de regula\u00e7\u00e3o da multifuncionalidade no contexto da nova organiza\u00e7\u00e3o do trabalho contempor\u00e2neo, a fim de gerar seguran\u00e7a jur\u00eddica.<\/p>\n<p>\u201c\u00c9 comum nos dias atuais a fun\u00e7\u00e3o da secret\u00e1ria que n\u00e3o \u00e9 s\u00f3 secret\u00e1ria, pois atende as liga\u00e7\u00f5es da empresa, serve cafezinho e ainda d\u00e1 suporte \u00e0 equipe, sem que isso gere qualquer discrimina\u00e7\u00e3o entre os trabalhos\u201d, exemplifica o parlamentar. \u201cNo entanto, segundo nossa legisla\u00e7\u00e3o, o empregado n\u00e3o pode ser contratado para ficar \u00e0 merc\u00ea do empregador\u201d, observa.<\/p>\n<p>Segundo Fokus, a contrata\u00e7\u00e3o de empregado na forma multifuncional n\u00e3o \u00e9 para ser admitida em todos os casos, mas apenas nas situa\u00e7\u00f5es que levem em considera\u00e7\u00e3o a necessidade da empresa, a racionalidade do servi\u00e7o e as demais compet\u00eancias do trabalhador. Ele tamb\u00e9m ressalta que os trabalhadores participar\u00e3o do processo por meio de sua representa\u00e7\u00e3o sindical, para a defini\u00e7\u00e3o de crit\u00e9rios.<\/p>\n<p>Ele lembra ainda que a multifun\u00e7\u00e3o j\u00e1 tem previs\u00e3o legal na nova\u00a0<a href=\"https:\/\/www2.camara.leg.br\/legin\/fed\/lei\/2013\/lei-12815-5-junho-2013-776175-norma-pl.html\">Lei dos Portos<\/a>, que prev\u00ea o treinamento multifuncional do trabalhador portu\u00e1rio e do trabalhador portu\u00e1rio avulso.<\/p>\n<p><strong>Tramita\u00e7\u00e3o<\/strong><br \/>\nO projeto tramita em\u00a0<span id=\"4322\" class=\"termoGlossario\" title=\"\" contenteditable=\"false\" data-toggle=\"tooltip\" data-placement=\"top\" data-original-title=\"Rito de tramita\u00e7\u00e3o pelo qual o projeto \u00e9 votado apenas pelas comiss\u00f5es designadas para analis\u00e1-lo, dispensada a delibera\u00e7\u00e3o do Plen\u00e1rio. O projeto perde o car\u00e1ter conclusivo se houver decis\u00e3o divergente entre as comiss\u00f5es ou se, independentemente de ser aprovado ou rejeitado, houver recurso assinado por 52 deputados para a aprecia\u00e7\u00e3o da mat\u00e9ria no Plen\u00e1rio.\">car\u00e1ter conclusivo<\/span>\u00a0e ser\u00e1 analisado pelas comiss\u00f5es de Trabalho, de Administra\u00e7\u00e3o e Servi\u00e7o P\u00fablico; e de Constitui\u00e7\u00e3o e Justi\u00e7a e de Cidadania.<\/p>\n<p>Reportagem - No\u00e9li Nobre<br \/>\nEdi\u00e7\u00e3o - Marcia Becker<\/p>\n<p>&nbsp;<\/p>\n<p>Fonte:<a href=\"https:\/\/www.camara.leg.br\/noticias\/630392-projeto-inclui-trabalho-multifuncional-na-clt\/\"> C\u00e2mara dos deputados\u00a0<\/a><\/p>\n<\/div><\/div>","protected":false},"excerpt":{"rendered":"<p>O Projeto de Lei 5670\/19 inclui na Consolida\u00e7\u00e3o das Leis do Trabalho (CLT) a regula\u00e7\u00e3o do trabalho multifuncional. Pelo texto, que tramita na C\u00e2mara dos Deputados, a rela\u00e7\u00e3o de emprego poder\u00e1 ser admitida no contrato individual de trabalho tanto por especificidade ou predomin\u00e2ncia de fun\u00e7\u00e3o como por multifuncionalidade. Outro ponto da proposta passa a n\u00e3o [&hellip;]<\/p>\n","protected":false},"author":2,"featured_media":17189,"comment_status":"closed","ping_status":"closed","sticky":false,"template":"","format":"standard","meta":{"footnotes":"","_links_to":"","_links_to_target":""},"categories":[525,47],"tags":[620],"class_list":["post-17188","post","type-post","status-publish","format-standard","has-post-thumbnail","hentry","category-home","category-ultimas-noticias","tag-multifuncional-na-clt"],"yoast_head":"<!-- This site is optimized with the Yoast SEO plugin v28.4 - https:\/\/yoast.com\/product\/yoast-seo-wordpress\/ -->\n<title>Projeto inclui trabalho multifuncional na CLT - CNR<\/title>\n<meta name=\"robots\" content=\"index, follow, max-snippet:-1, max-image-preview:large, max-video-preview:-1\" \/>\n<link rel=\"canonical\" href=\"https:\/\/cnr.org.br\/novoportal\/projeto-inclui-trabalho-multifuncional-na-clt\/\" \/>\n<meta property=\"og:locale\" content=\"pt_BR\" \/>\n<meta property=\"og:type\" content=\"article\" \/>\n<meta property=\"og:title\" content=\"Projeto inclui trabalho multifuncional na CLT - CNR\" \/>\n<meta property=\"og:description\" content=\"O Projeto de Lei 5670\/19 inclui na Consolida\u00e7\u00e3o das Leis do Trabalho (CLT) a regula\u00e7\u00e3o do trabalho multifuncional. Pelo texto, que tramita na C\u00e2mara dos Deputados, a rela\u00e7\u00e3o de emprego poder\u00e1 ser admitida no contrato individual de trabalho tanto por especificidade ou predomin\u00e2ncia de fun\u00e7\u00e3o como por multifuncionalidade. Outro ponto da proposta passa a n\u00e3o [&hellip;]\" \/>\n<meta property=\"og:url\" content=\"https:\/\/cnr.org.br\/novoportal\/projeto-inclui-trabalho-multifuncional-na-clt\/\" \/>\n<meta property=\"og:site_name\" content=\"CNR\" \/>\n<meta property=\"article:published_time\" content=\"2020-01-17T14:42:02+00:00\" \/>\n<meta property=\"og:image\" content=\"https:\/\/cnr.org.br\/novoportal\/wp-content\/uploads\/2020\/01\/img20190221173614687-768x512.jpg\" \/>\n\t<meta property=\"og:image:width\" content=\"768\" \/>\n\t<meta property=\"og:image:height\" content=\"512\" \/>\n\t<meta property=\"og:image:type\" content=\"image\/jpeg\" \/>\n<meta name=\"author\" content=\"Imprensa CNR\" \/>\n<meta name=\"twitter:card\" content=\"summary_large_image\" \/>\n<meta name=\"twitter:label1\" content=\"Escrito por\" \/>\n\t<meta name=\"twitter:data1\" content=\"Imprensa CNR\" \/>\n\t<meta name=\"twitter:label2\" content=\"Est. tempo de leitura\" \/>\n\t<meta name=\"twitter:data2\" content=\"2 minutos\" \/>\n<script type=\"application\/ld+json\" class=\"yoast-schema-graph\">{\"@context\":\"https:\\\/\\\/schema.org\",\"@graph\":[{\"@type\":\"Article\",\"@id\":\"https:\\\/\\\/cnr.org.br\\\/novoportal\\\/projeto-inclui-trabalho-multifuncional-na-clt\\\/#article\",\"isPartOf\":{\"@id\":\"https:\\\/\\\/cnr.org.br\\\/novoportal\\\/projeto-inclui-trabalho-multifuncional-na-clt\\\/\"},\"author\":{\"name\":\"Imprensa CNR\",\"@id\":\"https:\\\/\\\/cnr.org.br\\\/novoportal\\\/#\\\/schema\\\/person\\\/1f46209cd8c9d3d9887a0765b64ca66b\"},\"headline\":\"Projeto inclui trabalho multifuncional na CLT\",\"datePublished\":\"2020-01-17T14:42:02+00:00\",\"mainEntityOfPage\":{\"@id\":\"https:\\\/\\\/cnr.org.br\\\/novoportal\\\/projeto-inclui-trabalho-multifuncional-na-clt\\\/\"},\"wordCount\":369,\"publisher\":{\"@id\":\"https:\\\/\\\/cnr.org.br\\\/novoportal\\\/#organization\"},\"image\":{\"@id\":\"https:\\\/\\\/cnr.org.br\\\/novoportal\\\/projeto-inclui-trabalho-multifuncional-na-clt\\\/#primaryimage\"},\"thumbnailUrl\":\"https:\\\/\\\/cnr.org.br\\\/site\\\/wp-content\\\/uploads\\\/2020\\\/01\\\/img20190221173614687-768x512.jpg\",\"keywords\":[\"multifuncional na CLT\"],\"articleSection\":[\"Home\",\"\u00daltimas Not\u00edcias\"],\"inLanguage\":\"pt-BR\"},{\"@type\":\"WebPage\",\"@id\":\"https:\\\/\\\/cnr.org.br\\\/novoportal\\\/projeto-inclui-trabalho-multifuncional-na-clt\\\/\",\"url\":\"https:\\\/\\\/cnr.org.br\\\/novoportal\\\/projeto-inclui-trabalho-multifuncional-na-clt\\\/\",\"name\":\"Projeto inclui trabalho multifuncional na CLT - CNR\",\"isPartOf\":{\"@id\":\"https:\\\/\\\/cnr.org.br\\\/novoportal\\\/#website\"},\"primaryImageOfPage\":{\"@id\":\"https:\\\/\\\/cnr.org.br\\\/novoportal\\\/projeto-inclui-trabalho-multifuncional-na-clt\\\/#primaryimage\"},\"image\":{\"@id\":\"https:\\\/\\\/cnr.org.br\\\/novoportal\\\/projeto-inclui-trabalho-multifuncional-na-clt\\\/#primaryimage\"},\"thumbnailUrl\":\"https:\\\/\\\/cnr.org.br\\\/site\\\/wp-content\\\/uploads\\\/2020\\\/01\\\/img20190221173614687-768x512.jpg\",\"datePublished\":\"2020-01-17T14:42:02+00:00\",\"breadcrumb\":{\"@id\":\"https:\\\/\\\/cnr.org.br\\\/novoportal\\\/projeto-inclui-trabalho-multifuncional-na-clt\\\/#breadcrumb\"},\"inLanguage\":\"pt-BR\",\"potentialAction\":[{\"@type\":\"ReadAction\",\"target\":[\"https:\\\/\\\/cnr.org.br\\\/novoportal\\\/projeto-inclui-trabalho-multifuncional-na-clt\\\/\"]}]},{\"@type\":\"ImageObject\",\"inLanguage\":\"pt-BR\",\"@id\":\"https:\\\/\\\/cnr.org.br\\\/novoportal\\\/projeto-inclui-trabalho-multifuncional-na-clt\\\/#primaryimage\",\"url\":\"https:\\\/\\\/cnr.org.br\\\/site\\\/wp-content\\\/uploads\\\/2020\\\/01\\\/img20190221173614687-768x512.jpg\",\"contentUrl\":\"https:\\\/\\\/cnr.org.br\\\/site\\\/wp-content\\\/uploads\\\/2020\\\/01\\\/img20190221173614687-768x512.jpg\",\"width\":768,\"height\":512,\"caption\":\"Fokus: o projeto visa modernizar as rela\u00e7\u00f5es de trabalho no Brasil\"},{\"@type\":\"BreadcrumbList\",\"@id\":\"https:\\\/\\\/cnr.org.br\\\/novoportal\\\/projeto-inclui-trabalho-multifuncional-na-clt\\\/#breadcrumb\",\"itemListElement\":[{\"@type\":\"ListItem\",\"position\":1,\"name\":\"In\u00edcio\",\"item\":\"https:\\\/\\\/cnr.org.br\\\/site\\\/\"},{\"@type\":\"ListItem\",\"position\":2,\"name\":\"Projeto inclui trabalho multifuncional na CLT\"}]},{\"@type\":\"WebSite\",\"@id\":\"https:\\\/\\\/cnr.org.br\\\/novoportal\\\/#website\",\"url\":\"https:\\\/\\\/cnr.org.br\\\/novoportal\\\/\",\"name\":\"CNR\",\"description\":\"Confedera\u00e7\u00e3o Nacional de Not\u00e1rios e Registradores\",\"publisher\":{\"@id\":\"https:\\\/\\\/cnr.org.br\\\/novoportal\\\/#organization\"},\"potentialAction\":[{\"@type\":\"SearchAction\",\"target\":{\"@type\":\"EntryPoint\",\"urlTemplate\":\"https:\\\/\\\/cnr.org.br\\\/novoportal\\\/?s={search_term_string}\"},\"query-input\":{\"@type\":\"PropertyValueSpecification\",\"valueRequired\":true,\"valueName\":\"search_term_string\"}}],\"inLanguage\":\"pt-BR\"},{\"@type\":\"Organization\",\"@id\":\"https:\\\/\\\/cnr.org.br\\\/novoportal\\\/#organization\",\"name\":\"CNR\",\"url\":\"https:\\\/\\\/cnr.org.br\\\/novoportal\\\/\",\"logo\":{\"@type\":\"ImageObject\",\"inLanguage\":\"pt-BR\",\"@id\":\"https:\\\/\\\/cnr.org.br\\\/novoportal\\\/#\\\/schema\\\/logo\\\/image\\\/\",\"url\":\"https:\\\/\\\/cnr.org.br\\\/site\\\/wp-content\\\/uploads\\\/2026\\\/02\\\/Logo_CNR_completa_colorida_2024.png\",\"contentUrl\":\"https:\\\/\\\/cnr.org.br\\\/site\\\/wp-content\\\/uploads\\\/2026\\\/02\\\/Logo_CNR_completa_colorida_2024.png\",\"width\":910,\"height\":450,\"caption\":\"CNR\"},\"image\":{\"@id\":\"https:\\\/\\\/cnr.org.br\\\/novoportal\\\/#\\\/schema\\\/logo\\\/image\\\/\"}},{\"@type\":\"Person\",\"@id\":\"https:\\\/\\\/cnr.org.br\\\/novoportal\\\/#\\\/schema\\\/person\\\/1f46209cd8c9d3d9887a0765b64ca66b\",\"name\":\"Imprensa CNR\",\"sameAs\":[\"https:\\\/\\\/cnr.org.br\\\/site\"],\"url\":\"https:\\\/\\\/cnr.org.br\\\/site\\\/author\\\/imprensa\\\/\"}]}<\/script>\n<!-- \/ Yoast SEO plugin. -->","yoast_head_json":{"title":"Projeto inclui trabalho multifuncional na CLT - CNR","robots":{"index":"index","follow":"follow","max-snippet":"max-snippet:-1","max-image-preview":"max-image-preview:large","max-video-preview":"max-video-preview:-1"},"canonical":"https:\/\/cnr.org.br\/novoportal\/projeto-inclui-trabalho-multifuncional-na-clt\/","og_locale":"pt_BR","og_type":"article","og_title":"Projeto inclui trabalho multifuncional na CLT - CNR","og_description":"O Projeto de Lei 5670\/19 inclui na Consolida\u00e7\u00e3o das Leis do Trabalho (CLT) a regula\u00e7\u00e3o do trabalho multifuncional. Pelo texto, que tramita na C\u00e2mara dos Deputados, a rela\u00e7\u00e3o de emprego poder\u00e1 ser admitida no contrato individual de trabalho tanto por especificidade ou predomin\u00e2ncia de fun\u00e7\u00e3o como por multifuncionalidade. Outro ponto da proposta passa a n\u00e3o [&hellip;]","og_url":"https:\/\/cnr.org.br\/novoportal\/projeto-inclui-trabalho-multifuncional-na-clt\/","og_site_name":"CNR","article_published_time":"2020-01-17T14:42:02+00:00","og_image":[{"width":768,"height":512,"url":"https:\/\/cnr.org.br\/novoportal\/wp-content\/uploads\/2020\/01\/img20190221173614687-768x512.jpg","type":"image\/jpeg"}],"author":"Imprensa CNR","twitter_card":"summary_large_image","twitter_misc":{"Escrito por":"Imprensa CNR","Est. tempo de leitura":"2 minutos"},"schema":{"@context":"https:\/\/schema.org","@graph":[{"@type":"Article","@id":"https:\/\/cnr.org.br\/novoportal\/projeto-inclui-trabalho-multifuncional-na-clt\/#article","isPartOf":{"@id":"https:\/\/cnr.org.br\/novoportal\/projeto-inclui-trabalho-multifuncional-na-clt\/"},"author":{"name":"Imprensa CNR","@id":"https:\/\/cnr.org.br\/novoportal\/#\/schema\/person\/1f46209cd8c9d3d9887a0765b64ca66b"},"headline":"Projeto inclui trabalho multifuncional na CLT","datePublished":"2020-01-17T14:42:02+00:00","mainEntityOfPage":{"@id":"https:\/\/cnr.org.br\/novoportal\/projeto-inclui-trabalho-multifuncional-na-clt\/"},"wordCount":369,"publisher":{"@id":"https:\/\/cnr.org.br\/novoportal\/#organization"},"image":{"@id":"https:\/\/cnr.org.br\/novoportal\/projeto-inclui-trabalho-multifuncional-na-clt\/#primaryimage"},"thumbnailUrl":"https:\/\/cnr.org.br\/site\/wp-content\/uploads\/2020\/01\/img20190221173614687-768x512.jpg","keywords":["multifuncional na CLT"],"articleSection":["Home","\u00daltimas Not\u00edcias"],"inLanguage":"pt-BR"},{"@type":"WebPage","@id":"https:\/\/cnr.org.br\/novoportal\/projeto-inclui-trabalho-multifuncional-na-clt\/","url":"https:\/\/cnr.org.br\/novoportal\/projeto-inclui-trabalho-multifuncional-na-clt\/","name":"Projeto inclui trabalho multifuncional na CLT - CNR","isPartOf":{"@id":"https:\/\/cnr.org.br\/novoportal\/#website"},"primaryImageOfPage":{"@id":"https:\/\/cnr.org.br\/novoportal\/projeto-inclui-trabalho-multifuncional-na-clt\/#primaryimage"},"image":{"@id":"https:\/\/cnr.org.br\/novoportal\/projeto-inclui-trabalho-multifuncional-na-clt\/#primaryimage"},"thumbnailUrl":"https:\/\/cnr.org.br\/site\/wp-content\/uploads\/2020\/01\/img20190221173614687-768x512.jpg","datePublished":"2020-01-17T14:42:02+00:00","breadcrumb":{"@id":"https:\/\/cnr.org.br\/novoportal\/projeto-inclui-trabalho-multifuncional-na-clt\/#breadcrumb"},"inLanguage":"pt-BR","potentialAction":[{"@type":"ReadAction","target":["https:\/\/cnr.org.br\/novoportal\/projeto-inclui-trabalho-multifuncional-na-clt\/"]}]},{"@type":"ImageObject","inLanguage":"pt-BR","@id":"https:\/\/cnr.org.br\/novoportal\/projeto-inclui-trabalho-multifuncional-na-clt\/#primaryimage","url":"https:\/\/cnr.org.br\/site\/wp-content\/uploads\/2020\/01\/img20190221173614687-768x512.jpg","contentUrl":"https:\/\/cnr.org.br\/site\/wp-content\/uploads\/2020\/01\/img20190221173614687-768x512.jpg","width":768,"height":512,"caption":"Fokus: o projeto visa modernizar as rela\u00e7\u00f5es de trabalho no Brasil"},{"@type":"BreadcrumbList","@id":"https:\/\/cnr.org.br\/novoportal\/projeto-inclui-trabalho-multifuncional-na-clt\/#breadcrumb","itemListElement":[{"@type":"ListItem","position":1,"name":"In\u00edcio","item":"https:\/\/cnr.org.br\/site\/"},{"@type":"ListItem","position":2,"name":"Projeto inclui trabalho multifuncional na CLT"}]},{"@type":"WebSite","@id":"https:\/\/cnr.org.br\/novoportal\/#website","url":"https:\/\/cnr.org.br\/novoportal\/","name":"CNR","description":"Confedera\u00e7\u00e3o Nacional de Not\u00e1rios e Registradores","publisher":{"@id":"https:\/\/cnr.org.br\/novoportal\/#organization"},"potentialAction":[{"@type":"SearchAction","target":{"@type":"EntryPoint","urlTemplate":"https:\/\/cnr.org.br\/novoportal\/?s={search_term_string}"},"query-input":{"@type":"PropertyValueSpecification","valueRequired":true,"valueName":"search_term_string"}}],"inLanguage":"pt-BR"},{"@type":"Organization","@id":"https:\/\/cnr.org.br\/novoportal\/#organization","name":"CNR","url":"https:\/\/cnr.org.br\/novoportal\/","logo":{"@type":"ImageObject","inLanguage":"pt-BR","@id":"https:\/\/cnr.org.br\/novoportal\/#\/schema\/logo\/image\/","url":"https:\/\/cnr.org.br\/site\/wp-content\/uploads\/2026\/02\/Logo_CNR_completa_colorida_2024.png","contentUrl":"https:\/\/cnr.org.br\/site\/wp-content\/uploads\/2026\/02\/Logo_CNR_completa_colorida_2024.png","width":910,"height":450,"caption":"CNR"},"image":{"@id":"https:\/\/cnr.org.br\/novoportal\/#\/schema\/logo\/image\/"}},{"@type":"Person","@id":"https:\/\/cnr.org.br\/novoportal\/#\/schema\/person\/1f46209cd8c9d3d9887a0765b64ca66b","name":"Imprensa CNR","sameAs":["https:\/\/cnr.org.br\/site"],"url":"https:\/\/cnr.org.br\/site\/author\/imprensa\/"}]}},"_links":{"self":[{"href":"https:\/\/cnr.org.br\/site\/wp-json\/wp\/v2\/posts\/17188","targetHints":{"allow":["GET"]}}],"collection":[{"href":"https:\/\/cnr.org.br\/site\/wp-json\/wp\/v2\/posts"}],"about":[{"href":"https:\/\/cnr.org.br\/site\/wp-json\/wp\/v2\/types\/post"}],"author":[{"embeddable":true,"href":"https:\/\/cnr.org.br\/site\/wp-json\/wp\/v2\/users\/2"}],"replies":[{"embeddable":true,"href":"https:\/\/cnr.org.br\/site\/wp-json\/wp\/v2\/comments?post=17188"}],"version-history":[{"count":0,"href":"https:\/\/cnr.org.br\/site\/wp-json\/wp\/v2\/posts\/17188\/revisions"}],"wp:featuredmedia":[{"embeddable":true,"href":"https:\/\/cnr.org.br\/site\/wp-json\/wp\/v2\/media\/17189"}],"wp:attachment":[{"href":"https:\/\/cnr.org.br\/site\/wp-json\/wp\/v2\/media?parent=17188"}],"wp:term":[{"taxonomy":"category","embeddable":true,"href":"https:\/\/cnr.org.br\/site\/wp-json\/wp\/v2\/categories?post=17188"},{"taxonomy":"post_tag","embeddable":true,"href":"https:\/\/cnr.org.br\/site\/wp-json\/wp\/v2\/tags?post=17188"}],"curies":[{"name":"wp","href":"https:\/\/api.w.org\/{rel}","templated":true}]}}