{"id":17780,"date":"2020-03-06T14:40:27","date_gmt":"2020-03-06T17:40:27","guid":{"rendered":"https:\/\/cnr.org.br\/site\/?p=17780"},"modified":"2020-03-06T14:40:27","modified_gmt":"2020-03-06T17:40:27","slug":"presidente-da-cnr-participa-da-entrega-do-diploma-de-merito-coaf","status":"publish","type":"post","link":"https:\/\/cnr.org.br\/site\/presidente-da-cnr-participa-da-entrega-do-diploma-de-merito-coaf\/","title":{"rendered":"Presidente da CNR participa da entrega do Diploma de M\u00e9rito Coaf"},"content":{"rendered":"<div id=\"dslc-theme-content\"><div id=\"dslc-theme-content-inner\"><p><span style=\"font-weight: 400;\">Aconteceu na quarta-feira a cerim\u00f4nia de entrega do Diploma de M\u00e9rito Coaf 2020, realizada na sede do Banco Central do Brasil, em Bras\u00edlia (DF). Na ocasi\u00e3o, o Dr. Jorsenildo Dourado Nascimento, juiz-auxiliar da Corregedoria Nacional de Justi\u00e7a, foi um dos homenageados. A Confedera\u00e7\u00e3o Nacional de Not\u00e1rios e Registradores (CNR) foi representada na solenidade por seu presidente, Rog\u00e9rio Portugal Bacellar. Tamb\u00e9m marcaram presen\u00e7a o presidente do COAF, Ricardo Li\u00e1o, e o Ministro Mauro Campbell, do Superior Tribunal de Justi\u00e7a (STJ). Al\u00e9m do vice-presidente da CNR e presidente da Federa\u00e7\u00e3o Interestadual de Not\u00e1rios e Registradores do Norte Nordeste\u00a0 (Finnotar), Jos\u00e9 Marcelo Lima Filho.<\/span><\/p>\n<p>&nbsp;<\/p>\n<h4><b>Diploma de M\u00e9rito COAF<\/b><\/h4>\n<p><span style=\"font-weight: 400;\">Anualmente, o Conselho de Controle de Atividades Financeiras (Coaf) reconhece personalidades e institui\u00e7\u00f5es que se destacam na preven\u00e7\u00e3o e combate \u00e0 lavagem de dinheiro. Os homenageados recebem o<\/span><a href=\"https:\/\/www.fazenda.gov.br\/assuntos\/prevencao-lavagem-dinheiro\/diploma-de-merito\"> <span style=\"font-weight: 400;\">Diploma de M\u00e9rito Coaf<\/span><\/a><span style=\"font-weight: 400;\">. A honraria \u00e9 concedida com base nos servi\u00e7os, trabalhos ou estudos realizados, e que tenham beneficiado ou apoiado a entidade em suas atividades.<\/span><\/p>\n<p>&nbsp;<\/p>\n<h4><b>Provimento n\u00ba 88<\/b><\/h4>\n<p><span style=\"font-weight: 400;\">Desde o in\u00edcio de fevereiro, not\u00e1rios e registradores de todo o pa\u00eds devem comunicar ao<\/span><span style=\"font-weight: 400;\"> Coaf<\/span><span style=\"font-weight: 400;\"> transa\u00e7\u00f5es financeiras consideradas suspeitas<\/span><span style=\"font-weight: 400;\">. O Provimento n\u00ba 88 <\/span><span style=\"font-weight: 400;\">foi assinado pelo <\/span><span style=\"font-weight: 400;\">Corregedor Nacional de Justi\u00e7a, ministro Humberto Martins,<\/span><span style=\"font-weight: 400;\"> em outubro de 2019. Para a atua\u00e7\u00e3o dos cart\u00f3rios no combate \u00e0 corrup\u00e7\u00e3o, os profissionais devem se atentar a opera\u00e7\u00f5es suspeitas de lavagem de dinheiro. E, tamb\u00e9m, a oculta\u00e7\u00e3o de financiamento ao terrorismo, entre outras situa\u00e7\u00f5es suspeitas \u2013<\/span><a href=\"https:\/\/cnr.org.br\/site\/provimento-88-entenda-como-sera-a-atuacao-dos-cartorios-no-combate-a-corrupcao\/\"> <span style=\"font-weight: 400;\">saiba mais<\/span><\/a><span style=\"font-weight: 400;\">.<\/span><\/p>\n<p><span style=\"font-weight: 400;\">Acompanhe a CNR tamb\u00e9m pelas redes sociais (<\/span><a href=\"https:\/\/www.facebook.com\/confederacaonacionaldenotarioseregistradores\/\"><span style=\"font-weight: 400;\">Facebook<\/span><\/a> <span style=\"font-weight: 400;\">e<\/span><a href=\"https:\/\/www.instagram.com\/cnr_confederacao\/?hl=pt-br\"> <span style=\"font-weight: 400;\">Instagram<\/span><\/a><span style=\"font-weight: 400;\">)<\/span><span style=\"font-weight: 400;\"> para ficar por dentro das novidades da classe Notarial e Registral.<\/span><\/p>\n<\/div><\/div>","protected":false},"excerpt":{"rendered":"<p>Aconteceu na quarta-feira a cerim\u00f4nia de entrega do Diploma de M\u00e9rito Coaf 2020, realizada na sede do Banco Central do Brasil, em Bras\u00edlia (DF). Na ocasi\u00e3o, o Dr. Jorsenildo Dourado Nascimento, juiz-auxiliar da Corregedoria Nacional de Justi\u00e7a, foi um dos homenageados. A Confedera\u00e7\u00e3o Nacional de Not\u00e1rios e Registradores (CNR) foi representada na solenidade por seu [&hellip;]<\/p>\n","protected":false},"author":2,"featured_media":17781,"comment_status":"closed","ping_status":"closed","sticky":false,"template":"","format":"standard","meta":{"footnotes":"","_links_to":"","_links_to_target":""},"categories":[525,55,47],"tags":[],"class_list":["post-17780","post","type-post","status-publish","format-standard","has-post-thumbnail","hentry","category-home","category-noticia","category-ultimas-noticias"],"yoast_head":"<!-- This site is optimized with the Yoast SEO plugin v28.4 - https:\/\/yoast.com\/product\/yoast-seo-wordpress\/ -->\n<title>Presidente da CNR participa da entrega do Diploma de M\u00e9rito Coaf - CNR<\/title>\n<meta name=\"description\" content=\"Aconteceu na quarta-feira a cerim\u00f4nia de entrega do Diploma de M\u00e9rito Coaf 2020, realizada na sede do Banco Central do Brasil, em Bras\u00edlia (DF).\" \/>\n<meta name=\"robots\" content=\"index, follow, max-snippet:-1, max-image-preview:large, max-video-preview:-1\" \/>\n<link rel=\"canonical\" href=\"https:\/\/cnr.org.br\/novoportal\/presidente-da-cnr-participa-da-entrega-do-diploma-de-merito-coaf\/\" \/>\n<meta property=\"og:locale\" content=\"pt_BR\" \/>\n<meta property=\"og:type\" content=\"article\" \/>\n<meta property=\"og:title\" content=\"Presidente da CNR participa da entrega do Diploma de M\u00e9rito Coaf - CNR\" \/>\n<meta property=\"og:description\" content=\"Aconteceu na quarta-feira a cerim\u00f4nia de entrega do Diploma de M\u00e9rito Coaf 2020, realizada na sede do Banco Central do Brasil, em Bras\u00edlia (DF).\" \/>\n<meta property=\"og:url\" content=\"https:\/\/cnr.org.br\/novoportal\/presidente-da-cnr-participa-da-entrega-do-diploma-de-merito-coaf\/\" \/>\n<meta property=\"og:site_name\" content=\"CNR\" \/>\n<meta property=\"article:published_time\" content=\"2020-03-06T17:40:27+00:00\" \/>\n<meta property=\"og:image\" content=\"https:\/\/cnr.org.br\/novoportal\/wp-content\/uploads\/2020\/03\/anoreg-am.jpg\" \/>\n\t<meta property=\"og:image:width\" content=\"1242\" \/>\n\t<meta property=\"og:image:height\" content=\"636\" \/>\n\t<meta property=\"og:image:type\" content=\"image\/jpeg\" \/>\n<meta name=\"author\" content=\"Imprensa CNR\" \/>\n<meta name=\"twitter:card\" content=\"summary_large_image\" \/>\n<meta name=\"twitter:label1\" content=\"Escrito por\" \/>\n\t<meta name=\"twitter:data1\" content=\"Imprensa CNR\" \/>\n\t<meta name=\"twitter:label2\" content=\"Est. tempo de leitura\" \/>\n\t<meta name=\"twitter:data2\" content=\"1 minuto\" \/>\n<script type=\"application\/ld+json\" class=\"yoast-schema-graph\">{\"@context\":\"https:\\\/\\\/schema.org\",\"@graph\":[{\"@type\":\"Article\",\"@id\":\"https:\\\/\\\/cnr.org.br\\\/novoportal\\\/presidente-da-cnr-participa-da-entrega-do-diploma-de-merito-coaf\\\/#article\",\"isPartOf\":{\"@id\":\"https:\\\/\\\/cnr.org.br\\\/novoportal\\\/presidente-da-cnr-participa-da-entrega-do-diploma-de-merito-coaf\\\/\"},\"author\":{\"name\":\"Imprensa CNR\",\"@id\":\"https:\\\/\\\/cnr.org.br\\\/novoportal\\\/#\\\/schema\\\/person\\\/1f46209cd8c9d3d9887a0765b64ca66b\"},\"headline\":\"Presidente da CNR participa da entrega do Diploma de M\u00e9rito Coaf\",\"datePublished\":\"2020-03-06T17:40:27+00:00\",\"mainEntityOfPage\":{\"@id\":\"https:\\\/\\\/cnr.org.br\\\/novoportal\\\/presidente-da-cnr-participa-da-entrega-do-diploma-de-merito-coaf\\\/\"},\"wordCount\":297,\"publisher\":{\"@id\":\"https:\\\/\\\/cnr.org.br\\\/novoportal\\\/#organization\"},\"image\":{\"@id\":\"https:\\\/\\\/cnr.org.br\\\/novoportal\\\/presidente-da-cnr-participa-da-entrega-do-diploma-de-merito-coaf\\\/#primaryimage\"},\"thumbnailUrl\":\"https:\\\/\\\/cnr.org.br\\\/site\\\/wp-content\\\/uploads\\\/2020\\\/03\\\/anoreg-am.jpg\",\"articleSection\":[\"Home\",\"Not\u00edcia\",\"\u00daltimas Not\u00edcias\"],\"inLanguage\":\"pt-BR\"},{\"@type\":\"WebPage\",\"@id\":\"https:\\\/\\\/cnr.org.br\\\/novoportal\\\/presidente-da-cnr-participa-da-entrega-do-diploma-de-merito-coaf\\\/\",\"url\":\"https:\\\/\\\/cnr.org.br\\\/novoportal\\\/presidente-da-cnr-participa-da-entrega-do-diploma-de-merito-coaf\\\/\",\"name\":\"Presidente da CNR participa da entrega do Diploma de M\u00e9rito Coaf - CNR\",\"isPartOf\":{\"@id\":\"https:\\\/\\\/cnr.org.br\\\/novoportal\\\/#website\"},\"primaryImageOfPage\":{\"@id\":\"https:\\\/\\\/cnr.org.br\\\/novoportal\\\/presidente-da-cnr-participa-da-entrega-do-diploma-de-merito-coaf\\\/#primaryimage\"},\"image\":{\"@id\":\"https:\\\/\\\/cnr.org.br\\\/novoportal\\\/presidente-da-cnr-participa-da-entrega-do-diploma-de-merito-coaf\\\/#primaryimage\"},\"thumbnailUrl\":\"https:\\\/\\\/cnr.org.br\\\/site\\\/wp-content\\\/uploads\\\/2020\\\/03\\\/anoreg-am.jpg\",\"datePublished\":\"2020-03-06T17:40:27+00:00\",\"description\":\"Aconteceu na quarta-feira a cerim\u00f4nia de entrega do Diploma de M\u00e9rito Coaf 2020, realizada na sede do Banco Central do Brasil, em Bras\u00edlia (DF).\",\"breadcrumb\":{\"@id\":\"https:\\\/\\\/cnr.org.br\\\/novoportal\\\/presidente-da-cnr-participa-da-entrega-do-diploma-de-merito-coaf\\\/#breadcrumb\"},\"inLanguage\":\"pt-BR\",\"potentialAction\":[{\"@type\":\"ReadAction\",\"target\":[\"https:\\\/\\\/cnr.org.br\\\/novoportal\\\/presidente-da-cnr-participa-da-entrega-do-diploma-de-merito-coaf\\\/\"]}]},{\"@type\":\"ImageObject\",\"inLanguage\":\"pt-BR\",\"@id\":\"https:\\\/\\\/cnr.org.br\\\/novoportal\\\/presidente-da-cnr-participa-da-entrega-do-diploma-de-merito-coaf\\\/#primaryimage\",\"url\":\"https:\\\/\\\/cnr.org.br\\\/site\\\/wp-content\\\/uploads\\\/2020\\\/03\\\/anoreg-am.jpg\",\"contentUrl\":\"https:\\\/\\\/cnr.org.br\\\/site\\\/wp-content\\\/uploads\\\/2020\\\/03\\\/anoreg-am.jpg\",\"width\":1242,\"height\":636,\"caption\":\"Na foto, Rog\u00e9rio Portugal Bacelar, presidente da CNR, Jorsenildo Dourado Nascimento, juiz-auxiliar da CNJ, Ricardo Liao, presidente do Coaf, Mauro Campbell, ministro do STJ, e Jos\u00e9 Marcelo Lima Filho, vice-presidente da CNR e presidente da Federa\u00e7\u00e3o Interestadual de Not\u00e1rios e Registradores do Norte Nordeste (Finnotar).\"},{\"@type\":\"BreadcrumbList\",\"@id\":\"https:\\\/\\\/cnr.org.br\\\/novoportal\\\/presidente-da-cnr-participa-da-entrega-do-diploma-de-merito-coaf\\\/#breadcrumb\",\"itemListElement\":[{\"@type\":\"ListItem\",\"position\":1,\"name\":\"In\u00edcio\",\"item\":\"https:\\\/\\\/cnr.org.br\\\/site\\\/\"},{\"@type\":\"ListItem\",\"position\":2,\"name\":\"Presidente da CNR participa da entrega do Diploma de M\u00e9rito Coaf\"}]},{\"@type\":\"WebSite\",\"@id\":\"https:\\\/\\\/cnr.org.br\\\/novoportal\\\/#website\",\"url\":\"https:\\\/\\\/cnr.org.br\\\/novoportal\\\/\",\"name\":\"CNR\",\"description\":\"Confedera\u00e7\u00e3o Nacional de Not\u00e1rios e Registradores\",\"publisher\":{\"@id\":\"https:\\\/\\\/cnr.org.br\\\/novoportal\\\/#organization\"},\"potentialAction\":[{\"@type\":\"SearchAction\",\"target\":{\"@type\":\"EntryPoint\",\"urlTemplate\":\"https:\\\/\\\/cnr.org.br\\\/novoportal\\\/?s={search_term_string}\"},\"query-input\":{\"@type\":\"PropertyValueSpecification\",\"valueRequired\":true,\"valueName\":\"search_term_string\"}}],\"inLanguage\":\"pt-BR\"},{\"@type\":\"Organization\",\"@id\":\"https:\\\/\\\/cnr.org.br\\\/novoportal\\\/#organization\",\"name\":\"CNR\",\"url\":\"https:\\\/\\\/cnr.org.br\\\/novoportal\\\/\",\"logo\":{\"@type\":\"ImageObject\",\"inLanguage\":\"pt-BR\",\"@id\":\"https:\\\/\\\/cnr.org.br\\\/novoportal\\\/#\\\/schema\\\/logo\\\/image\\\/\",\"url\":\"https:\\\/\\\/cnr.org.br\\\/site\\\/wp-content\\\/uploads\\\/2026\\\/02\\\/Logo_CNR_completa_colorida_2024.png\",\"contentUrl\":\"https:\\\/\\\/cnr.org.br\\\/site\\\/wp-content\\\/uploads\\\/2026\\\/02\\\/Logo_CNR_completa_colorida_2024.png\",\"width\":910,\"height\":450,\"caption\":\"CNR\"},\"image\":{\"@id\":\"https:\\\/\\\/cnr.org.br\\\/novoportal\\\/#\\\/schema\\\/logo\\\/image\\\/\"}},{\"@type\":\"Person\",\"@id\":\"https:\\\/\\\/cnr.org.br\\\/novoportal\\\/#\\\/schema\\\/person\\\/1f46209cd8c9d3d9887a0765b64ca66b\",\"name\":\"Imprensa CNR\",\"sameAs\":[\"https:\\\/\\\/cnr.org.br\\\/site\"],\"url\":\"https:\\\/\\\/cnr.org.br\\\/site\\\/author\\\/imprensa\\\/\"}]}<\/script>\n<!-- \/ Yoast SEO plugin. -->","yoast_head_json":{"title":"Presidente da CNR participa da entrega do Diploma de M\u00e9rito Coaf - CNR","description":"Aconteceu na quarta-feira a cerim\u00f4nia de entrega do Diploma de M\u00e9rito Coaf 2020, realizada na sede do Banco Central do Brasil, em Bras\u00edlia (DF).","robots":{"index":"index","follow":"follow","max-snippet":"max-snippet:-1","max-image-preview":"max-image-preview:large","max-video-preview":"max-video-preview:-1"},"canonical":"https:\/\/cnr.org.br\/novoportal\/presidente-da-cnr-participa-da-entrega-do-diploma-de-merito-coaf\/","og_locale":"pt_BR","og_type":"article","og_title":"Presidente da CNR participa da entrega do Diploma de M\u00e9rito Coaf - CNR","og_description":"Aconteceu na quarta-feira a cerim\u00f4nia de entrega do Diploma de M\u00e9rito Coaf 2020, realizada na sede do Banco Central do Brasil, em Bras\u00edlia (DF).","og_url":"https:\/\/cnr.org.br\/novoportal\/presidente-da-cnr-participa-da-entrega-do-diploma-de-merito-coaf\/","og_site_name":"CNR","article_published_time":"2020-03-06T17:40:27+00:00","og_image":[{"width":1242,"height":636,"url":"https:\/\/cnr.org.br\/novoportal\/wp-content\/uploads\/2020\/03\/anoreg-am.jpg","type":"image\/jpeg"}],"author":"Imprensa CNR","twitter_card":"summary_large_image","twitter_misc":{"Escrito por":"Imprensa CNR","Est. tempo de leitura":"1 minuto"},"schema":{"@context":"https:\/\/schema.org","@graph":[{"@type":"Article","@id":"https:\/\/cnr.org.br\/novoportal\/presidente-da-cnr-participa-da-entrega-do-diploma-de-merito-coaf\/#article","isPartOf":{"@id":"https:\/\/cnr.org.br\/novoportal\/presidente-da-cnr-participa-da-entrega-do-diploma-de-merito-coaf\/"},"author":{"name":"Imprensa CNR","@id":"https:\/\/cnr.org.br\/novoportal\/#\/schema\/person\/1f46209cd8c9d3d9887a0765b64ca66b"},"headline":"Presidente da CNR participa da entrega do Diploma de M\u00e9rito Coaf","datePublished":"2020-03-06T17:40:27+00:00","mainEntityOfPage":{"@id":"https:\/\/cnr.org.br\/novoportal\/presidente-da-cnr-participa-da-entrega-do-diploma-de-merito-coaf\/"},"wordCount":297,"publisher":{"@id":"https:\/\/cnr.org.br\/novoportal\/#organization"},"image":{"@id":"https:\/\/cnr.org.br\/novoportal\/presidente-da-cnr-participa-da-entrega-do-diploma-de-merito-coaf\/#primaryimage"},"thumbnailUrl":"https:\/\/cnr.org.br\/site\/wp-content\/uploads\/2020\/03\/anoreg-am.jpg","articleSection":["Home","Not\u00edcia","\u00daltimas Not\u00edcias"],"inLanguage":"pt-BR"},{"@type":"WebPage","@id":"https:\/\/cnr.org.br\/novoportal\/presidente-da-cnr-participa-da-entrega-do-diploma-de-merito-coaf\/","url":"https:\/\/cnr.org.br\/novoportal\/presidente-da-cnr-participa-da-entrega-do-diploma-de-merito-coaf\/","name":"Presidente da CNR participa da entrega do Diploma de M\u00e9rito Coaf - CNR","isPartOf":{"@id":"https:\/\/cnr.org.br\/novoportal\/#website"},"primaryImageOfPage":{"@id":"https:\/\/cnr.org.br\/novoportal\/presidente-da-cnr-participa-da-entrega-do-diploma-de-merito-coaf\/#primaryimage"},"image":{"@id":"https:\/\/cnr.org.br\/novoportal\/presidente-da-cnr-participa-da-entrega-do-diploma-de-merito-coaf\/#primaryimage"},"thumbnailUrl":"https:\/\/cnr.org.br\/site\/wp-content\/uploads\/2020\/03\/anoreg-am.jpg","datePublished":"2020-03-06T17:40:27+00:00","description":"Aconteceu na quarta-feira a cerim\u00f4nia de entrega do Diploma de M\u00e9rito Coaf 2020, realizada na sede do Banco Central do Brasil, em Bras\u00edlia (DF).","breadcrumb":{"@id":"https:\/\/cnr.org.br\/novoportal\/presidente-da-cnr-participa-da-entrega-do-diploma-de-merito-coaf\/#breadcrumb"},"inLanguage":"pt-BR","potentialAction":[{"@type":"ReadAction","target":["https:\/\/cnr.org.br\/novoportal\/presidente-da-cnr-participa-da-entrega-do-diploma-de-merito-coaf\/"]}]},{"@type":"ImageObject","inLanguage":"pt-BR","@id":"https:\/\/cnr.org.br\/novoportal\/presidente-da-cnr-participa-da-entrega-do-diploma-de-merito-coaf\/#primaryimage","url":"https:\/\/cnr.org.br\/site\/wp-content\/uploads\/2020\/03\/anoreg-am.jpg","contentUrl":"https:\/\/cnr.org.br\/site\/wp-content\/uploads\/2020\/03\/anoreg-am.jpg","width":1242,"height":636,"caption":"Na foto, Rog\u00e9rio Portugal Bacelar, presidente da CNR, Jorsenildo Dourado Nascimento, juiz-auxiliar da CNJ, Ricardo Liao, presidente do Coaf, Mauro Campbell, ministro do STJ, e Jos\u00e9 Marcelo Lima Filho, vice-presidente da CNR e presidente da Federa\u00e7\u00e3o Interestadual de Not\u00e1rios e Registradores do Norte Nordeste (Finnotar)."},{"@type":"BreadcrumbList","@id":"https:\/\/cnr.org.br\/novoportal\/presidente-da-cnr-participa-da-entrega-do-diploma-de-merito-coaf\/#breadcrumb","itemListElement":[{"@type":"ListItem","position":1,"name":"In\u00edcio","item":"https:\/\/cnr.org.br\/site\/"},{"@type":"ListItem","position":2,"name":"Presidente da CNR participa da entrega do Diploma de M\u00e9rito Coaf"}]},{"@type":"WebSite","@id":"https:\/\/cnr.org.br\/novoportal\/#website","url":"https:\/\/cnr.org.br\/novoportal\/","name":"CNR","description":"Confedera\u00e7\u00e3o Nacional de Not\u00e1rios e Registradores","publisher":{"@id":"https:\/\/cnr.org.br\/novoportal\/#organization"},"potentialAction":[{"@type":"SearchAction","target":{"@type":"EntryPoint","urlTemplate":"https:\/\/cnr.org.br\/novoportal\/?s={search_term_string}"},"query-input":{"@type":"PropertyValueSpecification","valueRequired":true,"valueName":"search_term_string"}}],"inLanguage":"pt-BR"},{"@type":"Organization","@id":"https:\/\/cnr.org.br\/novoportal\/#organization","name":"CNR","url":"https:\/\/cnr.org.br\/novoportal\/","logo":{"@type":"ImageObject","inLanguage":"pt-BR","@id":"https:\/\/cnr.org.br\/novoportal\/#\/schema\/logo\/image\/","url":"https:\/\/cnr.org.br\/site\/wp-content\/uploads\/2026\/02\/Logo_CNR_completa_colorida_2024.png","contentUrl":"https:\/\/cnr.org.br\/site\/wp-content\/uploads\/2026\/02\/Logo_CNR_completa_colorida_2024.png","width":910,"height":450,"caption":"CNR"},"image":{"@id":"https:\/\/cnr.org.br\/novoportal\/#\/schema\/logo\/image\/"}},{"@type":"Person","@id":"https:\/\/cnr.org.br\/novoportal\/#\/schema\/person\/1f46209cd8c9d3d9887a0765b64ca66b","name":"Imprensa CNR","sameAs":["https:\/\/cnr.org.br\/site"],"url":"https:\/\/cnr.org.br\/site\/author\/imprensa\/"}]}},"_links":{"self":[{"href":"https:\/\/cnr.org.br\/site\/wp-json\/wp\/v2\/posts\/17780","targetHints":{"allow":["GET"]}}],"collection":[{"href":"https:\/\/cnr.org.br\/site\/wp-json\/wp\/v2\/posts"}],"about":[{"href":"https:\/\/cnr.org.br\/site\/wp-json\/wp\/v2\/types\/post"}],"author":[{"embeddable":true,"href":"https:\/\/cnr.org.br\/site\/wp-json\/wp\/v2\/users\/2"}],"replies":[{"embeddable":true,"href":"https:\/\/cnr.org.br\/site\/wp-json\/wp\/v2\/comments?post=17780"}],"version-history":[{"count":0,"href":"https:\/\/cnr.org.br\/site\/wp-json\/wp\/v2\/posts\/17780\/revisions"}],"wp:featuredmedia":[{"embeddable":true,"href":"https:\/\/cnr.org.br\/site\/wp-json\/wp\/v2\/media\/17781"}],"wp:attachment":[{"href":"https:\/\/cnr.org.br\/site\/wp-json\/wp\/v2\/media?parent=17780"}],"wp:term":[{"taxonomy":"category","embeddable":true,"href":"https:\/\/cnr.org.br\/site\/wp-json\/wp\/v2\/categories?post=17780"},{"taxonomy":"post_tag","embeddable":true,"href":"https:\/\/cnr.org.br\/site\/wp-json\/wp\/v2\/tags?post=17780"}],"curies":[{"name":"wp","href":"https:\/\/api.w.org\/{rel}","templated":true}]}}