{"id":18538,"date":"2020-04-29T13:09:57","date_gmt":"2020-04-29T16:09:57","guid":{"rendered":"https:\/\/cnr.org.br\/site\/?p=18538"},"modified":"2020-04-29T13:11:14","modified_gmt":"2020-04-29T16:11:14","slug":"cnj-referenda-provimento-78-com-adequacao-do-texto","status":"publish","type":"post","link":"https:\/\/cnr.org.br\/site\/cnj-referenda-provimento-78-com-adequacao-do-texto\/","title":{"rendered":"CNJ referenda Provimento 78 com adequa\u00e7\u00e3o do texto"},"content":{"rendered":"<div id=\"dslc-theme-content\"><div id=\"dslc-theme-content-inner\"><p style=\"text-align: justify;\">O Plen\u00e1rio do Conselho Nacional de Justi\u00e7a (CNJ) aprovou, nesta ter\u00e7a-feira (28\/4), altera\u00e7\u00e3o feita ao texto do\u00a0<a href=\"https:\/\/atos.cnj.jus.br\/atos\/detalhar\/2737\" rel=\"noopener noreferrer\">Provimento 78 da Corregedoria Nacional de Justi\u00e7a<\/a>, para adequ\u00e1-lo a recente entendimento do Supremo Tribunal Federal (STF). A principal modifica\u00e7\u00e3o foi a supress\u00e3o do par\u00e1grafo que admitia o exerc\u00edcio simult\u00e2neo da atividade cartor\u00e1ria com o mandato de vereador. A decis\u00e3o se deu por maioria de votos do colegiado.<\/p>\n<p style=\"text-align: justify;\">Editado em novembro de 2018, o Provimento 78 considerava decis\u00e3o cautelar proferida pelo STF nos autos da ADI 1.531, para admitir que not\u00e1rios e\/ou registradores pudessem exercer, cumulativamente, a verean\u00e7a com a atividade notarial, havendo compatibilidade de hor\u00e1rios.<\/p>\n<p style=\"text-align: justify;\">A recente decis\u00e3o de m\u00e9rito proferida pelo STF na ADI 1531, no entanto, declarou a constitucionalidade do artigo 25 da Lei Federal n\u00ba 8.935\/94, que preconiza que o exerc\u00edcio da atividade notarial e de registro \u00e9 incompat\u00edvel com o da advocacia, o da intermedia\u00e7\u00e3o de seus servi\u00e7os ou o de qualquer cargo, emprego ou fun\u00e7\u00e3o p\u00fablica, ainda que em comiss\u00e3o.<\/p>\n<p style=\"text-align: justify;\">Dessa forma, o STF revogou a liminar anteriormente concedida, com o entendimento de que a diploma\u00e7\u00e3o, na hip\u00f3tese de mandato eletivo, implica o afastamento da atividade cartor\u00e1ria.<\/p>\n<p style=\"text-align: justify;\"><strong>Exce\u00e7\u00e3o suprimida<\/strong><\/p>\n<p style=\"text-align: justify;\">Diante do novo entendimento, levantado em Quest\u00e3o de Ordem pela conselheira Maria Tereza Uille Gomes, o corregedor nacional de Justi\u00e7a, ministro Humberto Martins, acolheu as sugest\u00f5es e apresentou nova reda\u00e7\u00e3o ao normativo que, em s\u00edntese, suprimiu a exce\u00e7\u00e3o de cumulatividade permitida ao mandato de vereador.<\/p>\n<p style=\"text-align: justify;\">Ainda, segundo o normativo, no caso de haver a necessidade de o not\u00e1rio ou o registrador se afastarem para o exerc\u00edcio do mandato eletivo, a atividade ser\u00e1 conduzida pelo escrevente substituto, com a designa\u00e7\u00e3o contemplada pelo artigo 20, par\u00e1grafo 5\u00ba da Lei Federal n\u00ba 8.935\/94, a quem caber\u00e1 a percep\u00e7\u00e3o integral dos emolumentos gerados em decorr\u00eancia da atividade notarial e\/ou registral.<\/p>\n<p style=\"text-align: justify;\">Votaram com o relator, o ministro Dias Toffoli, presidente do CNJ, e os conselheiros Emmanoel Pereira, Luiz Fernando Tomasi Keppen, Rubens Canuto, T\u00e2nia Regina Silva Reckziegel, Fl\u00e1via Moreira, Andr\u00e9 Godinho, Maria Tereza Uille Gomes e Henrique \u00c1vila.<\/p>\n<p style=\"text-align: justify;\">Divergiram os conselheiros Candice Jobim, M\u00e1rio Guerreiro, Maria Cristiana Ziouva, Ivana Farina e Marcos Vinicius Rodrigues.<\/p>\n<p><em><strong>Fonte: Ag\u00eancia CNJ de Not\u00edcias\u00a0<\/strong><\/em><\/p>\n<p>&nbsp;<\/p>\n<p><a data-flickr-embed='true' href='https:\/\/www.flickr.com\/photos\/cnj_oficial\/albums\/72157714080053246' title='309\u00aa Sess\u00e3o Ordin\u00e1ria do Conselho Nacional de Justi\u00e7a by Conselho Nacional de Justi\u00e7a - CNJ, on Flickr'><img src='https:\/\/live.staticflickr.com\/65535\/49831100092_ca7caba350_b.jpg' width='800' height='600' alt='309\u00aa Sess\u00e3o Ordin\u00e1ria do Conselho Nacional de Justi\u00e7a'><\/a><script async src='https:\/\/embedr.flickr.com\/assets\/client-code.js' charset='utf-8'><\/script><\/p>\n<\/div><\/div>","protected":false},"excerpt":{"rendered":"<p>O Plen\u00e1rio do Conselho Nacional de Justi\u00e7a (CNJ) aprovou, nesta ter\u00e7a-feira (28\/4), altera\u00e7\u00e3o feita ao texto do\u00a0Provimento 78 da Corregedoria Nacional de Justi\u00e7a, para adequ\u00e1-lo a recente entendimento do Supremo Tribunal Federal (STF). A principal modifica\u00e7\u00e3o foi a supress\u00e3o do par\u00e1grafo que admitia o exerc\u00edcio simult\u00e2neo da atividade cartor\u00e1ria com o mandato de vereador. A [&hellip;]<\/p>\n","protected":false},"author":2,"featured_media":18539,"comment_status":"closed","ping_status":"closed","sticky":false,"template":"","format":"standard","meta":{"footnotes":"","_links_to":"","_links_to_target":""},"categories":[525,55,47],"tags":[],"class_list":["post-18538","post","type-post","status-publish","format-standard","has-post-thumbnail","hentry","category-home","category-noticia","category-ultimas-noticias"],"yoast_head":"<!-- This site is optimized with the Yoast SEO plugin v28.4 - https:\/\/yoast.com\/product\/yoast-seo-wordpress\/ -->\n<title>CNJ referenda Provimento 78 com adequa\u00e7\u00e3o do texto - CNR<\/title>\n<meta name=\"robots\" content=\"index, follow, max-snippet:-1, max-image-preview:large, max-video-preview:-1\" \/>\n<link rel=\"canonical\" href=\"https:\/\/cnr.org.br\/novoportal\/cnj-referenda-provimento-78-com-adequacao-do-texto\/\" \/>\n<meta property=\"og:locale\" content=\"pt_BR\" \/>\n<meta property=\"og:type\" content=\"article\" \/>\n<meta property=\"og:title\" content=\"CNJ referenda Provimento 78 com adequa\u00e7\u00e3o do texto - CNR\" \/>\n<meta property=\"og:description\" content=\"O Plen\u00e1rio do Conselho Nacional de Justi\u00e7a (CNJ) aprovou, nesta ter\u00e7a-feira (28\/4), altera\u00e7\u00e3o feita ao texto do\u00a0Provimento 78 da Corregedoria Nacional de Justi\u00e7a, para adequ\u00e1-lo a recente entendimento do Supremo Tribunal Federal (STF). A principal modifica\u00e7\u00e3o foi a supress\u00e3o do par\u00e1grafo que admitia o exerc\u00edcio simult\u00e2neo da atividade cartor\u00e1ria com o mandato de vereador. A [&hellip;]\" \/>\n<meta property=\"og:url\" content=\"https:\/\/cnr.org.br\/novoportal\/cnj-referenda-provimento-78-com-adequacao-do-texto\/\" \/>\n<meta property=\"og:site_name\" content=\"CNR\" \/>\n<meta property=\"article:published_time\" content=\"2020-04-29T16:09:57+00:00\" \/>\n<meta property=\"article:modified_time\" content=\"2020-04-29T16:11:14+00:00\" \/>\n<meta property=\"og:image\" content=\"https:\/\/cnr.org.br\/novoportal\/wp-content\/uploads\/2020\/04\/wp-content_uploads_2020_04_49830791921_5f04c45ae5_c.jpg\" \/>\n\t<meta property=\"og:image:width\" content=\"799\" \/>\n\t<meta property=\"og:image:height\" content=\"533\" \/>\n\t<meta property=\"og:image:type\" content=\"image\/jpeg\" \/>\n<meta name=\"author\" content=\"Imprensa CNR\" \/>\n<meta name=\"twitter:card\" content=\"summary_large_image\" \/>\n<meta name=\"twitter:label1\" content=\"Escrito por\" \/>\n\t<meta name=\"twitter:data1\" content=\"Imprensa CNR\" \/>\n\t<meta name=\"twitter:label2\" content=\"Est. tempo de leitura\" \/>\n\t<meta name=\"twitter:data2\" content=\"2 minutos\" \/>\n<script type=\"application\/ld+json\" class=\"yoast-schema-graph\">{\"@context\":\"https:\\\/\\\/schema.org\",\"@graph\":[{\"@type\":\"Article\",\"@id\":\"https:\\\/\\\/cnr.org.br\\\/novoportal\\\/cnj-referenda-provimento-78-com-adequacao-do-texto\\\/#article\",\"isPartOf\":{\"@id\":\"https:\\\/\\\/cnr.org.br\\\/novoportal\\\/cnj-referenda-provimento-78-com-adequacao-do-texto\\\/\"},\"author\":{\"name\":\"Imprensa CNR\",\"@id\":\"https:\\\/\\\/cnr.org.br\\\/novoportal\\\/#\\\/schema\\\/person\\\/1f46209cd8c9d3d9887a0765b64ca66b\"},\"headline\":\"CNJ referenda Provimento 78 com adequa\u00e7\u00e3o do texto\",\"datePublished\":\"2020-04-29T16:09:57+00:00\",\"dateModified\":\"2020-04-29T16:11:14+00:00\",\"mainEntityOfPage\":{\"@id\":\"https:\\\/\\\/cnr.org.br\\\/novoportal\\\/cnj-referenda-provimento-78-com-adequacao-do-texto\\\/\"},\"wordCount\":412,\"publisher\":{\"@id\":\"https:\\\/\\\/cnr.org.br\\\/novoportal\\\/#organization\"},\"image\":{\"@id\":\"https:\\\/\\\/cnr.org.br\\\/novoportal\\\/cnj-referenda-provimento-78-com-adequacao-do-texto\\\/#primaryimage\"},\"thumbnailUrl\":\"https:\\\/\\\/cnr.org.br\\\/site\\\/wp-content\\\/uploads\\\/2020\\\/04\\\/wp-content_uploads_2020_04_49830791921_5f04c45ae5_c.jpg\",\"articleSection\":[\"Home\",\"Not\u00edcia\",\"\u00daltimas Not\u00edcias\"],\"inLanguage\":\"pt-BR\"},{\"@type\":\"WebPage\",\"@id\":\"https:\\\/\\\/cnr.org.br\\\/novoportal\\\/cnj-referenda-provimento-78-com-adequacao-do-texto\\\/\",\"url\":\"https:\\\/\\\/cnr.org.br\\\/novoportal\\\/cnj-referenda-provimento-78-com-adequacao-do-texto\\\/\",\"name\":\"CNJ referenda Provimento 78 com adequa\u00e7\u00e3o do texto - CNR\",\"isPartOf\":{\"@id\":\"https:\\\/\\\/cnr.org.br\\\/novoportal\\\/#website\"},\"primaryImageOfPage\":{\"@id\":\"https:\\\/\\\/cnr.org.br\\\/novoportal\\\/cnj-referenda-provimento-78-com-adequacao-do-texto\\\/#primaryimage\"},\"image\":{\"@id\":\"https:\\\/\\\/cnr.org.br\\\/novoportal\\\/cnj-referenda-provimento-78-com-adequacao-do-texto\\\/#primaryimage\"},\"thumbnailUrl\":\"https:\\\/\\\/cnr.org.br\\\/site\\\/wp-content\\\/uploads\\\/2020\\\/04\\\/wp-content_uploads_2020_04_49830791921_5f04c45ae5_c.jpg\",\"datePublished\":\"2020-04-29T16:09:57+00:00\",\"dateModified\":\"2020-04-29T16:11:14+00:00\",\"breadcrumb\":{\"@id\":\"https:\\\/\\\/cnr.org.br\\\/novoportal\\\/cnj-referenda-provimento-78-com-adequacao-do-texto\\\/#breadcrumb\"},\"inLanguage\":\"pt-BR\",\"potentialAction\":[{\"@type\":\"ReadAction\",\"target\":[\"https:\\\/\\\/cnr.org.br\\\/novoportal\\\/cnj-referenda-provimento-78-com-adequacao-do-texto\\\/\"]}]},{\"@type\":\"ImageObject\",\"inLanguage\":\"pt-BR\",\"@id\":\"https:\\\/\\\/cnr.org.br\\\/novoportal\\\/cnj-referenda-provimento-78-com-adequacao-do-texto\\\/#primaryimage\",\"url\":\"https:\\\/\\\/cnr.org.br\\\/site\\\/wp-content\\\/uploads\\\/2020\\\/04\\\/wp-content_uploads_2020_04_49830791921_5f04c45ae5_c.jpg\",\"contentUrl\":\"https:\\\/\\\/cnr.org.br\\\/site\\\/wp-content\\\/uploads\\\/2020\\\/04\\\/wp-content_uploads_2020_04_49830791921_5f04c45ae5_c.jpg\",\"width\":799,\"height\":533,\"caption\":\"Foto: R\u00f4mulo Serpa\\\/Ag\u00eancia CNJ\"},{\"@type\":\"BreadcrumbList\",\"@id\":\"https:\\\/\\\/cnr.org.br\\\/novoportal\\\/cnj-referenda-provimento-78-com-adequacao-do-texto\\\/#breadcrumb\",\"itemListElement\":[{\"@type\":\"ListItem\",\"position\":1,\"name\":\"In\u00edcio\",\"item\":\"https:\\\/\\\/cnr.org.br\\\/site\\\/\"},{\"@type\":\"ListItem\",\"position\":2,\"name\":\"CNJ referenda Provimento 78 com adequa\u00e7\u00e3o do texto\"}]},{\"@type\":\"WebSite\",\"@id\":\"https:\\\/\\\/cnr.org.br\\\/novoportal\\\/#website\",\"url\":\"https:\\\/\\\/cnr.org.br\\\/novoportal\\\/\",\"name\":\"CNR\",\"description\":\"Confedera\u00e7\u00e3o Nacional de Not\u00e1rios e Registradores\",\"publisher\":{\"@id\":\"https:\\\/\\\/cnr.org.br\\\/novoportal\\\/#organization\"},\"potentialAction\":[{\"@type\":\"SearchAction\",\"target\":{\"@type\":\"EntryPoint\",\"urlTemplate\":\"https:\\\/\\\/cnr.org.br\\\/novoportal\\\/?s={search_term_string}\"},\"query-input\":{\"@type\":\"PropertyValueSpecification\",\"valueRequired\":true,\"valueName\":\"search_term_string\"}}],\"inLanguage\":\"pt-BR\"},{\"@type\":\"Organization\",\"@id\":\"https:\\\/\\\/cnr.org.br\\\/novoportal\\\/#organization\",\"name\":\"CNR\",\"url\":\"https:\\\/\\\/cnr.org.br\\\/novoportal\\\/\",\"logo\":{\"@type\":\"ImageObject\",\"inLanguage\":\"pt-BR\",\"@id\":\"https:\\\/\\\/cnr.org.br\\\/novoportal\\\/#\\\/schema\\\/logo\\\/image\\\/\",\"url\":\"https:\\\/\\\/cnr.org.br\\\/site\\\/wp-content\\\/uploads\\\/2026\\\/02\\\/Logo_CNR_completa_colorida_2024.png\",\"contentUrl\":\"https:\\\/\\\/cnr.org.br\\\/site\\\/wp-content\\\/uploads\\\/2026\\\/02\\\/Logo_CNR_completa_colorida_2024.png\",\"width\":910,\"height\":450,\"caption\":\"CNR\"},\"image\":{\"@id\":\"https:\\\/\\\/cnr.org.br\\\/novoportal\\\/#\\\/schema\\\/logo\\\/image\\\/\"}},{\"@type\":\"Person\",\"@id\":\"https:\\\/\\\/cnr.org.br\\\/novoportal\\\/#\\\/schema\\\/person\\\/1f46209cd8c9d3d9887a0765b64ca66b\",\"name\":\"Imprensa CNR\",\"sameAs\":[\"https:\\\/\\\/cnr.org.br\\\/site\"],\"url\":\"https:\\\/\\\/cnr.org.br\\\/site\\\/author\\\/imprensa\\\/\"}]}<\/script>\n<!-- \/ Yoast SEO plugin. -->","yoast_head_json":{"title":"CNJ referenda Provimento 78 com adequa\u00e7\u00e3o do texto - CNR","robots":{"index":"index","follow":"follow","max-snippet":"max-snippet:-1","max-image-preview":"max-image-preview:large","max-video-preview":"max-video-preview:-1"},"canonical":"https:\/\/cnr.org.br\/novoportal\/cnj-referenda-provimento-78-com-adequacao-do-texto\/","og_locale":"pt_BR","og_type":"article","og_title":"CNJ referenda Provimento 78 com adequa\u00e7\u00e3o do texto - CNR","og_description":"O Plen\u00e1rio do Conselho Nacional de Justi\u00e7a (CNJ) aprovou, nesta ter\u00e7a-feira (28\/4), altera\u00e7\u00e3o feita ao texto do\u00a0Provimento 78 da Corregedoria Nacional de Justi\u00e7a, para adequ\u00e1-lo a recente entendimento do Supremo Tribunal Federal (STF). A principal modifica\u00e7\u00e3o foi a supress\u00e3o do par\u00e1grafo que admitia o exerc\u00edcio simult\u00e2neo da atividade cartor\u00e1ria com o mandato de vereador. A [&hellip;]","og_url":"https:\/\/cnr.org.br\/novoportal\/cnj-referenda-provimento-78-com-adequacao-do-texto\/","og_site_name":"CNR","article_published_time":"2020-04-29T16:09:57+00:00","article_modified_time":"2020-04-29T16:11:14+00:00","og_image":[{"width":799,"height":533,"url":"https:\/\/cnr.org.br\/novoportal\/wp-content\/uploads\/2020\/04\/wp-content_uploads_2020_04_49830791921_5f04c45ae5_c.jpg","type":"image\/jpeg"}],"author":"Imprensa CNR","twitter_card":"summary_large_image","twitter_misc":{"Escrito por":"Imprensa CNR","Est. tempo de leitura":"2 minutos"},"schema":{"@context":"https:\/\/schema.org","@graph":[{"@type":"Article","@id":"https:\/\/cnr.org.br\/novoportal\/cnj-referenda-provimento-78-com-adequacao-do-texto\/#article","isPartOf":{"@id":"https:\/\/cnr.org.br\/novoportal\/cnj-referenda-provimento-78-com-adequacao-do-texto\/"},"author":{"name":"Imprensa CNR","@id":"https:\/\/cnr.org.br\/novoportal\/#\/schema\/person\/1f46209cd8c9d3d9887a0765b64ca66b"},"headline":"CNJ referenda Provimento 78 com adequa\u00e7\u00e3o do texto","datePublished":"2020-04-29T16:09:57+00:00","dateModified":"2020-04-29T16:11:14+00:00","mainEntityOfPage":{"@id":"https:\/\/cnr.org.br\/novoportal\/cnj-referenda-provimento-78-com-adequacao-do-texto\/"},"wordCount":412,"publisher":{"@id":"https:\/\/cnr.org.br\/novoportal\/#organization"},"image":{"@id":"https:\/\/cnr.org.br\/novoportal\/cnj-referenda-provimento-78-com-adequacao-do-texto\/#primaryimage"},"thumbnailUrl":"https:\/\/cnr.org.br\/site\/wp-content\/uploads\/2020\/04\/wp-content_uploads_2020_04_49830791921_5f04c45ae5_c.jpg","articleSection":["Home","Not\u00edcia","\u00daltimas Not\u00edcias"],"inLanguage":"pt-BR"},{"@type":"WebPage","@id":"https:\/\/cnr.org.br\/novoportal\/cnj-referenda-provimento-78-com-adequacao-do-texto\/","url":"https:\/\/cnr.org.br\/novoportal\/cnj-referenda-provimento-78-com-adequacao-do-texto\/","name":"CNJ referenda Provimento 78 com adequa\u00e7\u00e3o do texto - CNR","isPartOf":{"@id":"https:\/\/cnr.org.br\/novoportal\/#website"},"primaryImageOfPage":{"@id":"https:\/\/cnr.org.br\/novoportal\/cnj-referenda-provimento-78-com-adequacao-do-texto\/#primaryimage"},"image":{"@id":"https:\/\/cnr.org.br\/novoportal\/cnj-referenda-provimento-78-com-adequacao-do-texto\/#primaryimage"},"thumbnailUrl":"https:\/\/cnr.org.br\/site\/wp-content\/uploads\/2020\/04\/wp-content_uploads_2020_04_49830791921_5f04c45ae5_c.jpg","datePublished":"2020-04-29T16:09:57+00:00","dateModified":"2020-04-29T16:11:14+00:00","breadcrumb":{"@id":"https:\/\/cnr.org.br\/novoportal\/cnj-referenda-provimento-78-com-adequacao-do-texto\/#breadcrumb"},"inLanguage":"pt-BR","potentialAction":[{"@type":"ReadAction","target":["https:\/\/cnr.org.br\/novoportal\/cnj-referenda-provimento-78-com-adequacao-do-texto\/"]}]},{"@type":"ImageObject","inLanguage":"pt-BR","@id":"https:\/\/cnr.org.br\/novoportal\/cnj-referenda-provimento-78-com-adequacao-do-texto\/#primaryimage","url":"https:\/\/cnr.org.br\/site\/wp-content\/uploads\/2020\/04\/wp-content_uploads_2020_04_49830791921_5f04c45ae5_c.jpg","contentUrl":"https:\/\/cnr.org.br\/site\/wp-content\/uploads\/2020\/04\/wp-content_uploads_2020_04_49830791921_5f04c45ae5_c.jpg","width":799,"height":533,"caption":"Foto: R\u00f4mulo Serpa\/Ag\u00eancia CNJ"},{"@type":"BreadcrumbList","@id":"https:\/\/cnr.org.br\/novoportal\/cnj-referenda-provimento-78-com-adequacao-do-texto\/#breadcrumb","itemListElement":[{"@type":"ListItem","position":1,"name":"In\u00edcio","item":"https:\/\/cnr.org.br\/site\/"},{"@type":"ListItem","position":2,"name":"CNJ referenda Provimento 78 com adequa\u00e7\u00e3o do texto"}]},{"@type":"WebSite","@id":"https:\/\/cnr.org.br\/novoportal\/#website","url":"https:\/\/cnr.org.br\/novoportal\/","name":"CNR","description":"Confedera\u00e7\u00e3o Nacional de Not\u00e1rios e Registradores","publisher":{"@id":"https:\/\/cnr.org.br\/novoportal\/#organization"},"potentialAction":[{"@type":"SearchAction","target":{"@type":"EntryPoint","urlTemplate":"https:\/\/cnr.org.br\/novoportal\/?s={search_term_string}"},"query-input":{"@type":"PropertyValueSpecification","valueRequired":true,"valueName":"search_term_string"}}],"inLanguage":"pt-BR"},{"@type":"Organization","@id":"https:\/\/cnr.org.br\/novoportal\/#organization","name":"CNR","url":"https:\/\/cnr.org.br\/novoportal\/","logo":{"@type":"ImageObject","inLanguage":"pt-BR","@id":"https:\/\/cnr.org.br\/novoportal\/#\/schema\/logo\/image\/","url":"https:\/\/cnr.org.br\/site\/wp-content\/uploads\/2026\/02\/Logo_CNR_completa_colorida_2024.png","contentUrl":"https:\/\/cnr.org.br\/site\/wp-content\/uploads\/2026\/02\/Logo_CNR_completa_colorida_2024.png","width":910,"height":450,"caption":"CNR"},"image":{"@id":"https:\/\/cnr.org.br\/novoportal\/#\/schema\/logo\/image\/"}},{"@type":"Person","@id":"https:\/\/cnr.org.br\/novoportal\/#\/schema\/person\/1f46209cd8c9d3d9887a0765b64ca66b","name":"Imprensa CNR","sameAs":["https:\/\/cnr.org.br\/site"],"url":"https:\/\/cnr.org.br\/site\/author\/imprensa\/"}]}},"_links":{"self":[{"href":"https:\/\/cnr.org.br\/site\/wp-json\/wp\/v2\/posts\/18538","targetHints":{"allow":["GET"]}}],"collection":[{"href":"https:\/\/cnr.org.br\/site\/wp-json\/wp\/v2\/posts"}],"about":[{"href":"https:\/\/cnr.org.br\/site\/wp-json\/wp\/v2\/types\/post"}],"author":[{"embeddable":true,"href":"https:\/\/cnr.org.br\/site\/wp-json\/wp\/v2\/users\/2"}],"replies":[{"embeddable":true,"href":"https:\/\/cnr.org.br\/site\/wp-json\/wp\/v2\/comments?post=18538"}],"version-history":[{"count":0,"href":"https:\/\/cnr.org.br\/site\/wp-json\/wp\/v2\/posts\/18538\/revisions"}],"wp:featuredmedia":[{"embeddable":true,"href":"https:\/\/cnr.org.br\/site\/wp-json\/wp\/v2\/media\/18539"}],"wp:attachment":[{"href":"https:\/\/cnr.org.br\/site\/wp-json\/wp\/v2\/media?parent=18538"}],"wp:term":[{"taxonomy":"category","embeddable":true,"href":"https:\/\/cnr.org.br\/site\/wp-json\/wp\/v2\/categories?post=18538"},{"taxonomy":"post_tag","embeddable":true,"href":"https:\/\/cnr.org.br\/site\/wp-json\/wp\/v2\/tags?post=18538"}],"curies":[{"name":"wp","href":"https:\/\/api.w.org\/{rel}","templated":true}]}}