{"id":18550,"date":"2020-04-30T10:57:36","date_gmt":"2020-04-30T13:57:36","guid":{"rendered":"https:\/\/cnr.org.br\/site\/?p=18550"},"modified":"2020-04-30T10:57:36","modified_gmt":"2020-04-30T13:57:36","slug":"governo-adia-vigencia-da-lgpd-para-maio-de-2021-e-define-regras-para-auxilio-emergencial","status":"publish","type":"post","link":"https:\/\/cnr.org.br\/site\/governo-adia-vigencia-da-lgpd-para-maio-de-2021-e-define-regras-para-auxilio-emergencial\/","title":{"rendered":"Governo adia vig\u00eancia da LGPD para maio de 2021 e define regras para aux\u00edlio emergencial"},"content":{"rendered":"<div id=\"dslc-theme-content\"><div id=\"dslc-theme-content-inner\"><p>O governo federal adiou a vig\u00eancia da Lei\u00a0Geral de Prote\u00e7\u00e3o de Dados (LGPD) para maio de 2021 \u2014 a lei entraria em vigor em agosto.\u00a0A altera\u00e7\u00e3o consta da\u00a0<a href=\"http:\/\/www.in.gov.br\/en\/web\/dou\/-\/medida-provisoria-n-959-de-29-de-abril-de-2020-254499639\" target=\"_blank\" rel=\"noopener\">Medida Provis\u00f3ria 959<\/a>\u00a0publicada em edi\u00e7\u00e3o extra do\u00a0<em>Di\u00e1rio Oficial da Uni\u00e3o<\/em>\u00a0desta quarta-feira (29\/4).<\/p>\n<p><a href=\"https:\/\/www.conjur.com.br\/2020-abr-29\/mp-adia-vigencia-lgpd-define-regras-auxilio-emergencial\">Leia Mais<\/a><\/p>\n<\/div><\/div>","protected":false},"excerpt":{"rendered":"<p>O governo federal adiou a vig\u00eancia da Lei\u00a0Geral de Prote\u00e7\u00e3o de Dados (LGPD) para maio de 2021 \u2014 a lei entraria em vigor em agosto.\u00a0A altera\u00e7\u00e3o consta da\u00a0Medida Provis\u00f3ria 959\u00a0publicada em edi\u00e7\u00e3o extra do\u00a0Di\u00e1rio Oficial da Uni\u00e3o\u00a0desta quarta-feira (29\/4). Leia Mais<\/p>\n","protected":false},"author":2,"featured_media":18099,"comment_status":"closed","ping_status":"closed","sticky":false,"template":"","format":"standard","meta":{"footnotes":"","_links_to":"","_links_to_target":""},"categories":[525,55,47],"tags":[],"class_list":["post-18550","post","type-post","status-publish","format-standard","has-post-thumbnail","hentry","category-home","category-noticia","category-ultimas-noticias"],"yoast_head":"<!-- This site is optimized with the Yoast SEO plugin v28.4 - https:\/\/yoast.com\/product\/yoast-seo-wordpress\/ -->\n<title>Governo adia vig\u00eancia da LGPD para maio de 2021 e define regras para aux\u00edlio emergencial - CNR<\/title>\n<meta name=\"robots\" content=\"index, follow, max-snippet:-1, max-image-preview:large, max-video-preview:-1\" \/>\n<link rel=\"canonical\" href=\"https:\/\/cnr.org.br\/novoportal\/governo-adia-vigencia-da-lgpd-para-maio-de-2021-e-define-regras-para-auxilio-emergencial\/\" \/>\n<meta property=\"og:locale\" content=\"pt_BR\" \/>\n<meta property=\"og:type\" content=\"article\" \/>\n<meta property=\"og:title\" content=\"Governo adia vig\u00eancia da LGPD para maio de 2021 e define regras para aux\u00edlio emergencial - CNR\" \/>\n<meta property=\"og:description\" content=\"O governo federal adiou a vig\u00eancia da Lei\u00a0Geral de Prote\u00e7\u00e3o de Dados (LGPD) para maio de 2021 \u2014 a lei entraria em vigor em agosto.\u00a0A altera\u00e7\u00e3o consta da\u00a0Medida Provis\u00f3ria 959\u00a0publicada em edi\u00e7\u00e3o extra do\u00a0Di\u00e1rio Oficial da Uni\u00e3o\u00a0desta quarta-feira (29\/4). Leia Mais\" \/>\n<meta property=\"og:url\" content=\"https:\/\/cnr.org.br\/novoportal\/governo-adia-vigencia-da-lgpd-para-maio-de-2021-e-define-regras-para-auxilio-emergencial\/\" \/>\n<meta property=\"og:site_name\" content=\"CNR\" \/>\n<meta property=\"article:published_time\" content=\"2020-04-30T13:57:36+00:00\" \/>\n<meta property=\"og:image\" content=\"https:\/\/cnr.org.br\/novoportal\/wp-content\/uploads\/2020\/04\/calculator-1680905_1920.jpg\" \/>\n\t<meta property=\"og:image:width\" content=\"1920\" \/>\n\t<meta property=\"og:image:height\" content=\"1280\" \/>\n\t<meta property=\"og:image:type\" content=\"image\/jpeg\" \/>\n<meta name=\"author\" content=\"Imprensa CNR\" \/>\n<meta name=\"twitter:card\" content=\"summary_large_image\" \/>\n<meta name=\"twitter:label1\" content=\"Escrito por\" \/>\n\t<meta name=\"twitter:data1\" content=\"Imprensa CNR\" \/>\n<script type=\"application\/ld+json\" class=\"yoast-schema-graph\">{\"@context\":\"https:\\\/\\\/schema.org\",\"@graph\":[{\"@type\":\"Article\",\"@id\":\"https:\\\/\\\/cnr.org.br\\\/novoportal\\\/governo-adia-vigencia-da-lgpd-para-maio-de-2021-e-define-regras-para-auxilio-emergencial\\\/#article\",\"isPartOf\":{\"@id\":\"https:\\\/\\\/cnr.org.br\\\/novoportal\\\/governo-adia-vigencia-da-lgpd-para-maio-de-2021-e-define-regras-para-auxilio-emergencial\\\/\"},\"author\":{\"name\":\"Imprensa CNR\",\"@id\":\"https:\\\/\\\/cnr.org.br\\\/novoportal\\\/#\\\/schema\\\/person\\\/1f46209cd8c9d3d9887a0765b64ca66b\"},\"headline\":\"Governo adia vig\u00eancia da LGPD para maio de 2021 e define regras para aux\u00edlio emergencial\",\"datePublished\":\"2020-04-30T13:57:36+00:00\",\"mainEntityOfPage\":{\"@id\":\"https:\\\/\\\/cnr.org.br\\\/novoportal\\\/governo-adia-vigencia-da-lgpd-para-maio-de-2021-e-define-regras-para-auxilio-emergencial\\\/\"},\"wordCount\":66,\"publisher\":{\"@id\":\"https:\\\/\\\/cnr.org.br\\\/novoportal\\\/#organization\"},\"image\":{\"@id\":\"https:\\\/\\\/cnr.org.br\\\/novoportal\\\/governo-adia-vigencia-da-lgpd-para-maio-de-2021-e-define-regras-para-auxilio-emergencial\\\/#primaryimage\"},\"thumbnailUrl\":\"https:\\\/\\\/cnr.org.br\\\/site\\\/wp-content\\\/uploads\\\/2020\\\/04\\\/calculator-1680905_1920.jpg\",\"articleSection\":[\"Home\",\"Not\u00edcia\",\"\u00daltimas Not\u00edcias\"],\"inLanguage\":\"pt-BR\"},{\"@type\":\"WebPage\",\"@id\":\"https:\\\/\\\/cnr.org.br\\\/novoportal\\\/governo-adia-vigencia-da-lgpd-para-maio-de-2021-e-define-regras-para-auxilio-emergencial\\\/\",\"url\":\"https:\\\/\\\/cnr.org.br\\\/novoportal\\\/governo-adia-vigencia-da-lgpd-para-maio-de-2021-e-define-regras-para-auxilio-emergencial\\\/\",\"name\":\"Governo adia vig\u00eancia da LGPD para maio de 2021 e define regras para aux\u00edlio emergencial - CNR\",\"isPartOf\":{\"@id\":\"https:\\\/\\\/cnr.org.br\\\/novoportal\\\/#website\"},\"primaryImageOfPage\":{\"@id\":\"https:\\\/\\\/cnr.org.br\\\/novoportal\\\/governo-adia-vigencia-da-lgpd-para-maio-de-2021-e-define-regras-para-auxilio-emergencial\\\/#primaryimage\"},\"image\":{\"@id\":\"https:\\\/\\\/cnr.org.br\\\/novoportal\\\/governo-adia-vigencia-da-lgpd-para-maio-de-2021-e-define-regras-para-auxilio-emergencial\\\/#primaryimage\"},\"thumbnailUrl\":\"https:\\\/\\\/cnr.org.br\\\/site\\\/wp-content\\\/uploads\\\/2020\\\/04\\\/calculator-1680905_1920.jpg\",\"datePublished\":\"2020-04-30T13:57:36+00:00\",\"breadcrumb\":{\"@id\":\"https:\\\/\\\/cnr.org.br\\\/novoportal\\\/governo-adia-vigencia-da-lgpd-para-maio-de-2021-e-define-regras-para-auxilio-emergencial\\\/#breadcrumb\"},\"inLanguage\":\"pt-BR\",\"potentialAction\":[{\"@type\":\"ReadAction\",\"target\":[\"https:\\\/\\\/cnr.org.br\\\/novoportal\\\/governo-adia-vigencia-da-lgpd-para-maio-de-2021-e-define-regras-para-auxilio-emergencial\\\/\"]}]},{\"@type\":\"ImageObject\",\"inLanguage\":\"pt-BR\",\"@id\":\"https:\\\/\\\/cnr.org.br\\\/novoportal\\\/governo-adia-vigencia-da-lgpd-para-maio-de-2021-e-define-regras-para-auxilio-emergencial\\\/#primaryimage\",\"url\":\"https:\\\/\\\/cnr.org.br\\\/site\\\/wp-content\\\/uploads\\\/2020\\\/04\\\/calculator-1680905_1920.jpg\",\"contentUrl\":\"https:\\\/\\\/cnr.org.br\\\/site\\\/wp-content\\\/uploads\\\/2020\\\/04\\\/calculator-1680905_1920.jpg\",\"width\":1920,\"height\":1280,\"caption\":\"Calculadora mostra qual ser\u00e1 renda de trabalhador com contrato suspenso ou redu\u00e7\u00e3o de sal\u00e1rio\"},{\"@type\":\"BreadcrumbList\",\"@id\":\"https:\\\/\\\/cnr.org.br\\\/novoportal\\\/governo-adia-vigencia-da-lgpd-para-maio-de-2021-e-define-regras-para-auxilio-emergencial\\\/#breadcrumb\",\"itemListElement\":[{\"@type\":\"ListItem\",\"position\":1,\"name\":\"In\u00edcio\",\"item\":\"https:\\\/\\\/cnr.org.br\\\/site\\\/\"},{\"@type\":\"ListItem\",\"position\":2,\"name\":\"Governo adia vig\u00eancia da LGPD para maio de 2021 e define regras para aux\u00edlio emergencial\"}]},{\"@type\":\"WebSite\",\"@id\":\"https:\\\/\\\/cnr.org.br\\\/novoportal\\\/#website\",\"url\":\"https:\\\/\\\/cnr.org.br\\\/novoportal\\\/\",\"name\":\"CNR\",\"description\":\"Confedera\u00e7\u00e3o Nacional de Not\u00e1rios e Registradores\",\"publisher\":{\"@id\":\"https:\\\/\\\/cnr.org.br\\\/novoportal\\\/#organization\"},\"potentialAction\":[{\"@type\":\"SearchAction\",\"target\":{\"@type\":\"EntryPoint\",\"urlTemplate\":\"https:\\\/\\\/cnr.org.br\\\/novoportal\\\/?s={search_term_string}\"},\"query-input\":{\"@type\":\"PropertyValueSpecification\",\"valueRequired\":true,\"valueName\":\"search_term_string\"}}],\"inLanguage\":\"pt-BR\"},{\"@type\":\"Organization\",\"@id\":\"https:\\\/\\\/cnr.org.br\\\/novoportal\\\/#organization\",\"name\":\"CNR\",\"url\":\"https:\\\/\\\/cnr.org.br\\\/novoportal\\\/\",\"logo\":{\"@type\":\"ImageObject\",\"inLanguage\":\"pt-BR\",\"@id\":\"https:\\\/\\\/cnr.org.br\\\/novoportal\\\/#\\\/schema\\\/logo\\\/image\\\/\",\"url\":\"https:\\\/\\\/cnr.org.br\\\/site\\\/wp-content\\\/uploads\\\/2026\\\/02\\\/Logo_CNR_completa_colorida_2024.png\",\"contentUrl\":\"https:\\\/\\\/cnr.org.br\\\/site\\\/wp-content\\\/uploads\\\/2026\\\/02\\\/Logo_CNR_completa_colorida_2024.png\",\"width\":910,\"height\":450,\"caption\":\"CNR\"},\"image\":{\"@id\":\"https:\\\/\\\/cnr.org.br\\\/novoportal\\\/#\\\/schema\\\/logo\\\/image\\\/\"}},{\"@type\":\"Person\",\"@id\":\"https:\\\/\\\/cnr.org.br\\\/novoportal\\\/#\\\/schema\\\/person\\\/1f46209cd8c9d3d9887a0765b64ca66b\",\"name\":\"Imprensa CNR\",\"sameAs\":[\"https:\\\/\\\/cnr.org.br\\\/site\"],\"url\":\"https:\\\/\\\/cnr.org.br\\\/site\\\/author\\\/imprensa\\\/\"}]}<\/script>\n<!-- \/ Yoast SEO plugin. -->","yoast_head_json":{"title":"Governo adia vig\u00eancia da LGPD para maio de 2021 e define regras para aux\u00edlio emergencial - CNR","robots":{"index":"index","follow":"follow","max-snippet":"max-snippet:-1","max-image-preview":"max-image-preview:large","max-video-preview":"max-video-preview:-1"},"canonical":"https:\/\/cnr.org.br\/novoportal\/governo-adia-vigencia-da-lgpd-para-maio-de-2021-e-define-regras-para-auxilio-emergencial\/","og_locale":"pt_BR","og_type":"article","og_title":"Governo adia vig\u00eancia da LGPD para maio de 2021 e define regras para aux\u00edlio emergencial - CNR","og_description":"O governo federal adiou a vig\u00eancia da Lei\u00a0Geral de Prote\u00e7\u00e3o de Dados (LGPD) para maio de 2021 \u2014 a lei entraria em vigor em agosto.\u00a0A altera\u00e7\u00e3o consta da\u00a0Medida Provis\u00f3ria 959\u00a0publicada em edi\u00e7\u00e3o extra do\u00a0Di\u00e1rio Oficial da Uni\u00e3o\u00a0desta quarta-feira (29\/4). Leia Mais","og_url":"https:\/\/cnr.org.br\/novoportal\/governo-adia-vigencia-da-lgpd-para-maio-de-2021-e-define-regras-para-auxilio-emergencial\/","og_site_name":"CNR","article_published_time":"2020-04-30T13:57:36+00:00","og_image":[{"width":1920,"height":1280,"url":"https:\/\/cnr.org.br\/novoportal\/wp-content\/uploads\/2020\/04\/calculator-1680905_1920.jpg","type":"image\/jpeg"}],"author":"Imprensa CNR","twitter_card":"summary_large_image","twitter_misc":{"Escrito por":"Imprensa CNR"},"schema":{"@context":"https:\/\/schema.org","@graph":[{"@type":"Article","@id":"https:\/\/cnr.org.br\/novoportal\/governo-adia-vigencia-da-lgpd-para-maio-de-2021-e-define-regras-para-auxilio-emergencial\/#article","isPartOf":{"@id":"https:\/\/cnr.org.br\/novoportal\/governo-adia-vigencia-da-lgpd-para-maio-de-2021-e-define-regras-para-auxilio-emergencial\/"},"author":{"name":"Imprensa CNR","@id":"https:\/\/cnr.org.br\/novoportal\/#\/schema\/person\/1f46209cd8c9d3d9887a0765b64ca66b"},"headline":"Governo adia vig\u00eancia da LGPD para maio de 2021 e define regras para aux\u00edlio emergencial","datePublished":"2020-04-30T13:57:36+00:00","mainEntityOfPage":{"@id":"https:\/\/cnr.org.br\/novoportal\/governo-adia-vigencia-da-lgpd-para-maio-de-2021-e-define-regras-para-auxilio-emergencial\/"},"wordCount":66,"publisher":{"@id":"https:\/\/cnr.org.br\/novoportal\/#organization"},"image":{"@id":"https:\/\/cnr.org.br\/novoportal\/governo-adia-vigencia-da-lgpd-para-maio-de-2021-e-define-regras-para-auxilio-emergencial\/#primaryimage"},"thumbnailUrl":"https:\/\/cnr.org.br\/site\/wp-content\/uploads\/2020\/04\/calculator-1680905_1920.jpg","articleSection":["Home","Not\u00edcia","\u00daltimas Not\u00edcias"],"inLanguage":"pt-BR"},{"@type":"WebPage","@id":"https:\/\/cnr.org.br\/novoportal\/governo-adia-vigencia-da-lgpd-para-maio-de-2021-e-define-regras-para-auxilio-emergencial\/","url":"https:\/\/cnr.org.br\/novoportal\/governo-adia-vigencia-da-lgpd-para-maio-de-2021-e-define-regras-para-auxilio-emergencial\/","name":"Governo adia vig\u00eancia da LGPD para maio de 2021 e define regras para aux\u00edlio emergencial - CNR","isPartOf":{"@id":"https:\/\/cnr.org.br\/novoportal\/#website"},"primaryImageOfPage":{"@id":"https:\/\/cnr.org.br\/novoportal\/governo-adia-vigencia-da-lgpd-para-maio-de-2021-e-define-regras-para-auxilio-emergencial\/#primaryimage"},"image":{"@id":"https:\/\/cnr.org.br\/novoportal\/governo-adia-vigencia-da-lgpd-para-maio-de-2021-e-define-regras-para-auxilio-emergencial\/#primaryimage"},"thumbnailUrl":"https:\/\/cnr.org.br\/site\/wp-content\/uploads\/2020\/04\/calculator-1680905_1920.jpg","datePublished":"2020-04-30T13:57:36+00:00","breadcrumb":{"@id":"https:\/\/cnr.org.br\/novoportal\/governo-adia-vigencia-da-lgpd-para-maio-de-2021-e-define-regras-para-auxilio-emergencial\/#breadcrumb"},"inLanguage":"pt-BR","potentialAction":[{"@type":"ReadAction","target":["https:\/\/cnr.org.br\/novoportal\/governo-adia-vigencia-da-lgpd-para-maio-de-2021-e-define-regras-para-auxilio-emergencial\/"]}]},{"@type":"ImageObject","inLanguage":"pt-BR","@id":"https:\/\/cnr.org.br\/novoportal\/governo-adia-vigencia-da-lgpd-para-maio-de-2021-e-define-regras-para-auxilio-emergencial\/#primaryimage","url":"https:\/\/cnr.org.br\/site\/wp-content\/uploads\/2020\/04\/calculator-1680905_1920.jpg","contentUrl":"https:\/\/cnr.org.br\/site\/wp-content\/uploads\/2020\/04\/calculator-1680905_1920.jpg","width":1920,"height":1280,"caption":"Calculadora mostra qual ser\u00e1 renda de trabalhador com contrato suspenso ou redu\u00e7\u00e3o de sal\u00e1rio"},{"@type":"BreadcrumbList","@id":"https:\/\/cnr.org.br\/novoportal\/governo-adia-vigencia-da-lgpd-para-maio-de-2021-e-define-regras-para-auxilio-emergencial\/#breadcrumb","itemListElement":[{"@type":"ListItem","position":1,"name":"In\u00edcio","item":"https:\/\/cnr.org.br\/site\/"},{"@type":"ListItem","position":2,"name":"Governo adia vig\u00eancia da LGPD para maio de 2021 e define regras para aux\u00edlio emergencial"}]},{"@type":"WebSite","@id":"https:\/\/cnr.org.br\/novoportal\/#website","url":"https:\/\/cnr.org.br\/novoportal\/","name":"CNR","description":"Confedera\u00e7\u00e3o Nacional de Not\u00e1rios e Registradores","publisher":{"@id":"https:\/\/cnr.org.br\/novoportal\/#organization"},"potentialAction":[{"@type":"SearchAction","target":{"@type":"EntryPoint","urlTemplate":"https:\/\/cnr.org.br\/novoportal\/?s={search_term_string}"},"query-input":{"@type":"PropertyValueSpecification","valueRequired":true,"valueName":"search_term_string"}}],"inLanguage":"pt-BR"},{"@type":"Organization","@id":"https:\/\/cnr.org.br\/novoportal\/#organization","name":"CNR","url":"https:\/\/cnr.org.br\/novoportal\/","logo":{"@type":"ImageObject","inLanguage":"pt-BR","@id":"https:\/\/cnr.org.br\/novoportal\/#\/schema\/logo\/image\/","url":"https:\/\/cnr.org.br\/site\/wp-content\/uploads\/2026\/02\/Logo_CNR_completa_colorida_2024.png","contentUrl":"https:\/\/cnr.org.br\/site\/wp-content\/uploads\/2026\/02\/Logo_CNR_completa_colorida_2024.png","width":910,"height":450,"caption":"CNR"},"image":{"@id":"https:\/\/cnr.org.br\/novoportal\/#\/schema\/logo\/image\/"}},{"@type":"Person","@id":"https:\/\/cnr.org.br\/novoportal\/#\/schema\/person\/1f46209cd8c9d3d9887a0765b64ca66b","name":"Imprensa CNR","sameAs":["https:\/\/cnr.org.br\/site"],"url":"https:\/\/cnr.org.br\/site\/author\/imprensa\/"}]}},"_links":{"self":[{"href":"https:\/\/cnr.org.br\/site\/wp-json\/wp\/v2\/posts\/18550","targetHints":{"allow":["GET"]}}],"collection":[{"href":"https:\/\/cnr.org.br\/site\/wp-json\/wp\/v2\/posts"}],"about":[{"href":"https:\/\/cnr.org.br\/site\/wp-json\/wp\/v2\/types\/post"}],"author":[{"embeddable":true,"href":"https:\/\/cnr.org.br\/site\/wp-json\/wp\/v2\/users\/2"}],"replies":[{"embeddable":true,"href":"https:\/\/cnr.org.br\/site\/wp-json\/wp\/v2\/comments?post=18550"}],"version-history":[{"count":0,"href":"https:\/\/cnr.org.br\/site\/wp-json\/wp\/v2\/posts\/18550\/revisions"}],"wp:featuredmedia":[{"embeddable":true,"href":"https:\/\/cnr.org.br\/site\/wp-json\/wp\/v2\/media\/18099"}],"wp:attachment":[{"href":"https:\/\/cnr.org.br\/site\/wp-json\/wp\/v2\/media?parent=18550"}],"wp:term":[{"taxonomy":"category","embeddable":true,"href":"https:\/\/cnr.org.br\/site\/wp-json\/wp\/v2\/categories?post=18550"},{"taxonomy":"post_tag","embeddable":true,"href":"https:\/\/cnr.org.br\/site\/wp-json\/wp\/v2\/tags?post=18550"}],"curies":[{"name":"wp","href":"https:\/\/api.w.org\/{rel}","templated":true}]}}