{"id":18620,"date":"2020-05-07T13:03:19","date_gmt":"2020-05-07T16:03:19","guid":{"rendered":"https:\/\/cnr.org.br\/site\/?p=18620"},"modified":"2020-05-07T13:04:16","modified_gmt":"2020-05-07T16:04:16","slug":"pleno-escolhe-novos-dirigentes-para-corregedoria-nacional-de-justica-enfam-e-revista-do-stj","status":"publish","type":"post","link":"https:\/\/cnr.org.br\/site\/pleno-escolhe-novos-dirigentes-para-corregedoria-nacional-de-justica-enfam-e-revista-do-stj\/","title":{"rendered":"Pleno escolhe novos dirigentes para Corregedoria Nacional de Justi\u00e7a, Enfam e Revista do STJ"},"content":{"rendered":"<div id=\"dslc-theme-content\"><div id=\"dslc-theme-content-inner\"><p style=\"text-align: justify;\">\u200b\u200bAp\u00f3s a\u00a0<a href=\"http:\/\/www.stj.jus.br\/sites\/portalp\/Paginas\/Comunicacao\/Noticias\/Ministro-Humberto-Martins-e-eleito-o-novo-presidente-do-STJ.aspx\"><strong>elei\u00e7\u00e3o<\/strong><\/a>\u00a0do ministro Humberto Martins para presidente do Superior Tribunal de Justi\u00e7a (STJ) e do ministro Jorge Mussi para vice no bi\u00eanio 2020-2022, na reuni\u00e3o desta ter\u00e7a-feira (5) o Pleno tamb\u00e9m elegeu, por aclama\u00e7\u00e3o, a ministra Maria Thereza de Assis Moura para corregedora nacional de Justi\u00e7a (cargo do Conselho Nacional de Justi\u00e7a \u2013 CNJ); o ministro Og Fernandes para diretor-geral da Escola Nacional de Forma\u00e7\u00e3o e Aperfei\u00e7oamento de Magistrados Ministro S\u00e1lvio de Figueiredo Teixeira (Enfam); e o ministro Benedito Gon\u00e7alves para ser o novo diretor da Revista do STJ.<\/p>\n<p style=\"text-align: justify;\">A ministra Maria Thereza \u2013 atual vice-presidente do STJ \u2013 vai substituir no CNJ o ministro Humberto Martins. Ela exercer\u00e1 o cargo durante o bi\u00eanio 2020-2022. A Corregedoria Nacional de Justi\u00e7a atua na orienta\u00e7\u00e3o, coordena\u00e7\u00e3o e execu\u00e7\u00e3o de pol\u00edticas p\u00fablicas voltadas para a atividade correcional e o bom desempenho da atividade judici\u00e1ria dos tribunais e ju\u00edzos do pa\u00eds. O objetivo principal do \u00f3rg\u00e3o \u00e9 alcan\u00e7ar maior efetividade na presta\u00e7\u00e3o jurisdicional, atuando com base nos princ\u00edpios constitucionais da legalidade, impessoalidade, moralidade, publicidade e efici\u00eancia.<\/p>\n<p style=\"text-align: justify;\">O ministro Og Fernandes suceder\u00e1 o ministro Herman Benjamin na dire\u00e7\u00e3o da Enfam. Ele ocupar\u00e1 o cargo tamb\u00e9m por dois anos. A Enfam \u00e9 o \u00f3rg\u00e3o oficial de treinamento de ju\u00edzes estaduais e federais. Cabe a ela regulamentar, autorizar e fiscalizar os cursos oficiais para ingresso, vitaliciamento e promo\u00e7\u00e3o na carreira da magistratura. Prevista originalmente na\u00a0<a href=\"http:\/\/www.planalto.gov.br\/ccivil_03\/Constituicao\/Emendas\/Emc\/emc45.htm\" target=\"_blank\" rel=\"noopener\"><strong>Emenda Constitucional 45<\/strong><\/a>, que promoveu mudan\u00e7as na estrutura do Poder Judici\u00e1rio, a escola foi institu\u00edda em 30 de novembro de 2006, por meio da\u00a0<a href=\"https:\/\/bdjur.stj.jus.br\/jspui\/handle\/2011\/8339\" target=\"_blank\" rel=\"noopener\"><strong>Resolu\u00e7\u00e3o 3\/STJ<\/strong><\/a>.<\/p>\n<p style=\"text-align: justify;\">O ministro Benedito Gon\u00e7alves assumir\u00e1 o cargo de diretor da Revista do STJ no lugar do ministro Mauro Campbell Marques. Ele ter\u00e1 a tarefa de definir as estrat\u00e9gias de divulga\u00e7\u00e3o da jurisprud\u00eancia do STJ, coordenando a edi\u00e7\u00e3o do conjunto de publica\u00e7\u00f5es oficiais do tribunal no bi\u00eanio 2020-2022. O principal objetivo das publica\u00e7\u00f5es \u00e9 proporcionar informa\u00e7\u00f5es que facilitem a compreens\u00e3o das quest\u00f5es julgadas pelo STJ, diminuindo a apresenta\u00e7\u00e3o de recursos, o que beneficia a sociedade com a abrevia\u00e7\u00e3o do tr\u00e2mite processual.<\/p>\n<h2 style=\"text-align: justify;\">Maria Thereza de Ass\u200b\u200bis Moura<\/h2>\n<div id=\"attachment_18621\" style=\"width: 718px\" class=\"wp-caption alignnone\"><img loading=\"lazy\" decoding=\"async\" aria-describedby=\"caption-attachment-18621\" class=\"size-full wp-image-18621\" src=\"https:\/\/cnr.org.br\/site\/wp-content\/uploads\/2020\/05\/sites_portalp_SiteAssets_imagens_internas_noticias_Min.20Maria20Thereza20interna.jpg\" alt=\"\" width=\"708\" height=\"473\" srcset=\"https:\/\/cnr.org.br\/site\/wp-content\/uploads\/2020\/05\/sites_portalp_SiteAssets_imagens_internas_noticias_Min.20Maria20Thereza20interna.jpg 708w, https:\/\/cnr.org.br\/site\/wp-content\/uploads\/2020\/05\/sites_portalp_SiteAssets_imagens_internas_noticias_Min.20Maria20Thereza20interna-300x200.jpg 300w, https:\/\/cnr.org.br\/site\/wp-content\/uploads\/2020\/05\/sites_portalp_SiteAssets_imagens_internas_noticias_Min.20Maria20Thereza20interna-435x290.jpg 435w, https:\/\/cnr.org.br\/site\/wp-content\/uploads\/2020\/05\/sites_portalp_SiteAssets_imagens_internas_noticias_Min.20Maria20Thereza20interna-150x100.jpg 150w, https:\/\/cnr.org.br\/site\/wp-content\/uploads\/2020\/05\/sites_portalp_SiteAssets_imagens_internas_noticias_Min.20Maria20Thereza20interna-370x247.jpg 370w\" sizes=\"auto, (max-width: 708px) 100vw, 708px\" \/><p id=\"caption-attachment-18621\" class=\"wp-caption-text\">Bras\u00edlia, 02\/09\/2016. Ministra Maria Theresa de Assis Moura toma posse na Diretoria Geral da ENFAM.<br \/>Foto: Sergio Amaral\/STJ.<\/p><\/div>\n<p style=\"text-align: justify;\">Antes de ocupar a vice-presid\u00eancia do STJ, a ministra Maria Thereza de Assis Moura integrou a Sexta Turma e a Terceira Se\u00e7\u00e3o do tribunal, tendo ocupado a presid\u00eancia de ambos os colegiados. Natural de S\u00e3o Paulo, a magistrada ingressou no STJ em 2006.<\/p>\n<p style=\"text-align: justify;\">Foi diretora-geral da Escola Nacional de Forma\u00e7\u00e3o e Aperfei\u00e7oamento de Magistrados (Enfam) entre 2016 e 2018, e atuou no Tribunal Superior Eleitoral como ministra substituta (de 2013 a 2014) e efetiva (de 2014 a 2016). Entre 2015 e 2016, exerceu o cargo de corregedora-geral eleitoral.<\/p>\n<p style=\"text-align: justify;\">Atualmente, a ministra comp\u00f5e a Corte Especial do STJ, \u00e9 corregedora-geral da Justi\u00e7a Federal e membro do Conselho Superior da Enfam.<\/p>\n<p style=\"text-align: justify;\">Maria Thereza de Assis Moura tamb\u00e9m \u00e9 professora doutora da Universidade de S\u00e3o Paulo (USP); membro do Conselho Consultivo da Rede Mundial de Integridade Judicial da ONU, do Conselho da Revista de Processo, do Instituto Brasileiro de Direito Processual e da Comiss\u00e3o Teot\u00f4nio Vilela de Direitos Humanos.<\/p>\n<p style=\"text-align: justify;\">Com vasta publica\u00e7\u00e3o acad\u00eamica, a ministra \u00e9 bacharel em direito pela USP, mestre e doutora em direito processual pela mesma universidade, tem especializa\u00e7\u00e3o em direito processual penal pela Pontif\u00edcia Universidade Cat\u00f3lica de S\u00e3o Paulo e especializa\u00e7\u00e3o em direito penal econ\u00f4mico e europeu pela Faculdade de Coimbra.<\/p>\n<p style=\"text-align: justify;\">Veja o\u00a0<a href=\"http:\/\/www.stj.jus.br\/web\/verCurriculoMinistro?parametro=1&amp;cod_matriculamin=0001183\"><strong>curr\u00edculo<\/strong><\/a>\u00a0completo da ministra Maria Thereza de Assis Moura.<\/p>\n<h2 style=\"text-align: justify;\">Og Fer\u200bnandes<\/h2>\n<p style=\"text-align: justify;\">\n<p style=\"text-align: justify;\"><img loading=\"lazy\" decoding=\"async\" class=\"alignnone size-full wp-image-18622\" src=\"https:\/\/cnr.org.br\/site\/wp-content\/uploads\/2020\/05\/sites_portalp_SiteAssets_imagens_internas_noticias_Min.20Og20Fernandes20interna.jpg\" alt=\"\" width=\"708\" height=\"472\" srcset=\"https:\/\/cnr.org.br\/site\/wp-content\/uploads\/2020\/05\/sites_portalp_SiteAssets_imagens_internas_noticias_Min.20Og20Fernandes20interna.jpg 708w, https:\/\/cnr.org.br\/site\/wp-content\/uploads\/2020\/05\/sites_portalp_SiteAssets_imagens_internas_noticias_Min.20Og20Fernandes20interna-300x200.jpg 300w, https:\/\/cnr.org.br\/site\/wp-content\/uploads\/2020\/05\/sites_portalp_SiteAssets_imagens_internas_noticias_Min.20Og20Fernandes20interna-435x290.jpg 435w, https:\/\/cnr.org.br\/site\/wp-content\/uploads\/2020\/05\/sites_portalp_SiteAssets_imagens_internas_noticias_Min.20Og20Fernandes20interna-150x100.jpg 150w, https:\/\/cnr.org.br\/site\/wp-content\/uploads\/2020\/05\/sites_portalp_SiteAssets_imagens_internas_noticias_Min.20Og20Fernandes20interna-370x247.jpg 370w\" sizes=\"auto, (max-width: 708px) 100vw, 708px\" \/><\/p>\n<p style=\"text-align: justify;\">Og Fernandes, nascido no Recife, \u00e9 formado em direito pela Universidade Federal de Pernambuco e em jornalismo pela Universidade Cat\u00f3lica do mesmo estado. Foi rep\u00f3rter, professor e advogado. Ingressou na magistratura em 1981 e, em 1997, tornou-se desembargador do Tribunal de Justi\u00e7a de Pernambuco, tendo exercido diversas fun\u00e7\u00f5es \u2013 como as de ouvidor judici\u00e1rio, vice-presidente do Tribunal Regional Eleitoral de Pernambuco e presidente do TJPE.<\/p>\n<p style=\"text-align: justify;\">Em junho de 2008, tomou posse no Superior Tribunal de Justi\u00e7a (STJ), onde atuou na Terceira Se\u00e7\u00e3o e na Sexta Turma \u2013 colegiado que presidiu entre 2012 e 2014. O ministro tamb\u00e9m acumulou a fun\u00e7\u00e3o de corregedor-geral da Justi\u00e7a Federal em 2015.<\/p>\n<p style=\"text-align: justify;\">Atualmente, integra a Corte Especial, a Primeira Se\u00e7\u00e3o e a Segunda Turma. Og Fernandes tamb\u00e9m \u00e9 ministro do Tribunal Superior Eleitoral desde 2018 e foi escolhido corregedor-geral da Justi\u00e7a Eleitoral em 2019 \u2013 cargo que ocupar\u00e1 at\u00e9 agosto de 2020, quando termina seu bi\u00eanio como titular da corte eleitoral.<\/p>\n<p style=\"text-align: justify;\">Autor de diversas publica\u00e7\u00f5es acad\u00eamicas, o ministro teve sua atua\u00e7\u00e3o profissional reconhecida por v\u00e1rias condecora\u00e7\u00f5es, como a Ordem do M\u00e9rito Judici\u00e1rio Frei Caneca, do TJPE, em 1998; a Medalha do M\u00e9rito Joaquim Nunes Machado, classe Ouro, em 2007; o Colar do M\u00e9rito Judici\u00e1rio do Tribunal de Justi\u00e7a do Rio de Janeiro, em 2009; e a Ordem do M\u00e9rito Judici\u00e1rio Militar, na categoria Alta Distin\u00e7\u00e3o, do Superior Tribunal Militar, em 2013.<\/p>\n<p style=\"text-align: justify;\">Veja o\u00a0<a href=\"http:\/\/www.stj.jus.br\/web\/verCurriculoMinistro?parametro=1&amp;cod_matriculamin=0001193\"><strong>curr\u00edculo<\/strong><\/a>\u00a0completo do ministro Og Fernandes.<\/p>\n<h2 style=\"text-align: justify;\">Benedito Gon\u00e7alv\u200b\u200bes<\/h2>\n<p style=\"text-align: justify;\"><img loading=\"lazy\" decoding=\"async\" class=\"alignnone size-full wp-image-18623\" src=\"https:\/\/cnr.org.br\/site\/wp-content\/uploads\/2020\/05\/sites_portalp_SiteAssets_imagens_internas_noticias_Min.20Benedito20Gonc3a7alves20interna-1.jpg\" alt=\"\" width=\"708\" height=\"472\" srcset=\"https:\/\/cnr.org.br\/site\/wp-content\/uploads\/2020\/05\/sites_portalp_SiteAssets_imagens_internas_noticias_Min.20Benedito20Gonc3a7alves20interna-1.jpg 708w, https:\/\/cnr.org.br\/site\/wp-content\/uploads\/2020\/05\/sites_portalp_SiteAssets_imagens_internas_noticias_Min.20Benedito20Gonc3a7alves20interna-1-300x200.jpg 300w, https:\/\/cnr.org.br\/site\/wp-content\/uploads\/2020\/05\/sites_portalp_SiteAssets_imagens_internas_noticias_Min.20Benedito20Gonc3a7alves20interna-1-435x290.jpg 435w, https:\/\/cnr.org.br\/site\/wp-content\/uploads\/2020\/05\/sites_portalp_SiteAssets_imagens_internas_noticias_Min.20Benedito20Gonc3a7alves20interna-1-150x100.jpg 150w, https:\/\/cnr.org.br\/site\/wp-content\/uploads\/2020\/05\/sites_portalp_SiteAssets_imagens_internas_noticias_Min.20Benedito20Gonc3a7alves20interna-1-370x247.jpg 370w\" sizes=\"auto, (max-width: 708px) 100vw, 708px\" \/><\/p>\n<p style=\"text-align: justify;\">\n<p style=\"text-align: justify;\">O ministro Benedito Gon\u00e7alves \u00e9 natural do Rio de Janeiro. Possui gradua\u00e7\u00e3o pela Universidade Federal do Rio de Janeiro, especializa\u00e7\u00e3o em direito processual civil e mestrado em direito. Tornou-se juiz federal em 1988 e desembargador do Tribunal Regional Federal da 2\u00aa Regi\u00e3o em 1998.<\/p>\n<p style=\"text-align: justify;\">Passou a ocupar o cargo de ministro do STJ em 2008. Atualmente, integra a Primeira Turma e a Primeira Se\u00e7\u00e3o do tribunal, al\u00e9m da Corte Especial. O ministro \u00e9 membro substituto do Tribunal Superior Eleitoral (TSE) e membro efetivo do Conselho da Escola Nacional de Forma\u00e7\u00e3o e Aperfei\u00e7oamento de Magistrados (Enfam).<\/p>\n<p style=\"text-align: justify;\">Antes de iniciar sua carreira na magistratura, Benedito Gon\u00e7alves ocupou os cargos de papiloscopista da Pol\u00edcia Federal e de delegado da Pol\u00edcia Civil do Distrito Federal.<\/p>\n<p style=\"text-align: justify;\">Veja o\u00a0<a href=\"http:\/\/www.stj.jus.br\/web\/verCurriculoMinistro?parametro=1&amp;cod_matriculamin=0001196\"><strong>curr\u00edculo<\/strong><\/a>\u00a0completo do ministro Benedito Gon\u00e7alves.<\/p>\n<p style=\"text-align: justify;\"><strong>FONTE: SUPREMO TRIBUNAL DE JUSTI\u00c7A<\/strong><\/p>\n<\/div><\/div>","protected":false},"excerpt":{"rendered":"<p>\u200b\u200bAp\u00f3s a\u00a0elei\u00e7\u00e3o\u00a0do ministro Humberto Martins para presidente do Superior Tribunal de Justi\u00e7a (STJ) e do ministro Jorge Mussi para vice no bi\u00eanio 2020-2022, na reuni\u00e3o desta ter\u00e7a-feira (5) o Pleno tamb\u00e9m elegeu, por aclama\u00e7\u00e3o, a ministra Maria Thereza de Assis Moura para corregedora nacional de Justi\u00e7a (cargo do Conselho Nacional de Justi\u00e7a \u2013 CNJ); o [&hellip;]<\/p>\n","protected":false},"author":2,"featured_media":18438,"comment_status":"closed","ping_status":"closed","sticky":false,"template":"","format":"standard","meta":{"footnotes":"","_links_to":"","_links_to_target":""},"categories":[525,55,47],"tags":[],"class_list":["post-18620","post","type-post","status-publish","format-standard","has-post-thumbnail","hentry","category-home","category-noticia","category-ultimas-noticias"],"yoast_head":"<!-- This site is optimized with the Yoast SEO plugin v28.4 - https:\/\/yoast.com\/product\/yoast-seo-wordpress\/ -->\n<title>Pleno escolhe novos dirigentes para Corregedoria Nacional de Justi\u00e7a, Enfam e Revista do STJ - CNR<\/title>\n<meta name=\"description\" content=\"Pleno escolhe novos dirigentes para Corregedoria Nacional de Justi\u00e7a, Enfam e Revista do STJ.\" \/>\n<meta name=\"robots\" content=\"index, follow, max-snippet:-1, max-image-preview:large, max-video-preview:-1\" \/>\n<link rel=\"canonical\" href=\"https:\/\/cnr.org.br\/novoportal\/pleno-escolhe-novos-dirigentes-para-corregedoria-nacional-de-justica-enfam-e-revista-do-stj\/\" \/>\n<meta property=\"og:locale\" content=\"pt_BR\" \/>\n<meta property=\"og:type\" content=\"article\" \/>\n<meta property=\"og:title\" content=\"Pleno escolhe novos dirigentes para Corregedoria Nacional de Justi\u00e7a, Enfam e Revista do STJ - CNR\" \/>\n<meta property=\"og:description\" content=\"Pleno escolhe novos dirigentes para Corregedoria Nacional de Justi\u00e7a, Enfam e Revista do STJ.\" \/>\n<meta property=\"og:url\" content=\"https:\/\/cnr.org.br\/novoportal\/pleno-escolhe-novos-dirigentes-para-corregedoria-nacional-de-justica-enfam-e-revista-do-stj\/\" \/>\n<meta property=\"og:site_name\" content=\"CNR\" \/>\n<meta property=\"article:published_time\" content=\"2020-05-07T16:03:19+00:00\" \/>\n<meta property=\"article:modified_time\" content=\"2020-05-07T16:04:16+00:00\" \/>\n<meta property=\"og:image\" content=\"https:\/\/cnr.org.br\/novoportal\/wp-content\/uploads\/2020\/04\/49774318756_3920cd073a_k.jpg\" \/>\n\t<meta property=\"og:image:width\" content=\"2048\" \/>\n\t<meta property=\"og:image:height\" content=\"1365\" \/>\n\t<meta property=\"og:image:type\" content=\"image\/jpeg\" \/>\n<meta name=\"author\" content=\"Imprensa CNR\" \/>\n<meta name=\"twitter:card\" content=\"summary_large_image\" \/>\n<meta name=\"twitter:label1\" content=\"Escrito por\" \/>\n\t<meta name=\"twitter:data1\" content=\"Imprensa CNR\" \/>\n\t<meta name=\"twitter:label2\" content=\"Est. tempo de leitura\" \/>\n\t<meta name=\"twitter:data2\" content=\"5 minutos\" \/>\n<script type=\"application\/ld+json\" class=\"yoast-schema-graph\">{\"@context\":\"https:\\\/\\\/schema.org\",\"@graph\":[{\"@type\":\"Article\",\"@id\":\"https:\\\/\\\/cnr.org.br\\\/novoportal\\\/pleno-escolhe-novos-dirigentes-para-corregedoria-nacional-de-justica-enfam-e-revista-do-stj\\\/#article\",\"isPartOf\":{\"@id\":\"https:\\\/\\\/cnr.org.br\\\/novoportal\\\/pleno-escolhe-novos-dirigentes-para-corregedoria-nacional-de-justica-enfam-e-revista-do-stj\\\/\"},\"author\":{\"name\":\"Imprensa CNR\",\"@id\":\"https:\\\/\\\/cnr.org.br\\\/novoportal\\\/#\\\/schema\\\/person\\\/1f46209cd8c9d3d9887a0765b64ca66b\"},\"headline\":\"Pleno escolhe novos dirigentes para Corregedoria Nacional de Justi\u00e7a, Enfam e Revista do STJ\",\"datePublished\":\"2020-05-07T16:03:19+00:00\",\"dateModified\":\"2020-05-07T16:04:16+00:00\",\"mainEntityOfPage\":{\"@id\":\"https:\\\/\\\/cnr.org.br\\\/novoportal\\\/pleno-escolhe-novos-dirigentes-para-corregedoria-nacional-de-justica-enfam-e-revista-do-stj\\\/\"},\"wordCount\":1041,\"publisher\":{\"@id\":\"https:\\\/\\\/cnr.org.br\\\/novoportal\\\/#organization\"},\"image\":{\"@id\":\"https:\\\/\\\/cnr.org.br\\\/novoportal\\\/pleno-escolhe-novos-dirigentes-para-corregedoria-nacional-de-justica-enfam-e-revista-do-stj\\\/#primaryimage\"},\"thumbnailUrl\":\"https:\\\/\\\/cnr.org.br\\\/site\\\/wp-content\\\/uploads\\\/2020\\\/04\\\/49774318756_3920cd073a_k.jpg\",\"articleSection\":[\"Home\",\"Not\u00edcia\",\"\u00daltimas Not\u00edcias\"],\"inLanguage\":\"pt-BR\"},{\"@type\":\"WebPage\",\"@id\":\"https:\\\/\\\/cnr.org.br\\\/novoportal\\\/pleno-escolhe-novos-dirigentes-para-corregedoria-nacional-de-justica-enfam-e-revista-do-stj\\\/\",\"url\":\"https:\\\/\\\/cnr.org.br\\\/novoportal\\\/pleno-escolhe-novos-dirigentes-para-corregedoria-nacional-de-justica-enfam-e-revista-do-stj\\\/\",\"name\":\"Pleno escolhe novos dirigentes para Corregedoria Nacional de Justi\u00e7a, Enfam e Revista do STJ - CNR\",\"isPartOf\":{\"@id\":\"https:\\\/\\\/cnr.org.br\\\/novoportal\\\/#website\"},\"primaryImageOfPage\":{\"@id\":\"https:\\\/\\\/cnr.org.br\\\/novoportal\\\/pleno-escolhe-novos-dirigentes-para-corregedoria-nacional-de-justica-enfam-e-revista-do-stj\\\/#primaryimage\"},\"image\":{\"@id\":\"https:\\\/\\\/cnr.org.br\\\/novoportal\\\/pleno-escolhe-novos-dirigentes-para-corregedoria-nacional-de-justica-enfam-e-revista-do-stj\\\/#primaryimage\"},\"thumbnailUrl\":\"https:\\\/\\\/cnr.org.br\\\/site\\\/wp-content\\\/uploads\\\/2020\\\/04\\\/49774318756_3920cd073a_k.jpg\",\"datePublished\":\"2020-05-07T16:03:19+00:00\",\"dateModified\":\"2020-05-07T16:04:16+00:00\",\"description\":\"Pleno escolhe novos dirigentes para Corregedoria Nacional de Justi\u00e7a, Enfam e Revista do STJ.\",\"breadcrumb\":{\"@id\":\"https:\\\/\\\/cnr.org.br\\\/novoportal\\\/pleno-escolhe-novos-dirigentes-para-corregedoria-nacional-de-justica-enfam-e-revista-do-stj\\\/#breadcrumb\"},\"inLanguage\":\"pt-BR\",\"potentialAction\":[{\"@type\":\"ReadAction\",\"target\":[\"https:\\\/\\\/cnr.org.br\\\/novoportal\\\/pleno-escolhe-novos-dirigentes-para-corregedoria-nacional-de-justica-enfam-e-revista-do-stj\\\/\"]}]},{\"@type\":\"ImageObject\",\"inLanguage\":\"pt-BR\",\"@id\":\"https:\\\/\\\/cnr.org.br\\\/novoportal\\\/pleno-escolhe-novos-dirigentes-para-corregedoria-nacional-de-justica-enfam-e-revista-do-stj\\\/#primaryimage\",\"url\":\"https:\\\/\\\/cnr.org.br\\\/site\\\/wp-content\\\/uploads\\\/2020\\\/04\\\/49774318756_3920cd073a_k.jpg\",\"contentUrl\":\"https:\\\/\\\/cnr.org.br\\\/site\\\/wp-content\\\/uploads\\\/2020\\\/04\\\/49774318756_3920cd073a_k.jpg\",\"width\":2048,\"height\":1365,\"caption\":\"FOTO: Gil Ferreira\\\/Ag\u00eancia CNJ\"},{\"@type\":\"BreadcrumbList\",\"@id\":\"https:\\\/\\\/cnr.org.br\\\/novoportal\\\/pleno-escolhe-novos-dirigentes-para-corregedoria-nacional-de-justica-enfam-e-revista-do-stj\\\/#breadcrumb\",\"itemListElement\":[{\"@type\":\"ListItem\",\"position\":1,\"name\":\"In\u00edcio\",\"item\":\"https:\\\/\\\/cnr.org.br\\\/site\\\/\"},{\"@type\":\"ListItem\",\"position\":2,\"name\":\"Pleno escolhe novos dirigentes para Corregedoria Nacional de Justi\u00e7a, Enfam e Revista do STJ\"}]},{\"@type\":\"WebSite\",\"@id\":\"https:\\\/\\\/cnr.org.br\\\/novoportal\\\/#website\",\"url\":\"https:\\\/\\\/cnr.org.br\\\/novoportal\\\/\",\"name\":\"CNR\",\"description\":\"Confedera\u00e7\u00e3o Nacional de Not\u00e1rios e Registradores\",\"publisher\":{\"@id\":\"https:\\\/\\\/cnr.org.br\\\/novoportal\\\/#organization\"},\"potentialAction\":[{\"@type\":\"SearchAction\",\"target\":{\"@type\":\"EntryPoint\",\"urlTemplate\":\"https:\\\/\\\/cnr.org.br\\\/novoportal\\\/?s={search_term_string}\"},\"query-input\":{\"@type\":\"PropertyValueSpecification\",\"valueRequired\":true,\"valueName\":\"search_term_string\"}}],\"inLanguage\":\"pt-BR\"},{\"@type\":\"Organization\",\"@id\":\"https:\\\/\\\/cnr.org.br\\\/novoportal\\\/#organization\",\"name\":\"CNR\",\"url\":\"https:\\\/\\\/cnr.org.br\\\/novoportal\\\/\",\"logo\":{\"@type\":\"ImageObject\",\"inLanguage\":\"pt-BR\",\"@id\":\"https:\\\/\\\/cnr.org.br\\\/novoportal\\\/#\\\/schema\\\/logo\\\/image\\\/\",\"url\":\"https:\\\/\\\/cnr.org.br\\\/site\\\/wp-content\\\/uploads\\\/2026\\\/02\\\/Logo_CNR_completa_colorida_2024.png\",\"contentUrl\":\"https:\\\/\\\/cnr.org.br\\\/site\\\/wp-content\\\/uploads\\\/2026\\\/02\\\/Logo_CNR_completa_colorida_2024.png\",\"width\":910,\"height\":450,\"caption\":\"CNR\"},\"image\":{\"@id\":\"https:\\\/\\\/cnr.org.br\\\/novoportal\\\/#\\\/schema\\\/logo\\\/image\\\/\"}},{\"@type\":\"Person\",\"@id\":\"https:\\\/\\\/cnr.org.br\\\/novoportal\\\/#\\\/schema\\\/person\\\/1f46209cd8c9d3d9887a0765b64ca66b\",\"name\":\"Imprensa CNR\",\"sameAs\":[\"https:\\\/\\\/cnr.org.br\\\/site\"],\"url\":\"https:\\\/\\\/cnr.org.br\\\/site\\\/author\\\/imprensa\\\/\"}]}<\/script>\n<!-- \/ Yoast SEO plugin. -->","yoast_head_json":{"title":"Pleno escolhe novos dirigentes para Corregedoria Nacional de Justi\u00e7a, Enfam e Revista do STJ - CNR","description":"Pleno escolhe novos dirigentes para Corregedoria Nacional de Justi\u00e7a, Enfam e Revista do STJ.","robots":{"index":"index","follow":"follow","max-snippet":"max-snippet:-1","max-image-preview":"max-image-preview:large","max-video-preview":"max-video-preview:-1"},"canonical":"https:\/\/cnr.org.br\/novoportal\/pleno-escolhe-novos-dirigentes-para-corregedoria-nacional-de-justica-enfam-e-revista-do-stj\/","og_locale":"pt_BR","og_type":"article","og_title":"Pleno escolhe novos dirigentes para Corregedoria Nacional de Justi\u00e7a, Enfam e Revista do STJ - CNR","og_description":"Pleno escolhe novos dirigentes para Corregedoria Nacional de Justi\u00e7a, Enfam e Revista do STJ.","og_url":"https:\/\/cnr.org.br\/novoportal\/pleno-escolhe-novos-dirigentes-para-corregedoria-nacional-de-justica-enfam-e-revista-do-stj\/","og_site_name":"CNR","article_published_time":"2020-05-07T16:03:19+00:00","article_modified_time":"2020-05-07T16:04:16+00:00","og_image":[{"width":2048,"height":1365,"url":"https:\/\/cnr.org.br\/novoportal\/wp-content\/uploads\/2020\/04\/49774318756_3920cd073a_k.jpg","type":"image\/jpeg"}],"author":"Imprensa CNR","twitter_card":"summary_large_image","twitter_misc":{"Escrito por":"Imprensa CNR","Est. tempo de leitura":"5 minutos"},"schema":{"@context":"https:\/\/schema.org","@graph":[{"@type":"Article","@id":"https:\/\/cnr.org.br\/novoportal\/pleno-escolhe-novos-dirigentes-para-corregedoria-nacional-de-justica-enfam-e-revista-do-stj\/#article","isPartOf":{"@id":"https:\/\/cnr.org.br\/novoportal\/pleno-escolhe-novos-dirigentes-para-corregedoria-nacional-de-justica-enfam-e-revista-do-stj\/"},"author":{"name":"Imprensa CNR","@id":"https:\/\/cnr.org.br\/novoportal\/#\/schema\/person\/1f46209cd8c9d3d9887a0765b64ca66b"},"headline":"Pleno escolhe novos dirigentes para Corregedoria Nacional de Justi\u00e7a, Enfam e Revista do STJ","datePublished":"2020-05-07T16:03:19+00:00","dateModified":"2020-05-07T16:04:16+00:00","mainEntityOfPage":{"@id":"https:\/\/cnr.org.br\/novoportal\/pleno-escolhe-novos-dirigentes-para-corregedoria-nacional-de-justica-enfam-e-revista-do-stj\/"},"wordCount":1041,"publisher":{"@id":"https:\/\/cnr.org.br\/novoportal\/#organization"},"image":{"@id":"https:\/\/cnr.org.br\/novoportal\/pleno-escolhe-novos-dirigentes-para-corregedoria-nacional-de-justica-enfam-e-revista-do-stj\/#primaryimage"},"thumbnailUrl":"https:\/\/cnr.org.br\/site\/wp-content\/uploads\/2020\/04\/49774318756_3920cd073a_k.jpg","articleSection":["Home","Not\u00edcia","\u00daltimas Not\u00edcias"],"inLanguage":"pt-BR"},{"@type":"WebPage","@id":"https:\/\/cnr.org.br\/novoportal\/pleno-escolhe-novos-dirigentes-para-corregedoria-nacional-de-justica-enfam-e-revista-do-stj\/","url":"https:\/\/cnr.org.br\/novoportal\/pleno-escolhe-novos-dirigentes-para-corregedoria-nacional-de-justica-enfam-e-revista-do-stj\/","name":"Pleno escolhe novos dirigentes para Corregedoria Nacional de Justi\u00e7a, Enfam e Revista do STJ - CNR","isPartOf":{"@id":"https:\/\/cnr.org.br\/novoportal\/#website"},"primaryImageOfPage":{"@id":"https:\/\/cnr.org.br\/novoportal\/pleno-escolhe-novos-dirigentes-para-corregedoria-nacional-de-justica-enfam-e-revista-do-stj\/#primaryimage"},"image":{"@id":"https:\/\/cnr.org.br\/novoportal\/pleno-escolhe-novos-dirigentes-para-corregedoria-nacional-de-justica-enfam-e-revista-do-stj\/#primaryimage"},"thumbnailUrl":"https:\/\/cnr.org.br\/site\/wp-content\/uploads\/2020\/04\/49774318756_3920cd073a_k.jpg","datePublished":"2020-05-07T16:03:19+00:00","dateModified":"2020-05-07T16:04:16+00:00","description":"Pleno escolhe novos dirigentes para Corregedoria Nacional de Justi\u00e7a, Enfam e Revista do STJ.","breadcrumb":{"@id":"https:\/\/cnr.org.br\/novoportal\/pleno-escolhe-novos-dirigentes-para-corregedoria-nacional-de-justica-enfam-e-revista-do-stj\/#breadcrumb"},"inLanguage":"pt-BR","potentialAction":[{"@type":"ReadAction","target":["https:\/\/cnr.org.br\/novoportal\/pleno-escolhe-novos-dirigentes-para-corregedoria-nacional-de-justica-enfam-e-revista-do-stj\/"]}]},{"@type":"ImageObject","inLanguage":"pt-BR","@id":"https:\/\/cnr.org.br\/novoportal\/pleno-escolhe-novos-dirigentes-para-corregedoria-nacional-de-justica-enfam-e-revista-do-stj\/#primaryimage","url":"https:\/\/cnr.org.br\/site\/wp-content\/uploads\/2020\/04\/49774318756_3920cd073a_k.jpg","contentUrl":"https:\/\/cnr.org.br\/site\/wp-content\/uploads\/2020\/04\/49774318756_3920cd073a_k.jpg","width":2048,"height":1365,"caption":"FOTO: Gil Ferreira\/Ag\u00eancia CNJ"},{"@type":"BreadcrumbList","@id":"https:\/\/cnr.org.br\/novoportal\/pleno-escolhe-novos-dirigentes-para-corregedoria-nacional-de-justica-enfam-e-revista-do-stj\/#breadcrumb","itemListElement":[{"@type":"ListItem","position":1,"name":"In\u00edcio","item":"https:\/\/cnr.org.br\/site\/"},{"@type":"ListItem","position":2,"name":"Pleno escolhe novos dirigentes para Corregedoria Nacional de Justi\u00e7a, Enfam e Revista do STJ"}]},{"@type":"WebSite","@id":"https:\/\/cnr.org.br\/novoportal\/#website","url":"https:\/\/cnr.org.br\/novoportal\/","name":"CNR","description":"Confedera\u00e7\u00e3o Nacional de Not\u00e1rios e Registradores","publisher":{"@id":"https:\/\/cnr.org.br\/novoportal\/#organization"},"potentialAction":[{"@type":"SearchAction","target":{"@type":"EntryPoint","urlTemplate":"https:\/\/cnr.org.br\/novoportal\/?s={search_term_string}"},"query-input":{"@type":"PropertyValueSpecification","valueRequired":true,"valueName":"search_term_string"}}],"inLanguage":"pt-BR"},{"@type":"Organization","@id":"https:\/\/cnr.org.br\/novoportal\/#organization","name":"CNR","url":"https:\/\/cnr.org.br\/novoportal\/","logo":{"@type":"ImageObject","inLanguage":"pt-BR","@id":"https:\/\/cnr.org.br\/novoportal\/#\/schema\/logo\/image\/","url":"https:\/\/cnr.org.br\/site\/wp-content\/uploads\/2026\/02\/Logo_CNR_completa_colorida_2024.png","contentUrl":"https:\/\/cnr.org.br\/site\/wp-content\/uploads\/2026\/02\/Logo_CNR_completa_colorida_2024.png","width":910,"height":450,"caption":"CNR"},"image":{"@id":"https:\/\/cnr.org.br\/novoportal\/#\/schema\/logo\/image\/"}},{"@type":"Person","@id":"https:\/\/cnr.org.br\/novoportal\/#\/schema\/person\/1f46209cd8c9d3d9887a0765b64ca66b","name":"Imprensa CNR","sameAs":["https:\/\/cnr.org.br\/site"],"url":"https:\/\/cnr.org.br\/site\/author\/imprensa\/"}]}},"_links":{"self":[{"href":"https:\/\/cnr.org.br\/site\/wp-json\/wp\/v2\/posts\/18620","targetHints":{"allow":["GET"]}}],"collection":[{"href":"https:\/\/cnr.org.br\/site\/wp-json\/wp\/v2\/posts"}],"about":[{"href":"https:\/\/cnr.org.br\/site\/wp-json\/wp\/v2\/types\/post"}],"author":[{"embeddable":true,"href":"https:\/\/cnr.org.br\/site\/wp-json\/wp\/v2\/users\/2"}],"replies":[{"embeddable":true,"href":"https:\/\/cnr.org.br\/site\/wp-json\/wp\/v2\/comments?post=18620"}],"version-history":[{"count":0,"href":"https:\/\/cnr.org.br\/site\/wp-json\/wp\/v2\/posts\/18620\/revisions"}],"wp:featuredmedia":[{"embeddable":true,"href":"https:\/\/cnr.org.br\/site\/wp-json\/wp\/v2\/media\/18438"}],"wp:attachment":[{"href":"https:\/\/cnr.org.br\/site\/wp-json\/wp\/v2\/media?parent=18620"}],"wp:term":[{"taxonomy":"category","embeddable":true,"href":"https:\/\/cnr.org.br\/site\/wp-json\/wp\/v2\/categories?post=18620"},{"taxonomy":"post_tag","embeddable":true,"href":"https:\/\/cnr.org.br\/site\/wp-json\/wp\/v2\/tags?post=18620"}],"curies":[{"name":"wp","href":"https:\/\/api.w.org\/{rel}","templated":true}]}}