{"id":19128,"date":"2020-06-10T10:20:48","date_gmt":"2020-06-10T13:20:48","guid":{"rendered":"https:\/\/cnr.org.br\/site\/?p=19128"},"modified":"2020-06-10T10:20:48","modified_gmt":"2020-06-10T13:20:48","slug":"tjpr-aceita-pedido-de-suspensao-de-cobranca-do-pagamento-previo-dos-fundos-especiais","status":"publish","type":"post","link":"https:\/\/cnr.org.br\/site\/tjpr-aceita-pedido-de-suspensao-de-cobranca-do-pagamento-previo-dos-fundos-especiais\/","title":{"rendered":"TJPR aceita pedido de suspens\u00e3o de cobran\u00e7a do pagamento pr\u00e9vio dos fundos especiais"},"content":{"rendered":"<div id=\"dslc-theme-content\"><div id=\"dslc-theme-content-inner\"><p><span style=\"font-weight: 400;\">Nesta semana, a Confedera\u00e7\u00e3o Nacional de Not\u00e1rios e Registradores (CNR) recebeu a not\u00edcia de uma importante decis\u00e3o no Paran\u00e1. O Tribunal de Justi\u00e7a do estado aceitou o pedido de suspens\u00e3o da obrigatoriedade de realizar a cobran\u00e7a do pagamento pr\u00e9vio dos fundos especiais do Tribunal.<\/span><\/p>\n<p>&nbsp;<\/p>\n<p><span style=\"font-weight: 400;\">Na manifesta\u00e7\u00e3o apresentada pela CNR, foi argumentado que os Not\u00e1rios e Registradores est\u00e3o preocupados com as atividades nesse momento de crise, em especial buscam solu\u00e7\u00f5es para garantir a presta\u00e7\u00e3o de servi\u00e7os de excel\u00eancia e de alta qualidade, com a m\u00e1xima precau\u00e7\u00e3o para o combate da pandemia do novo coronav\u00edrus (COVID-19), ainda em vig\u00eancia.\u00a0<\/span><\/p>\n<p>&nbsp;<\/p>\n<p><span style=\"font-weight: 400;\">\u201cPor oportuno, e tendo em vista a urg\u00eancia, a presente Manifesta\u00e7\u00e3o serve para que\u00a0<\/span><span style=\"font-weight: 400;\">se determine a manuten\u00e7\u00e3o da suspens\u00e3o do Of\u00edcio-Circular 25\/2020 at\u00e9 o retorno regular das atividades notariais e de registro, com o objetivo de preservar a continuidade dos servi\u00e7os de protesto e de respeitar a demanda de empresas e credores usu\u00e1rios dos servi\u00e7os\u201d, diz um trecho do documento, que pode ser acessado na \u00edntegra clicando no link a seguir:\u00a0<a href=\"https:\/\/cnr.org.br\/site\/tjpr-aceita-pedido-de-suspensao-de-cobranca-do-pagamento-previo-dos-fundos-especiais\/manifestacao-da-cnr-manutencao-da-suspensao-do-oficio-circular-25-2020\/\" rel=\"attachment wp-att-19130\">Manifesta\u00e7\u00e3o da CNR - Manuten\u00e7\u00e3o da Suspens\u00e3o do Of\u00edcio-Circular 25-2020<\/a><\/span><span style=\"font-weight: 400;\">.<\/span><\/p>\n<p>&nbsp;<\/p>\n<h5><span style=\"font-weight: 400;\">Despacho de suspens\u00e3o de cobran\u00e7a<\/span><\/h5>\n<p><span style=\"font-weight: 400;\">No despacho emitido pelo TJ-PR (N\u00ba 5230099), nesta ter\u00e7a-feira (9), o Corregedor Geral da Justi\u00e7a do Tribunal paranaense destacou: \u201cDiante as raz\u00f5es externadas pela Confedera\u00e7\u00e3o Nacional de Not\u00e1rios e Registradores e da reuni\u00e3o ocorrida no dia 5 de junho de 2020 entre este Corregedor-Geral da Justi\u00e7a e o Presidente deste Tribunal de Justi\u00e7a sobre o assunto aqui versado, DEFIRO o pedido de suspens\u00e3o dos efeitos do Of\u00edcio-Circular 25\/2020, relativos \u00e0 exig\u00eancia do pagamento dos fundos especiais deste Tribunal de Justi\u00e7a, a partir deste despacho, por ora, at\u00e9 o dia 30 de junho de 2020, salvo disposi\u00e7\u00f5es futuras que possam rever ou at\u00e9 ampliar tal suspens\u00e3o, tendo em vista a situa\u00e7\u00e3o excepcional vivenciada pela pandemia do novo coronav\u00edrus (COVID-19\u201d.\u00a0<\/span><\/p>\n<p><span style=\"font-weight: 400;\">O documento na \u00edntegra pode ser acessado no\u00a0link a seguir<\/span><span style=\"font-weight: 400;\">:\u00a0<a href=\"https:\/\/cnr.org.br\/site\/tjpr-aceita-pedido-de-suspensao-de-cobranca-do-pagamento-previo-dos-fundos-especiais\/sei_tjpr-5230099-despacho\/\" rel=\"attachment wp-att-19131\">SEI_TJPR - 5230099 - Despacho<\/a> <\/span><\/p>\n<\/div><\/div>","protected":false},"excerpt":{"rendered":"<p>Nesta semana, a Confedera\u00e7\u00e3o Nacional de Not\u00e1rios e Registradores (CNR) recebeu a not\u00edcia de uma importante decis\u00e3o no Paran\u00e1. O Tribunal de Justi\u00e7a do estado aceitou o pedido de suspens\u00e3o da obrigatoriedade de realizar a cobran\u00e7a do pagamento pr\u00e9vio dos fundos especiais do Tribunal. &nbsp; Na manifesta\u00e7\u00e3o apresentada pela CNR, foi argumentado que os Not\u00e1rios [&hellip;]<\/p>\n","protected":false},"author":2,"featured_media":18913,"comment_status":"closed","ping_status":"closed","sticky":false,"template":"","format":"standard","meta":{"footnotes":"","_links_to":"","_links_to_target":""},"categories":[525,55,47],"tags":[],"class_list":["post-19128","post","type-post","status-publish","format-standard","has-post-thumbnail","hentry","category-home","category-noticia","category-ultimas-noticias"],"yoast_head":"<!-- This site is optimized with the Yoast SEO plugin v28.4 - https:\/\/yoast.com\/product\/yoast-seo-wordpress\/ -->\n<title>TJPR aceita pedido de suspens\u00e3o de cobran\u00e7a do pagamento pr\u00e9vio dos fundos especiais - CNR<\/title>\n<meta name=\"description\" content=\"Nesta semana, a Confedera\u00e7\u00e3o Nacional de Not\u00e1rios e Registradores (CNR) recebeu a not\u00edcia de uma importante decis\u00e3o no Paran\u00e1. O Tribunal de Justi\u00e7a do estado aceitou o pedido de suspens\u00e3o de cobran\u00e7a do pagamento pr\u00e9vio dos fundos especiais do Tribunal.\" \/>\n<meta name=\"robots\" content=\"index, follow, max-snippet:-1, max-image-preview:large, max-video-preview:-1\" \/>\n<link rel=\"canonical\" href=\"https:\/\/cnr.org.br\/novoportal\/tjpr-aceita-pedido-de-suspensao-de-cobranca-do-pagamento-previo-dos-fundos-especiais\/\" \/>\n<meta property=\"og:locale\" content=\"pt_BR\" \/>\n<meta property=\"og:type\" content=\"article\" \/>\n<meta property=\"og:title\" content=\"TJPR aceita pedido de suspens\u00e3o de cobran\u00e7a do pagamento pr\u00e9vio dos fundos especiais - CNR\" \/>\n<meta property=\"og:description\" content=\"Nesta semana, a Confedera\u00e7\u00e3o Nacional de Not\u00e1rios e Registradores (CNR) recebeu a not\u00edcia de uma importante decis\u00e3o no Paran\u00e1. O Tribunal de Justi\u00e7a do estado aceitou o pedido de suspens\u00e3o de cobran\u00e7a do pagamento pr\u00e9vio dos fundos especiais do Tribunal.\" \/>\n<meta property=\"og:url\" content=\"https:\/\/cnr.org.br\/novoportal\/tjpr-aceita-pedido-de-suspensao-de-cobranca-do-pagamento-previo-dos-fundos-especiais\/\" \/>\n<meta property=\"og:site_name\" content=\"CNR\" \/>\n<meta property=\"article:published_time\" content=\"2020-06-10T13:20:48+00:00\" \/>\n<meta property=\"og:image\" content=\"https:\/\/cnr.org.br\/novoportal\/wp-content\/uploads\/2020\/05\/wp-content_uploads_2015_07_a7f86e5799aae38257762e9f8cf161af.jpg\" \/>\n\t<meta property=\"og:image:width\" content=\"640\" \/>\n\t<meta property=\"og:image:height\" content=\"424\" \/>\n\t<meta property=\"og:image:type\" content=\"image\/jpeg\" \/>\n<meta name=\"author\" content=\"Imprensa CNR\" \/>\n<meta name=\"twitter:card\" content=\"summary_large_image\" \/>\n<meta name=\"twitter:label1\" content=\"Escrito por\" \/>\n\t<meta name=\"twitter:data1\" content=\"Imprensa CNR\" \/>\n\t<meta name=\"twitter:label2\" content=\"Est. tempo de leitura\" \/>\n\t<meta name=\"twitter:data2\" content=\"2 minutos\" \/>\n<script type=\"application\/ld+json\" class=\"yoast-schema-graph\">{\"@context\":\"https:\\\/\\\/schema.org\",\"@graph\":[{\"@type\":\"Article\",\"@id\":\"https:\\\/\\\/cnr.org.br\\\/novoportal\\\/tjpr-aceita-pedido-de-suspensao-de-cobranca-do-pagamento-previo-dos-fundos-especiais\\\/#article\",\"isPartOf\":{\"@id\":\"https:\\\/\\\/cnr.org.br\\\/novoportal\\\/tjpr-aceita-pedido-de-suspensao-de-cobranca-do-pagamento-previo-dos-fundos-especiais\\\/\"},\"author\":{\"name\":\"Imprensa CNR\",\"@id\":\"https:\\\/\\\/cnr.org.br\\\/novoportal\\\/#\\\/schema\\\/person\\\/1f46209cd8c9d3d9887a0765b64ca66b\"},\"headline\":\"TJPR aceita pedido de suspens\u00e3o de cobran\u00e7a do pagamento pr\u00e9vio dos fundos especiais\",\"datePublished\":\"2020-06-10T13:20:48+00:00\",\"mainEntityOfPage\":{\"@id\":\"https:\\\/\\\/cnr.org.br\\\/novoportal\\\/tjpr-aceita-pedido-de-suspensao-de-cobranca-do-pagamento-previo-dos-fundos-especiais\\\/\"},\"wordCount\":377,\"publisher\":{\"@id\":\"https:\\\/\\\/cnr.org.br\\\/novoportal\\\/#organization\"},\"image\":{\"@id\":\"https:\\\/\\\/cnr.org.br\\\/novoportal\\\/tjpr-aceita-pedido-de-suspensao-de-cobranca-do-pagamento-previo-dos-fundos-especiais\\\/#primaryimage\"},\"thumbnailUrl\":\"https:\\\/\\\/cnr.org.br\\\/site\\\/wp-content\\\/uploads\\\/2020\\\/05\\\/wp-content_uploads_2015_07_a7f86e5799aae38257762e9f8cf161af.jpg\",\"articleSection\":[\"Home\",\"Not\u00edcia\",\"\u00daltimas Not\u00edcias\"],\"inLanguage\":\"pt-BR\"},{\"@type\":\"WebPage\",\"@id\":\"https:\\\/\\\/cnr.org.br\\\/novoportal\\\/tjpr-aceita-pedido-de-suspensao-de-cobranca-do-pagamento-previo-dos-fundos-especiais\\\/\",\"url\":\"https:\\\/\\\/cnr.org.br\\\/novoportal\\\/tjpr-aceita-pedido-de-suspensao-de-cobranca-do-pagamento-previo-dos-fundos-especiais\\\/\",\"name\":\"TJPR aceita pedido de suspens\u00e3o de cobran\u00e7a do pagamento pr\u00e9vio dos fundos especiais - CNR\",\"isPartOf\":{\"@id\":\"https:\\\/\\\/cnr.org.br\\\/novoportal\\\/#website\"},\"primaryImageOfPage\":{\"@id\":\"https:\\\/\\\/cnr.org.br\\\/novoportal\\\/tjpr-aceita-pedido-de-suspensao-de-cobranca-do-pagamento-previo-dos-fundos-especiais\\\/#primaryimage\"},\"image\":{\"@id\":\"https:\\\/\\\/cnr.org.br\\\/novoportal\\\/tjpr-aceita-pedido-de-suspensao-de-cobranca-do-pagamento-previo-dos-fundos-especiais\\\/#primaryimage\"},\"thumbnailUrl\":\"https:\\\/\\\/cnr.org.br\\\/site\\\/wp-content\\\/uploads\\\/2020\\\/05\\\/wp-content_uploads_2015_07_a7f86e5799aae38257762e9f8cf161af.jpg\",\"datePublished\":\"2020-06-10T13:20:48+00:00\",\"description\":\"Nesta semana, a Confedera\u00e7\u00e3o Nacional de Not\u00e1rios e Registradores (CNR) recebeu a not\u00edcia de uma importante decis\u00e3o no Paran\u00e1. O Tribunal de Justi\u00e7a do estado aceitou o pedido de suspens\u00e3o de cobran\u00e7a do pagamento pr\u00e9vio dos fundos especiais do Tribunal.\",\"breadcrumb\":{\"@id\":\"https:\\\/\\\/cnr.org.br\\\/novoportal\\\/tjpr-aceita-pedido-de-suspensao-de-cobranca-do-pagamento-previo-dos-fundos-especiais\\\/#breadcrumb\"},\"inLanguage\":\"pt-BR\",\"potentialAction\":[{\"@type\":\"ReadAction\",\"target\":[\"https:\\\/\\\/cnr.org.br\\\/novoportal\\\/tjpr-aceita-pedido-de-suspensao-de-cobranca-do-pagamento-previo-dos-fundos-especiais\\\/\"]}]},{\"@type\":\"ImageObject\",\"inLanguage\":\"pt-BR\",\"@id\":\"https:\\\/\\\/cnr.org.br\\\/novoportal\\\/tjpr-aceita-pedido-de-suspensao-de-cobranca-do-pagamento-previo-dos-fundos-especiais\\\/#primaryimage\",\"url\":\"https:\\\/\\\/cnr.org.br\\\/site\\\/wp-content\\\/uploads\\\/2020\\\/05\\\/wp-content_uploads_2015_07_a7f86e5799aae38257762e9f8cf161af.jpg\",\"contentUrl\":\"https:\\\/\\\/cnr.org.br\\\/site\\\/wp-content\\\/uploads\\\/2020\\\/05\\\/wp-content_uploads_2015_07_a7f86e5799aae38257762e9f8cf161af.jpg\",\"width\":640,\"height\":424},{\"@type\":\"BreadcrumbList\",\"@id\":\"https:\\\/\\\/cnr.org.br\\\/novoportal\\\/tjpr-aceita-pedido-de-suspensao-de-cobranca-do-pagamento-previo-dos-fundos-especiais\\\/#breadcrumb\",\"itemListElement\":[{\"@type\":\"ListItem\",\"position\":1,\"name\":\"In\u00edcio\",\"item\":\"https:\\\/\\\/cnr.org.br\\\/site\\\/\"},{\"@type\":\"ListItem\",\"position\":2,\"name\":\"TJPR aceita pedido de suspens\u00e3o de cobran\u00e7a do pagamento pr\u00e9vio dos fundos especiais\"}]},{\"@type\":\"WebSite\",\"@id\":\"https:\\\/\\\/cnr.org.br\\\/novoportal\\\/#website\",\"url\":\"https:\\\/\\\/cnr.org.br\\\/novoportal\\\/\",\"name\":\"CNR\",\"description\":\"Confedera\u00e7\u00e3o Nacional de Not\u00e1rios e Registradores\",\"publisher\":{\"@id\":\"https:\\\/\\\/cnr.org.br\\\/novoportal\\\/#organization\"},\"potentialAction\":[{\"@type\":\"SearchAction\",\"target\":{\"@type\":\"EntryPoint\",\"urlTemplate\":\"https:\\\/\\\/cnr.org.br\\\/novoportal\\\/?s={search_term_string}\"},\"query-input\":{\"@type\":\"PropertyValueSpecification\",\"valueRequired\":true,\"valueName\":\"search_term_string\"}}],\"inLanguage\":\"pt-BR\"},{\"@type\":\"Organization\",\"@id\":\"https:\\\/\\\/cnr.org.br\\\/novoportal\\\/#organization\",\"name\":\"CNR\",\"url\":\"https:\\\/\\\/cnr.org.br\\\/novoportal\\\/\",\"logo\":{\"@type\":\"ImageObject\",\"inLanguage\":\"pt-BR\",\"@id\":\"https:\\\/\\\/cnr.org.br\\\/novoportal\\\/#\\\/schema\\\/logo\\\/image\\\/\",\"url\":\"https:\\\/\\\/cnr.org.br\\\/site\\\/wp-content\\\/uploads\\\/2026\\\/02\\\/Logo_CNR_completa_colorida_2024.png\",\"contentUrl\":\"https:\\\/\\\/cnr.org.br\\\/site\\\/wp-content\\\/uploads\\\/2026\\\/02\\\/Logo_CNR_completa_colorida_2024.png\",\"width\":910,\"height\":450,\"caption\":\"CNR\"},\"image\":{\"@id\":\"https:\\\/\\\/cnr.org.br\\\/novoportal\\\/#\\\/schema\\\/logo\\\/image\\\/\"}},{\"@type\":\"Person\",\"@id\":\"https:\\\/\\\/cnr.org.br\\\/novoportal\\\/#\\\/schema\\\/person\\\/1f46209cd8c9d3d9887a0765b64ca66b\",\"name\":\"Imprensa CNR\",\"sameAs\":[\"https:\\\/\\\/cnr.org.br\\\/site\"],\"url\":\"https:\\\/\\\/cnr.org.br\\\/site\\\/author\\\/imprensa\\\/\"}]}<\/script>\n<!-- \/ Yoast SEO plugin. -->","yoast_head_json":{"title":"TJPR aceita pedido de suspens\u00e3o de cobran\u00e7a do pagamento pr\u00e9vio dos fundos especiais - CNR","description":"Nesta semana, a Confedera\u00e7\u00e3o Nacional de Not\u00e1rios e Registradores (CNR) recebeu a not\u00edcia de uma importante decis\u00e3o no Paran\u00e1. O Tribunal de Justi\u00e7a do estado aceitou o pedido de suspens\u00e3o de cobran\u00e7a do pagamento pr\u00e9vio dos fundos especiais do Tribunal.","robots":{"index":"index","follow":"follow","max-snippet":"max-snippet:-1","max-image-preview":"max-image-preview:large","max-video-preview":"max-video-preview:-1"},"canonical":"https:\/\/cnr.org.br\/novoportal\/tjpr-aceita-pedido-de-suspensao-de-cobranca-do-pagamento-previo-dos-fundos-especiais\/","og_locale":"pt_BR","og_type":"article","og_title":"TJPR aceita pedido de suspens\u00e3o de cobran\u00e7a do pagamento pr\u00e9vio dos fundos especiais - CNR","og_description":"Nesta semana, a Confedera\u00e7\u00e3o Nacional de Not\u00e1rios e Registradores (CNR) recebeu a not\u00edcia de uma importante decis\u00e3o no Paran\u00e1. O Tribunal de Justi\u00e7a do estado aceitou o pedido de suspens\u00e3o de cobran\u00e7a do pagamento pr\u00e9vio dos fundos especiais do Tribunal.","og_url":"https:\/\/cnr.org.br\/novoportal\/tjpr-aceita-pedido-de-suspensao-de-cobranca-do-pagamento-previo-dos-fundos-especiais\/","og_site_name":"CNR","article_published_time":"2020-06-10T13:20:48+00:00","og_image":[{"width":640,"height":424,"url":"https:\/\/cnr.org.br\/novoportal\/wp-content\/uploads\/2020\/05\/wp-content_uploads_2015_07_a7f86e5799aae38257762e9f8cf161af.jpg","type":"image\/jpeg"}],"author":"Imprensa CNR","twitter_card":"summary_large_image","twitter_misc":{"Escrito por":"Imprensa CNR","Est. tempo de leitura":"2 minutos"},"schema":{"@context":"https:\/\/schema.org","@graph":[{"@type":"Article","@id":"https:\/\/cnr.org.br\/novoportal\/tjpr-aceita-pedido-de-suspensao-de-cobranca-do-pagamento-previo-dos-fundos-especiais\/#article","isPartOf":{"@id":"https:\/\/cnr.org.br\/novoportal\/tjpr-aceita-pedido-de-suspensao-de-cobranca-do-pagamento-previo-dos-fundos-especiais\/"},"author":{"name":"Imprensa CNR","@id":"https:\/\/cnr.org.br\/novoportal\/#\/schema\/person\/1f46209cd8c9d3d9887a0765b64ca66b"},"headline":"TJPR aceita pedido de suspens\u00e3o de cobran\u00e7a do pagamento pr\u00e9vio dos fundos especiais","datePublished":"2020-06-10T13:20:48+00:00","mainEntityOfPage":{"@id":"https:\/\/cnr.org.br\/novoportal\/tjpr-aceita-pedido-de-suspensao-de-cobranca-do-pagamento-previo-dos-fundos-especiais\/"},"wordCount":377,"publisher":{"@id":"https:\/\/cnr.org.br\/novoportal\/#organization"},"image":{"@id":"https:\/\/cnr.org.br\/novoportal\/tjpr-aceita-pedido-de-suspensao-de-cobranca-do-pagamento-previo-dos-fundos-especiais\/#primaryimage"},"thumbnailUrl":"https:\/\/cnr.org.br\/site\/wp-content\/uploads\/2020\/05\/wp-content_uploads_2015_07_a7f86e5799aae38257762e9f8cf161af.jpg","articleSection":["Home","Not\u00edcia","\u00daltimas Not\u00edcias"],"inLanguage":"pt-BR"},{"@type":"WebPage","@id":"https:\/\/cnr.org.br\/novoportal\/tjpr-aceita-pedido-de-suspensao-de-cobranca-do-pagamento-previo-dos-fundos-especiais\/","url":"https:\/\/cnr.org.br\/novoportal\/tjpr-aceita-pedido-de-suspensao-de-cobranca-do-pagamento-previo-dos-fundos-especiais\/","name":"TJPR aceita pedido de suspens\u00e3o de cobran\u00e7a do pagamento pr\u00e9vio dos fundos especiais - CNR","isPartOf":{"@id":"https:\/\/cnr.org.br\/novoportal\/#website"},"primaryImageOfPage":{"@id":"https:\/\/cnr.org.br\/novoportal\/tjpr-aceita-pedido-de-suspensao-de-cobranca-do-pagamento-previo-dos-fundos-especiais\/#primaryimage"},"image":{"@id":"https:\/\/cnr.org.br\/novoportal\/tjpr-aceita-pedido-de-suspensao-de-cobranca-do-pagamento-previo-dos-fundos-especiais\/#primaryimage"},"thumbnailUrl":"https:\/\/cnr.org.br\/site\/wp-content\/uploads\/2020\/05\/wp-content_uploads_2015_07_a7f86e5799aae38257762e9f8cf161af.jpg","datePublished":"2020-06-10T13:20:48+00:00","description":"Nesta semana, a Confedera\u00e7\u00e3o Nacional de Not\u00e1rios e Registradores (CNR) recebeu a not\u00edcia de uma importante decis\u00e3o no Paran\u00e1. O Tribunal de Justi\u00e7a do estado aceitou o pedido de suspens\u00e3o de cobran\u00e7a do pagamento pr\u00e9vio dos fundos especiais do Tribunal.","breadcrumb":{"@id":"https:\/\/cnr.org.br\/novoportal\/tjpr-aceita-pedido-de-suspensao-de-cobranca-do-pagamento-previo-dos-fundos-especiais\/#breadcrumb"},"inLanguage":"pt-BR","potentialAction":[{"@type":"ReadAction","target":["https:\/\/cnr.org.br\/novoportal\/tjpr-aceita-pedido-de-suspensao-de-cobranca-do-pagamento-previo-dos-fundos-especiais\/"]}]},{"@type":"ImageObject","inLanguage":"pt-BR","@id":"https:\/\/cnr.org.br\/novoportal\/tjpr-aceita-pedido-de-suspensao-de-cobranca-do-pagamento-previo-dos-fundos-especiais\/#primaryimage","url":"https:\/\/cnr.org.br\/site\/wp-content\/uploads\/2020\/05\/wp-content_uploads_2015_07_a7f86e5799aae38257762e9f8cf161af.jpg","contentUrl":"https:\/\/cnr.org.br\/site\/wp-content\/uploads\/2020\/05\/wp-content_uploads_2015_07_a7f86e5799aae38257762e9f8cf161af.jpg","width":640,"height":424},{"@type":"BreadcrumbList","@id":"https:\/\/cnr.org.br\/novoportal\/tjpr-aceita-pedido-de-suspensao-de-cobranca-do-pagamento-previo-dos-fundos-especiais\/#breadcrumb","itemListElement":[{"@type":"ListItem","position":1,"name":"In\u00edcio","item":"https:\/\/cnr.org.br\/site\/"},{"@type":"ListItem","position":2,"name":"TJPR aceita pedido de suspens\u00e3o de cobran\u00e7a do pagamento pr\u00e9vio dos fundos especiais"}]},{"@type":"WebSite","@id":"https:\/\/cnr.org.br\/novoportal\/#website","url":"https:\/\/cnr.org.br\/novoportal\/","name":"CNR","description":"Confedera\u00e7\u00e3o Nacional de Not\u00e1rios e Registradores","publisher":{"@id":"https:\/\/cnr.org.br\/novoportal\/#organization"},"potentialAction":[{"@type":"SearchAction","target":{"@type":"EntryPoint","urlTemplate":"https:\/\/cnr.org.br\/novoportal\/?s={search_term_string}"},"query-input":{"@type":"PropertyValueSpecification","valueRequired":true,"valueName":"search_term_string"}}],"inLanguage":"pt-BR"},{"@type":"Organization","@id":"https:\/\/cnr.org.br\/novoportal\/#organization","name":"CNR","url":"https:\/\/cnr.org.br\/novoportal\/","logo":{"@type":"ImageObject","inLanguage":"pt-BR","@id":"https:\/\/cnr.org.br\/novoportal\/#\/schema\/logo\/image\/","url":"https:\/\/cnr.org.br\/site\/wp-content\/uploads\/2026\/02\/Logo_CNR_completa_colorida_2024.png","contentUrl":"https:\/\/cnr.org.br\/site\/wp-content\/uploads\/2026\/02\/Logo_CNR_completa_colorida_2024.png","width":910,"height":450,"caption":"CNR"},"image":{"@id":"https:\/\/cnr.org.br\/novoportal\/#\/schema\/logo\/image\/"}},{"@type":"Person","@id":"https:\/\/cnr.org.br\/novoportal\/#\/schema\/person\/1f46209cd8c9d3d9887a0765b64ca66b","name":"Imprensa CNR","sameAs":["https:\/\/cnr.org.br\/site"],"url":"https:\/\/cnr.org.br\/site\/author\/imprensa\/"}]}},"_links":{"self":[{"href":"https:\/\/cnr.org.br\/site\/wp-json\/wp\/v2\/posts\/19128","targetHints":{"allow":["GET"]}}],"collection":[{"href":"https:\/\/cnr.org.br\/site\/wp-json\/wp\/v2\/posts"}],"about":[{"href":"https:\/\/cnr.org.br\/site\/wp-json\/wp\/v2\/types\/post"}],"author":[{"embeddable":true,"href":"https:\/\/cnr.org.br\/site\/wp-json\/wp\/v2\/users\/2"}],"replies":[{"embeddable":true,"href":"https:\/\/cnr.org.br\/site\/wp-json\/wp\/v2\/comments?post=19128"}],"version-history":[{"count":0,"href":"https:\/\/cnr.org.br\/site\/wp-json\/wp\/v2\/posts\/19128\/revisions"}],"wp:featuredmedia":[{"embeddable":true,"href":"https:\/\/cnr.org.br\/site\/wp-json\/wp\/v2\/media\/18913"}],"wp:attachment":[{"href":"https:\/\/cnr.org.br\/site\/wp-json\/wp\/v2\/media?parent=19128"}],"wp:term":[{"taxonomy":"category","embeddable":true,"href":"https:\/\/cnr.org.br\/site\/wp-json\/wp\/v2\/categories?post=19128"},{"taxonomy":"post_tag","embeddable":true,"href":"https:\/\/cnr.org.br\/site\/wp-json\/wp\/v2\/tags?post=19128"}],"curies":[{"name":"wp","href":"https:\/\/api.w.org\/{rel}","templated":true}]}}