{"id":19457,"date":"2020-06-26T10:54:56","date_gmt":"2020-06-26T13:54:56","guid":{"rendered":"https:\/\/cnr.org.br\/site\/?p=19457"},"modified":"2020-06-26T10:58:51","modified_gmt":"2020-06-26T13:58:51","slug":"edital-de-convocacao","status":"publish","type":"post","link":"https:\/\/cnr.org.br\/site\/edital-de-convocacao\/","title":{"rendered":"EDITAL DE CONVOCA\u00c7\u00c3O"},"content":{"rendered":"<div id=\"dslc-theme-content\"><div id=\"dslc-theme-content-inner\"><p style=\"text-align: justify;\">O Presidente da Confedera\u00e7\u00e3o Nacional de Not\u00e1rios e Registradores - CNR, no uso de suas atribui\u00e7\u00f5es, com fulcro no art. 20, inciso \u201cII\u201d do Estatuto Social, convoca sua diretoria, Sindicatos e Federa\u00e7\u00f5es integrantes da categoria de Not\u00e1rios e Registradores, de todo territ\u00f3rio nacional, para participarem virtualmente da Assembleia Geral Extraordin\u00e1ria, em car\u00e1ter excepcional, que ser\u00e1 realizada \u00e0s 18h do dia 30 de junho de 2020 (ter\u00e7a-feira), com qualquer n\u00famero de presentes\/conectados, transmitida ao vivo atrav\u00e9s do aplicativo Zoom, Google Meet ou outro similar que ser\u00e1 divulgado com anteced\u00eancia, a fim de tratar sobre o Provimento 107 do CNJ (Medidas adotadas pelos not\u00e1rios e registradores) e demais assuntos.<br \/>\nBras\u00edlia, 25 de junho de 2020.<\/p>\n<p style=\"text-align: justify;\">Rog\u00e9rio Portugal Bacellar<br \/>\nPresidente<\/p>\n<p style=\"text-align: justify;\">Orienta\u00e7\u00e3o para participa\u00e7\u00e3o da assembleia<\/p>\n<p style=\"text-align: justify;\">Extraordinariamente, em virtude da pandemia da Covid-19 e frente a todas as orienta\u00e7\u00f5es de evitar contato presencial, a discuss\u00e3o sobre as Centrais de Registros Eletr\u00f4nicos ser\u00e1 organizada por meio de confer\u00eancia. O aplicativo utilizado poder\u00e1 ser o Zoom, o Google Meet ou outro similar.<br \/>\n1 \u2013 A entrada na confer\u00eancia ocorre por meio de link. Ele ser\u00e1 enviado ao grupo de whatsapp da Diretoria da CNR at\u00e9 segunda-feira, dia 29.<br \/>\n2 \u2013 Profissionais que n\u00e3o est\u00e3o no grupo, podem solicitar acesso \u00e0 reuni\u00e3o por e-mail: contato@cnr.org.br.<\/p>\n<\/div><\/div>","protected":false},"excerpt":{"rendered":"<p>O Presidente da Confedera\u00e7\u00e3o Nacional de Not\u00e1rios e Registradores - CNR, no uso de suas atribui\u00e7\u00f5es, com fulcro no art. 20, inciso \u201cII\u201d do Estatuto Social, convoca sua diretoria, Sindicatos e Federa\u00e7\u00f5es integrantes da categoria de Not\u00e1rios e Registradores, de todo territ\u00f3rio nacional, para participarem virtualmente da Assembleia Geral Extraordin\u00e1ria, em car\u00e1ter excepcional, que ser\u00e1 [&hellip;]<\/p>\n","protected":false},"author":2,"featured_media":17821,"comment_status":"closed","ping_status":"closed","sticky":false,"template":"","format":"standard","meta":{"footnotes":"","_links_to":"","_links_to_target":""},"categories":[524,525,55,47],"tags":[],"class_list":["post-19457","post","type-post","status-publish","format-standard","has-post-thumbnail","hentry","category-destaques","category-home","category-noticia","category-ultimas-noticias"],"yoast_head":"<!-- This site is optimized with the Yoast SEO plugin v28.4 - https:\/\/yoast.com\/product\/yoast-seo-wordpress\/ -->\n<title>EDITAL DE CONVOCA\u00c7\u00c3O - CNR<\/title>\n<meta name=\"robots\" content=\"index, follow, max-snippet:-1, max-image-preview:large, max-video-preview:-1\" \/>\n<link rel=\"canonical\" href=\"https:\/\/cnr.org.br\/novoportal\/edital-de-convocacao\/\" \/>\n<meta property=\"og:locale\" content=\"pt_BR\" \/>\n<meta property=\"og:type\" content=\"article\" \/>\n<meta property=\"og:title\" content=\"EDITAL DE CONVOCA\u00c7\u00c3O - CNR\" \/>\n<meta property=\"og:description\" content=\"O Presidente da Confedera\u00e7\u00e3o Nacional de Not\u00e1rios e Registradores - CNR, no uso de suas atribui\u00e7\u00f5es, com fulcro no art. 20, inciso \u201cII\u201d do Estatuto Social, convoca sua diretoria, Sindicatos e Federa\u00e7\u00f5es integrantes da categoria de Not\u00e1rios e Registradores, de todo territ\u00f3rio nacional, para participarem virtualmente da Assembleia Geral Extraordin\u00e1ria, em car\u00e1ter excepcional, que ser\u00e1 [&hellip;]\" \/>\n<meta property=\"og:url\" content=\"https:\/\/cnr.org.br\/novoportal\/edital-de-convocacao\/\" \/>\n<meta property=\"og:site_name\" content=\"CNR\" \/>\n<meta property=\"article:published_time\" content=\"2020-06-26T13:54:56+00:00\" \/>\n<meta property=\"article:modified_time\" content=\"2020-06-26T13:58:51+00:00\" \/>\n<meta property=\"og:image\" content=\"https:\/\/cnr.org.br\/novoportal\/wp-content\/uploads\/2020\/03\/11.03.jpg\" \/>\n\t<meta property=\"og:image:width\" content=\"1920\" \/>\n\t<meta property=\"og:image:height\" content=\"1281\" \/>\n\t<meta property=\"og:image:type\" content=\"image\/jpeg\" \/>\n<meta name=\"author\" content=\"Imprensa CNR\" \/>\n<meta name=\"twitter:card\" content=\"summary_large_image\" \/>\n<meta name=\"twitter:label1\" content=\"Escrito por\" \/>\n\t<meta name=\"twitter:data1\" content=\"Imprensa CNR\" \/>\n\t<meta name=\"twitter:label2\" content=\"Est. tempo de leitura\" \/>\n\t<meta name=\"twitter:data2\" content=\"1 minuto\" \/>\n<script type=\"application\/ld+json\" class=\"yoast-schema-graph\">{\"@context\":\"https:\\\/\\\/schema.org\",\"@graph\":[{\"@type\":\"Article\",\"@id\":\"https:\\\/\\\/cnr.org.br\\\/novoportal\\\/edital-de-convocacao\\\/#article\",\"isPartOf\":{\"@id\":\"https:\\\/\\\/cnr.org.br\\\/novoportal\\\/edital-de-convocacao\\\/\"},\"author\":{\"name\":\"Imprensa CNR\",\"@id\":\"https:\\\/\\\/cnr.org.br\\\/novoportal\\\/#\\\/schema\\\/person\\\/1f46209cd8c9d3d9887a0765b64ca66b\"},\"headline\":\"EDITAL DE CONVOCA\u00c7\u00c3O\",\"datePublished\":\"2020-06-26T13:54:56+00:00\",\"dateModified\":\"2020-06-26T13:58:51+00:00\",\"mainEntityOfPage\":{\"@id\":\"https:\\\/\\\/cnr.org.br\\\/novoportal\\\/edital-de-convocacao\\\/\"},\"wordCount\":229,\"publisher\":{\"@id\":\"https:\\\/\\\/cnr.org.br\\\/novoportal\\\/#organization\"},\"image\":{\"@id\":\"https:\\\/\\\/cnr.org.br\\\/novoportal\\\/edital-de-convocacao\\\/#primaryimage\"},\"thumbnailUrl\":\"https:\\\/\\\/cnr.org.br\\\/site\\\/wp-content\\\/uploads\\\/2020\\\/03\\\/11.03.jpg\",\"articleSection\":[\"Destaques\",\"Home\",\"Not\u00edcia\",\"\u00daltimas Not\u00edcias\"],\"inLanguage\":\"pt-BR\"},{\"@type\":\"WebPage\",\"@id\":\"https:\\\/\\\/cnr.org.br\\\/novoportal\\\/edital-de-convocacao\\\/\",\"url\":\"https:\\\/\\\/cnr.org.br\\\/novoportal\\\/edital-de-convocacao\\\/\",\"name\":\"EDITAL DE CONVOCA\u00c7\u00c3O - CNR\",\"isPartOf\":{\"@id\":\"https:\\\/\\\/cnr.org.br\\\/novoportal\\\/#website\"},\"primaryImageOfPage\":{\"@id\":\"https:\\\/\\\/cnr.org.br\\\/novoportal\\\/edital-de-convocacao\\\/#primaryimage\"},\"image\":{\"@id\":\"https:\\\/\\\/cnr.org.br\\\/novoportal\\\/edital-de-convocacao\\\/#primaryimage\"},\"thumbnailUrl\":\"https:\\\/\\\/cnr.org.br\\\/site\\\/wp-content\\\/uploads\\\/2020\\\/03\\\/11.03.jpg\",\"datePublished\":\"2020-06-26T13:54:56+00:00\",\"dateModified\":\"2020-06-26T13:58:51+00:00\",\"breadcrumb\":{\"@id\":\"https:\\\/\\\/cnr.org.br\\\/novoportal\\\/edital-de-convocacao\\\/#breadcrumb\"},\"inLanguage\":\"pt-BR\",\"potentialAction\":[{\"@type\":\"ReadAction\",\"target\":[\"https:\\\/\\\/cnr.org.br\\\/novoportal\\\/edital-de-convocacao\\\/\"]}]},{\"@type\":\"ImageObject\",\"inLanguage\":\"pt-BR\",\"@id\":\"https:\\\/\\\/cnr.org.br\\\/novoportal\\\/edital-de-convocacao\\\/#primaryimage\",\"url\":\"https:\\\/\\\/cnr.org.br\\\/site\\\/wp-content\\\/uploads\\\/2020\\\/03\\\/11.03.jpg\",\"contentUrl\":\"https:\\\/\\\/cnr.org.br\\\/site\\\/wp-content\\\/uploads\\\/2020\\\/03\\\/11.03.jpg\",\"width\":1920,\"height\":1281,\"caption\":\"TJ-PE permite registro em cart\u00f3rio do nome de um natimorto\"},{\"@type\":\"BreadcrumbList\",\"@id\":\"https:\\\/\\\/cnr.org.br\\\/novoportal\\\/edital-de-convocacao\\\/#breadcrumb\",\"itemListElement\":[{\"@type\":\"ListItem\",\"position\":1,\"name\":\"In\u00edcio\",\"item\":\"https:\\\/\\\/cnr.org.br\\\/site\\\/\"},{\"@type\":\"ListItem\",\"position\":2,\"name\":\"EDITAL DE CONVOCA\u00c7\u00c3O\"}]},{\"@type\":\"WebSite\",\"@id\":\"https:\\\/\\\/cnr.org.br\\\/novoportal\\\/#website\",\"url\":\"https:\\\/\\\/cnr.org.br\\\/novoportal\\\/\",\"name\":\"CNR\",\"description\":\"Confedera\u00e7\u00e3o Nacional de Not\u00e1rios e Registradores\",\"publisher\":{\"@id\":\"https:\\\/\\\/cnr.org.br\\\/novoportal\\\/#organization\"},\"potentialAction\":[{\"@type\":\"SearchAction\",\"target\":{\"@type\":\"EntryPoint\",\"urlTemplate\":\"https:\\\/\\\/cnr.org.br\\\/novoportal\\\/?s={search_term_string}\"},\"query-input\":{\"@type\":\"PropertyValueSpecification\",\"valueRequired\":true,\"valueName\":\"search_term_string\"}}],\"inLanguage\":\"pt-BR\"},{\"@type\":\"Organization\",\"@id\":\"https:\\\/\\\/cnr.org.br\\\/novoportal\\\/#organization\",\"name\":\"CNR\",\"url\":\"https:\\\/\\\/cnr.org.br\\\/novoportal\\\/\",\"logo\":{\"@type\":\"ImageObject\",\"inLanguage\":\"pt-BR\",\"@id\":\"https:\\\/\\\/cnr.org.br\\\/novoportal\\\/#\\\/schema\\\/logo\\\/image\\\/\",\"url\":\"https:\\\/\\\/cnr.org.br\\\/site\\\/wp-content\\\/uploads\\\/2026\\\/02\\\/Logo_CNR_completa_colorida_2024.png\",\"contentUrl\":\"https:\\\/\\\/cnr.org.br\\\/site\\\/wp-content\\\/uploads\\\/2026\\\/02\\\/Logo_CNR_completa_colorida_2024.png\",\"width\":910,\"height\":450,\"caption\":\"CNR\"},\"image\":{\"@id\":\"https:\\\/\\\/cnr.org.br\\\/novoportal\\\/#\\\/schema\\\/logo\\\/image\\\/\"}},{\"@type\":\"Person\",\"@id\":\"https:\\\/\\\/cnr.org.br\\\/novoportal\\\/#\\\/schema\\\/person\\\/1f46209cd8c9d3d9887a0765b64ca66b\",\"name\":\"Imprensa CNR\",\"sameAs\":[\"https:\\\/\\\/cnr.org.br\\\/site\"],\"url\":\"https:\\\/\\\/cnr.org.br\\\/site\\\/author\\\/imprensa\\\/\"}]}<\/script>\n<!-- \/ Yoast SEO plugin. -->","yoast_head_json":{"title":"EDITAL DE CONVOCA\u00c7\u00c3O - CNR","robots":{"index":"index","follow":"follow","max-snippet":"max-snippet:-1","max-image-preview":"max-image-preview:large","max-video-preview":"max-video-preview:-1"},"canonical":"https:\/\/cnr.org.br\/novoportal\/edital-de-convocacao\/","og_locale":"pt_BR","og_type":"article","og_title":"EDITAL DE CONVOCA\u00c7\u00c3O - CNR","og_description":"O Presidente da Confedera\u00e7\u00e3o Nacional de Not\u00e1rios e Registradores - CNR, no uso de suas atribui\u00e7\u00f5es, com fulcro no art. 20, inciso \u201cII\u201d do Estatuto Social, convoca sua diretoria, Sindicatos e Federa\u00e7\u00f5es integrantes da categoria de Not\u00e1rios e Registradores, de todo territ\u00f3rio nacional, para participarem virtualmente da Assembleia Geral Extraordin\u00e1ria, em car\u00e1ter excepcional, que ser\u00e1 [&hellip;]","og_url":"https:\/\/cnr.org.br\/novoportal\/edital-de-convocacao\/","og_site_name":"CNR","article_published_time":"2020-06-26T13:54:56+00:00","article_modified_time":"2020-06-26T13:58:51+00:00","og_image":[{"width":1920,"height":1281,"url":"https:\/\/cnr.org.br\/novoportal\/wp-content\/uploads\/2020\/03\/11.03.jpg","type":"image\/jpeg"}],"author":"Imprensa CNR","twitter_card":"summary_large_image","twitter_misc":{"Escrito por":"Imprensa CNR","Est. tempo de leitura":"1 minuto"},"schema":{"@context":"https:\/\/schema.org","@graph":[{"@type":"Article","@id":"https:\/\/cnr.org.br\/novoportal\/edital-de-convocacao\/#article","isPartOf":{"@id":"https:\/\/cnr.org.br\/novoportal\/edital-de-convocacao\/"},"author":{"name":"Imprensa CNR","@id":"https:\/\/cnr.org.br\/novoportal\/#\/schema\/person\/1f46209cd8c9d3d9887a0765b64ca66b"},"headline":"EDITAL DE CONVOCA\u00c7\u00c3O","datePublished":"2020-06-26T13:54:56+00:00","dateModified":"2020-06-26T13:58:51+00:00","mainEntityOfPage":{"@id":"https:\/\/cnr.org.br\/novoportal\/edital-de-convocacao\/"},"wordCount":229,"publisher":{"@id":"https:\/\/cnr.org.br\/novoportal\/#organization"},"image":{"@id":"https:\/\/cnr.org.br\/novoportal\/edital-de-convocacao\/#primaryimage"},"thumbnailUrl":"https:\/\/cnr.org.br\/site\/wp-content\/uploads\/2020\/03\/11.03.jpg","articleSection":["Destaques","Home","Not\u00edcia","\u00daltimas Not\u00edcias"],"inLanguage":"pt-BR"},{"@type":"WebPage","@id":"https:\/\/cnr.org.br\/novoportal\/edital-de-convocacao\/","url":"https:\/\/cnr.org.br\/novoportal\/edital-de-convocacao\/","name":"EDITAL DE CONVOCA\u00c7\u00c3O - CNR","isPartOf":{"@id":"https:\/\/cnr.org.br\/novoportal\/#website"},"primaryImageOfPage":{"@id":"https:\/\/cnr.org.br\/novoportal\/edital-de-convocacao\/#primaryimage"},"image":{"@id":"https:\/\/cnr.org.br\/novoportal\/edital-de-convocacao\/#primaryimage"},"thumbnailUrl":"https:\/\/cnr.org.br\/site\/wp-content\/uploads\/2020\/03\/11.03.jpg","datePublished":"2020-06-26T13:54:56+00:00","dateModified":"2020-06-26T13:58:51+00:00","breadcrumb":{"@id":"https:\/\/cnr.org.br\/novoportal\/edital-de-convocacao\/#breadcrumb"},"inLanguage":"pt-BR","potentialAction":[{"@type":"ReadAction","target":["https:\/\/cnr.org.br\/novoportal\/edital-de-convocacao\/"]}]},{"@type":"ImageObject","inLanguage":"pt-BR","@id":"https:\/\/cnr.org.br\/novoportal\/edital-de-convocacao\/#primaryimage","url":"https:\/\/cnr.org.br\/site\/wp-content\/uploads\/2020\/03\/11.03.jpg","contentUrl":"https:\/\/cnr.org.br\/site\/wp-content\/uploads\/2020\/03\/11.03.jpg","width":1920,"height":1281,"caption":"TJ-PE permite registro em cart\u00f3rio do nome de um natimorto"},{"@type":"BreadcrumbList","@id":"https:\/\/cnr.org.br\/novoportal\/edital-de-convocacao\/#breadcrumb","itemListElement":[{"@type":"ListItem","position":1,"name":"In\u00edcio","item":"https:\/\/cnr.org.br\/site\/"},{"@type":"ListItem","position":2,"name":"EDITAL DE CONVOCA\u00c7\u00c3O"}]},{"@type":"WebSite","@id":"https:\/\/cnr.org.br\/novoportal\/#website","url":"https:\/\/cnr.org.br\/novoportal\/","name":"CNR","description":"Confedera\u00e7\u00e3o Nacional de Not\u00e1rios e Registradores","publisher":{"@id":"https:\/\/cnr.org.br\/novoportal\/#organization"},"potentialAction":[{"@type":"SearchAction","target":{"@type":"EntryPoint","urlTemplate":"https:\/\/cnr.org.br\/novoportal\/?s={search_term_string}"},"query-input":{"@type":"PropertyValueSpecification","valueRequired":true,"valueName":"search_term_string"}}],"inLanguage":"pt-BR"},{"@type":"Organization","@id":"https:\/\/cnr.org.br\/novoportal\/#organization","name":"CNR","url":"https:\/\/cnr.org.br\/novoportal\/","logo":{"@type":"ImageObject","inLanguage":"pt-BR","@id":"https:\/\/cnr.org.br\/novoportal\/#\/schema\/logo\/image\/","url":"https:\/\/cnr.org.br\/site\/wp-content\/uploads\/2026\/02\/Logo_CNR_completa_colorida_2024.png","contentUrl":"https:\/\/cnr.org.br\/site\/wp-content\/uploads\/2026\/02\/Logo_CNR_completa_colorida_2024.png","width":910,"height":450,"caption":"CNR"},"image":{"@id":"https:\/\/cnr.org.br\/novoportal\/#\/schema\/logo\/image\/"}},{"@type":"Person","@id":"https:\/\/cnr.org.br\/novoportal\/#\/schema\/person\/1f46209cd8c9d3d9887a0765b64ca66b","name":"Imprensa CNR","sameAs":["https:\/\/cnr.org.br\/site"],"url":"https:\/\/cnr.org.br\/site\/author\/imprensa\/"}]}},"_links":{"self":[{"href":"https:\/\/cnr.org.br\/site\/wp-json\/wp\/v2\/posts\/19457","targetHints":{"allow":["GET"]}}],"collection":[{"href":"https:\/\/cnr.org.br\/site\/wp-json\/wp\/v2\/posts"}],"about":[{"href":"https:\/\/cnr.org.br\/site\/wp-json\/wp\/v2\/types\/post"}],"author":[{"embeddable":true,"href":"https:\/\/cnr.org.br\/site\/wp-json\/wp\/v2\/users\/2"}],"replies":[{"embeddable":true,"href":"https:\/\/cnr.org.br\/site\/wp-json\/wp\/v2\/comments?post=19457"}],"version-history":[{"count":0,"href":"https:\/\/cnr.org.br\/site\/wp-json\/wp\/v2\/posts\/19457\/revisions"}],"wp:featuredmedia":[{"embeddable":true,"href":"https:\/\/cnr.org.br\/site\/wp-json\/wp\/v2\/media\/17821"}],"wp:attachment":[{"href":"https:\/\/cnr.org.br\/site\/wp-json\/wp\/v2\/media?parent=19457"}],"wp:term":[{"taxonomy":"category","embeddable":true,"href":"https:\/\/cnr.org.br\/site\/wp-json\/wp\/v2\/categories?post=19457"},{"taxonomy":"post_tag","embeddable":true,"href":"https:\/\/cnr.org.br\/site\/wp-json\/wp\/v2\/tags?post=19457"}],"curies":[{"name":"wp","href":"https:\/\/api.w.org\/{rel}","templated":true}]}}