{"id":21005,"date":"2020-10-15T11:48:16","date_gmt":"2020-10-15T14:48:16","guid":{"rendered":"https:\/\/cnr.org.br\/site\/?p=21005"},"modified":"2021-08-11T15:42:31","modified_gmt":"2021-08-11T18:42:31","slug":"prorrogado-periodo-de-suspensao-do-contrato-de-trabalho-e-reducao-de-salario-e-jornada","status":"publish","type":"post","link":"https:\/\/cnr.org.br\/site\/prorrogado-periodo-de-suspensao-do-contrato-de-trabalho-e-reducao-de-salario-e-jornada\/","title":{"rendered":"Prorrogado per\u00edodo de suspens\u00e3o do contrato de trabalho e redu\u00e7\u00e3o de sal\u00e1rio e jornada"},"content":{"rendered":"<div id=\"dslc-theme-content\"><div id=\"dslc-theme-content-inner\"><p><em>O decreto que prorroga por dois meses a suspens\u00e3o dos contratos de trabalho e por mais um m\u00eas a redu\u00e7\u00e3o de sal\u00e1rios e carga hor\u00e1ria de empregados foi publicado nesta ter\u00e7a-feira (14) no Di\u00e1rio Oficial da Uni\u00e3o.<\/em><\/p>\n<p>Atualiza\u00e7\u00e3o: Foi publicado novo&nbsp;<a class=\"external-link\" title=\"\" href=\"http:\/\/www.planalto.gov.br\/ccivil_03\/_ato2019-2022\/2020\/Decreto\/D10470.htm\" target=\"_blank\" rel=\"noopener\" data-tippreview-enabled=\"false\" data-tippreview-image=\"\" data-tippreview-title=\"\">Decreto<\/a>, prorrogando os prazos de redu\u00e7\u00e3o e suspens\u00e3o para o limite de 180 dias.<\/p>\n<p>Foi publicado nesta ter\u00e7a-feira (14) o&nbsp;<a class=\"external-link\" title=\"\" href=\"http:\/\/www.planalto.gov.br\/ccivil_03\/_ato2019-2022\/2020\/decreto\/D10422.htm\" target=\"_blank\" rel=\"noopener\" data-tippreview-enabled=\"false\" data-tippreview-image=\"\" data-tippreview-title=\"\">Decreto n\u00ba 10.422, de 13 de julho de 2020<\/a>, que prorroga os prazos para celebrar os acordos de redu\u00e7\u00e3o proporcional de jornada e de sal\u00e1rio e de suspens\u00e3o tempor\u00e1ria do contrato de trabalho com o pagamento dos benef\u00edcios emergenciais. O decreto regulamenta a&nbsp;<a class=\"external-link\" title=\"\" href=\"http:\/\/www.planalto.gov.br\/CCIVIL_03\/_Ato2019-2022\/2020\/Lei\/L14020.htm\" target=\"_blank\" rel=\"noopener\" data-tippreview-enabled=\"false\" data-tippreview-image=\"\" data-tippreview-title=\"\">Lei n\u00ba 14.020, de 6 de julho de 2020<\/a>, convers\u00e3o da Medida Provis\u00f3ria n\u00ba 936\/2020 - que instituiu o Benef\u00edcio Emergencial de Preserva\u00e7\u00e3o do Emprego e da Renda - BEm.<\/p>\n<p>O prazo de prorroga\u00e7\u00e3o depende da modalidade, conforme detalhado no quadro abaixo:<\/p>\n<table class=\"listing\">\n<tbody>\n<tr>\n<td><strong>Modalidade<\/strong><\/td>\n<td><strong>Prazo m\u00e1ximo anterior<\/strong><\/td>\n<td><strong>Possibilidade de prorroga\u00e7\u00e3o<\/strong><\/td>\n<td><strong>Limite m\u00e1ximo<\/strong><\/td>\n<\/tr>\n<tr>\n<td><strong>Redu\u00e7\u00e3o<\/strong><\/td>\n<td>90 dias<\/td>\n<td>30 dias<\/td>\n<td>120 dias<\/td>\n<\/tr>\n<tr>\n<td><strong>Suspens\u00e3o<\/strong><\/td>\n<td>60 dias<\/td>\n<td>60 dias<\/td>\n<td>120 dias<\/td>\n<\/tr>\n<\/tbody>\n<\/table>\n<p>\u00c9 importante destacar que os per\u00edodos de redu\u00e7\u00e3o proporcional de jornada e de sal\u00e1rio ou de suspens\u00e3o tempor\u00e1ria do contrato de trabalho utilizados antes da publica\u00e7\u00e3o do Decreto s\u00e3o computados para fins de contagem dos limites citados no quadro.<\/p>\n<p>Os prazos s\u00e3o cumulativos independentemente da modalidade, ou seja, caso o empregador tenha feito acordo de&nbsp;<strong>90<\/strong>&nbsp;dias de redu\u00e7\u00e3o de jornada e sal\u00e1rio s\u00f3 poder\u00e1 fazer acordo para mais&nbsp;<strong>30<\/strong>&nbsp;dias, seja de suspens\u00e3o de contrato ou de nova redu\u00e7\u00e3o de jornada e sal\u00e1rios.&nbsp;<strong>O prazo m\u00e1ximo de benef\u00edcio emergencial \u00e9 limitado a 120 dias.<\/strong><\/p>\n<p>Os procedimentos para informa\u00e7\u00e3o da suspens\u00e3o e redu\u00e7\u00e3o de jornada e sal\u00e1rios permanecem os mesmos, lembrando que, al\u00e9m de informar a suspens\u00e3o\/redu\u00e7\u00e3o no eSocial&nbsp;<strong>\u00e9 necess\u00e1rio fazer o cadastramento do trabalhador no portal&nbsp;<a href=\"https:\/\/servicos.mte.gov.br\/\">https:\/\/servicos.mte.gov.br<\/a>&nbsp;para solicitar o pagamento do benef\u00edcio.<\/strong><\/p>\n<p>Para mais detalhes e um passo a passo sobre como solicitar o benef\u00edcio e como informar a suspens\u00e3o ou redu\u00e7\u00e3o no eSocial, clique&nbsp;<a class=\"internal-link\" title=\"\" href=\"https:\/\/www.gov.br\/esocial\/pt-br\/noticias\/calamidade-publica-como-informar-a-suspensao-do-contrato-ou-a-reducao-da-jornada-e-salario-no-esocial-domestico\" target=\"_self\" data-tippreview-image=\"\" data-tippreview-title=\"\" data-tippreview-enabled=\"false\" rel=\"noopener\">aqui<\/a>.<\/p>\n<p>Fonte: Governo do Brasil<\/p>\n<\/div><\/div>","protected":false},"excerpt":{"rendered":"<p>O decreto que prorroga por dois meses a suspens\u00e3o dos contratos de trabalho e por mais um m\u00eas a redu\u00e7\u00e3o de sal\u00e1rios e carga hor\u00e1ria de empregados foi publicado nesta ter\u00e7a-feira (14) no Di\u00e1rio Oficial da Uni\u00e3o. Atualiza\u00e7\u00e3o: Foi publicado novo&nbsp;Decreto, prorrogando os prazos de redu\u00e7\u00e3o e suspens\u00e3o para o limite de 180 dias. Foi [&hellip;]<\/p>\n","protected":false},"author":2,"featured_media":23317,"comment_status":"closed","ping_status":"closed","sticky":false,"template":"","format":"standard","meta":{"footnotes":"","_links_to":"","_links_to_target":""},"categories":[525,55,47],"tags":[],"class_list":["post-21005","post","type-post","status-publish","format-standard","has-post-thumbnail","hentry","category-home","category-noticia","category-ultimas-noticias"],"yoast_head":"<!-- This site is optimized with the Yoast SEO plugin v28.4 - https:\/\/yoast.com\/product\/yoast-seo-wordpress\/ -->\n<title>Prorrogado per\u00edodo de suspens\u00e3o do contrato de trabalho e redu\u00e7\u00e3o de sal\u00e1rio e jornada - CNR<\/title>\n<meta name=\"description\" content=\"O decreto que prorroga por dois meses a suspens\u00e3o dos contratos de trabalho e por mais um m\u00eas a redu\u00e7\u00e3o de sal\u00e1rios e carga hor\u00e1ria de empregados.\" \/>\n<meta name=\"robots\" content=\"index, follow, max-snippet:-1, max-image-preview:large, max-video-preview:-1\" \/>\n<link rel=\"canonical\" href=\"https:\/\/cnr.org.br\/novoportal\/prorrogado-periodo-de-suspensao-do-contrato-de-trabalho-e-reducao-de-salario-e-jornada\/\" \/>\n<meta property=\"og:locale\" content=\"pt_BR\" \/>\n<meta property=\"og:type\" content=\"article\" \/>\n<meta property=\"og:title\" content=\"Prorrogado per\u00edodo de suspens\u00e3o do contrato de trabalho e redu\u00e7\u00e3o de sal\u00e1rio e jornada - CNR\" \/>\n<meta property=\"og:description\" content=\"O decreto que prorroga por dois meses a suspens\u00e3o dos contratos de trabalho e por mais um m\u00eas a redu\u00e7\u00e3o de sal\u00e1rios e carga hor\u00e1ria de empregados.\" \/>\n<meta property=\"og:url\" content=\"https:\/\/cnr.org.br\/novoportal\/prorrogado-periodo-de-suspensao-do-contrato-de-trabalho-e-reducao-de-salario-e-jornada\/\" \/>\n<meta property=\"og:site_name\" content=\"CNR\" \/>\n<meta property=\"article:published_time\" content=\"2020-10-15T14:48:16+00:00\" \/>\n<meta property=\"article:modified_time\" content=\"2021-08-11T18:42:31+00:00\" \/>\n<meta property=\"og:image\" content=\"https:\/\/cnr.org.br\/novoportal\/wp-content\/uploads\/2021\/07\/Tamanho-Oficial-para-as-fotos-do-Site-da-CNR-35.png\" \/>\n\t<meta property=\"og:image:width\" content=\"1940\" \/>\n\t<meta property=\"og:image:height\" content=\"1240\" \/>\n\t<meta property=\"og:image:type\" content=\"image\/png\" \/>\n<meta name=\"author\" content=\"Imprensa CNR\" \/>\n<meta name=\"twitter:card\" content=\"summary_large_image\" \/>\n<meta name=\"twitter:label1\" content=\"Escrito por\" \/>\n\t<meta name=\"twitter:data1\" content=\"Imprensa CNR\" \/>\n\t<meta name=\"twitter:label2\" content=\"Est. tempo de leitura\" \/>\n\t<meta name=\"twitter:data2\" content=\"2 minutos\" \/>\n<script type=\"application\/ld+json\" class=\"yoast-schema-graph\">{\"@context\":\"https:\\\/\\\/schema.org\",\"@graph\":[{\"@type\":\"Article\",\"@id\":\"https:\\\/\\\/cnr.org.br\\\/novoportal\\\/prorrogado-periodo-de-suspensao-do-contrato-de-trabalho-e-reducao-de-salario-e-jornada\\\/#article\",\"isPartOf\":{\"@id\":\"https:\\\/\\\/cnr.org.br\\\/novoportal\\\/prorrogado-periodo-de-suspensao-do-contrato-de-trabalho-e-reducao-de-salario-e-jornada\\\/\"},\"author\":{\"name\":\"Imprensa CNR\",\"@id\":\"https:\\\/\\\/cnr.org.br\\\/novoportal\\\/#\\\/schema\\\/person\\\/1f46209cd8c9d3d9887a0765b64ca66b\"},\"headline\":\"Prorrogado per\u00edodo de suspens\u00e3o do contrato de trabalho e redu\u00e7\u00e3o de sal\u00e1rio e jornada\",\"datePublished\":\"2020-10-15T14:48:16+00:00\",\"dateModified\":\"2021-08-11T18:42:31+00:00\",\"mainEntityOfPage\":{\"@id\":\"https:\\\/\\\/cnr.org.br\\\/novoportal\\\/prorrogado-periodo-de-suspensao-do-contrato-de-trabalho-e-reducao-de-salario-e-jornada\\\/\"},\"wordCount\":399,\"publisher\":{\"@id\":\"https:\\\/\\\/cnr.org.br\\\/novoportal\\\/#organization\"},\"image\":{\"@id\":\"https:\\\/\\\/cnr.org.br\\\/novoportal\\\/prorrogado-periodo-de-suspensao-do-contrato-de-trabalho-e-reducao-de-salario-e-jornada\\\/#primaryimage\"},\"thumbnailUrl\":\"https:\\\/\\\/cnr.org.br\\\/site\\\/wp-content\\\/uploads\\\/2021\\\/07\\\/Tamanho-Oficial-para-as-fotos-do-Site-da-CNR-35.png\",\"articleSection\":[\"Home\",\"Not\u00edcia\",\"\u00daltimas Not\u00edcias\"],\"inLanguage\":\"pt-BR\"},{\"@type\":\"WebPage\",\"@id\":\"https:\\\/\\\/cnr.org.br\\\/novoportal\\\/prorrogado-periodo-de-suspensao-do-contrato-de-trabalho-e-reducao-de-salario-e-jornada\\\/\",\"url\":\"https:\\\/\\\/cnr.org.br\\\/novoportal\\\/prorrogado-periodo-de-suspensao-do-contrato-de-trabalho-e-reducao-de-salario-e-jornada\\\/\",\"name\":\"Prorrogado per\u00edodo de suspens\u00e3o do contrato de trabalho e redu\u00e7\u00e3o de sal\u00e1rio e jornada - CNR\",\"isPartOf\":{\"@id\":\"https:\\\/\\\/cnr.org.br\\\/novoportal\\\/#website\"},\"primaryImageOfPage\":{\"@id\":\"https:\\\/\\\/cnr.org.br\\\/novoportal\\\/prorrogado-periodo-de-suspensao-do-contrato-de-trabalho-e-reducao-de-salario-e-jornada\\\/#primaryimage\"},\"image\":{\"@id\":\"https:\\\/\\\/cnr.org.br\\\/novoportal\\\/prorrogado-periodo-de-suspensao-do-contrato-de-trabalho-e-reducao-de-salario-e-jornada\\\/#primaryimage\"},\"thumbnailUrl\":\"https:\\\/\\\/cnr.org.br\\\/site\\\/wp-content\\\/uploads\\\/2021\\\/07\\\/Tamanho-Oficial-para-as-fotos-do-Site-da-CNR-35.png\",\"datePublished\":\"2020-10-15T14:48:16+00:00\",\"dateModified\":\"2021-08-11T18:42:31+00:00\",\"description\":\"O decreto que prorroga por dois meses a suspens\u00e3o dos contratos de trabalho e por mais um m\u00eas a redu\u00e7\u00e3o de sal\u00e1rios e carga hor\u00e1ria de empregados.\",\"breadcrumb\":{\"@id\":\"https:\\\/\\\/cnr.org.br\\\/novoportal\\\/prorrogado-periodo-de-suspensao-do-contrato-de-trabalho-e-reducao-de-salario-e-jornada\\\/#breadcrumb\"},\"inLanguage\":\"pt-BR\",\"potentialAction\":[{\"@type\":\"ReadAction\",\"target\":[\"https:\\\/\\\/cnr.org.br\\\/novoportal\\\/prorrogado-periodo-de-suspensao-do-contrato-de-trabalho-e-reducao-de-salario-e-jornada\\\/\"]}]},{\"@type\":\"ImageObject\",\"inLanguage\":\"pt-BR\",\"@id\":\"https:\\\/\\\/cnr.org.br\\\/novoportal\\\/prorrogado-periodo-de-suspensao-do-contrato-de-trabalho-e-reducao-de-salario-e-jornada\\\/#primaryimage\",\"url\":\"https:\\\/\\\/cnr.org.br\\\/site\\\/wp-content\\\/uploads\\\/2021\\\/07\\\/Tamanho-Oficial-para-as-fotos-do-Site-da-CNR-35.png\",\"contentUrl\":\"https:\\\/\\\/cnr.org.br\\\/site\\\/wp-content\\\/uploads\\\/2021\\\/07\\\/Tamanho-Oficial-para-as-fotos-do-Site-da-CNR-35.png\",\"width\":1940,\"height\":1240,\"caption\":\"Foto: Canva Pr\u00f3\"},{\"@type\":\"BreadcrumbList\",\"@id\":\"https:\\\/\\\/cnr.org.br\\\/novoportal\\\/prorrogado-periodo-de-suspensao-do-contrato-de-trabalho-e-reducao-de-salario-e-jornada\\\/#breadcrumb\",\"itemListElement\":[{\"@type\":\"ListItem\",\"position\":1,\"name\":\"In\u00edcio\",\"item\":\"https:\\\/\\\/cnr.org.br\\\/site\\\/\"},{\"@type\":\"ListItem\",\"position\":2,\"name\":\"Prorrogado per\u00edodo de suspens\u00e3o do contrato de trabalho e redu\u00e7\u00e3o de sal\u00e1rio e jornada\"}]},{\"@type\":\"WebSite\",\"@id\":\"https:\\\/\\\/cnr.org.br\\\/novoportal\\\/#website\",\"url\":\"https:\\\/\\\/cnr.org.br\\\/novoportal\\\/\",\"name\":\"CNR\",\"description\":\"Confedera\u00e7\u00e3o Nacional de Not\u00e1rios e Registradores\",\"publisher\":{\"@id\":\"https:\\\/\\\/cnr.org.br\\\/novoportal\\\/#organization\"},\"potentialAction\":[{\"@type\":\"SearchAction\",\"target\":{\"@type\":\"EntryPoint\",\"urlTemplate\":\"https:\\\/\\\/cnr.org.br\\\/novoportal\\\/?s={search_term_string}\"},\"query-input\":{\"@type\":\"PropertyValueSpecification\",\"valueRequired\":true,\"valueName\":\"search_term_string\"}}],\"inLanguage\":\"pt-BR\"},{\"@type\":\"Organization\",\"@id\":\"https:\\\/\\\/cnr.org.br\\\/novoportal\\\/#organization\",\"name\":\"CNR\",\"url\":\"https:\\\/\\\/cnr.org.br\\\/novoportal\\\/\",\"logo\":{\"@type\":\"ImageObject\",\"inLanguage\":\"pt-BR\",\"@id\":\"https:\\\/\\\/cnr.org.br\\\/novoportal\\\/#\\\/schema\\\/logo\\\/image\\\/\",\"url\":\"https:\\\/\\\/cnr.org.br\\\/site\\\/wp-content\\\/uploads\\\/2026\\\/02\\\/Logo_CNR_completa_colorida_2024.png\",\"contentUrl\":\"https:\\\/\\\/cnr.org.br\\\/site\\\/wp-content\\\/uploads\\\/2026\\\/02\\\/Logo_CNR_completa_colorida_2024.png\",\"width\":910,\"height\":450,\"caption\":\"CNR\"},\"image\":{\"@id\":\"https:\\\/\\\/cnr.org.br\\\/novoportal\\\/#\\\/schema\\\/logo\\\/image\\\/\"}},{\"@type\":\"Person\",\"@id\":\"https:\\\/\\\/cnr.org.br\\\/novoportal\\\/#\\\/schema\\\/person\\\/1f46209cd8c9d3d9887a0765b64ca66b\",\"name\":\"Imprensa CNR\",\"sameAs\":[\"https:\\\/\\\/cnr.org.br\\\/site\"],\"url\":\"https:\\\/\\\/cnr.org.br\\\/site\\\/author\\\/imprensa\\\/\"}]}<\/script>\n<!-- \/ Yoast SEO plugin. -->","yoast_head_json":{"title":"Prorrogado per\u00edodo de suspens\u00e3o do contrato de trabalho e redu\u00e7\u00e3o de sal\u00e1rio e jornada - CNR","description":"O decreto que prorroga por dois meses a suspens\u00e3o dos contratos de trabalho e por mais um m\u00eas a redu\u00e7\u00e3o de sal\u00e1rios e carga hor\u00e1ria de empregados.","robots":{"index":"index","follow":"follow","max-snippet":"max-snippet:-1","max-image-preview":"max-image-preview:large","max-video-preview":"max-video-preview:-1"},"canonical":"https:\/\/cnr.org.br\/novoportal\/prorrogado-periodo-de-suspensao-do-contrato-de-trabalho-e-reducao-de-salario-e-jornada\/","og_locale":"pt_BR","og_type":"article","og_title":"Prorrogado per\u00edodo de suspens\u00e3o do contrato de trabalho e redu\u00e7\u00e3o de sal\u00e1rio e jornada - CNR","og_description":"O decreto que prorroga por dois meses a suspens\u00e3o dos contratos de trabalho e por mais um m\u00eas a redu\u00e7\u00e3o de sal\u00e1rios e carga hor\u00e1ria de empregados.","og_url":"https:\/\/cnr.org.br\/novoportal\/prorrogado-periodo-de-suspensao-do-contrato-de-trabalho-e-reducao-de-salario-e-jornada\/","og_site_name":"CNR","article_published_time":"2020-10-15T14:48:16+00:00","article_modified_time":"2021-08-11T18:42:31+00:00","og_image":[{"width":1940,"height":1240,"url":"https:\/\/cnr.org.br\/novoportal\/wp-content\/uploads\/2021\/07\/Tamanho-Oficial-para-as-fotos-do-Site-da-CNR-35.png","type":"image\/png"}],"author":"Imprensa CNR","twitter_card":"summary_large_image","twitter_misc":{"Escrito por":"Imprensa CNR","Est. tempo de leitura":"2 minutos"},"schema":{"@context":"https:\/\/schema.org","@graph":[{"@type":"Article","@id":"https:\/\/cnr.org.br\/novoportal\/prorrogado-periodo-de-suspensao-do-contrato-de-trabalho-e-reducao-de-salario-e-jornada\/#article","isPartOf":{"@id":"https:\/\/cnr.org.br\/novoportal\/prorrogado-periodo-de-suspensao-do-contrato-de-trabalho-e-reducao-de-salario-e-jornada\/"},"author":{"name":"Imprensa CNR","@id":"https:\/\/cnr.org.br\/novoportal\/#\/schema\/person\/1f46209cd8c9d3d9887a0765b64ca66b"},"headline":"Prorrogado per\u00edodo de suspens\u00e3o do contrato de trabalho e redu\u00e7\u00e3o de sal\u00e1rio e jornada","datePublished":"2020-10-15T14:48:16+00:00","dateModified":"2021-08-11T18:42:31+00:00","mainEntityOfPage":{"@id":"https:\/\/cnr.org.br\/novoportal\/prorrogado-periodo-de-suspensao-do-contrato-de-trabalho-e-reducao-de-salario-e-jornada\/"},"wordCount":399,"publisher":{"@id":"https:\/\/cnr.org.br\/novoportal\/#organization"},"image":{"@id":"https:\/\/cnr.org.br\/novoportal\/prorrogado-periodo-de-suspensao-do-contrato-de-trabalho-e-reducao-de-salario-e-jornada\/#primaryimage"},"thumbnailUrl":"https:\/\/cnr.org.br\/site\/wp-content\/uploads\/2021\/07\/Tamanho-Oficial-para-as-fotos-do-Site-da-CNR-35.png","articleSection":["Home","Not\u00edcia","\u00daltimas Not\u00edcias"],"inLanguage":"pt-BR"},{"@type":"WebPage","@id":"https:\/\/cnr.org.br\/novoportal\/prorrogado-periodo-de-suspensao-do-contrato-de-trabalho-e-reducao-de-salario-e-jornada\/","url":"https:\/\/cnr.org.br\/novoportal\/prorrogado-periodo-de-suspensao-do-contrato-de-trabalho-e-reducao-de-salario-e-jornada\/","name":"Prorrogado per\u00edodo de suspens\u00e3o do contrato de trabalho e redu\u00e7\u00e3o de sal\u00e1rio e jornada - CNR","isPartOf":{"@id":"https:\/\/cnr.org.br\/novoportal\/#website"},"primaryImageOfPage":{"@id":"https:\/\/cnr.org.br\/novoportal\/prorrogado-periodo-de-suspensao-do-contrato-de-trabalho-e-reducao-de-salario-e-jornada\/#primaryimage"},"image":{"@id":"https:\/\/cnr.org.br\/novoportal\/prorrogado-periodo-de-suspensao-do-contrato-de-trabalho-e-reducao-de-salario-e-jornada\/#primaryimage"},"thumbnailUrl":"https:\/\/cnr.org.br\/site\/wp-content\/uploads\/2021\/07\/Tamanho-Oficial-para-as-fotos-do-Site-da-CNR-35.png","datePublished":"2020-10-15T14:48:16+00:00","dateModified":"2021-08-11T18:42:31+00:00","description":"O decreto que prorroga por dois meses a suspens\u00e3o dos contratos de trabalho e por mais um m\u00eas a redu\u00e7\u00e3o de sal\u00e1rios e carga hor\u00e1ria de empregados.","breadcrumb":{"@id":"https:\/\/cnr.org.br\/novoportal\/prorrogado-periodo-de-suspensao-do-contrato-de-trabalho-e-reducao-de-salario-e-jornada\/#breadcrumb"},"inLanguage":"pt-BR","potentialAction":[{"@type":"ReadAction","target":["https:\/\/cnr.org.br\/novoportal\/prorrogado-periodo-de-suspensao-do-contrato-de-trabalho-e-reducao-de-salario-e-jornada\/"]}]},{"@type":"ImageObject","inLanguage":"pt-BR","@id":"https:\/\/cnr.org.br\/novoportal\/prorrogado-periodo-de-suspensao-do-contrato-de-trabalho-e-reducao-de-salario-e-jornada\/#primaryimage","url":"https:\/\/cnr.org.br\/site\/wp-content\/uploads\/2021\/07\/Tamanho-Oficial-para-as-fotos-do-Site-da-CNR-35.png","contentUrl":"https:\/\/cnr.org.br\/site\/wp-content\/uploads\/2021\/07\/Tamanho-Oficial-para-as-fotos-do-Site-da-CNR-35.png","width":1940,"height":1240,"caption":"Foto: Canva Pr\u00f3"},{"@type":"BreadcrumbList","@id":"https:\/\/cnr.org.br\/novoportal\/prorrogado-periodo-de-suspensao-do-contrato-de-trabalho-e-reducao-de-salario-e-jornada\/#breadcrumb","itemListElement":[{"@type":"ListItem","position":1,"name":"In\u00edcio","item":"https:\/\/cnr.org.br\/site\/"},{"@type":"ListItem","position":2,"name":"Prorrogado per\u00edodo de suspens\u00e3o do contrato de trabalho e redu\u00e7\u00e3o de sal\u00e1rio e jornada"}]},{"@type":"WebSite","@id":"https:\/\/cnr.org.br\/novoportal\/#website","url":"https:\/\/cnr.org.br\/novoportal\/","name":"CNR","description":"Confedera\u00e7\u00e3o Nacional de Not\u00e1rios e Registradores","publisher":{"@id":"https:\/\/cnr.org.br\/novoportal\/#organization"},"potentialAction":[{"@type":"SearchAction","target":{"@type":"EntryPoint","urlTemplate":"https:\/\/cnr.org.br\/novoportal\/?s={search_term_string}"},"query-input":{"@type":"PropertyValueSpecification","valueRequired":true,"valueName":"search_term_string"}}],"inLanguage":"pt-BR"},{"@type":"Organization","@id":"https:\/\/cnr.org.br\/novoportal\/#organization","name":"CNR","url":"https:\/\/cnr.org.br\/novoportal\/","logo":{"@type":"ImageObject","inLanguage":"pt-BR","@id":"https:\/\/cnr.org.br\/novoportal\/#\/schema\/logo\/image\/","url":"https:\/\/cnr.org.br\/site\/wp-content\/uploads\/2026\/02\/Logo_CNR_completa_colorida_2024.png","contentUrl":"https:\/\/cnr.org.br\/site\/wp-content\/uploads\/2026\/02\/Logo_CNR_completa_colorida_2024.png","width":910,"height":450,"caption":"CNR"},"image":{"@id":"https:\/\/cnr.org.br\/novoportal\/#\/schema\/logo\/image\/"}},{"@type":"Person","@id":"https:\/\/cnr.org.br\/novoportal\/#\/schema\/person\/1f46209cd8c9d3d9887a0765b64ca66b","name":"Imprensa CNR","sameAs":["https:\/\/cnr.org.br\/site"],"url":"https:\/\/cnr.org.br\/site\/author\/imprensa\/"}]}},"_links":{"self":[{"href":"https:\/\/cnr.org.br\/site\/wp-json\/wp\/v2\/posts\/21005","targetHints":{"allow":["GET"]}}],"collection":[{"href":"https:\/\/cnr.org.br\/site\/wp-json\/wp\/v2\/posts"}],"about":[{"href":"https:\/\/cnr.org.br\/site\/wp-json\/wp\/v2\/types\/post"}],"author":[{"embeddable":true,"href":"https:\/\/cnr.org.br\/site\/wp-json\/wp\/v2\/users\/2"}],"replies":[{"embeddable":true,"href":"https:\/\/cnr.org.br\/site\/wp-json\/wp\/v2\/comments?post=21005"}],"version-history":[{"count":0,"href":"https:\/\/cnr.org.br\/site\/wp-json\/wp\/v2\/posts\/21005\/revisions"}],"wp:featuredmedia":[{"embeddable":true,"href":"https:\/\/cnr.org.br\/site\/wp-json\/wp\/v2\/media\/23317"}],"wp:attachment":[{"href":"https:\/\/cnr.org.br\/site\/wp-json\/wp\/v2\/media?parent=21005"}],"wp:term":[{"taxonomy":"category","embeddable":true,"href":"https:\/\/cnr.org.br\/site\/wp-json\/wp\/v2\/categories?post=21005"},{"taxonomy":"post_tag","embeddable":true,"href":"https:\/\/cnr.org.br\/site\/wp-json\/wp\/v2\/tags?post=21005"}],"curies":[{"name":"wp","href":"https:\/\/api.w.org\/{rel}","templated":true}]}}