{"id":21184,"date":"2020-11-06T16:18:16","date_gmt":"2020-11-06T18:18:16","guid":{"rendered":"https:\/\/cnr.org.br\/site\/?p=21184"},"modified":"2020-11-12T17:05:04","modified_gmt":"2020-11-12T19:05:04","slug":"galeria-de-fotos-ennor-concede-titulo-de-professor-honorario-para-o-ministro-luiz-fux","status":"publish","type":"post","link":"https:\/\/cnr.org.br\/site\/galeria-de-fotos-ennor-concede-titulo-de-professor-honorario-para-o-ministro-luiz-fux\/","title":{"rendered":"Galeria de fotos: Ennor concede t\u00edtulo de Professor Honor\u00e1rio para o ministro Luiz Fux"},"content":{"rendered":"<div id=\"dslc-theme-content\"><div id=\"dslc-theme-content-inner\">\n\t\t<style>\n\t\t\t#gallery-1 {\n\t\t\t\tmargin: auto;\n\t\t\t}\n\t\t\t#gallery-1 .gallery-item {\n\t\t\t\tfloat: left;\n\t\t\t\tmargin-top: 10px;\n\t\t\t\ttext-align: center;\n\t\t\t\twidth: 33%;\n\t\t\t}\n\t\t\t#gallery-1 img {\n\t\t\t\tborder: 2px solid #cfcfcf;\n\t\t\t}\n\t\t\t#gallery-1 .gallery-caption {\n\t\t\t\tmargin-left: 0;\n\t\t\t}\n\t\t\t\/* see gallery_shortcode() in wp-includes\/media.php *\/\n\t\t<\/style>\n\t\t<div id='gallery-1' class='gallery galleryid-21184 gallery-columns-3 gallery-size-thumbnail'><dl class='gallery-item'>\n\t\t\t<dt class='gallery-icon landscape'>\n\t\t\t\t<a href='https:\/\/cnr.org.br\/site\/galeria-de-fotos-ennor-concede-titulo-de-professor-honorario-para-o-ministro-luiz-fux\/3homenagem-fux2\/'><img loading=\"lazy\" decoding=\"async\" width=\"150\" height=\"150\" src=\"https:\/\/cnr.org.br\/site\/wp-content\/uploads\/2020\/11\/3Homenagem-Fux2-150x150.jpeg\" class=\"attachment-thumbnail size-thumbnail\" alt=\"\" \/><\/a>\n\t\t\t<\/dt><\/dl><dl class='gallery-item'>\n\t\t\t<dt class='gallery-icon landscape'>\n\t\t\t\t<a href='https:\/\/cnr.org.br\/site\/galeria-de-fotos-ennor-concede-titulo-de-professor-honorario-para-o-ministro-luiz-fux\/homenagem-fux\/'><img loading=\"lazy\" decoding=\"async\" width=\"150\" height=\"150\" src=\"https:\/\/cnr.org.br\/site\/wp-content\/uploads\/2020\/11\/Homenagem-Fux-150x150.jpeg\" class=\"attachment-thumbnail size-thumbnail\" alt=\"\" \/><\/a>\n\t\t\t<\/dt><\/dl><dl class='gallery-item'>\n\t\t\t<dt class='gallery-icon landscape'>\n\t\t\t\t<a href='https:\/\/cnr.org.br\/site\/galeria-de-fotos-ennor-concede-titulo-de-professor-honorario-para-o-ministro-luiz-fux\/homenagem-fux1\/'><img loading=\"lazy\" decoding=\"async\" width=\"150\" height=\"150\" src=\"https:\/\/cnr.org.br\/site\/wp-content\/uploads\/2020\/11\/Homenagem-Fux1-150x150.jpeg\" class=\"attachment-thumbnail size-thumbnail\" alt=\"\" \/><\/a>\n\t\t\t<\/dt><\/dl><br style=\"clear: both\" \/><dl class='gallery-item'>\n\t\t\t<dt class='gallery-icon landscape'>\n\t\t\t\t<a href='https:\/\/cnr.org.br\/site\/galeria-de-fotos-ennor-concede-titulo-de-professor-honorario-para-o-ministro-luiz-fux\/homenagem-fux2\/'><img loading=\"lazy\" decoding=\"async\" width=\"150\" height=\"150\" src=\"https:\/\/cnr.org.br\/site\/wp-content\/uploads\/2020\/11\/Homenagem-Fux2-150x150.jpeg\" class=\"attachment-thumbnail size-thumbnail\" alt=\"\" \/><\/a>\n\t\t\t<\/dt><\/dl><dl class='gallery-item'>\n\t\t\t<dt class='gallery-icon landscape'>\n\t\t\t\t<a href='https:\/\/cnr.org.br\/site\/galeria-de-fotos-ennor-concede-titulo-de-professor-honorario-para-o-ministro-luiz-fux\/homenagem-fux5\/'><img loading=\"lazy\" decoding=\"async\" width=\"150\" height=\"150\" src=\"https:\/\/cnr.org.br\/site\/wp-content\/uploads\/2020\/11\/Homenagem-Fux5-150x150.jpeg\" class=\"attachment-thumbnail size-thumbnail\" alt=\"\" \/><\/a>\n\t\t\t<\/dt><\/dl><dl class='gallery-item'>\n\t\t\t<dt class='gallery-icon portrait'>\n\t\t\t\t<a href='https:\/\/cnr.org.br\/site\/galeria-de-fotos-ennor-concede-titulo-de-professor-honorario-para-o-ministro-luiz-fux\/homenagem-fux6\/'><img loading=\"lazy\" decoding=\"async\" width=\"150\" height=\"150\" src=\"https:\/\/cnr.org.br\/site\/wp-content\/uploads\/2020\/11\/Homenagem-Fux6-150x150.jpeg\" class=\"attachment-thumbnail size-thumbnail\" alt=\"\" \/><\/a>\n\t\t\t<\/dt><\/dl><br style=\"clear: both\" \/><dl class='gallery-item'>\n\t\t\t<dt class='gallery-icon landscape'>\n\t\t\t\t<a href='https:\/\/cnr.org.br\/site\/galeria-de-fotos-ennor-concede-titulo-de-professor-honorario-para-o-ministro-luiz-fux\/homenagem-fux7\/'><img loading=\"lazy\" decoding=\"async\" width=\"150\" height=\"150\" src=\"https:\/\/cnr.org.br\/site\/wp-content\/uploads\/2020\/11\/Homenagem-Fux7-150x150.jpeg\" class=\"attachment-thumbnail size-thumbnail\" alt=\"\" \/><\/a>\n\t\t\t<\/dt><\/dl><dl class='gallery-item'>\n\t\t\t<dt class='gallery-icon landscape'>\n\t\t\t\t<a href='https:\/\/cnr.org.br\/site\/galeria-de-fotos-ennor-concede-titulo-de-professor-honorario-para-o-ministro-luiz-fux\/homenagem-fux8\/'><img loading=\"lazy\" decoding=\"async\" width=\"150\" height=\"150\" src=\"https:\/\/cnr.org.br\/site\/wp-content\/uploads\/2020\/11\/Homenagem-Fux8-150x150.jpeg\" class=\"attachment-thumbnail size-thumbnail\" alt=\"\" \/><\/a>\n\t\t\t<\/dt><\/dl><dl class='gallery-item'>\n\t\t\t<dt class='gallery-icon portrait'>\n\t\t\t\t<a href='https:\/\/cnr.org.br\/site\/galeria-de-fotos-ennor-concede-titulo-de-professor-honorario-para-o-ministro-luiz-fux\/homenagem-fux9\/'><img loading=\"lazy\" decoding=\"async\" width=\"150\" height=\"150\" src=\"https:\/\/cnr.org.br\/site\/wp-content\/uploads\/2020\/11\/Homenagem-Fux9-150x150.jpeg\" class=\"attachment-thumbnail size-thumbnail\" alt=\"\" \/><\/a>\n\t\t\t<\/dt><\/dl><br style=\"clear: both\" \/><dl class='gallery-item'>\n\t\t\t<dt class='gallery-icon landscape'>\n\t\t\t\t<a href='https:\/\/cnr.org.br\/site\/galeria-de-fotos-ennor-concede-titulo-de-professor-honorario-para-o-ministro-luiz-fux\/homenagem-fux10\/'><img loading=\"lazy\" decoding=\"async\" width=\"150\" height=\"150\" src=\"https:\/\/cnr.org.br\/site\/wp-content\/uploads\/2020\/11\/Homenagem-Fux10-150x150.jpeg\" class=\"attachment-thumbnail size-thumbnail\" alt=\"\" \/><\/a>\n\t\t\t<\/dt><\/dl><dl class='gallery-item'>\n\t\t\t<dt class='gallery-icon landscape'>\n\t\t\t\t<a href='https:\/\/cnr.org.br\/site\/galeria-de-fotos-ennor-concede-titulo-de-professor-honorario-para-o-ministro-luiz-fux\/homenagem-fux12\/'><img loading=\"lazy\" decoding=\"async\" width=\"150\" height=\"150\" src=\"https:\/\/cnr.org.br\/site\/wp-content\/uploads\/2020\/11\/Homenagem-Fux12-150x150.jpeg\" class=\"attachment-thumbnail size-thumbnail\" alt=\"\" \/><\/a>\n\t\t\t<\/dt><\/dl><dl class='gallery-item'>\n\t\t\t<dt class='gallery-icon portrait'>\n\t\t\t\t<a href='https:\/\/cnr.org.br\/site\/galeria-de-fotos-ennor-concede-titulo-de-professor-honorario-para-o-ministro-luiz-fux\/homenagem-fux13\/'><img loading=\"lazy\" decoding=\"async\" width=\"150\" height=\"150\" src=\"https:\/\/cnr.org.br\/site\/wp-content\/uploads\/2020\/11\/Homenagem-Fux13-150x150.jpeg\" class=\"attachment-thumbnail size-thumbnail\" alt=\"\" \/><\/a>\n\t\t\t<\/dt><\/dl><br style=\"clear: both\" \/>\n\t\t<\/div>\n\n<\/div><\/div>","protected":false},"excerpt":{"rendered":"","protected":false},"author":2,"featured_media":21372,"comment_status":"closed","ping_status":"closed","sticky":false,"template":"","format":"gallery","meta":{"footnotes":"","_links_to":"","_links_to_target":""},"categories":[525,55,47],"tags":[],"class_list":["post-21184","post","type-post","status-publish","format-gallery","has-post-thumbnail","hentry","category-home","category-noticia","category-ultimas-noticias","post_format-post-format-gallery"],"yoast_head":"<!-- This site is optimized with the Yoast SEO plugin v28.4 - https:\/\/yoast.com\/product\/yoast-seo-wordpress\/ -->\n<title>Galeria de fotos: Ennor concede t\u00edtulo de Professor Honor\u00e1rio para o ministro Luiz Fux - CNR<\/title>\n<meta name=\"description\" content=\"O presidente do CNJ, ministro Luiz Fux, recebeu das m\u00e3os do presidente da ENNOR e da Confedera\u00e7\u00e3o Nacional de Not\u00e1rios e Registradores (CNR), Rog\u00e9rio Bacellar, o t\u00edtulo de Professor Honor\u00e1rio.\" \/>\n<meta name=\"robots\" content=\"index, follow, max-snippet:-1, max-image-preview:large, max-video-preview:-1\" \/>\n<link rel=\"canonical\" href=\"https:\/\/cnr.org.br\/novoportal\/galeria-de-fotos-ennor-concede-titulo-de-professor-honorario-para-o-ministro-luiz-fux\/\" \/>\n<meta property=\"og:locale\" content=\"pt_BR\" \/>\n<meta property=\"og:type\" content=\"article\" \/>\n<meta property=\"og:title\" content=\"Galeria de fotos: Ennor concede t\u00edtulo de Professor Honor\u00e1rio para o ministro Luiz Fux - CNR\" \/>\n<meta property=\"og:description\" content=\"O presidente do CNJ, ministro Luiz Fux, recebeu das m\u00e3os do presidente da ENNOR e da Confedera\u00e7\u00e3o Nacional de Not\u00e1rios e Registradores (CNR), Rog\u00e9rio Bacellar, o t\u00edtulo de Professor Honor\u00e1rio.\" \/>\n<meta property=\"og:url\" content=\"https:\/\/cnr.org.br\/novoportal\/galeria-de-fotos-ennor-concede-titulo-de-professor-honorario-para-o-ministro-luiz-fux\/\" \/>\n<meta property=\"og:site_name\" content=\"CNR\" \/>\n<meta property=\"article:published_time\" content=\"2020-11-06T18:18:16+00:00\" \/>\n<meta property=\"article:modified_time\" content=\"2020-11-12T19:05:04+00:00\" \/>\n<meta property=\"og:image\" content=\"https:\/\/cnr.org.br\/novoportal\/wp-content\/uploads\/2020\/11\/IMG_8843-1-683x1024.jpg\" \/>\n\t<meta property=\"og:image:width\" content=\"683\" \/>\n\t<meta property=\"og:image:height\" content=\"1024\" \/>\n\t<meta property=\"og:image:type\" content=\"image\/jpeg\" \/>\n<meta name=\"author\" content=\"Imprensa CNR\" \/>\n<meta name=\"twitter:card\" content=\"summary_large_image\" \/>\n<meta name=\"twitter:label1\" content=\"Escrito por\" \/>\n\t<meta name=\"twitter:data1\" content=\"Imprensa CNR\" \/>\n<script type=\"application\/ld+json\" class=\"yoast-schema-graph\">{\"@context\":\"https:\\\/\\\/schema.org\",\"@graph\":[{\"@type\":\"Article\",\"@id\":\"https:\\\/\\\/cnr.org.br\\\/novoportal\\\/galeria-de-fotos-ennor-concede-titulo-de-professor-honorario-para-o-ministro-luiz-fux\\\/#article\",\"isPartOf\":{\"@id\":\"https:\\\/\\\/cnr.org.br\\\/novoportal\\\/galeria-de-fotos-ennor-concede-titulo-de-professor-honorario-para-o-ministro-luiz-fux\\\/\"},\"author\":{\"name\":\"Imprensa CNR\",\"@id\":\"https:\\\/\\\/cnr.org.br\\\/novoportal\\\/#\\\/schema\\\/person\\\/1f46209cd8c9d3d9887a0765b64ca66b\"},\"headline\":\"Galeria de fotos: Ennor concede t\u00edtulo de Professor Honor\u00e1rio para o ministro Luiz Fux\",\"datePublished\":\"2020-11-06T18:18:16+00:00\",\"dateModified\":\"2020-11-12T19:05:04+00:00\",\"mainEntityOfPage\":{\"@id\":\"https:\\\/\\\/cnr.org.br\\\/novoportal\\\/galeria-de-fotos-ennor-concede-titulo-de-professor-honorario-para-o-ministro-luiz-fux\\\/\"},\"wordCount\":18,\"publisher\":{\"@id\":\"https:\\\/\\\/cnr.org.br\\\/novoportal\\\/#organization\"},\"image\":{\"@id\":\"https:\\\/\\\/cnr.org.br\\\/novoportal\\\/galeria-de-fotos-ennor-concede-titulo-de-professor-honorario-para-o-ministro-luiz-fux\\\/#primaryimage\"},\"thumbnailUrl\":\"https:\\\/\\\/cnr.org.br\\\/site\\\/wp-content\\\/uploads\\\/2020\\\/11\\\/IMG_8843-1.jpg\",\"articleSection\":[\"Home\",\"Not\u00edcia\",\"\u00daltimas Not\u00edcias\"],\"inLanguage\":\"pt-BR\"},{\"@type\":\"WebPage\",\"@id\":\"https:\\\/\\\/cnr.org.br\\\/novoportal\\\/galeria-de-fotos-ennor-concede-titulo-de-professor-honorario-para-o-ministro-luiz-fux\\\/\",\"url\":\"https:\\\/\\\/cnr.org.br\\\/novoportal\\\/galeria-de-fotos-ennor-concede-titulo-de-professor-honorario-para-o-ministro-luiz-fux\\\/\",\"name\":\"Galeria de fotos: Ennor concede t\u00edtulo de Professor Honor\u00e1rio para o ministro Luiz Fux - CNR\",\"isPartOf\":{\"@id\":\"https:\\\/\\\/cnr.org.br\\\/novoportal\\\/#website\"},\"primaryImageOfPage\":{\"@id\":\"https:\\\/\\\/cnr.org.br\\\/novoportal\\\/galeria-de-fotos-ennor-concede-titulo-de-professor-honorario-para-o-ministro-luiz-fux\\\/#primaryimage\"},\"image\":{\"@id\":\"https:\\\/\\\/cnr.org.br\\\/novoportal\\\/galeria-de-fotos-ennor-concede-titulo-de-professor-honorario-para-o-ministro-luiz-fux\\\/#primaryimage\"},\"thumbnailUrl\":\"https:\\\/\\\/cnr.org.br\\\/site\\\/wp-content\\\/uploads\\\/2020\\\/11\\\/IMG_8843-1.jpg\",\"datePublished\":\"2020-11-06T18:18:16+00:00\",\"dateModified\":\"2020-11-12T19:05:04+00:00\",\"description\":\"O presidente do CNJ, ministro Luiz Fux, recebeu das m\u00e3os do presidente da ENNOR e da Confedera\u00e7\u00e3o Nacional de Not\u00e1rios e Registradores (CNR), Rog\u00e9rio Bacellar, o t\u00edtulo de Professor Honor\u00e1rio.\",\"breadcrumb\":{\"@id\":\"https:\\\/\\\/cnr.org.br\\\/novoportal\\\/galeria-de-fotos-ennor-concede-titulo-de-professor-honorario-para-o-ministro-luiz-fux\\\/#breadcrumb\"},\"inLanguage\":\"pt-BR\",\"potentialAction\":[{\"@type\":\"ReadAction\",\"target\":[\"https:\\\/\\\/cnr.org.br\\\/novoportal\\\/galeria-de-fotos-ennor-concede-titulo-de-professor-honorario-para-o-ministro-luiz-fux\\\/\"]}]},{\"@type\":\"ImageObject\",\"inLanguage\":\"pt-BR\",\"@id\":\"https:\\\/\\\/cnr.org.br\\\/novoportal\\\/galeria-de-fotos-ennor-concede-titulo-de-professor-honorario-para-o-ministro-luiz-fux\\\/#primaryimage\",\"url\":\"https:\\\/\\\/cnr.org.br\\\/site\\\/wp-content\\\/uploads\\\/2020\\\/11\\\/IMG_8843-1.jpg\",\"contentUrl\":\"https:\\\/\\\/cnr.org.br\\\/site\\\/wp-content\\\/uploads\\\/2020\\\/11\\\/IMG_8843-1.jpg\",\"width\":4160,\"height\":6240},{\"@type\":\"BreadcrumbList\",\"@id\":\"https:\\\/\\\/cnr.org.br\\\/novoportal\\\/galeria-de-fotos-ennor-concede-titulo-de-professor-honorario-para-o-ministro-luiz-fux\\\/#breadcrumb\",\"itemListElement\":[{\"@type\":\"ListItem\",\"position\":1,\"name\":\"In\u00edcio\",\"item\":\"https:\\\/\\\/cnr.org.br\\\/site\\\/\"},{\"@type\":\"ListItem\",\"position\":2,\"name\":\"Galeria de fotos: Ennor concede t\u00edtulo de Professor Honor\u00e1rio para o ministro Luiz Fux\"}]},{\"@type\":\"WebSite\",\"@id\":\"https:\\\/\\\/cnr.org.br\\\/novoportal\\\/#website\",\"url\":\"https:\\\/\\\/cnr.org.br\\\/novoportal\\\/\",\"name\":\"CNR\",\"description\":\"Confedera\u00e7\u00e3o Nacional de Not\u00e1rios e Registradores\",\"publisher\":{\"@id\":\"https:\\\/\\\/cnr.org.br\\\/novoportal\\\/#organization\"},\"potentialAction\":[{\"@type\":\"SearchAction\",\"target\":{\"@type\":\"EntryPoint\",\"urlTemplate\":\"https:\\\/\\\/cnr.org.br\\\/novoportal\\\/?s={search_term_string}\"},\"query-input\":{\"@type\":\"PropertyValueSpecification\",\"valueRequired\":true,\"valueName\":\"search_term_string\"}}],\"inLanguage\":\"pt-BR\"},{\"@type\":\"Organization\",\"@id\":\"https:\\\/\\\/cnr.org.br\\\/novoportal\\\/#organization\",\"name\":\"CNR\",\"url\":\"https:\\\/\\\/cnr.org.br\\\/novoportal\\\/\",\"logo\":{\"@type\":\"ImageObject\",\"inLanguage\":\"pt-BR\",\"@id\":\"https:\\\/\\\/cnr.org.br\\\/novoportal\\\/#\\\/schema\\\/logo\\\/image\\\/\",\"url\":\"https:\\\/\\\/cnr.org.br\\\/site\\\/wp-content\\\/uploads\\\/2026\\\/02\\\/Logo_CNR_completa_colorida_2024.png\",\"contentUrl\":\"https:\\\/\\\/cnr.org.br\\\/site\\\/wp-content\\\/uploads\\\/2026\\\/02\\\/Logo_CNR_completa_colorida_2024.png\",\"width\":910,\"height\":450,\"caption\":\"CNR\"},\"image\":{\"@id\":\"https:\\\/\\\/cnr.org.br\\\/novoportal\\\/#\\\/schema\\\/logo\\\/image\\\/\"}},{\"@type\":\"Person\",\"@id\":\"https:\\\/\\\/cnr.org.br\\\/novoportal\\\/#\\\/schema\\\/person\\\/1f46209cd8c9d3d9887a0765b64ca66b\",\"name\":\"Imprensa CNR\",\"sameAs\":[\"https:\\\/\\\/cnr.org.br\\\/site\"],\"url\":\"https:\\\/\\\/cnr.org.br\\\/site\\\/author\\\/imprensa\\\/\"}]}<\/script>\n<!-- \/ Yoast SEO plugin. -->","yoast_head_json":{"title":"Galeria de fotos: Ennor concede t\u00edtulo de Professor Honor\u00e1rio para o ministro Luiz Fux - CNR","description":"O presidente do CNJ, ministro Luiz Fux, recebeu das m\u00e3os do presidente da ENNOR e da Confedera\u00e7\u00e3o Nacional de Not\u00e1rios e Registradores (CNR), Rog\u00e9rio Bacellar, o t\u00edtulo de Professor Honor\u00e1rio.","robots":{"index":"index","follow":"follow","max-snippet":"max-snippet:-1","max-image-preview":"max-image-preview:large","max-video-preview":"max-video-preview:-1"},"canonical":"https:\/\/cnr.org.br\/novoportal\/galeria-de-fotos-ennor-concede-titulo-de-professor-honorario-para-o-ministro-luiz-fux\/","og_locale":"pt_BR","og_type":"article","og_title":"Galeria de fotos: Ennor concede t\u00edtulo de Professor Honor\u00e1rio para o ministro Luiz Fux - CNR","og_description":"O presidente do CNJ, ministro Luiz Fux, recebeu das m\u00e3os do presidente da ENNOR e da Confedera\u00e7\u00e3o Nacional de Not\u00e1rios e Registradores (CNR), Rog\u00e9rio Bacellar, o t\u00edtulo de Professor Honor\u00e1rio.","og_url":"https:\/\/cnr.org.br\/novoportal\/galeria-de-fotos-ennor-concede-titulo-de-professor-honorario-para-o-ministro-luiz-fux\/","og_site_name":"CNR","article_published_time":"2020-11-06T18:18:16+00:00","article_modified_time":"2020-11-12T19:05:04+00:00","og_image":[{"width":683,"height":1024,"url":"https:\/\/cnr.org.br\/novoportal\/wp-content\/uploads\/2020\/11\/IMG_8843-1-683x1024.jpg","type":"image\/jpeg"}],"author":"Imprensa CNR","twitter_card":"summary_large_image","twitter_misc":{"Escrito por":"Imprensa CNR"},"schema":{"@context":"https:\/\/schema.org","@graph":[{"@type":"Article","@id":"https:\/\/cnr.org.br\/novoportal\/galeria-de-fotos-ennor-concede-titulo-de-professor-honorario-para-o-ministro-luiz-fux\/#article","isPartOf":{"@id":"https:\/\/cnr.org.br\/novoportal\/galeria-de-fotos-ennor-concede-titulo-de-professor-honorario-para-o-ministro-luiz-fux\/"},"author":{"name":"Imprensa CNR","@id":"https:\/\/cnr.org.br\/novoportal\/#\/schema\/person\/1f46209cd8c9d3d9887a0765b64ca66b"},"headline":"Galeria de fotos: Ennor concede t\u00edtulo de Professor Honor\u00e1rio para o ministro Luiz Fux","datePublished":"2020-11-06T18:18:16+00:00","dateModified":"2020-11-12T19:05:04+00:00","mainEntityOfPage":{"@id":"https:\/\/cnr.org.br\/novoportal\/galeria-de-fotos-ennor-concede-titulo-de-professor-honorario-para-o-ministro-luiz-fux\/"},"wordCount":18,"publisher":{"@id":"https:\/\/cnr.org.br\/novoportal\/#organization"},"image":{"@id":"https:\/\/cnr.org.br\/novoportal\/galeria-de-fotos-ennor-concede-titulo-de-professor-honorario-para-o-ministro-luiz-fux\/#primaryimage"},"thumbnailUrl":"https:\/\/cnr.org.br\/site\/wp-content\/uploads\/2020\/11\/IMG_8843-1.jpg","articleSection":["Home","Not\u00edcia","\u00daltimas Not\u00edcias"],"inLanguage":"pt-BR"},{"@type":"WebPage","@id":"https:\/\/cnr.org.br\/novoportal\/galeria-de-fotos-ennor-concede-titulo-de-professor-honorario-para-o-ministro-luiz-fux\/","url":"https:\/\/cnr.org.br\/novoportal\/galeria-de-fotos-ennor-concede-titulo-de-professor-honorario-para-o-ministro-luiz-fux\/","name":"Galeria de fotos: Ennor concede t\u00edtulo de Professor Honor\u00e1rio para o ministro Luiz Fux - CNR","isPartOf":{"@id":"https:\/\/cnr.org.br\/novoportal\/#website"},"primaryImageOfPage":{"@id":"https:\/\/cnr.org.br\/novoportal\/galeria-de-fotos-ennor-concede-titulo-de-professor-honorario-para-o-ministro-luiz-fux\/#primaryimage"},"image":{"@id":"https:\/\/cnr.org.br\/novoportal\/galeria-de-fotos-ennor-concede-titulo-de-professor-honorario-para-o-ministro-luiz-fux\/#primaryimage"},"thumbnailUrl":"https:\/\/cnr.org.br\/site\/wp-content\/uploads\/2020\/11\/IMG_8843-1.jpg","datePublished":"2020-11-06T18:18:16+00:00","dateModified":"2020-11-12T19:05:04+00:00","description":"O presidente do CNJ, ministro Luiz Fux, recebeu das m\u00e3os do presidente da ENNOR e da Confedera\u00e7\u00e3o Nacional de Not\u00e1rios e Registradores (CNR), Rog\u00e9rio Bacellar, o t\u00edtulo de Professor Honor\u00e1rio.","breadcrumb":{"@id":"https:\/\/cnr.org.br\/novoportal\/galeria-de-fotos-ennor-concede-titulo-de-professor-honorario-para-o-ministro-luiz-fux\/#breadcrumb"},"inLanguage":"pt-BR","potentialAction":[{"@type":"ReadAction","target":["https:\/\/cnr.org.br\/novoportal\/galeria-de-fotos-ennor-concede-titulo-de-professor-honorario-para-o-ministro-luiz-fux\/"]}]},{"@type":"ImageObject","inLanguage":"pt-BR","@id":"https:\/\/cnr.org.br\/novoportal\/galeria-de-fotos-ennor-concede-titulo-de-professor-honorario-para-o-ministro-luiz-fux\/#primaryimage","url":"https:\/\/cnr.org.br\/site\/wp-content\/uploads\/2020\/11\/IMG_8843-1.jpg","contentUrl":"https:\/\/cnr.org.br\/site\/wp-content\/uploads\/2020\/11\/IMG_8843-1.jpg","width":4160,"height":6240},{"@type":"BreadcrumbList","@id":"https:\/\/cnr.org.br\/novoportal\/galeria-de-fotos-ennor-concede-titulo-de-professor-honorario-para-o-ministro-luiz-fux\/#breadcrumb","itemListElement":[{"@type":"ListItem","position":1,"name":"In\u00edcio","item":"https:\/\/cnr.org.br\/site\/"},{"@type":"ListItem","position":2,"name":"Galeria de fotos: Ennor concede t\u00edtulo de Professor Honor\u00e1rio para o ministro Luiz Fux"}]},{"@type":"WebSite","@id":"https:\/\/cnr.org.br\/novoportal\/#website","url":"https:\/\/cnr.org.br\/novoportal\/","name":"CNR","description":"Confedera\u00e7\u00e3o Nacional de Not\u00e1rios e Registradores","publisher":{"@id":"https:\/\/cnr.org.br\/novoportal\/#organization"},"potentialAction":[{"@type":"SearchAction","target":{"@type":"EntryPoint","urlTemplate":"https:\/\/cnr.org.br\/novoportal\/?s={search_term_string}"},"query-input":{"@type":"PropertyValueSpecification","valueRequired":true,"valueName":"search_term_string"}}],"inLanguage":"pt-BR"},{"@type":"Organization","@id":"https:\/\/cnr.org.br\/novoportal\/#organization","name":"CNR","url":"https:\/\/cnr.org.br\/novoportal\/","logo":{"@type":"ImageObject","inLanguage":"pt-BR","@id":"https:\/\/cnr.org.br\/novoportal\/#\/schema\/logo\/image\/","url":"https:\/\/cnr.org.br\/site\/wp-content\/uploads\/2026\/02\/Logo_CNR_completa_colorida_2024.png","contentUrl":"https:\/\/cnr.org.br\/site\/wp-content\/uploads\/2026\/02\/Logo_CNR_completa_colorida_2024.png","width":910,"height":450,"caption":"CNR"},"image":{"@id":"https:\/\/cnr.org.br\/novoportal\/#\/schema\/logo\/image\/"}},{"@type":"Person","@id":"https:\/\/cnr.org.br\/novoportal\/#\/schema\/person\/1f46209cd8c9d3d9887a0765b64ca66b","name":"Imprensa CNR","sameAs":["https:\/\/cnr.org.br\/site"],"url":"https:\/\/cnr.org.br\/site\/author\/imprensa\/"}]}},"_links":{"self":[{"href":"https:\/\/cnr.org.br\/site\/wp-json\/wp\/v2\/posts\/21184","targetHints":{"allow":["GET"]}}],"collection":[{"href":"https:\/\/cnr.org.br\/site\/wp-json\/wp\/v2\/posts"}],"about":[{"href":"https:\/\/cnr.org.br\/site\/wp-json\/wp\/v2\/types\/post"}],"author":[{"embeddable":true,"href":"https:\/\/cnr.org.br\/site\/wp-json\/wp\/v2\/users\/2"}],"replies":[{"embeddable":true,"href":"https:\/\/cnr.org.br\/site\/wp-json\/wp\/v2\/comments?post=21184"}],"version-history":[{"count":0,"href":"https:\/\/cnr.org.br\/site\/wp-json\/wp\/v2\/posts\/21184\/revisions"}],"wp:featuredmedia":[{"embeddable":true,"href":"https:\/\/cnr.org.br\/site\/wp-json\/wp\/v2\/media\/21372"}],"wp:attachment":[{"href":"https:\/\/cnr.org.br\/site\/wp-json\/wp\/v2\/media?parent=21184"}],"wp:term":[{"taxonomy":"category","embeddable":true,"href":"https:\/\/cnr.org.br\/site\/wp-json\/wp\/v2\/categories?post=21184"},{"taxonomy":"post_tag","embeddable":true,"href":"https:\/\/cnr.org.br\/site\/wp-json\/wp\/v2\/tags?post=21184"}],"curies":[{"name":"wp","href":"https:\/\/api.w.org\/{rel}","templated":true}]}}