{"id":21902,"date":"2020-12-04T16:20:10","date_gmt":"2020-12-04T18:20:10","guid":{"rendered":"https:\/\/cnr.org.br\/site\/?p=21902"},"modified":"2021-08-11T13:00:13","modified_gmt":"2021-08-11T16:00:13","slug":"cnr-apoia-campanha-nacional-de-enfrentamento-a-violencia-contra-a-pessoa-idosa","status":"publish","type":"post","link":"https:\/\/cnr.org.br\/site\/cnr-apoia-campanha-nacional-de-enfrentamento-a-violencia-contra-a-pessoa-idosa\/","title":{"rendered":"CNR apoia Campanha Nacional de Enfrentamento \u00e0 Viol\u00eancia contra a Pessoa Idosa"},"content":{"rendered":"<div id=\"dslc-theme-content\"><div id=\"dslc-theme-content-inner\"><p style=\"text-align: justify;\">O Minist\u00e9rio da Mulher, da Fam\u00edlia e dos Direitos Humano (MMFDH), por meio da Secretaria Nacional de Promo\u00e7\u00e3o e Defesa dos Direitos da Pessoa Idosa (SNDPI) em parceria com a Confedera\u00e7\u00e3o Nacional de Not\u00e1rios e Registradores (CNR), lan\u00e7ou &nbsp;a Campanha Nacional de Enfrentamento \u00e0 Viol\u00eancia contra a Pessoa Idosa. A iniciativa integra um movimento global em alus\u00e3o ao Dia Internacional de Conscientiza\u00e7\u00e3o e Combate \u00e0 Viol\u00eancia contra a Pessoa Idosa.<\/p>\n<p>A Campanha tem o objetivo de abordar medidas para prevenir e identificar situa\u00e7\u00f5es de viol\u00eancia, neglig\u00eancia e abuso contra os idosos. Experi\u00eancias e boas pr\u00e1ticas ser\u00e3o compartilhadas, com contribui\u00e7\u00f5es para uma proposta de protocolo de aten\u00e7\u00e3o.<\/p>\n<p>Programa<\/p>\n<p>Mediante parceria com as prefeituras municipais e &nbsp;entidades de classe, o Programa visa a otimiza\u00e7\u00e3o de oportunidades para inclus\u00e3o digital e social, assegurando a participa\u00e7\u00e3o da pessoa idosa, com a finalidade de elevar a qualidade de vida. As a\u00e7\u00f5es incluem as \u00e1reas da tecnologia, educa\u00e7\u00e3o, sa\u00fade e mobilidade f\u00edsica.<\/p>\n<p>Disque 100<\/p>\n<p>Oferecido pelo MMFDH, o canal de den\u00fancias do Disque 100 \u00e9 sigiloso e funciona 24 horas por dia, todos os dias da semana, incluindo s\u00e1bados, domingos e feriados. O servi\u00e7o gratuito tamb\u00e9m pode ser acionado por meio do aplicativo Proteja Brasil.<\/p>\n<p>A ferramenta pode ser considerada como \u201cpronto-socorro\u201d dos direitos humanos, pois atende tamb\u00e9m graves situa\u00e7\u00f5es de viola\u00e7\u00f5es que acabaram de ocorrer ou que ainda est\u00e3o em curso, acionando os \u00f3rg\u00e3os competentes, possibilitando o flagrante.<\/p>\n<\/div><\/div>","protected":false},"excerpt":{"rendered":"<p>O Minist\u00e9rio da Mulher, da Fam\u00edlia e dos Direitos Humano (MMFDH), por meio da Secretaria Nacional de Promo\u00e7\u00e3o e Defesa dos Direitos da Pessoa Idosa (SNDPI) em parceria com a Confedera\u00e7\u00e3o Nacional de Not\u00e1rios e Registradores (CNR), lan\u00e7ou &nbsp;a Campanha Nacional de Enfrentamento \u00e0 Viol\u00eancia contra a Pessoa Idosa. A iniciativa integra um movimento global [&hellip;]<\/p>\n","protected":false},"author":2,"featured_media":23420,"comment_status":"closed","ping_status":"closed","sticky":false,"template":"","format":"standard","meta":{"footnotes":"","_links_to":"","_links_to_target":""},"categories":[525,55,47],"tags":[],"class_list":["post-21902","post","type-post","status-publish","format-standard","has-post-thumbnail","hentry","category-home","category-noticia","category-ultimas-noticias"],"yoast_head":"<!-- This site is optimized with the Yoast SEO plugin v28.4 - https:\/\/yoast.com\/product\/yoast-seo-wordpress\/ -->\n<title>CNR apoia Campanha Nacional de Enfrentamento \u00e0 Viol\u00eancia contra a Pessoa Idosa - CNR<\/title>\n<meta name=\"description\" content=\"CNR apoia Campanha Nacional de Enfrentamento \u00e0 Viol\u00eancia contra a Pessoa Idosa. A iniciativa integra um movimento global em alus\u00e3o ao Dia Internacional de Conscientiza\u00e7\u00e3o e Combate \u00e0 Viol\u00eancia contra a Pessoa Idosa.\" \/>\n<meta name=\"robots\" content=\"index, follow, max-snippet:-1, max-image-preview:large, max-video-preview:-1\" \/>\n<link rel=\"canonical\" href=\"https:\/\/cnr.org.br\/novoportal\/cnr-apoia-campanha-nacional-de-enfrentamento-a-violencia-contra-a-pessoa-idosa\/\" \/>\n<meta property=\"og:locale\" content=\"pt_BR\" \/>\n<meta property=\"og:type\" content=\"article\" \/>\n<meta property=\"og:title\" content=\"CNR apoia Campanha Nacional de Enfrentamento \u00e0 Viol\u00eancia contra a Pessoa Idosa - CNR\" \/>\n<meta property=\"og:description\" content=\"CNR apoia Campanha Nacional de Enfrentamento \u00e0 Viol\u00eancia contra a Pessoa Idosa. A iniciativa integra um movimento global em alus\u00e3o ao Dia Internacional de Conscientiza\u00e7\u00e3o e Combate \u00e0 Viol\u00eancia contra a Pessoa Idosa.\" \/>\n<meta property=\"og:url\" content=\"https:\/\/cnr.org.br\/novoportal\/cnr-apoia-campanha-nacional-de-enfrentamento-a-violencia-contra-a-pessoa-idosa\/\" \/>\n<meta property=\"og:site_name\" content=\"CNR\" \/>\n<meta property=\"article:published_time\" content=\"2020-12-04T18:20:10+00:00\" \/>\n<meta property=\"article:modified_time\" content=\"2021-08-11T16:00:13+00:00\" \/>\n<meta property=\"og:image\" content=\"https:\/\/cnr.org.br\/novoportal\/wp-content\/uploads\/2020\/12\/Tamanho-Oficial-para-as-fotos-do-Site-da-CNR-54.png\" \/>\n\t<meta property=\"og:image:width\" content=\"1940\" \/>\n\t<meta property=\"og:image:height\" content=\"1240\" \/>\n\t<meta property=\"og:image:type\" content=\"image\/png\" \/>\n<meta name=\"author\" content=\"Imprensa CNR\" \/>\n<meta name=\"twitter:card\" content=\"summary_large_image\" \/>\n<meta name=\"twitter:label1\" content=\"Escrito por\" \/>\n\t<meta name=\"twitter:data1\" content=\"Imprensa CNR\" \/>\n\t<meta name=\"twitter:label2\" content=\"Est. tempo de leitura\" \/>\n\t<meta name=\"twitter:data2\" content=\"2 minutos\" \/>\n<script type=\"application\/ld+json\" class=\"yoast-schema-graph\">{\"@context\":\"https:\\\/\\\/schema.org\",\"@graph\":[{\"@type\":\"Article\",\"@id\":\"https:\\\/\\\/cnr.org.br\\\/novoportal\\\/cnr-apoia-campanha-nacional-de-enfrentamento-a-violencia-contra-a-pessoa-idosa\\\/#article\",\"isPartOf\":{\"@id\":\"https:\\\/\\\/cnr.org.br\\\/novoportal\\\/cnr-apoia-campanha-nacional-de-enfrentamento-a-violencia-contra-a-pessoa-idosa\\\/\"},\"author\":{\"name\":\"Imprensa CNR\",\"@id\":\"https:\\\/\\\/cnr.org.br\\\/novoportal\\\/#\\\/schema\\\/person\\\/1f46209cd8c9d3d9887a0765b64ca66b\"},\"headline\":\"CNR apoia Campanha Nacional de Enfrentamento \u00e0 Viol\u00eancia contra a Pessoa Idosa\",\"datePublished\":\"2020-12-04T18:20:10+00:00\",\"dateModified\":\"2021-08-11T16:00:13+00:00\",\"mainEntityOfPage\":{\"@id\":\"https:\\\/\\\/cnr.org.br\\\/novoportal\\\/cnr-apoia-campanha-nacional-de-enfrentamento-a-violencia-contra-a-pessoa-idosa\\\/\"},\"wordCount\":275,\"publisher\":{\"@id\":\"https:\\\/\\\/cnr.org.br\\\/novoportal\\\/#organization\"},\"image\":{\"@id\":\"https:\\\/\\\/cnr.org.br\\\/novoportal\\\/cnr-apoia-campanha-nacional-de-enfrentamento-a-violencia-contra-a-pessoa-idosa\\\/#primaryimage\"},\"thumbnailUrl\":\"https:\\\/\\\/cnr.org.br\\\/site\\\/wp-content\\\/uploads\\\/2020\\\/12\\\/Tamanho-Oficial-para-as-fotos-do-Site-da-CNR-54.png\",\"articleSection\":[\"Home\",\"Not\u00edcia\",\"\u00daltimas Not\u00edcias\"],\"inLanguage\":\"pt-BR\"},{\"@type\":\"WebPage\",\"@id\":\"https:\\\/\\\/cnr.org.br\\\/novoportal\\\/cnr-apoia-campanha-nacional-de-enfrentamento-a-violencia-contra-a-pessoa-idosa\\\/\",\"url\":\"https:\\\/\\\/cnr.org.br\\\/novoportal\\\/cnr-apoia-campanha-nacional-de-enfrentamento-a-violencia-contra-a-pessoa-idosa\\\/\",\"name\":\"CNR apoia Campanha Nacional de Enfrentamento \u00e0 Viol\u00eancia contra a Pessoa Idosa - CNR\",\"isPartOf\":{\"@id\":\"https:\\\/\\\/cnr.org.br\\\/novoportal\\\/#website\"},\"primaryImageOfPage\":{\"@id\":\"https:\\\/\\\/cnr.org.br\\\/novoportal\\\/cnr-apoia-campanha-nacional-de-enfrentamento-a-violencia-contra-a-pessoa-idosa\\\/#primaryimage\"},\"image\":{\"@id\":\"https:\\\/\\\/cnr.org.br\\\/novoportal\\\/cnr-apoia-campanha-nacional-de-enfrentamento-a-violencia-contra-a-pessoa-idosa\\\/#primaryimage\"},\"thumbnailUrl\":\"https:\\\/\\\/cnr.org.br\\\/site\\\/wp-content\\\/uploads\\\/2020\\\/12\\\/Tamanho-Oficial-para-as-fotos-do-Site-da-CNR-54.png\",\"datePublished\":\"2020-12-04T18:20:10+00:00\",\"dateModified\":\"2021-08-11T16:00:13+00:00\",\"description\":\"CNR apoia Campanha Nacional de Enfrentamento \u00e0 Viol\u00eancia contra a Pessoa Idosa. A iniciativa integra um movimento global em alus\u00e3o ao Dia Internacional de Conscientiza\u00e7\u00e3o e Combate \u00e0 Viol\u00eancia contra a Pessoa Idosa.\",\"breadcrumb\":{\"@id\":\"https:\\\/\\\/cnr.org.br\\\/novoportal\\\/cnr-apoia-campanha-nacional-de-enfrentamento-a-violencia-contra-a-pessoa-idosa\\\/#breadcrumb\"},\"inLanguage\":\"pt-BR\",\"potentialAction\":[{\"@type\":\"ReadAction\",\"target\":[\"https:\\\/\\\/cnr.org.br\\\/novoportal\\\/cnr-apoia-campanha-nacional-de-enfrentamento-a-violencia-contra-a-pessoa-idosa\\\/\"]}]},{\"@type\":\"ImageObject\",\"inLanguage\":\"pt-BR\",\"@id\":\"https:\\\/\\\/cnr.org.br\\\/novoportal\\\/cnr-apoia-campanha-nacional-de-enfrentamento-a-violencia-contra-a-pessoa-idosa\\\/#primaryimage\",\"url\":\"https:\\\/\\\/cnr.org.br\\\/site\\\/wp-content\\\/uploads\\\/2020\\\/12\\\/Tamanho-Oficial-para-as-fotos-do-Site-da-CNR-54.png\",\"contentUrl\":\"https:\\\/\\\/cnr.org.br\\\/site\\\/wp-content\\\/uploads\\\/2020\\\/12\\\/Tamanho-Oficial-para-as-fotos-do-Site-da-CNR-54.png\",\"width\":1940,\"height\":1240,\"caption\":\"Foto: Canva Pr\u00f3\"},{\"@type\":\"BreadcrumbList\",\"@id\":\"https:\\\/\\\/cnr.org.br\\\/novoportal\\\/cnr-apoia-campanha-nacional-de-enfrentamento-a-violencia-contra-a-pessoa-idosa\\\/#breadcrumb\",\"itemListElement\":[{\"@type\":\"ListItem\",\"position\":1,\"name\":\"In\u00edcio\",\"item\":\"https:\\\/\\\/cnr.org.br\\\/site\\\/\"},{\"@type\":\"ListItem\",\"position\":2,\"name\":\"CNR apoia Campanha Nacional de Enfrentamento \u00e0 Viol\u00eancia contra a Pessoa Idosa\"}]},{\"@type\":\"WebSite\",\"@id\":\"https:\\\/\\\/cnr.org.br\\\/novoportal\\\/#website\",\"url\":\"https:\\\/\\\/cnr.org.br\\\/novoportal\\\/\",\"name\":\"CNR\",\"description\":\"Confedera\u00e7\u00e3o Nacional de Not\u00e1rios e Registradores\",\"publisher\":{\"@id\":\"https:\\\/\\\/cnr.org.br\\\/novoportal\\\/#organization\"},\"potentialAction\":[{\"@type\":\"SearchAction\",\"target\":{\"@type\":\"EntryPoint\",\"urlTemplate\":\"https:\\\/\\\/cnr.org.br\\\/novoportal\\\/?s={search_term_string}\"},\"query-input\":{\"@type\":\"PropertyValueSpecification\",\"valueRequired\":true,\"valueName\":\"search_term_string\"}}],\"inLanguage\":\"pt-BR\"},{\"@type\":\"Organization\",\"@id\":\"https:\\\/\\\/cnr.org.br\\\/novoportal\\\/#organization\",\"name\":\"CNR\",\"url\":\"https:\\\/\\\/cnr.org.br\\\/novoportal\\\/\",\"logo\":{\"@type\":\"ImageObject\",\"inLanguage\":\"pt-BR\",\"@id\":\"https:\\\/\\\/cnr.org.br\\\/novoportal\\\/#\\\/schema\\\/logo\\\/image\\\/\",\"url\":\"https:\\\/\\\/cnr.org.br\\\/site\\\/wp-content\\\/uploads\\\/2026\\\/02\\\/Logo_CNR_completa_colorida_2024.png\",\"contentUrl\":\"https:\\\/\\\/cnr.org.br\\\/site\\\/wp-content\\\/uploads\\\/2026\\\/02\\\/Logo_CNR_completa_colorida_2024.png\",\"width\":910,\"height\":450,\"caption\":\"CNR\"},\"image\":{\"@id\":\"https:\\\/\\\/cnr.org.br\\\/novoportal\\\/#\\\/schema\\\/logo\\\/image\\\/\"}},{\"@type\":\"Person\",\"@id\":\"https:\\\/\\\/cnr.org.br\\\/novoportal\\\/#\\\/schema\\\/person\\\/1f46209cd8c9d3d9887a0765b64ca66b\",\"name\":\"Imprensa CNR\",\"sameAs\":[\"https:\\\/\\\/cnr.org.br\\\/site\"],\"url\":\"https:\\\/\\\/cnr.org.br\\\/site\\\/author\\\/imprensa\\\/\"}]}<\/script>\n<!-- \/ Yoast SEO plugin. -->","yoast_head_json":{"title":"CNR apoia Campanha Nacional de Enfrentamento \u00e0 Viol\u00eancia contra a Pessoa Idosa - CNR","description":"CNR apoia Campanha Nacional de Enfrentamento \u00e0 Viol\u00eancia contra a Pessoa Idosa. A iniciativa integra um movimento global em alus\u00e3o ao Dia Internacional de Conscientiza\u00e7\u00e3o e Combate \u00e0 Viol\u00eancia contra a Pessoa Idosa.","robots":{"index":"index","follow":"follow","max-snippet":"max-snippet:-1","max-image-preview":"max-image-preview:large","max-video-preview":"max-video-preview:-1"},"canonical":"https:\/\/cnr.org.br\/novoportal\/cnr-apoia-campanha-nacional-de-enfrentamento-a-violencia-contra-a-pessoa-idosa\/","og_locale":"pt_BR","og_type":"article","og_title":"CNR apoia Campanha Nacional de Enfrentamento \u00e0 Viol\u00eancia contra a Pessoa Idosa - CNR","og_description":"CNR apoia Campanha Nacional de Enfrentamento \u00e0 Viol\u00eancia contra a Pessoa Idosa. A iniciativa integra um movimento global em alus\u00e3o ao Dia Internacional de Conscientiza\u00e7\u00e3o e Combate \u00e0 Viol\u00eancia contra a Pessoa Idosa.","og_url":"https:\/\/cnr.org.br\/novoportal\/cnr-apoia-campanha-nacional-de-enfrentamento-a-violencia-contra-a-pessoa-idosa\/","og_site_name":"CNR","article_published_time":"2020-12-04T18:20:10+00:00","article_modified_time":"2021-08-11T16:00:13+00:00","og_image":[{"width":1940,"height":1240,"url":"https:\/\/cnr.org.br\/novoportal\/wp-content\/uploads\/2020\/12\/Tamanho-Oficial-para-as-fotos-do-Site-da-CNR-54.png","type":"image\/png"}],"author":"Imprensa CNR","twitter_card":"summary_large_image","twitter_misc":{"Escrito por":"Imprensa CNR","Est. tempo de leitura":"2 minutos"},"schema":{"@context":"https:\/\/schema.org","@graph":[{"@type":"Article","@id":"https:\/\/cnr.org.br\/novoportal\/cnr-apoia-campanha-nacional-de-enfrentamento-a-violencia-contra-a-pessoa-idosa\/#article","isPartOf":{"@id":"https:\/\/cnr.org.br\/novoportal\/cnr-apoia-campanha-nacional-de-enfrentamento-a-violencia-contra-a-pessoa-idosa\/"},"author":{"name":"Imprensa CNR","@id":"https:\/\/cnr.org.br\/novoportal\/#\/schema\/person\/1f46209cd8c9d3d9887a0765b64ca66b"},"headline":"CNR apoia Campanha Nacional de Enfrentamento \u00e0 Viol\u00eancia contra a Pessoa Idosa","datePublished":"2020-12-04T18:20:10+00:00","dateModified":"2021-08-11T16:00:13+00:00","mainEntityOfPage":{"@id":"https:\/\/cnr.org.br\/novoportal\/cnr-apoia-campanha-nacional-de-enfrentamento-a-violencia-contra-a-pessoa-idosa\/"},"wordCount":275,"publisher":{"@id":"https:\/\/cnr.org.br\/novoportal\/#organization"},"image":{"@id":"https:\/\/cnr.org.br\/novoportal\/cnr-apoia-campanha-nacional-de-enfrentamento-a-violencia-contra-a-pessoa-idosa\/#primaryimage"},"thumbnailUrl":"https:\/\/cnr.org.br\/site\/wp-content\/uploads\/2020\/12\/Tamanho-Oficial-para-as-fotos-do-Site-da-CNR-54.png","articleSection":["Home","Not\u00edcia","\u00daltimas Not\u00edcias"],"inLanguage":"pt-BR"},{"@type":"WebPage","@id":"https:\/\/cnr.org.br\/novoportal\/cnr-apoia-campanha-nacional-de-enfrentamento-a-violencia-contra-a-pessoa-idosa\/","url":"https:\/\/cnr.org.br\/novoportal\/cnr-apoia-campanha-nacional-de-enfrentamento-a-violencia-contra-a-pessoa-idosa\/","name":"CNR apoia Campanha Nacional de Enfrentamento \u00e0 Viol\u00eancia contra a Pessoa Idosa - CNR","isPartOf":{"@id":"https:\/\/cnr.org.br\/novoportal\/#website"},"primaryImageOfPage":{"@id":"https:\/\/cnr.org.br\/novoportal\/cnr-apoia-campanha-nacional-de-enfrentamento-a-violencia-contra-a-pessoa-idosa\/#primaryimage"},"image":{"@id":"https:\/\/cnr.org.br\/novoportal\/cnr-apoia-campanha-nacional-de-enfrentamento-a-violencia-contra-a-pessoa-idosa\/#primaryimage"},"thumbnailUrl":"https:\/\/cnr.org.br\/site\/wp-content\/uploads\/2020\/12\/Tamanho-Oficial-para-as-fotos-do-Site-da-CNR-54.png","datePublished":"2020-12-04T18:20:10+00:00","dateModified":"2021-08-11T16:00:13+00:00","description":"CNR apoia Campanha Nacional de Enfrentamento \u00e0 Viol\u00eancia contra a Pessoa Idosa. A iniciativa integra um movimento global em alus\u00e3o ao Dia Internacional de Conscientiza\u00e7\u00e3o e Combate \u00e0 Viol\u00eancia contra a Pessoa Idosa.","breadcrumb":{"@id":"https:\/\/cnr.org.br\/novoportal\/cnr-apoia-campanha-nacional-de-enfrentamento-a-violencia-contra-a-pessoa-idosa\/#breadcrumb"},"inLanguage":"pt-BR","potentialAction":[{"@type":"ReadAction","target":["https:\/\/cnr.org.br\/novoportal\/cnr-apoia-campanha-nacional-de-enfrentamento-a-violencia-contra-a-pessoa-idosa\/"]}]},{"@type":"ImageObject","inLanguage":"pt-BR","@id":"https:\/\/cnr.org.br\/novoportal\/cnr-apoia-campanha-nacional-de-enfrentamento-a-violencia-contra-a-pessoa-idosa\/#primaryimage","url":"https:\/\/cnr.org.br\/site\/wp-content\/uploads\/2020\/12\/Tamanho-Oficial-para-as-fotos-do-Site-da-CNR-54.png","contentUrl":"https:\/\/cnr.org.br\/site\/wp-content\/uploads\/2020\/12\/Tamanho-Oficial-para-as-fotos-do-Site-da-CNR-54.png","width":1940,"height":1240,"caption":"Foto: Canva Pr\u00f3"},{"@type":"BreadcrumbList","@id":"https:\/\/cnr.org.br\/novoportal\/cnr-apoia-campanha-nacional-de-enfrentamento-a-violencia-contra-a-pessoa-idosa\/#breadcrumb","itemListElement":[{"@type":"ListItem","position":1,"name":"In\u00edcio","item":"https:\/\/cnr.org.br\/site\/"},{"@type":"ListItem","position":2,"name":"CNR apoia Campanha Nacional de Enfrentamento \u00e0 Viol\u00eancia contra a Pessoa Idosa"}]},{"@type":"WebSite","@id":"https:\/\/cnr.org.br\/novoportal\/#website","url":"https:\/\/cnr.org.br\/novoportal\/","name":"CNR","description":"Confedera\u00e7\u00e3o Nacional de Not\u00e1rios e Registradores","publisher":{"@id":"https:\/\/cnr.org.br\/novoportal\/#organization"},"potentialAction":[{"@type":"SearchAction","target":{"@type":"EntryPoint","urlTemplate":"https:\/\/cnr.org.br\/novoportal\/?s={search_term_string}"},"query-input":{"@type":"PropertyValueSpecification","valueRequired":true,"valueName":"search_term_string"}}],"inLanguage":"pt-BR"},{"@type":"Organization","@id":"https:\/\/cnr.org.br\/novoportal\/#organization","name":"CNR","url":"https:\/\/cnr.org.br\/novoportal\/","logo":{"@type":"ImageObject","inLanguage":"pt-BR","@id":"https:\/\/cnr.org.br\/novoportal\/#\/schema\/logo\/image\/","url":"https:\/\/cnr.org.br\/site\/wp-content\/uploads\/2026\/02\/Logo_CNR_completa_colorida_2024.png","contentUrl":"https:\/\/cnr.org.br\/site\/wp-content\/uploads\/2026\/02\/Logo_CNR_completa_colorida_2024.png","width":910,"height":450,"caption":"CNR"},"image":{"@id":"https:\/\/cnr.org.br\/novoportal\/#\/schema\/logo\/image\/"}},{"@type":"Person","@id":"https:\/\/cnr.org.br\/novoportal\/#\/schema\/person\/1f46209cd8c9d3d9887a0765b64ca66b","name":"Imprensa CNR","sameAs":["https:\/\/cnr.org.br\/site"],"url":"https:\/\/cnr.org.br\/site\/author\/imprensa\/"}]}},"_links":{"self":[{"href":"https:\/\/cnr.org.br\/site\/wp-json\/wp\/v2\/posts\/21902","targetHints":{"allow":["GET"]}}],"collection":[{"href":"https:\/\/cnr.org.br\/site\/wp-json\/wp\/v2\/posts"}],"about":[{"href":"https:\/\/cnr.org.br\/site\/wp-json\/wp\/v2\/types\/post"}],"author":[{"embeddable":true,"href":"https:\/\/cnr.org.br\/site\/wp-json\/wp\/v2\/users\/2"}],"replies":[{"embeddable":true,"href":"https:\/\/cnr.org.br\/site\/wp-json\/wp\/v2\/comments?post=21902"}],"version-history":[{"count":0,"href":"https:\/\/cnr.org.br\/site\/wp-json\/wp\/v2\/posts\/21902\/revisions"}],"wp:featuredmedia":[{"embeddable":true,"href":"https:\/\/cnr.org.br\/site\/wp-json\/wp\/v2\/media\/23420"}],"wp:attachment":[{"href":"https:\/\/cnr.org.br\/site\/wp-json\/wp\/v2\/media?parent=21902"}],"wp:term":[{"taxonomy":"category","embeddable":true,"href":"https:\/\/cnr.org.br\/site\/wp-json\/wp\/v2\/categories?post=21902"},{"taxonomy":"post_tag","embeddable":true,"href":"https:\/\/cnr.org.br\/site\/wp-json\/wp\/v2\/tags?post=21902"}],"curies":[{"name":"wp","href":"https:\/\/api.w.org\/{rel}","templated":true}]}}