{"id":22303,"date":"2020-12-23T18:28:20","date_gmt":"2020-12-23T20:28:20","guid":{"rendered":"https:\/\/cnr.org.br\/site\/?p=22303"},"modified":"2020-12-23T18:44:27","modified_gmt":"2020-12-23T20:44:27","slug":"recolhimento-do-fgts-via-pix-e-adiado","status":"publish","type":"post","link":"https:\/\/cnr.org.br\/site\/recolhimento-do-fgts-via-pix-e-adiado\/","title":{"rendered":"Recolhimento do FGTS via Pix \u00e9 adiado"},"content":{"rendered":"<div id=\"dslc-theme-content\"><div id=\"dslc-theme-content-inner\"><p style=\"text-align: justify;\">Inicialmente previsto para entrar em vigor em janeiro, o recolhimento do Fundo de Garantia do Tempo de Servi\u00e7o (FGTS) por meio do Pix foi adiado, informou hoje (23) a Chefia da Divis\u00e3o de Fiscaliza\u00e7\u00e3o do FGTS do Minist\u00e9rio da Economia. Segundo o \u00f3rg\u00e3o, a implementa\u00e7\u00e3o do novo sistema FGTS Digital, que traria o recolhimento por meio do sistema instant\u00e2neo de pagamentos do Banco Central (BC), n\u00e3o se concretizou.<img decoding=\"async\" src=\"https:\/\/agenciabrasil.ebc.com.br\/ebc.png?id=1397134&amp;o=node\" \/><img decoding=\"async\" src=\"https:\/\/agenciabrasil.ebc.com.br\/ebc.gif?id=1397134&amp;o=node\" \/><\/p>\n<p style=\"text-align: justify;\">O Minist\u00e9rio da Economia n\u00e3o informou uma nova data para a novidade entrar em vigor. Na \u00faltima reuni\u00e3o plen\u00e1ria do F\u00f3rum Pix, o diretor de Organiza\u00e7\u00e3o do Sistema Financeiro e de Resolu\u00e7\u00e3o do Banco Central (BC), Jo\u00e3o Manoel Pinho de Mello, havia apresentado a previs\u00e3o para o recolhimento do FGTS via Pix a partir de janeiro.<\/p>\n<p style=\"text-align: justify;\">Na ocasi\u00e3o, foi anunciado um acordo de coopera\u00e7\u00e3o t\u00e9cnica com a Secretaria Especial de Previd\u00eancia e Trabalho para o lan\u00e7amento FGTS Digital. A nova plataforma pretende centralizar a apura\u00e7\u00e3o, a cobran\u00e7a, o recolhimento e o lan\u00e7amento das contribui\u00e7\u00f5es para o Fundo de Garantia.<\/p>\n<p style=\"text-align: justify;\">Segundo a Secretaria de Trabalho do Minist\u00e9rio da Economia, quando entrar em vigor, o novo sistema reduzir\u00e1 custos para as empresas. Isso porque os empregadores deixar\u00e3o de emitir cerca de 70 milh\u00f5es de guias de recolhimento por ano e poder\u00e3o acompanhar digitalmente o pagamento e a destina\u00e7\u00e3o das contribui\u00e7\u00f5es.<\/p>\n<p style=\"text-align: justify;\">Durante o evento, o diretor do Banco Central acrescentou que a utiliza\u00e7\u00e3o do Pix para recolher o FGTS aumenta a concorr\u00eancia entre as institui\u00e7\u00f5es financeiras. Segundo Mello, n\u00e3o ser\u00e1 necess\u00e1rio estabelecer conv\u00eanios entre a empresa e um banco, como ocorre hoje.<\/p>\n<h2 style=\"text-align: justify;\">Expans\u00e3o<\/h2>\n<p style=\"text-align: justify;\">O recolhimento de obriga\u00e7\u00f5es tribut\u00e1rias e trabalhistas e o pagamento de impostos est\u00e3o sendo gradualmente transferidos para o novo modelo. Em novembro, o Tesouro Nacional lan\u00e7ou o<a href=\"https:\/\/agenciabrasil.ebc.com.br\/economia\/noticia\/2020-09\/plataforma-digital-de-pagamentos-ao-tesouro-sera-lancada-em-novembro\" target=\"_blank\" rel=\"noopener\">\u00a0PagTesouro<\/a>, plataforma digital de pagamentos integrada ao Pix.<\/p>\n<p style=\"text-align: justify;\">No in\u00edcio de dezembro, a\u00a0<a href=\"https:\/\/agenciabrasil.ebc.com.br\/economia\/noticia\/2020-12\/receita-federal-e-banco-do-brasil-iniciam-arrecadacao-com-pix\" target=\"_blank\" rel=\"noopener\">Receita Federal e o Banco do Brasil fecharam um conv\u00eanio<\/a>\u00a0que permite a algumas empresas pagar tributos com um c\u00f3digo QR (vers\u00e3o avan\u00e7ada do c\u00f3digo de barras) para o sistema Pix. A novidade foi lan\u00e7ada para as companhias obrigadas a entregar a Declara\u00e7\u00e3o de D\u00e9bitos e de Cr\u00e9ditos Tribut\u00e1rios Federais, Previdenci\u00e1rios e de Outras Entidades e Fundos (DCTFWeb).<\/p>\n<p style=\"text-align: justify;\">Com o c\u00f3digo QR, bastar\u00e1 o contribuinte abrir o aplicativo do banco, ativar o Pix e apontar o celular para o c\u00f3digo, que ser\u00e1 lido pela c\u00e2mera do celular. No in\u00edcio do pr\u00f3ximo ano, a Receita Federal pretende estender a op\u00e7\u00e3o \u00e0s guias de recolhimento do eSocial de empregadores dom\u00e9sticos e microempreendedores e de pagamento do Simples Nacional. Ao longo de 2021, o Fisco quer incluir o c\u00f3digo QR em todos os documentos de arrecada\u00e7\u00e3o, por meio dos quais s\u00e3o feitos 320 milh\u00f5es de pagamentos de tributos por ano.<\/p>\n<p><a href=\"https:\/\/agenciabrasil.ebc.com.br\/economia\/noticia\/2020-12\/recolhimento-do-fgts-via-pix-adiado\">Ag\u00eancia Brasil<\/a><\/p>\n<\/div><\/div>","protected":false},"excerpt":{"rendered":"<p>Inicialmente previsto para entrar em vigor em janeiro, o recolhimento do Fundo de Garantia do Tempo de Servi\u00e7o (FGTS) por meio do Pix foi adiado, informou hoje (23) a Chefia da Divis\u00e3o de Fiscaliza\u00e7\u00e3o do FGTS do Minist\u00e9rio da Economia. Segundo o \u00f3rg\u00e3o, a implementa\u00e7\u00e3o do novo sistema FGTS Digital, que traria o recolhimento por [&hellip;]<\/p>\n","protected":false},"author":2,"featured_media":22306,"comment_status":"closed","ping_status":"closed","sticky":false,"template":"","format":"standard","meta":{"footnotes":"","_links_to":"","_links_to_target":""},"categories":[525,55,47],"tags":[],"class_list":["post-22303","post","type-post","status-publish","format-standard","has-post-thumbnail","hentry","category-home","category-noticia","category-ultimas-noticias"],"yoast_head":"<!-- This site is optimized with the Yoast SEO plugin v28.4 - https:\/\/yoast.com\/product\/yoast-seo-wordpress\/ -->\n<title>Recolhimento do FGTS via Pix \u00e9 adiado - CNR<\/title>\n<meta name=\"description\" content=\"Inicialmente previsto para entrar em vigor em janeiro, o recolhimento por meio do Pix foi adiado, informou hoje (23) a Chefia da Fiscaliza\u00e7\u00e3o do FGTS.\" \/>\n<meta name=\"robots\" content=\"index, follow, max-snippet:-1, max-image-preview:large, max-video-preview:-1\" \/>\n<link rel=\"canonical\" href=\"https:\/\/cnr.org.br\/novoportal\/recolhimento-do-fgts-via-pix-e-adiado\/\" \/>\n<meta property=\"og:locale\" content=\"pt_BR\" \/>\n<meta property=\"og:type\" content=\"article\" \/>\n<meta property=\"og:title\" content=\"Recolhimento do FGTS via Pix \u00e9 adiado - CNR\" \/>\n<meta property=\"og:description\" content=\"Inicialmente previsto para entrar em vigor em janeiro, o recolhimento por meio do Pix foi adiado, informou hoje (23) a Chefia da Fiscaliza\u00e7\u00e3o do FGTS.\" \/>\n<meta property=\"og:url\" content=\"https:\/\/cnr.org.br\/novoportal\/recolhimento-do-fgts-via-pix-e-adiado\/\" \/>\n<meta property=\"og:site_name\" content=\"CNR\" \/>\n<meta property=\"article:published_time\" content=\"2020-12-23T20:28:20+00:00\" \/>\n<meta property=\"article:modified_time\" content=\"2020-12-23T20:44:27+00:00\" \/>\n<meta property=\"og:image\" content=\"https:\/\/cnr.org.br\/novoportal\/wp-content\/uploads\/2020\/12\/0SBcpRmCgE6VHHh47YJs7tBRhSI_1170x700_smart_https___agenciabrasil.ebc_.com_.br_sites_default_files_thumbnails_image_pix_0411202554.jpg\" \/>\n\t<meta property=\"og:image:width\" content=\"1170\" \/>\n\t<meta property=\"og:image:height\" content=\"700\" \/>\n\t<meta property=\"og:image:type\" content=\"image\/jpeg\" \/>\n<meta name=\"author\" content=\"Imprensa CNR\" \/>\n<meta name=\"twitter:card\" content=\"summary_large_image\" \/>\n<meta name=\"twitter:label1\" content=\"Escrito por\" \/>\n\t<meta name=\"twitter:data1\" content=\"Imprensa CNR\" \/>\n\t<meta name=\"twitter:label2\" content=\"Est. tempo de leitura\" \/>\n\t<meta name=\"twitter:data2\" content=\"3 minutos\" \/>\n<script type=\"application\/ld+json\" class=\"yoast-schema-graph\">{\"@context\":\"https:\\\/\\\/schema.org\",\"@graph\":[{\"@type\":\"Article\",\"@id\":\"https:\\\/\\\/cnr.org.br\\\/novoportal\\\/recolhimento-do-fgts-via-pix-e-adiado\\\/#article\",\"isPartOf\":{\"@id\":\"https:\\\/\\\/cnr.org.br\\\/novoportal\\\/recolhimento-do-fgts-via-pix-e-adiado\\\/\"},\"author\":{\"name\":\"Imprensa CNR\",\"@id\":\"https:\\\/\\\/cnr.org.br\\\/novoportal\\\/#\\\/schema\\\/person\\\/1f46209cd8c9d3d9887a0765b64ca66b\"},\"headline\":\"Recolhimento do FGTS via Pix \u00e9 adiado\",\"datePublished\":\"2020-12-23T20:28:20+00:00\",\"dateModified\":\"2020-12-23T20:44:27+00:00\",\"mainEntityOfPage\":{\"@id\":\"https:\\\/\\\/cnr.org.br\\\/novoportal\\\/recolhimento-do-fgts-via-pix-e-adiado\\\/\"},\"wordCount\":516,\"publisher\":{\"@id\":\"https:\\\/\\\/cnr.org.br\\\/novoportal\\\/#organization\"},\"image\":{\"@id\":\"https:\\\/\\\/cnr.org.br\\\/novoportal\\\/recolhimento-do-fgts-via-pix-e-adiado\\\/#primaryimage\"},\"thumbnailUrl\":\"https:\\\/\\\/cnr.org.br\\\/site\\\/wp-content\\\/uploads\\\/2020\\\/12\\\/0SBcpRmCgE6VHHh47YJs7tBRhSI_1170x700_smart_https___agenciabrasil.ebc_.com_.br_sites_default_files_thumbnails_image_pix_0411202554.jpg\",\"articleSection\":[\"Home\",\"Not\u00edcia\",\"\u00daltimas Not\u00edcias\"],\"inLanguage\":\"pt-BR\"},{\"@type\":\"WebPage\",\"@id\":\"https:\\\/\\\/cnr.org.br\\\/novoportal\\\/recolhimento-do-fgts-via-pix-e-adiado\\\/\",\"url\":\"https:\\\/\\\/cnr.org.br\\\/novoportal\\\/recolhimento-do-fgts-via-pix-e-adiado\\\/\",\"name\":\"Recolhimento do FGTS via Pix \u00e9 adiado - CNR\",\"isPartOf\":{\"@id\":\"https:\\\/\\\/cnr.org.br\\\/novoportal\\\/#website\"},\"primaryImageOfPage\":{\"@id\":\"https:\\\/\\\/cnr.org.br\\\/novoportal\\\/recolhimento-do-fgts-via-pix-e-adiado\\\/#primaryimage\"},\"image\":{\"@id\":\"https:\\\/\\\/cnr.org.br\\\/novoportal\\\/recolhimento-do-fgts-via-pix-e-adiado\\\/#primaryimage\"},\"thumbnailUrl\":\"https:\\\/\\\/cnr.org.br\\\/site\\\/wp-content\\\/uploads\\\/2020\\\/12\\\/0SBcpRmCgE6VHHh47YJs7tBRhSI_1170x700_smart_https___agenciabrasil.ebc_.com_.br_sites_default_files_thumbnails_image_pix_0411202554.jpg\",\"datePublished\":\"2020-12-23T20:28:20+00:00\",\"dateModified\":\"2020-12-23T20:44:27+00:00\",\"description\":\"Inicialmente previsto para entrar em vigor em janeiro, o recolhimento por meio do Pix foi adiado, informou hoje (23) a Chefia da Fiscaliza\u00e7\u00e3o do FGTS.\",\"breadcrumb\":{\"@id\":\"https:\\\/\\\/cnr.org.br\\\/novoportal\\\/recolhimento-do-fgts-via-pix-e-adiado\\\/#breadcrumb\"},\"inLanguage\":\"pt-BR\",\"potentialAction\":[{\"@type\":\"ReadAction\",\"target\":[\"https:\\\/\\\/cnr.org.br\\\/novoportal\\\/recolhimento-do-fgts-via-pix-e-adiado\\\/\"]}]},{\"@type\":\"ImageObject\",\"inLanguage\":\"pt-BR\",\"@id\":\"https:\\\/\\\/cnr.org.br\\\/novoportal\\\/recolhimento-do-fgts-via-pix-e-adiado\\\/#primaryimage\",\"url\":\"https:\\\/\\\/cnr.org.br\\\/site\\\/wp-content\\\/uploads\\\/2020\\\/12\\\/0SBcpRmCgE6VHHh47YJs7tBRhSI_1170x700_smart_https___agenciabrasil.ebc_.com_.br_sites_default_files_thumbnails_image_pix_0411202554.jpg\",\"contentUrl\":\"https:\\\/\\\/cnr.org.br\\\/site\\\/wp-content\\\/uploads\\\/2020\\\/12\\\/0SBcpRmCgE6VHHh47YJs7tBRhSI_1170x700_smart_https___agenciabrasil.ebc_.com_.br_sites_default_files_thumbnails_image_pix_0411202554.jpg\",\"width\":1170,\"height\":700,\"caption\":\"Marcello Casal Jr - Ag\u00eancia Brasil\"},{\"@type\":\"BreadcrumbList\",\"@id\":\"https:\\\/\\\/cnr.org.br\\\/novoportal\\\/recolhimento-do-fgts-via-pix-e-adiado\\\/#breadcrumb\",\"itemListElement\":[{\"@type\":\"ListItem\",\"position\":1,\"name\":\"In\u00edcio\",\"item\":\"https:\\\/\\\/cnr.org.br\\\/site\\\/\"},{\"@type\":\"ListItem\",\"position\":2,\"name\":\"Recolhimento do FGTS via Pix \u00e9 adiado\"}]},{\"@type\":\"WebSite\",\"@id\":\"https:\\\/\\\/cnr.org.br\\\/novoportal\\\/#website\",\"url\":\"https:\\\/\\\/cnr.org.br\\\/novoportal\\\/\",\"name\":\"CNR\",\"description\":\"Confedera\u00e7\u00e3o Nacional de Not\u00e1rios e Registradores\",\"publisher\":{\"@id\":\"https:\\\/\\\/cnr.org.br\\\/novoportal\\\/#organization\"},\"potentialAction\":[{\"@type\":\"SearchAction\",\"target\":{\"@type\":\"EntryPoint\",\"urlTemplate\":\"https:\\\/\\\/cnr.org.br\\\/novoportal\\\/?s={search_term_string}\"},\"query-input\":{\"@type\":\"PropertyValueSpecification\",\"valueRequired\":true,\"valueName\":\"search_term_string\"}}],\"inLanguage\":\"pt-BR\"},{\"@type\":\"Organization\",\"@id\":\"https:\\\/\\\/cnr.org.br\\\/novoportal\\\/#organization\",\"name\":\"CNR\",\"url\":\"https:\\\/\\\/cnr.org.br\\\/novoportal\\\/\",\"logo\":{\"@type\":\"ImageObject\",\"inLanguage\":\"pt-BR\",\"@id\":\"https:\\\/\\\/cnr.org.br\\\/novoportal\\\/#\\\/schema\\\/logo\\\/image\\\/\",\"url\":\"https:\\\/\\\/cnr.org.br\\\/site\\\/wp-content\\\/uploads\\\/2026\\\/02\\\/Logo_CNR_completa_colorida_2024.png\",\"contentUrl\":\"https:\\\/\\\/cnr.org.br\\\/site\\\/wp-content\\\/uploads\\\/2026\\\/02\\\/Logo_CNR_completa_colorida_2024.png\",\"width\":910,\"height\":450,\"caption\":\"CNR\"},\"image\":{\"@id\":\"https:\\\/\\\/cnr.org.br\\\/novoportal\\\/#\\\/schema\\\/logo\\\/image\\\/\"}},{\"@type\":\"Person\",\"@id\":\"https:\\\/\\\/cnr.org.br\\\/novoportal\\\/#\\\/schema\\\/person\\\/1f46209cd8c9d3d9887a0765b64ca66b\",\"name\":\"Imprensa CNR\",\"sameAs\":[\"https:\\\/\\\/cnr.org.br\\\/site\"],\"url\":\"https:\\\/\\\/cnr.org.br\\\/site\\\/author\\\/imprensa\\\/\"}]}<\/script>\n<!-- \/ Yoast SEO plugin. -->","yoast_head_json":{"title":"Recolhimento do FGTS via Pix \u00e9 adiado - CNR","description":"Inicialmente previsto para entrar em vigor em janeiro, o recolhimento por meio do Pix foi adiado, informou hoje (23) a Chefia da Fiscaliza\u00e7\u00e3o do FGTS.","robots":{"index":"index","follow":"follow","max-snippet":"max-snippet:-1","max-image-preview":"max-image-preview:large","max-video-preview":"max-video-preview:-1"},"canonical":"https:\/\/cnr.org.br\/novoportal\/recolhimento-do-fgts-via-pix-e-adiado\/","og_locale":"pt_BR","og_type":"article","og_title":"Recolhimento do FGTS via Pix \u00e9 adiado - CNR","og_description":"Inicialmente previsto para entrar em vigor em janeiro, o recolhimento por meio do Pix foi adiado, informou hoje (23) a Chefia da Fiscaliza\u00e7\u00e3o do FGTS.","og_url":"https:\/\/cnr.org.br\/novoportal\/recolhimento-do-fgts-via-pix-e-adiado\/","og_site_name":"CNR","article_published_time":"2020-12-23T20:28:20+00:00","article_modified_time":"2020-12-23T20:44:27+00:00","og_image":[{"width":1170,"height":700,"url":"https:\/\/cnr.org.br\/novoportal\/wp-content\/uploads\/2020\/12\/0SBcpRmCgE6VHHh47YJs7tBRhSI_1170x700_smart_https___agenciabrasil.ebc_.com_.br_sites_default_files_thumbnails_image_pix_0411202554.jpg","type":"image\/jpeg"}],"author":"Imprensa CNR","twitter_card":"summary_large_image","twitter_misc":{"Escrito por":"Imprensa CNR","Est. tempo de leitura":"3 minutos"},"schema":{"@context":"https:\/\/schema.org","@graph":[{"@type":"Article","@id":"https:\/\/cnr.org.br\/novoportal\/recolhimento-do-fgts-via-pix-e-adiado\/#article","isPartOf":{"@id":"https:\/\/cnr.org.br\/novoportal\/recolhimento-do-fgts-via-pix-e-adiado\/"},"author":{"name":"Imprensa CNR","@id":"https:\/\/cnr.org.br\/novoportal\/#\/schema\/person\/1f46209cd8c9d3d9887a0765b64ca66b"},"headline":"Recolhimento do FGTS via Pix \u00e9 adiado","datePublished":"2020-12-23T20:28:20+00:00","dateModified":"2020-12-23T20:44:27+00:00","mainEntityOfPage":{"@id":"https:\/\/cnr.org.br\/novoportal\/recolhimento-do-fgts-via-pix-e-adiado\/"},"wordCount":516,"publisher":{"@id":"https:\/\/cnr.org.br\/novoportal\/#organization"},"image":{"@id":"https:\/\/cnr.org.br\/novoportal\/recolhimento-do-fgts-via-pix-e-adiado\/#primaryimage"},"thumbnailUrl":"https:\/\/cnr.org.br\/site\/wp-content\/uploads\/2020\/12\/0SBcpRmCgE6VHHh47YJs7tBRhSI_1170x700_smart_https___agenciabrasil.ebc_.com_.br_sites_default_files_thumbnails_image_pix_0411202554.jpg","articleSection":["Home","Not\u00edcia","\u00daltimas Not\u00edcias"],"inLanguage":"pt-BR"},{"@type":"WebPage","@id":"https:\/\/cnr.org.br\/novoportal\/recolhimento-do-fgts-via-pix-e-adiado\/","url":"https:\/\/cnr.org.br\/novoportal\/recolhimento-do-fgts-via-pix-e-adiado\/","name":"Recolhimento do FGTS via Pix \u00e9 adiado - CNR","isPartOf":{"@id":"https:\/\/cnr.org.br\/novoportal\/#website"},"primaryImageOfPage":{"@id":"https:\/\/cnr.org.br\/novoportal\/recolhimento-do-fgts-via-pix-e-adiado\/#primaryimage"},"image":{"@id":"https:\/\/cnr.org.br\/novoportal\/recolhimento-do-fgts-via-pix-e-adiado\/#primaryimage"},"thumbnailUrl":"https:\/\/cnr.org.br\/site\/wp-content\/uploads\/2020\/12\/0SBcpRmCgE6VHHh47YJs7tBRhSI_1170x700_smart_https___agenciabrasil.ebc_.com_.br_sites_default_files_thumbnails_image_pix_0411202554.jpg","datePublished":"2020-12-23T20:28:20+00:00","dateModified":"2020-12-23T20:44:27+00:00","description":"Inicialmente previsto para entrar em vigor em janeiro, o recolhimento por meio do Pix foi adiado, informou hoje (23) a Chefia da Fiscaliza\u00e7\u00e3o do FGTS.","breadcrumb":{"@id":"https:\/\/cnr.org.br\/novoportal\/recolhimento-do-fgts-via-pix-e-adiado\/#breadcrumb"},"inLanguage":"pt-BR","potentialAction":[{"@type":"ReadAction","target":["https:\/\/cnr.org.br\/novoportal\/recolhimento-do-fgts-via-pix-e-adiado\/"]}]},{"@type":"ImageObject","inLanguage":"pt-BR","@id":"https:\/\/cnr.org.br\/novoportal\/recolhimento-do-fgts-via-pix-e-adiado\/#primaryimage","url":"https:\/\/cnr.org.br\/site\/wp-content\/uploads\/2020\/12\/0SBcpRmCgE6VHHh47YJs7tBRhSI_1170x700_smart_https___agenciabrasil.ebc_.com_.br_sites_default_files_thumbnails_image_pix_0411202554.jpg","contentUrl":"https:\/\/cnr.org.br\/site\/wp-content\/uploads\/2020\/12\/0SBcpRmCgE6VHHh47YJs7tBRhSI_1170x700_smart_https___agenciabrasil.ebc_.com_.br_sites_default_files_thumbnails_image_pix_0411202554.jpg","width":1170,"height":700,"caption":"Marcello Casal Jr - Ag\u00eancia Brasil"},{"@type":"BreadcrumbList","@id":"https:\/\/cnr.org.br\/novoportal\/recolhimento-do-fgts-via-pix-e-adiado\/#breadcrumb","itemListElement":[{"@type":"ListItem","position":1,"name":"In\u00edcio","item":"https:\/\/cnr.org.br\/site\/"},{"@type":"ListItem","position":2,"name":"Recolhimento do FGTS via Pix \u00e9 adiado"}]},{"@type":"WebSite","@id":"https:\/\/cnr.org.br\/novoportal\/#website","url":"https:\/\/cnr.org.br\/novoportal\/","name":"CNR","description":"Confedera\u00e7\u00e3o Nacional de Not\u00e1rios e Registradores","publisher":{"@id":"https:\/\/cnr.org.br\/novoportal\/#organization"},"potentialAction":[{"@type":"SearchAction","target":{"@type":"EntryPoint","urlTemplate":"https:\/\/cnr.org.br\/novoportal\/?s={search_term_string}"},"query-input":{"@type":"PropertyValueSpecification","valueRequired":true,"valueName":"search_term_string"}}],"inLanguage":"pt-BR"},{"@type":"Organization","@id":"https:\/\/cnr.org.br\/novoportal\/#organization","name":"CNR","url":"https:\/\/cnr.org.br\/novoportal\/","logo":{"@type":"ImageObject","inLanguage":"pt-BR","@id":"https:\/\/cnr.org.br\/novoportal\/#\/schema\/logo\/image\/","url":"https:\/\/cnr.org.br\/site\/wp-content\/uploads\/2026\/02\/Logo_CNR_completa_colorida_2024.png","contentUrl":"https:\/\/cnr.org.br\/site\/wp-content\/uploads\/2026\/02\/Logo_CNR_completa_colorida_2024.png","width":910,"height":450,"caption":"CNR"},"image":{"@id":"https:\/\/cnr.org.br\/novoportal\/#\/schema\/logo\/image\/"}},{"@type":"Person","@id":"https:\/\/cnr.org.br\/novoportal\/#\/schema\/person\/1f46209cd8c9d3d9887a0765b64ca66b","name":"Imprensa CNR","sameAs":["https:\/\/cnr.org.br\/site"],"url":"https:\/\/cnr.org.br\/site\/author\/imprensa\/"}]}},"_links":{"self":[{"href":"https:\/\/cnr.org.br\/site\/wp-json\/wp\/v2\/posts\/22303","targetHints":{"allow":["GET"]}}],"collection":[{"href":"https:\/\/cnr.org.br\/site\/wp-json\/wp\/v2\/posts"}],"about":[{"href":"https:\/\/cnr.org.br\/site\/wp-json\/wp\/v2\/types\/post"}],"author":[{"embeddable":true,"href":"https:\/\/cnr.org.br\/site\/wp-json\/wp\/v2\/users\/2"}],"replies":[{"embeddable":true,"href":"https:\/\/cnr.org.br\/site\/wp-json\/wp\/v2\/comments?post=22303"}],"version-history":[{"count":0,"href":"https:\/\/cnr.org.br\/site\/wp-json\/wp\/v2\/posts\/22303\/revisions"}],"wp:featuredmedia":[{"embeddable":true,"href":"https:\/\/cnr.org.br\/site\/wp-json\/wp\/v2\/media\/22306"}],"wp:attachment":[{"href":"https:\/\/cnr.org.br\/site\/wp-json\/wp\/v2\/media?parent=22303"}],"wp:term":[{"taxonomy":"category","embeddable":true,"href":"https:\/\/cnr.org.br\/site\/wp-json\/wp\/v2\/categories?post=22303"},{"taxonomy":"post_tag","embeddable":true,"href":"https:\/\/cnr.org.br\/site\/wp-json\/wp\/v2\/tags?post=22303"}],"curies":[{"name":"wp","href":"https:\/\/api.w.org\/{rel}","templated":true}]}}