{"id":22316,"date":"2020-12-23T19:01:39","date_gmt":"2020-12-23T21:01:39","guid":{"rendered":"https:\/\/cnr.org.br\/site\/?p=22316"},"modified":"2021-08-06T16:10:27","modified_gmt":"2021-08-06T19:10:27","slug":"camara-aprova-projeto-que-preve-ampliacao-de-servicos-publicos-digitais-fonte-agencia-camara-de-noticias","status":"publish","type":"post","link":"https:\/\/cnr.org.br\/site\/camara-aprova-projeto-que-preve-ampliacao-de-servicos-publicos-digitais-fonte-agencia-camara-de-noticias\/","title":{"rendered":"C\u00e2mara aprova projeto que prev\u00ea amplia\u00e7\u00e3o de servi\u00e7os p\u00fablicos digitais"},"content":{"rendered":"<div id=\"dslc-theme-content\"><div id=\"dslc-theme-content-inner\"><p class=\"g-artigo__descricao\" style=\"text-align: justify;\">Proposta prev\u00ea o m\u00e1ximo de informatiza\u00e7\u00e3o e regras para divulga\u00e7\u00e3o de dados e acesso por parte do p\u00fablico<\/p>\n<div class=\"g-artigo__imagem-identificacao artigo__imagem-identificacao--maior\" style=\"text-align: justify;\">A C\u00e2mara dos Deputados aprovou nesta ter\u00e7a-feira (22) o Projeto de Lei 7843\/17, do deputado <a href=\"https:\/\/www.camara.leg.br\/deputados\/160511\">Alessandro Molon (PSB-RJ)<\/a>, que estabelece regras para a efici\u00eancia na administra\u00e7\u00e3o p\u00fablica, prevendo o m\u00e1ximo de informatiza\u00e7\u00e3o e regras para divulga\u00e7\u00e3o de dados e acesso por parte do p\u00fablico. A mat\u00e9ria ser\u00e1 enviada ao Senado.<\/div>\n<div class=\"g-artigo__texto-principal\" style=\"text-align: justify;\">\n<div class=\"js-article-read-more\">\n<p>De acordo com o <span id=\"4098\" class=\"termoGlossario\" title=\"\" contenteditable=\"false\" data-toggle=\"tooltip\" data-placement=\"top\" data-original-title=\"Nome que se d\u00e1 ao texto que altera substancialmente o conte\u00fado original da proposta. O substitutivo \u00e9 apresentado pelo relator e tem prefer\u00eancia na vota\u00e7\u00e3o sobre o projeto original.\">substitutivo<\/span> aprovado, do deputado <a href=\"https:\/\/www.camara.leg.br\/deputados\/204371\">Felipe Rigoni (PSB-ES)<\/a>, os \u00f3rg\u00e3os que emitem atestados, certid\u00f5es, diplomas e outros documentos com validade legal poder\u00e3o faz\u00ea-lo em meio digital, com assinatura eletr\u00f4nica para validar.<\/p>\n<\/div>\n<\/div>\n<p style=\"text-align: justify;\">Usu\u00e1rios tamb\u00e9m poder\u00e3o interagir com o poder p\u00fablico por meio digital com assinaturas digitais para praticar os atos demandados.<\/p>\n<p style=\"text-align: justify;\">Rigoni incorporou sugest\u00f5es dos projetos <span id=\"4069\" class=\"termoGlossario\" title=\"\" contenteditable=\"false\" data-toggle=\"tooltip\" data-placement=\"top\" data-original-title=\"Projeto que tramita em conjunto com outro que trate de mat\u00e9ria semelhante. O relator deve analisar todas as proposi\u00e7\u00f5es apensadas, que dever\u00e3o constar do seu parecer.\">apensados<\/span> (PL 3443\/19 e 4797\/19), de autoria dos deputados <a href=\"https:\/\/www.camara.leg.br\/deputados\/204519\">Tiago Mitraud (Novo-MG)<\/a> e <a href=\"https:\/\/www.camara.leg.br\/deputados\/204383\">Professor Israel Batista (PV-DF)<\/a> respectivamente.<\/p>\n<p style=\"text-align: justify;\">O texto prev\u00ea ainda processos administrativos eletr\u00f4nicos, inclusive com digitaliza\u00e7\u00e3o de documentos impressos.<\/p>\n<p style=\"text-align: justify;\">As regras do projeto ser\u00e3o aplicadas a toda a administra\u00e7\u00e3o direta dos tr\u00eas poderes (Executivo, Legislativo e Judici\u00e1rio) das tr\u00eas esferas de governo (federal, estadual ou distrital e municipal), al\u00e9m dos tribunais de contas e do Minist\u00e9rio P\u00fablico.<\/p>\n<p style=\"text-align: justify;\"><strong>Governo como plataforma<\/strong><br \/>\nO projeto persegue a implanta\u00e7\u00e3o do governo como plataforma, definido como a exist\u00eancia de infraestrutura tecnol\u00f3gica de acesso \u00e0 informa\u00e7\u00e3o que facilite o uso de dados de acesso p\u00fablico e promova a intera\u00e7\u00e3o entre diversos agentes, de forma segura, eficiente e respons\u00e1vel.<\/p>\n<p style=\"text-align: justify;\">Essa intera\u00e7\u00e3o deve facilitar o acesso de servi\u00e7os pelos usu\u00e1rios.<\/p>\n<p style=\"text-align: justify;\"><strong>Laborat\u00f3rios de inova\u00e7\u00e3o<\/strong><br \/>\nPara estimular o desenvolvimento de conceitos, ferramentas e m\u00e9todos inovadores para a gest\u00e3o p\u00fablica, o texto aprovado permite aos entes p\u00fablicos criar laborat\u00f3rios de inova\u00e7\u00e3o abertos \u00e0 participa\u00e7\u00e3o da sociedade.<\/p>\n<p style=\"text-align: justify;\">Esses laborat\u00f3rios ter\u00e3o como diretrizes, por exemplo, fazer experimentos de tecnologias abertas e livres; elaborar prot\u00f3tipos de softwares destinados \u00e0 formula\u00e7\u00e3o de pol\u00edticas p\u00fablicas, ao fomento \u00e0 participa\u00e7\u00e3o social e \u00e0 transpar\u00eancia p\u00fablica; e apoiar pol\u00edticas p\u00fablicas orientadas por dados e com base em evid\u00eancias para subsidiar a tomada de decis\u00e3o e melhorar a gest\u00e3o p\u00fablica.<\/p>\n<p style=\"text-align: justify;\"><strong>Uso de CPF<\/strong><br \/>\nA exemplo do PL <a href=\"https:\/\/www.camara.leg.br\/noticias\/718623-camara-aprova-projeto-que-torna-cpf-o-unico-numero-de-identificacao-geral-no-pais\/\">1422\/19<\/a>, aprovado pela C\u00e2mara nesse mesmo dia, o CPF ser\u00e1 o n\u00famero padr\u00e3o para o usu\u00e1rio acessar servi\u00e7os e dados perante as plataformas.<\/p>\n<p style=\"text-align: justify;\">Outra possibilidade \u00e9 o usu\u00e1rio, enquanto contribuinte ou em qualquer outra forma de rela\u00e7\u00e3o com o poder p\u00fablico, optar por receber notifica\u00e7\u00f5es por meio eletr\u00f4nico, assegurados modos de confirma\u00e7\u00e3o e autentica\u00e7\u00e3o. Permite-se ainda a desist\u00eancia dessa op\u00e7\u00e3o.<\/p>\n<p style=\"text-align: justify;\">Quando houver acesso ou execu\u00e7\u00e3o de servi\u00e7os de forma cont\u00ednua por usu\u00e1rios de empresas ou corpora\u00e7\u00f5es, o texto permite a cobran\u00e7a de valor de utiliza\u00e7\u00e3o.<\/p>\n<p style=\"text-align: justify;\"><strong>Gastos p\u00fablicos<\/strong><br \/>\nO <span id=\"4098\" class=\"termoGlossario\" title=\"\" contenteditable=\"false\" data-toggle=\"tooltip\" data-placement=\"top\" data-original-title=\"Nome que se d\u00e1 ao texto que altera substancialmente o conte\u00fado original da proposta. O substitutivo \u00e9 apresentado pelo relator e tem prefer\u00eancia na vota\u00e7\u00e3o sobre o projeto original.\">substitutivo<\/span> de Rigoni refor\u00e7a a necessidade de divulga\u00e7\u00e3o de informa\u00e7\u00f5es sobre gastos p\u00fablicos de forma transparente, independentemente das exig\u00eancias previstas em outras leis.<\/p>\n<p style=\"text-align: justify;\">Assim, dever\u00e3o ser disponibilizados dados sobre:<\/p>\n<p style=\"text-align: justify;\">- or\u00e7amento anual de despesas e receitas p\u00fablicas;<\/p>\n<p style=\"text-align: justify;\">- os repasses de recursos federais aos estados e munic\u00edpios;<\/p>\n<p style=\"text-align: justify;\">- os conv\u00eanios em favor de pessoas f\u00edsicas e de ONGs de qualquer natureza; e<\/p>\n<p style=\"text-align: justify;\">- dados sobre concess\u00f5es de recursos financeiros ou ren\u00fancias de receitas para pessoas f\u00edsicas ou jur\u00eddicas.<\/p>\n<p style=\"text-align: justify;\"><strong>Sem repeti\u00e7\u00e3o<\/strong><br \/>\nUm dos pilares do interc\u00e2mbio de dados dos usu\u00e1rios \u00e9, quando eles autorizarem, o uso de documentos j\u00e1 fornecidos perante outro \u00f3rg\u00e3o ou entidade participante dos sistemas que dever\u00e3o \u201cconversar\u201d entre si.<\/p>\n<p style=\"text-align: justify;\">Dessa forma, ser\u00e1 dispensada a apresenta\u00e7\u00e3o em locais diferentes de um mesmo documento para a pessoa exercer seus direitos perante a administra\u00e7\u00e3o ou cumprir suas obriga\u00e7\u00f5es.<\/p>\n<p style=\"text-align: justify;\"><a href=\"https:\/\/www.camara.leg.br\/noticias\/573454-SAIBA-MAIS-SOBRE-A-TRAMITACAO-DE-PROJETOS-DE-LEI\">Saiba mais sobre a tramita\u00e7\u00e3o de projetos de lei<\/a><\/p>\n<p style=\"text-align: justify;\">Fonte: Ag\u00eancia C\u00e2mara de Not\u00edcias<\/p>\n<\/div><\/div>","protected":false},"excerpt":{"rendered":"<p>Proposta prev\u00ea o m\u00e1ximo de informatiza\u00e7\u00e3o e regras para divulga\u00e7\u00e3o de dados e acesso por parte do p\u00fablico A C\u00e2mara dos Deputados aprovou nesta ter\u00e7a-feira (22) o Projeto de Lei 7843\/17, do deputado Alessandro Molon (PSB-RJ), que estabelece regras para a efici\u00eancia na administra\u00e7\u00e3o p\u00fablica, prevendo o m\u00e1ximo de informatiza\u00e7\u00e3o e regras para divulga\u00e7\u00e3o de [&hellip;]<\/p>\n","protected":false},"author":2,"featured_media":23305,"comment_status":"closed","ping_status":"closed","sticky":false,"template":"","format":"standard","meta":{"footnotes":"","_links_to":"","_links_to_target":""},"categories":[525,55,47],"tags":[],"class_list":["post-22316","post","type-post","status-publish","format-standard","has-post-thumbnail","hentry","category-home","category-noticia","category-ultimas-noticias"],"yoast_head":"<!-- This site is optimized with the Yoast SEO plugin v28.4 - https:\/\/yoast.com\/product\/yoast-seo-wordpress\/ -->\n<title>C\u00e2mara aprova projeto que prev\u00ea amplia\u00e7\u00e3o de servi\u00e7os p\u00fablicos digitais - CNR<\/title>\n<meta name=\"robots\" content=\"index, follow, max-snippet:-1, max-image-preview:large, max-video-preview:-1\" \/>\n<link rel=\"canonical\" href=\"https:\/\/cnr.org.br\/novoportal\/camara-aprova-projeto-que-preve-ampliacao-de-servicos-publicos-digitais-fonte-agencia-camara-de-noticias\/\" \/>\n<meta property=\"og:locale\" content=\"pt_BR\" \/>\n<meta property=\"og:type\" content=\"article\" \/>\n<meta property=\"og:title\" content=\"C\u00e2mara aprova projeto que prev\u00ea amplia\u00e7\u00e3o de servi\u00e7os p\u00fablicos digitais - CNR\" \/>\n<meta property=\"og:description\" content=\"Proposta prev\u00ea o m\u00e1ximo de informatiza\u00e7\u00e3o e regras para divulga\u00e7\u00e3o de dados e acesso por parte do p\u00fablico A C\u00e2mara dos Deputados aprovou nesta ter\u00e7a-feira (22) o Projeto de Lei 7843\/17, do deputado Alessandro Molon (PSB-RJ), que estabelece regras para a efici\u00eancia na administra\u00e7\u00e3o p\u00fablica, prevendo o m\u00e1ximo de informatiza\u00e7\u00e3o e regras para divulga\u00e7\u00e3o de [&hellip;]\" \/>\n<meta property=\"og:url\" content=\"https:\/\/cnr.org.br\/novoportal\/camara-aprova-projeto-que-preve-ampliacao-de-servicos-publicos-digitais-fonte-agencia-camara-de-noticias\/\" \/>\n<meta property=\"og:site_name\" content=\"CNR\" \/>\n<meta property=\"article:published_time\" content=\"2020-12-23T21:01:39+00:00\" \/>\n<meta property=\"article:modified_time\" content=\"2021-08-06T19:10:27+00:00\" \/>\n<meta property=\"og:image\" content=\"https:\/\/cnr.org.br\/novoportal\/wp-content\/uploads\/2021\/07\/Tamanho-Oficial-para-as-fotos-do-Site-da-CNR-32.png\" \/>\n\t<meta property=\"og:image:width\" content=\"1940\" \/>\n\t<meta property=\"og:image:height\" content=\"1240\" \/>\n\t<meta property=\"og:image:type\" content=\"image\/png\" \/>\n<meta name=\"author\" content=\"Imprensa CNR\" \/>\n<meta name=\"twitter:card\" content=\"summary_large_image\" \/>\n<meta name=\"twitter:label1\" content=\"Escrito por\" \/>\n\t<meta name=\"twitter:data1\" content=\"Imprensa CNR\" \/>\n\t<meta name=\"twitter:label2\" content=\"Est. tempo de leitura\" \/>\n\t<meta name=\"twitter:data2\" content=\"3 minutos\" \/>\n<script type=\"application\/ld+json\" class=\"yoast-schema-graph\">{\"@context\":\"https:\\\/\\\/schema.org\",\"@graph\":[{\"@type\":\"Article\",\"@id\":\"https:\\\/\\\/cnr.org.br\\\/novoportal\\\/camara-aprova-projeto-que-preve-ampliacao-de-servicos-publicos-digitais-fonte-agencia-camara-de-noticias\\\/#article\",\"isPartOf\":{\"@id\":\"https:\\\/\\\/cnr.org.br\\\/novoportal\\\/camara-aprova-projeto-que-preve-ampliacao-de-servicos-publicos-digitais-fonte-agencia-camara-de-noticias\\\/\"},\"author\":{\"name\":\"Imprensa CNR\",\"@id\":\"https:\\\/\\\/cnr.org.br\\\/novoportal\\\/#\\\/schema\\\/person\\\/1f46209cd8c9d3d9887a0765b64ca66b\"},\"headline\":\"C\u00e2mara aprova projeto que prev\u00ea amplia\u00e7\u00e3o de servi\u00e7os p\u00fablicos digitais\",\"datePublished\":\"2020-12-23T21:01:39+00:00\",\"dateModified\":\"2021-08-06T19:10:27+00:00\",\"mainEntityOfPage\":{\"@id\":\"https:\\\/\\\/cnr.org.br\\\/novoportal\\\/camara-aprova-projeto-que-preve-ampliacao-de-servicos-publicos-digitais-fonte-agencia-camara-de-noticias\\\/\"},\"wordCount\":705,\"publisher\":{\"@id\":\"https:\\\/\\\/cnr.org.br\\\/novoportal\\\/#organization\"},\"image\":{\"@id\":\"https:\\\/\\\/cnr.org.br\\\/novoportal\\\/camara-aprova-projeto-que-preve-ampliacao-de-servicos-publicos-digitais-fonte-agencia-camara-de-noticias\\\/#primaryimage\"},\"thumbnailUrl\":\"https:\\\/\\\/cnr.org.br\\\/site\\\/wp-content\\\/uploads\\\/2021\\\/07\\\/Tamanho-Oficial-para-as-fotos-do-Site-da-CNR-32.png\",\"articleSection\":[\"Home\",\"Not\u00edcia\",\"\u00daltimas Not\u00edcias\"],\"inLanguage\":\"pt-BR\"},{\"@type\":\"WebPage\",\"@id\":\"https:\\\/\\\/cnr.org.br\\\/novoportal\\\/camara-aprova-projeto-que-preve-ampliacao-de-servicos-publicos-digitais-fonte-agencia-camara-de-noticias\\\/\",\"url\":\"https:\\\/\\\/cnr.org.br\\\/novoportal\\\/camara-aprova-projeto-que-preve-ampliacao-de-servicos-publicos-digitais-fonte-agencia-camara-de-noticias\\\/\",\"name\":\"C\u00e2mara aprova projeto que prev\u00ea amplia\u00e7\u00e3o de servi\u00e7os p\u00fablicos digitais - CNR\",\"isPartOf\":{\"@id\":\"https:\\\/\\\/cnr.org.br\\\/novoportal\\\/#website\"},\"primaryImageOfPage\":{\"@id\":\"https:\\\/\\\/cnr.org.br\\\/novoportal\\\/camara-aprova-projeto-que-preve-ampliacao-de-servicos-publicos-digitais-fonte-agencia-camara-de-noticias\\\/#primaryimage\"},\"image\":{\"@id\":\"https:\\\/\\\/cnr.org.br\\\/novoportal\\\/camara-aprova-projeto-que-preve-ampliacao-de-servicos-publicos-digitais-fonte-agencia-camara-de-noticias\\\/#primaryimage\"},\"thumbnailUrl\":\"https:\\\/\\\/cnr.org.br\\\/site\\\/wp-content\\\/uploads\\\/2021\\\/07\\\/Tamanho-Oficial-para-as-fotos-do-Site-da-CNR-32.png\",\"datePublished\":\"2020-12-23T21:01:39+00:00\",\"dateModified\":\"2021-08-06T19:10:27+00:00\",\"breadcrumb\":{\"@id\":\"https:\\\/\\\/cnr.org.br\\\/novoportal\\\/camara-aprova-projeto-que-preve-ampliacao-de-servicos-publicos-digitais-fonte-agencia-camara-de-noticias\\\/#breadcrumb\"},\"inLanguage\":\"pt-BR\",\"potentialAction\":[{\"@type\":\"ReadAction\",\"target\":[\"https:\\\/\\\/cnr.org.br\\\/novoportal\\\/camara-aprova-projeto-que-preve-ampliacao-de-servicos-publicos-digitais-fonte-agencia-camara-de-noticias\\\/\"]}]},{\"@type\":\"ImageObject\",\"inLanguage\":\"pt-BR\",\"@id\":\"https:\\\/\\\/cnr.org.br\\\/novoportal\\\/camara-aprova-projeto-que-preve-ampliacao-de-servicos-publicos-digitais-fonte-agencia-camara-de-noticias\\\/#primaryimage\",\"url\":\"https:\\\/\\\/cnr.org.br\\\/site\\\/wp-content\\\/uploads\\\/2021\\\/07\\\/Tamanho-Oficial-para-as-fotos-do-Site-da-CNR-32.png\",\"contentUrl\":\"https:\\\/\\\/cnr.org.br\\\/site\\\/wp-content\\\/uploads\\\/2021\\\/07\\\/Tamanho-Oficial-para-as-fotos-do-Site-da-CNR-32.png\",\"width\":1940,\"height\":1240,\"caption\":\"Foto: Canva Pr\u00f3\"},{\"@type\":\"BreadcrumbList\",\"@id\":\"https:\\\/\\\/cnr.org.br\\\/novoportal\\\/camara-aprova-projeto-que-preve-ampliacao-de-servicos-publicos-digitais-fonte-agencia-camara-de-noticias\\\/#breadcrumb\",\"itemListElement\":[{\"@type\":\"ListItem\",\"position\":1,\"name\":\"In\u00edcio\",\"item\":\"https:\\\/\\\/cnr.org.br\\\/site\\\/\"},{\"@type\":\"ListItem\",\"position\":2,\"name\":\"C\u00e2mara aprova projeto que prev\u00ea amplia\u00e7\u00e3o de servi\u00e7os p\u00fablicos digitais\"}]},{\"@type\":\"WebSite\",\"@id\":\"https:\\\/\\\/cnr.org.br\\\/novoportal\\\/#website\",\"url\":\"https:\\\/\\\/cnr.org.br\\\/novoportal\\\/\",\"name\":\"CNR\",\"description\":\"Confedera\u00e7\u00e3o Nacional de Not\u00e1rios e Registradores\",\"publisher\":{\"@id\":\"https:\\\/\\\/cnr.org.br\\\/novoportal\\\/#organization\"},\"potentialAction\":[{\"@type\":\"SearchAction\",\"target\":{\"@type\":\"EntryPoint\",\"urlTemplate\":\"https:\\\/\\\/cnr.org.br\\\/novoportal\\\/?s={search_term_string}\"},\"query-input\":{\"@type\":\"PropertyValueSpecification\",\"valueRequired\":true,\"valueName\":\"search_term_string\"}}],\"inLanguage\":\"pt-BR\"},{\"@type\":\"Organization\",\"@id\":\"https:\\\/\\\/cnr.org.br\\\/novoportal\\\/#organization\",\"name\":\"CNR\",\"url\":\"https:\\\/\\\/cnr.org.br\\\/novoportal\\\/\",\"logo\":{\"@type\":\"ImageObject\",\"inLanguage\":\"pt-BR\",\"@id\":\"https:\\\/\\\/cnr.org.br\\\/novoportal\\\/#\\\/schema\\\/logo\\\/image\\\/\",\"url\":\"https:\\\/\\\/cnr.org.br\\\/site\\\/wp-content\\\/uploads\\\/2026\\\/02\\\/Logo_CNR_completa_colorida_2024.png\",\"contentUrl\":\"https:\\\/\\\/cnr.org.br\\\/site\\\/wp-content\\\/uploads\\\/2026\\\/02\\\/Logo_CNR_completa_colorida_2024.png\",\"width\":910,\"height\":450,\"caption\":\"CNR\"},\"image\":{\"@id\":\"https:\\\/\\\/cnr.org.br\\\/novoportal\\\/#\\\/schema\\\/logo\\\/image\\\/\"}},{\"@type\":\"Person\",\"@id\":\"https:\\\/\\\/cnr.org.br\\\/novoportal\\\/#\\\/schema\\\/person\\\/1f46209cd8c9d3d9887a0765b64ca66b\",\"name\":\"Imprensa CNR\",\"sameAs\":[\"https:\\\/\\\/cnr.org.br\\\/site\"],\"url\":\"https:\\\/\\\/cnr.org.br\\\/site\\\/author\\\/imprensa\\\/\"}]}<\/script>\n<!-- \/ Yoast SEO plugin. -->","yoast_head_json":{"title":"C\u00e2mara aprova projeto que prev\u00ea amplia\u00e7\u00e3o de servi\u00e7os p\u00fablicos digitais - CNR","robots":{"index":"index","follow":"follow","max-snippet":"max-snippet:-1","max-image-preview":"max-image-preview:large","max-video-preview":"max-video-preview:-1"},"canonical":"https:\/\/cnr.org.br\/novoportal\/camara-aprova-projeto-que-preve-ampliacao-de-servicos-publicos-digitais-fonte-agencia-camara-de-noticias\/","og_locale":"pt_BR","og_type":"article","og_title":"C\u00e2mara aprova projeto que prev\u00ea amplia\u00e7\u00e3o de servi\u00e7os p\u00fablicos digitais - CNR","og_description":"Proposta prev\u00ea o m\u00e1ximo de informatiza\u00e7\u00e3o e regras para divulga\u00e7\u00e3o de dados e acesso por parte do p\u00fablico A C\u00e2mara dos Deputados aprovou nesta ter\u00e7a-feira (22) o Projeto de Lei 7843\/17, do deputado Alessandro Molon (PSB-RJ), que estabelece regras para a efici\u00eancia na administra\u00e7\u00e3o p\u00fablica, prevendo o m\u00e1ximo de informatiza\u00e7\u00e3o e regras para divulga\u00e7\u00e3o de [&hellip;]","og_url":"https:\/\/cnr.org.br\/novoportal\/camara-aprova-projeto-que-preve-ampliacao-de-servicos-publicos-digitais-fonte-agencia-camara-de-noticias\/","og_site_name":"CNR","article_published_time":"2020-12-23T21:01:39+00:00","article_modified_time":"2021-08-06T19:10:27+00:00","og_image":[{"width":1940,"height":1240,"url":"https:\/\/cnr.org.br\/novoportal\/wp-content\/uploads\/2021\/07\/Tamanho-Oficial-para-as-fotos-do-Site-da-CNR-32.png","type":"image\/png"}],"author":"Imprensa CNR","twitter_card":"summary_large_image","twitter_misc":{"Escrito por":"Imprensa CNR","Est. tempo de leitura":"3 minutos"},"schema":{"@context":"https:\/\/schema.org","@graph":[{"@type":"Article","@id":"https:\/\/cnr.org.br\/novoportal\/camara-aprova-projeto-que-preve-ampliacao-de-servicos-publicos-digitais-fonte-agencia-camara-de-noticias\/#article","isPartOf":{"@id":"https:\/\/cnr.org.br\/novoportal\/camara-aprova-projeto-que-preve-ampliacao-de-servicos-publicos-digitais-fonte-agencia-camara-de-noticias\/"},"author":{"name":"Imprensa CNR","@id":"https:\/\/cnr.org.br\/novoportal\/#\/schema\/person\/1f46209cd8c9d3d9887a0765b64ca66b"},"headline":"C\u00e2mara aprova projeto que prev\u00ea amplia\u00e7\u00e3o de servi\u00e7os p\u00fablicos digitais","datePublished":"2020-12-23T21:01:39+00:00","dateModified":"2021-08-06T19:10:27+00:00","mainEntityOfPage":{"@id":"https:\/\/cnr.org.br\/novoportal\/camara-aprova-projeto-que-preve-ampliacao-de-servicos-publicos-digitais-fonte-agencia-camara-de-noticias\/"},"wordCount":705,"publisher":{"@id":"https:\/\/cnr.org.br\/novoportal\/#organization"},"image":{"@id":"https:\/\/cnr.org.br\/novoportal\/camara-aprova-projeto-que-preve-ampliacao-de-servicos-publicos-digitais-fonte-agencia-camara-de-noticias\/#primaryimage"},"thumbnailUrl":"https:\/\/cnr.org.br\/site\/wp-content\/uploads\/2021\/07\/Tamanho-Oficial-para-as-fotos-do-Site-da-CNR-32.png","articleSection":["Home","Not\u00edcia","\u00daltimas Not\u00edcias"],"inLanguage":"pt-BR"},{"@type":"WebPage","@id":"https:\/\/cnr.org.br\/novoportal\/camara-aprova-projeto-que-preve-ampliacao-de-servicos-publicos-digitais-fonte-agencia-camara-de-noticias\/","url":"https:\/\/cnr.org.br\/novoportal\/camara-aprova-projeto-que-preve-ampliacao-de-servicos-publicos-digitais-fonte-agencia-camara-de-noticias\/","name":"C\u00e2mara aprova projeto que prev\u00ea amplia\u00e7\u00e3o de servi\u00e7os p\u00fablicos digitais - CNR","isPartOf":{"@id":"https:\/\/cnr.org.br\/novoportal\/#website"},"primaryImageOfPage":{"@id":"https:\/\/cnr.org.br\/novoportal\/camara-aprova-projeto-que-preve-ampliacao-de-servicos-publicos-digitais-fonte-agencia-camara-de-noticias\/#primaryimage"},"image":{"@id":"https:\/\/cnr.org.br\/novoportal\/camara-aprova-projeto-que-preve-ampliacao-de-servicos-publicos-digitais-fonte-agencia-camara-de-noticias\/#primaryimage"},"thumbnailUrl":"https:\/\/cnr.org.br\/site\/wp-content\/uploads\/2021\/07\/Tamanho-Oficial-para-as-fotos-do-Site-da-CNR-32.png","datePublished":"2020-12-23T21:01:39+00:00","dateModified":"2021-08-06T19:10:27+00:00","breadcrumb":{"@id":"https:\/\/cnr.org.br\/novoportal\/camara-aprova-projeto-que-preve-ampliacao-de-servicos-publicos-digitais-fonte-agencia-camara-de-noticias\/#breadcrumb"},"inLanguage":"pt-BR","potentialAction":[{"@type":"ReadAction","target":["https:\/\/cnr.org.br\/novoportal\/camara-aprova-projeto-que-preve-ampliacao-de-servicos-publicos-digitais-fonte-agencia-camara-de-noticias\/"]}]},{"@type":"ImageObject","inLanguage":"pt-BR","@id":"https:\/\/cnr.org.br\/novoportal\/camara-aprova-projeto-que-preve-ampliacao-de-servicos-publicos-digitais-fonte-agencia-camara-de-noticias\/#primaryimage","url":"https:\/\/cnr.org.br\/site\/wp-content\/uploads\/2021\/07\/Tamanho-Oficial-para-as-fotos-do-Site-da-CNR-32.png","contentUrl":"https:\/\/cnr.org.br\/site\/wp-content\/uploads\/2021\/07\/Tamanho-Oficial-para-as-fotos-do-Site-da-CNR-32.png","width":1940,"height":1240,"caption":"Foto: Canva Pr\u00f3"},{"@type":"BreadcrumbList","@id":"https:\/\/cnr.org.br\/novoportal\/camara-aprova-projeto-que-preve-ampliacao-de-servicos-publicos-digitais-fonte-agencia-camara-de-noticias\/#breadcrumb","itemListElement":[{"@type":"ListItem","position":1,"name":"In\u00edcio","item":"https:\/\/cnr.org.br\/site\/"},{"@type":"ListItem","position":2,"name":"C\u00e2mara aprova projeto que prev\u00ea amplia\u00e7\u00e3o de servi\u00e7os p\u00fablicos digitais"}]},{"@type":"WebSite","@id":"https:\/\/cnr.org.br\/novoportal\/#website","url":"https:\/\/cnr.org.br\/novoportal\/","name":"CNR","description":"Confedera\u00e7\u00e3o Nacional de Not\u00e1rios e Registradores","publisher":{"@id":"https:\/\/cnr.org.br\/novoportal\/#organization"},"potentialAction":[{"@type":"SearchAction","target":{"@type":"EntryPoint","urlTemplate":"https:\/\/cnr.org.br\/novoportal\/?s={search_term_string}"},"query-input":{"@type":"PropertyValueSpecification","valueRequired":true,"valueName":"search_term_string"}}],"inLanguage":"pt-BR"},{"@type":"Organization","@id":"https:\/\/cnr.org.br\/novoportal\/#organization","name":"CNR","url":"https:\/\/cnr.org.br\/novoportal\/","logo":{"@type":"ImageObject","inLanguage":"pt-BR","@id":"https:\/\/cnr.org.br\/novoportal\/#\/schema\/logo\/image\/","url":"https:\/\/cnr.org.br\/site\/wp-content\/uploads\/2026\/02\/Logo_CNR_completa_colorida_2024.png","contentUrl":"https:\/\/cnr.org.br\/site\/wp-content\/uploads\/2026\/02\/Logo_CNR_completa_colorida_2024.png","width":910,"height":450,"caption":"CNR"},"image":{"@id":"https:\/\/cnr.org.br\/novoportal\/#\/schema\/logo\/image\/"}},{"@type":"Person","@id":"https:\/\/cnr.org.br\/novoportal\/#\/schema\/person\/1f46209cd8c9d3d9887a0765b64ca66b","name":"Imprensa CNR","sameAs":["https:\/\/cnr.org.br\/site"],"url":"https:\/\/cnr.org.br\/site\/author\/imprensa\/"}]}},"_links":{"self":[{"href":"https:\/\/cnr.org.br\/site\/wp-json\/wp\/v2\/posts\/22316","targetHints":{"allow":["GET"]}}],"collection":[{"href":"https:\/\/cnr.org.br\/site\/wp-json\/wp\/v2\/posts"}],"about":[{"href":"https:\/\/cnr.org.br\/site\/wp-json\/wp\/v2\/types\/post"}],"author":[{"embeddable":true,"href":"https:\/\/cnr.org.br\/site\/wp-json\/wp\/v2\/users\/2"}],"replies":[{"embeddable":true,"href":"https:\/\/cnr.org.br\/site\/wp-json\/wp\/v2\/comments?post=22316"}],"version-history":[{"count":0,"href":"https:\/\/cnr.org.br\/site\/wp-json\/wp\/v2\/posts\/22316\/revisions"}],"wp:featuredmedia":[{"embeddable":true,"href":"https:\/\/cnr.org.br\/site\/wp-json\/wp\/v2\/media\/23305"}],"wp:attachment":[{"href":"https:\/\/cnr.org.br\/site\/wp-json\/wp\/v2\/media?parent=22316"}],"wp:term":[{"taxonomy":"category","embeddable":true,"href":"https:\/\/cnr.org.br\/site\/wp-json\/wp\/v2\/categories?post=22316"},{"taxonomy":"post_tag","embeddable":true,"href":"https:\/\/cnr.org.br\/site\/wp-json\/wp\/v2\/tags?post=22316"}],"curies":[{"name":"wp","href":"https:\/\/api.w.org\/{rel}","templated":true}]}}