{"id":22572,"date":"2021-01-14T18:01:02","date_gmt":"2021-01-14T20:01:02","guid":{"rendered":"https:\/\/cnr.org.br\/site\/?p=22572"},"modified":"2021-01-14T18:01:02","modified_gmt":"2021-01-14T20:01:02","slug":"reforma-tributaria-pode-ser-votada-em-marco","status":"publish","type":"post","link":"https:\/\/cnr.org.br\/site\/reforma-tributaria-pode-ser-votada-em-marco\/","title":{"rendered":"Reforma tribut\u00e1ria pode ser votada em mar\u00e7o"},"content":{"rendered":"<div id=\"dslc-theme-content\"><div id=\"dslc-theme-content-inner\"><p style=\"text-align: justify;\">Vice-l\u00edder do Governo cr\u00ea em acordo para aprovar texto; representante da Minoria pede reforma que combata a concentra\u00e7\u00e3o de renda<\/p>\n<p style=\"text-align: justify;\">O relator da reforma tribut\u00e1ria, deputado <a href=\"https:\/\/www.camara.leg.br\/deputados\/160527\">Aguinaldo Ribeiro (PP-PB)<\/a>, disse neste ano, em entrevista a uma r\u00e1dio de seu estado, que acredita na aprova\u00e7\u00e3o da reforma tribut\u00e1ria na C\u00e2mara at\u00e9 mar\u00e7o.<\/p>\n<p style=\"text-align: justify;\">\n<p><iframe loading=\"lazy\" title=\"Deputados buscam acordo para reforma tribut\u00e1ria - 11\/01\/21\" width=\"1180\" height=\"664\" src=\"https:\/\/www.youtube.com\/embed\/NY-7WROe9SY?feature=oembed\" frameborder=\"0\" allow=\"accelerometer; autoplay; clipboard-write; encrypted-media; gyroscope; picture-in-picture; web-share\" referrerpolicy=\"strict-origin-when-cross-origin\" allowfullscreen><\/iframe><\/p>\n<p style=\"text-align: justify;\">O deputado disse que o seu <span id=\"4098\" class=\"termoGlossario\" title=\"\" contenteditable=\"false\" data-toggle=\"tooltip\" data-placement=\"top\" data-original-title=\"Nome que se d\u00e1 ao texto que altera substancialmente o conte\u00fado original da proposta. O substitutivo \u00e9 apresentado pelo relator e tem prefer\u00eancia na vota\u00e7\u00e3o sobre o projeto original.\">substitutivo<\/span> est\u00e1 sendo analisado pela equipe econ\u00f4mica do governo e que devem ser feitos apenas alguns ajustes no texto. A <span id=\"4084\" class=\"termoGlossario\" title=\"\" contenteditable=\"false\" data-toggle=\"tooltip\" data-placement=\"top\" data-original-title=\"Comiss\u00e3o integrada por deputados e senadores, constitu\u00edda para tratar de mat\u00e9ria de compet\u00eancia do Congresso Nacional. Pode ter car\u00e1ter permanente ou tempor\u00e1rio.\">comiss\u00e3o mista<\/span> que analisa a reforma tribut\u00e1ria teve seu prazo prorrogado pela terceira vez at\u00e9 31 de mar\u00e7o. O grupo de deputados e senadores fez <a href=\"https:\/\/legis.senado.leg.br\/comissoes\/comissao?codcol=2334\">onze audi\u00eancias p\u00fablicas em 2020<\/a>, inclusive durante a pandemia.<\/p>\n<p style=\"text-align: justify;\">Aguinaldo Ribeiro afirmou que havia consenso entre estados e munic\u00edpios para votar a reforma no final do ano passado, mas explicou que a proposta acabou entrando na disputa pol\u00edtica entre o governo e o presidente da C\u00e2mara, Rodrigo Maia.<\/p>\n<p style=\"text-align: justify;\">Para Aguinaldo, votar a reforma passou a ser uma \u201cnecessidade\u201d, dada a crise econ\u00f4mica atual. A reforma pretende simplificar e tornar mais eficiente a arrecada\u00e7\u00e3o tribut\u00e1ria, unificando impostos que incidem sobre o consumo, como o <span id=\"4109\" class=\"termoGlossario\" title=\"\" contenteditable=\"false\" data-toggle=\"tooltip\" data-placement=\"top\" data-original-title=\"Principal imposto arrecadado pelos estados e o Distrito Federal, incide sobre a comercializa\u00e7\u00e3o de produtos e a presta\u00e7\u00e3o de servi\u00e7os. Do total arrecadado, 25% s\u00e3o transferidos para os munic\u00edpios.\">ICMS<\/span> e a <span id=\"4104\" class=\"termoGlossario\" title=\"\" contenteditable=\"false\" data-toggle=\"tooltip\" data-placement=\"top\" data-original-title=\"Tributo que incide sobre a receita das pessoas jur\u00eddicas de direito privado, exceto as empresas submetidas ao Simples Nacional. Os recursos arrecadados s\u00e3o exclusivos da Uni\u00e3o e destinam-se ao financiamento da sa\u00fade, previd\u00eancia e assist\u00eancia social.\">Cofins<\/span>.<\/p>\n<p style=\"text-align: justify;\"><strong>Proposta do governo<\/strong><br \/>\nUma das propostas em estudo (<a class=\"linkProposicao\" href=\"https:\/\/www.camara.leg.br\/noticias\/555563-proposta-simplifica-sistema-tributario-e-unifica-tributos-sobre-consumo\">PEC 45\/19<\/a>) \u00e9 de autoria do deputado Baleia Rossi (MDB-SP), candidato apoiado por Maia \u00e0 presid\u00eancia da C\u00e2mara. Mas o governo, que apoia Arthur Lira (PP-AL), apresentou uma proposta (<a class=\"linkProposicao\" href=\"https:\/\/www.camara.leg.br\/noticias\/678135-projeto-do-governo-cria-nova-contribuicao-unificando-pis-e-cofins\">PL 3887\/20<\/a>) mais enxuta que unifica apenas o <span id=\"4110\" class=\"termoGlossario\" title=\"\" contenteditable=\"false\" data-toggle=\"tooltip\" data-placement=\"top\" data-original-title=\"O Programa de Integra\u00e7\u00e3o Social (PIS) e o Programa de Forma\u00e7\u00e3o do Patrim\u00f4nio do Servidor P\u00fablico (Pasep) formam um \u00fanico fundo mantido pelas pessoas jur\u00eddicas, com exce\u00e7\u00e3o das micro e pequenas empresas optantes pelo regime tribut\u00e1rio Simples Nacional. As al\u00edquotas das contribui\u00e7\u00f5es variam de 0,65% a 1,65% sobre o total das receitas. Esses recursos s\u00e3o destinados aos trabalhadores em forma de rendimentos ou abonos salariais.\">PIS<\/span> e a Cofins.<\/p>\n<p style=\"text-align: justify;\">O deputado <a href=\"https:\/\/www.camara.leg.br\/deputados\/178910\">Joaquim Passarinho (PSD-PA)<\/a>, vice-l\u00edder do Governo, acredita que alguma reforma sair\u00e1 neste ano:<\/p>\n<p style=\"text-align: justify;\">\u201cEu creio que estamos pr\u00f3ximos de ter um acordo, talvez n\u00e3o um consenso, mas um acordo para a vota\u00e7\u00e3o da reforma tribut\u00e1ria na C\u00e2mara. Eu creio que falta pouco para termos condi\u00e7\u00e3o de voto\u201d, disse.<\/p>\n<p style=\"text-align: justify;\"><strong>Concentra\u00e7\u00e3o de renda<\/strong><br \/>\nO l\u00edder da Minoria, deputado <a href=\"https:\/\/www.camara.leg.br\/deputados\/141470\">Jos\u00e9 Guimar\u00e3es (PT-CE)<\/a>, diz que a oposi\u00e7\u00e3o n\u00e3o deve ser um obst\u00e1culo para a simplifica\u00e7\u00e3o tribut\u00e1ria, mas quer um pouco mais:<\/p>\n<p style=\"text-align: justify;\">\u201cA simplifica\u00e7\u00e3o e a unifica\u00e7\u00e3o de dois tributos, isso todo mundo defende. Agora, n\u00e3o podemos ficar s\u00f3 nisso porque isso n\u00e3o d\u00e1 conta da alta concentra\u00e7\u00e3o de renda e das altas taxas de impostos que recaem sobre a classe m\u00e9dia e sobre os trabalhadores\u201d, observou.<\/p>\n<p style=\"text-align: justify;\">O economista Bernard Appy, que ajudou a elaborar a proposta de Baleia Rossi, tem afirmado que a reforma pode resultar em 20 pontos percentuais a mais de crescimento para o Brasil em 15 anos.<\/p>\n<p style=\"text-align: justify;\">Reportagem \u2013 S\u00edlvia Mugnatto<br \/>\nEdi\u00e7\u00e3o \u2013 Roberto Seabra<\/p>\n<p style=\"text-align: justify;\">Fonte: Ag\u00eancia C\u00e2mara de Not\u00edcias<\/p>\n<p style=\"text-align: justify;\">\n<\/div><\/div>","protected":false},"excerpt":{"rendered":"<p>Vice-l\u00edder do Governo cr\u00ea em acordo para aprovar texto; representante da Minoria pede reforma que combata a concentra\u00e7\u00e3o de renda O relator da reforma tribut\u00e1ria, deputado Aguinaldo Ribeiro (PP-PB), disse neste ano, em entrevista a uma r\u00e1dio de seu estado, que acredita na aprova\u00e7\u00e3o da reforma tribut\u00e1ria na C\u00e2mara at\u00e9 mar\u00e7o. O deputado disse que [&hellip;]<\/p>\n","protected":false},"author":2,"featured_media":22574,"comment_status":"closed","ping_status":"closed","sticky":false,"template":"","format":"standard","meta":{"footnotes":"","_links_to":"","_links_to_target":""},"categories":[525,55,47],"tags":[],"class_list":["post-22572","post","type-post","status-publish","format-standard","has-post-thumbnail","hentry","category-home","category-noticia","category-ultimas-noticias"],"yoast_head":"<!-- This site is optimized with the Yoast SEO plugin v28.4 - https:\/\/yoast.com\/product\/yoast-seo-wordpress\/ -->\n<title>Reforma tribut\u00e1ria pode ser votada em mar\u00e7o - CNR<\/title>\n<meta name=\"robots\" content=\"index, follow, max-snippet:-1, max-image-preview:large, max-video-preview:-1\" \/>\n<link rel=\"canonical\" href=\"https:\/\/cnr.org.br\/novoportal\/reforma-tributaria-pode-ser-votada-em-marco\/\" \/>\n<meta property=\"og:locale\" content=\"pt_BR\" \/>\n<meta property=\"og:type\" content=\"article\" \/>\n<meta property=\"og:title\" content=\"Reforma tribut\u00e1ria pode ser votada em mar\u00e7o - CNR\" \/>\n<meta property=\"og:description\" content=\"Vice-l\u00edder do Governo cr\u00ea em acordo para aprovar texto; representante da Minoria pede reforma que combata a concentra\u00e7\u00e3o de renda O relator da reforma tribut\u00e1ria, deputado Aguinaldo Ribeiro (PP-PB), disse neste ano, em entrevista a uma r\u00e1dio de seu estado, que acredita na aprova\u00e7\u00e3o da reforma tribut\u00e1ria na C\u00e2mara at\u00e9 mar\u00e7o. O deputado disse que [&hellip;]\" \/>\n<meta property=\"og:url\" content=\"https:\/\/cnr.org.br\/novoportal\/reforma-tributaria-pode-ser-votada-em-marco\/\" \/>\n<meta property=\"og:site_name\" content=\"CNR\" \/>\n<meta property=\"article:published_time\" content=\"2021-01-14T20:01:02+00:00\" \/>\n<meta property=\"og:image\" content=\"https:\/\/cnr.org.br\/novoportal\/wp-content\/uploads\/2021\/01\/calculator-1044173_1920.jpg\" \/>\n\t<meta property=\"og:image:width\" content=\"1920\" \/>\n\t<meta property=\"og:image:height\" content=\"1280\" \/>\n\t<meta property=\"og:image:type\" content=\"image\/jpeg\" \/>\n<meta name=\"author\" content=\"Imprensa CNR\" \/>\n<meta name=\"twitter:card\" content=\"summary_large_image\" \/>\n<meta name=\"twitter:label1\" content=\"Escrito por\" \/>\n\t<meta name=\"twitter:data1\" content=\"Imprensa CNR\" \/>\n\t<meta name=\"twitter:label2\" content=\"Est. tempo de leitura\" \/>\n\t<meta name=\"twitter:data2\" content=\"2 minutos\" \/>\n<script type=\"application\/ld+json\" class=\"yoast-schema-graph\">{\"@context\":\"https:\\\/\\\/schema.org\",\"@graph\":[{\"@type\":\"Article\",\"@id\":\"https:\\\/\\\/cnr.org.br\\\/novoportal\\\/reforma-tributaria-pode-ser-votada-em-marco\\\/#article\",\"isPartOf\":{\"@id\":\"https:\\\/\\\/cnr.org.br\\\/novoportal\\\/reforma-tributaria-pode-ser-votada-em-marco\\\/\"},\"author\":{\"name\":\"Imprensa CNR\",\"@id\":\"https:\\\/\\\/cnr.org.br\\\/novoportal\\\/#\\\/schema\\\/person\\\/1f46209cd8c9d3d9887a0765b64ca66b\"},\"headline\":\"Reforma tribut\u00e1ria pode ser votada em mar\u00e7o\",\"datePublished\":\"2021-01-14T20:01:02+00:00\",\"mainEntityOfPage\":{\"@id\":\"https:\\\/\\\/cnr.org.br\\\/novoportal\\\/reforma-tributaria-pode-ser-votada-em-marco\\\/\"},\"wordCount\":464,\"publisher\":{\"@id\":\"https:\\\/\\\/cnr.org.br\\\/novoportal\\\/#organization\"},\"image\":{\"@id\":\"https:\\\/\\\/cnr.org.br\\\/novoportal\\\/reforma-tributaria-pode-ser-votada-em-marco\\\/#primaryimage\"},\"thumbnailUrl\":\"https:\\\/\\\/cnr.org.br\\\/site\\\/wp-content\\\/uploads\\\/2021\\\/01\\\/calculator-1044173_1920.jpg\",\"articleSection\":[\"Home\",\"Not\u00edcia\",\"\u00daltimas Not\u00edcias\"],\"inLanguage\":\"pt-BR\"},{\"@type\":\"WebPage\",\"@id\":\"https:\\\/\\\/cnr.org.br\\\/novoportal\\\/reforma-tributaria-pode-ser-votada-em-marco\\\/\",\"url\":\"https:\\\/\\\/cnr.org.br\\\/novoportal\\\/reforma-tributaria-pode-ser-votada-em-marco\\\/\",\"name\":\"Reforma tribut\u00e1ria pode ser votada em mar\u00e7o - CNR\",\"isPartOf\":{\"@id\":\"https:\\\/\\\/cnr.org.br\\\/novoportal\\\/#website\"},\"primaryImageOfPage\":{\"@id\":\"https:\\\/\\\/cnr.org.br\\\/novoportal\\\/reforma-tributaria-pode-ser-votada-em-marco\\\/#primaryimage\"},\"image\":{\"@id\":\"https:\\\/\\\/cnr.org.br\\\/novoportal\\\/reforma-tributaria-pode-ser-votada-em-marco\\\/#primaryimage\"},\"thumbnailUrl\":\"https:\\\/\\\/cnr.org.br\\\/site\\\/wp-content\\\/uploads\\\/2021\\\/01\\\/calculator-1044173_1920.jpg\",\"datePublished\":\"2021-01-14T20:01:02+00:00\",\"breadcrumb\":{\"@id\":\"https:\\\/\\\/cnr.org.br\\\/novoportal\\\/reforma-tributaria-pode-ser-votada-em-marco\\\/#breadcrumb\"},\"inLanguage\":\"pt-BR\",\"potentialAction\":[{\"@type\":\"ReadAction\",\"target\":[\"https:\\\/\\\/cnr.org.br\\\/novoportal\\\/reforma-tributaria-pode-ser-votada-em-marco\\\/\"]}]},{\"@type\":\"ImageObject\",\"inLanguage\":\"pt-BR\",\"@id\":\"https:\\\/\\\/cnr.org.br\\\/novoportal\\\/reforma-tributaria-pode-ser-votada-em-marco\\\/#primaryimage\",\"url\":\"https:\\\/\\\/cnr.org.br\\\/site\\\/wp-content\\\/uploads\\\/2021\\\/01\\\/calculator-1044173_1920.jpg\",\"contentUrl\":\"https:\\\/\\\/cnr.org.br\\\/site\\\/wp-content\\\/uploads\\\/2021\\\/01\\\/calculator-1044173_1920.jpg\",\"width\":1920,\"height\":1280},{\"@type\":\"BreadcrumbList\",\"@id\":\"https:\\\/\\\/cnr.org.br\\\/novoportal\\\/reforma-tributaria-pode-ser-votada-em-marco\\\/#breadcrumb\",\"itemListElement\":[{\"@type\":\"ListItem\",\"position\":1,\"name\":\"In\u00edcio\",\"item\":\"https:\\\/\\\/cnr.org.br\\\/site\\\/\"},{\"@type\":\"ListItem\",\"position\":2,\"name\":\"Reforma tribut\u00e1ria pode ser votada em mar\u00e7o\"}]},{\"@type\":\"WebSite\",\"@id\":\"https:\\\/\\\/cnr.org.br\\\/novoportal\\\/#website\",\"url\":\"https:\\\/\\\/cnr.org.br\\\/novoportal\\\/\",\"name\":\"CNR\",\"description\":\"Confedera\u00e7\u00e3o Nacional de Not\u00e1rios e Registradores\",\"publisher\":{\"@id\":\"https:\\\/\\\/cnr.org.br\\\/novoportal\\\/#organization\"},\"potentialAction\":[{\"@type\":\"SearchAction\",\"target\":{\"@type\":\"EntryPoint\",\"urlTemplate\":\"https:\\\/\\\/cnr.org.br\\\/novoportal\\\/?s={search_term_string}\"},\"query-input\":{\"@type\":\"PropertyValueSpecification\",\"valueRequired\":true,\"valueName\":\"search_term_string\"}}],\"inLanguage\":\"pt-BR\"},{\"@type\":\"Organization\",\"@id\":\"https:\\\/\\\/cnr.org.br\\\/novoportal\\\/#organization\",\"name\":\"CNR\",\"url\":\"https:\\\/\\\/cnr.org.br\\\/novoportal\\\/\",\"logo\":{\"@type\":\"ImageObject\",\"inLanguage\":\"pt-BR\",\"@id\":\"https:\\\/\\\/cnr.org.br\\\/novoportal\\\/#\\\/schema\\\/logo\\\/image\\\/\",\"url\":\"https:\\\/\\\/cnr.org.br\\\/site\\\/wp-content\\\/uploads\\\/2026\\\/02\\\/Logo_CNR_completa_colorida_2024.png\",\"contentUrl\":\"https:\\\/\\\/cnr.org.br\\\/site\\\/wp-content\\\/uploads\\\/2026\\\/02\\\/Logo_CNR_completa_colorida_2024.png\",\"width\":910,\"height\":450,\"caption\":\"CNR\"},\"image\":{\"@id\":\"https:\\\/\\\/cnr.org.br\\\/novoportal\\\/#\\\/schema\\\/logo\\\/image\\\/\"}},{\"@type\":\"Person\",\"@id\":\"https:\\\/\\\/cnr.org.br\\\/novoportal\\\/#\\\/schema\\\/person\\\/1f46209cd8c9d3d9887a0765b64ca66b\",\"name\":\"Imprensa CNR\",\"sameAs\":[\"https:\\\/\\\/cnr.org.br\\\/site\"],\"url\":\"https:\\\/\\\/cnr.org.br\\\/site\\\/author\\\/imprensa\\\/\"}]}<\/script>\n<!-- \/ Yoast SEO plugin. -->","yoast_head_json":{"title":"Reforma tribut\u00e1ria pode ser votada em mar\u00e7o - CNR","robots":{"index":"index","follow":"follow","max-snippet":"max-snippet:-1","max-image-preview":"max-image-preview:large","max-video-preview":"max-video-preview:-1"},"canonical":"https:\/\/cnr.org.br\/novoportal\/reforma-tributaria-pode-ser-votada-em-marco\/","og_locale":"pt_BR","og_type":"article","og_title":"Reforma tribut\u00e1ria pode ser votada em mar\u00e7o - CNR","og_description":"Vice-l\u00edder do Governo cr\u00ea em acordo para aprovar texto; representante da Minoria pede reforma que combata a concentra\u00e7\u00e3o de renda O relator da reforma tribut\u00e1ria, deputado Aguinaldo Ribeiro (PP-PB), disse neste ano, em entrevista a uma r\u00e1dio de seu estado, que acredita na aprova\u00e7\u00e3o da reforma tribut\u00e1ria na C\u00e2mara at\u00e9 mar\u00e7o. O deputado disse que [&hellip;]","og_url":"https:\/\/cnr.org.br\/novoportal\/reforma-tributaria-pode-ser-votada-em-marco\/","og_site_name":"CNR","article_published_time":"2021-01-14T20:01:02+00:00","og_image":[{"width":1920,"height":1280,"url":"https:\/\/cnr.org.br\/novoportal\/wp-content\/uploads\/2021\/01\/calculator-1044173_1920.jpg","type":"image\/jpeg"}],"author":"Imprensa CNR","twitter_card":"summary_large_image","twitter_misc":{"Escrito por":"Imprensa CNR","Est. tempo de leitura":"2 minutos"},"schema":{"@context":"https:\/\/schema.org","@graph":[{"@type":"Article","@id":"https:\/\/cnr.org.br\/novoportal\/reforma-tributaria-pode-ser-votada-em-marco\/#article","isPartOf":{"@id":"https:\/\/cnr.org.br\/novoportal\/reforma-tributaria-pode-ser-votada-em-marco\/"},"author":{"name":"Imprensa CNR","@id":"https:\/\/cnr.org.br\/novoportal\/#\/schema\/person\/1f46209cd8c9d3d9887a0765b64ca66b"},"headline":"Reforma tribut\u00e1ria pode ser votada em mar\u00e7o","datePublished":"2021-01-14T20:01:02+00:00","mainEntityOfPage":{"@id":"https:\/\/cnr.org.br\/novoportal\/reforma-tributaria-pode-ser-votada-em-marco\/"},"wordCount":464,"publisher":{"@id":"https:\/\/cnr.org.br\/novoportal\/#organization"},"image":{"@id":"https:\/\/cnr.org.br\/novoportal\/reforma-tributaria-pode-ser-votada-em-marco\/#primaryimage"},"thumbnailUrl":"https:\/\/cnr.org.br\/site\/wp-content\/uploads\/2021\/01\/calculator-1044173_1920.jpg","articleSection":["Home","Not\u00edcia","\u00daltimas Not\u00edcias"],"inLanguage":"pt-BR"},{"@type":"WebPage","@id":"https:\/\/cnr.org.br\/novoportal\/reforma-tributaria-pode-ser-votada-em-marco\/","url":"https:\/\/cnr.org.br\/novoportal\/reforma-tributaria-pode-ser-votada-em-marco\/","name":"Reforma tribut\u00e1ria pode ser votada em mar\u00e7o - CNR","isPartOf":{"@id":"https:\/\/cnr.org.br\/novoportal\/#website"},"primaryImageOfPage":{"@id":"https:\/\/cnr.org.br\/novoportal\/reforma-tributaria-pode-ser-votada-em-marco\/#primaryimage"},"image":{"@id":"https:\/\/cnr.org.br\/novoportal\/reforma-tributaria-pode-ser-votada-em-marco\/#primaryimage"},"thumbnailUrl":"https:\/\/cnr.org.br\/site\/wp-content\/uploads\/2021\/01\/calculator-1044173_1920.jpg","datePublished":"2021-01-14T20:01:02+00:00","breadcrumb":{"@id":"https:\/\/cnr.org.br\/novoportal\/reforma-tributaria-pode-ser-votada-em-marco\/#breadcrumb"},"inLanguage":"pt-BR","potentialAction":[{"@type":"ReadAction","target":["https:\/\/cnr.org.br\/novoportal\/reforma-tributaria-pode-ser-votada-em-marco\/"]}]},{"@type":"ImageObject","inLanguage":"pt-BR","@id":"https:\/\/cnr.org.br\/novoportal\/reforma-tributaria-pode-ser-votada-em-marco\/#primaryimage","url":"https:\/\/cnr.org.br\/site\/wp-content\/uploads\/2021\/01\/calculator-1044173_1920.jpg","contentUrl":"https:\/\/cnr.org.br\/site\/wp-content\/uploads\/2021\/01\/calculator-1044173_1920.jpg","width":1920,"height":1280},{"@type":"BreadcrumbList","@id":"https:\/\/cnr.org.br\/novoportal\/reforma-tributaria-pode-ser-votada-em-marco\/#breadcrumb","itemListElement":[{"@type":"ListItem","position":1,"name":"In\u00edcio","item":"https:\/\/cnr.org.br\/site\/"},{"@type":"ListItem","position":2,"name":"Reforma tribut\u00e1ria pode ser votada em mar\u00e7o"}]},{"@type":"WebSite","@id":"https:\/\/cnr.org.br\/novoportal\/#website","url":"https:\/\/cnr.org.br\/novoportal\/","name":"CNR","description":"Confedera\u00e7\u00e3o Nacional de Not\u00e1rios e Registradores","publisher":{"@id":"https:\/\/cnr.org.br\/novoportal\/#organization"},"potentialAction":[{"@type":"SearchAction","target":{"@type":"EntryPoint","urlTemplate":"https:\/\/cnr.org.br\/novoportal\/?s={search_term_string}"},"query-input":{"@type":"PropertyValueSpecification","valueRequired":true,"valueName":"search_term_string"}}],"inLanguage":"pt-BR"},{"@type":"Organization","@id":"https:\/\/cnr.org.br\/novoportal\/#organization","name":"CNR","url":"https:\/\/cnr.org.br\/novoportal\/","logo":{"@type":"ImageObject","inLanguage":"pt-BR","@id":"https:\/\/cnr.org.br\/novoportal\/#\/schema\/logo\/image\/","url":"https:\/\/cnr.org.br\/site\/wp-content\/uploads\/2026\/02\/Logo_CNR_completa_colorida_2024.png","contentUrl":"https:\/\/cnr.org.br\/site\/wp-content\/uploads\/2026\/02\/Logo_CNR_completa_colorida_2024.png","width":910,"height":450,"caption":"CNR"},"image":{"@id":"https:\/\/cnr.org.br\/novoportal\/#\/schema\/logo\/image\/"}},{"@type":"Person","@id":"https:\/\/cnr.org.br\/novoportal\/#\/schema\/person\/1f46209cd8c9d3d9887a0765b64ca66b","name":"Imprensa CNR","sameAs":["https:\/\/cnr.org.br\/site"],"url":"https:\/\/cnr.org.br\/site\/author\/imprensa\/"}]}},"_links":{"self":[{"href":"https:\/\/cnr.org.br\/site\/wp-json\/wp\/v2\/posts\/22572","targetHints":{"allow":["GET"]}}],"collection":[{"href":"https:\/\/cnr.org.br\/site\/wp-json\/wp\/v2\/posts"}],"about":[{"href":"https:\/\/cnr.org.br\/site\/wp-json\/wp\/v2\/types\/post"}],"author":[{"embeddable":true,"href":"https:\/\/cnr.org.br\/site\/wp-json\/wp\/v2\/users\/2"}],"replies":[{"embeddable":true,"href":"https:\/\/cnr.org.br\/site\/wp-json\/wp\/v2\/comments?post=22572"}],"version-history":[{"count":0,"href":"https:\/\/cnr.org.br\/site\/wp-json\/wp\/v2\/posts\/22572\/revisions"}],"wp:featuredmedia":[{"embeddable":true,"href":"https:\/\/cnr.org.br\/site\/wp-json\/wp\/v2\/media\/22574"}],"wp:attachment":[{"href":"https:\/\/cnr.org.br\/site\/wp-json\/wp\/v2\/media?parent=22572"}],"wp:term":[{"taxonomy":"category","embeddable":true,"href":"https:\/\/cnr.org.br\/site\/wp-json\/wp\/v2\/categories?post=22572"},{"taxonomy":"post_tag","embeddable":true,"href":"https:\/\/cnr.org.br\/site\/wp-json\/wp\/v2\/tags?post=22572"}],"curies":[{"name":"wp","href":"https:\/\/api.w.org\/{rel}","templated":true}]}}