{"id":22576,"date":"2021-01-14T18:11:24","date_gmt":"2021-01-14T20:11:24","guid":{"rendered":"https:\/\/cnr.org.br\/site\/?p=22576"},"modified":"2021-01-14T18:11:24","modified_gmt":"2021-01-14T20:11:24","slug":"projetos-estabelecem-prorrogacao-de-auxilio-emergencial-em-2021","status":"publish","type":"post","link":"https:\/\/cnr.org.br\/site\/projetos-estabelecem-prorrogacao-de-auxilio-emergencial-em-2021\/","title":{"rendered":"Projetos estabelecem prorroga\u00e7\u00e3o de aux\u00edlio emergencial em 2021"},"content":{"rendered":"<div id=\"dslc-theme-content\"><div id=\"dslc-theme-content-inner\"><p style=\"text-align: justify;\"><em>Deputados sugeriram a prorroga\u00e7\u00e3o dos pagamentos em 2021 para minimizar efeitos da crise causada pelo novo coronav\u00edrus<\/em><\/p>\n<p style=\"text-align: justify;\">Deputados se mobilizam contra o fim do aux\u00edlio emergencial, cuja \u00faltima parcela foi paga em dezembro de 2020. A prorroga\u00e7\u00e3o do aux\u00edlio \u00e9 tema de diversos projetos em tramita\u00e7\u00e3o na C\u00e2mara dos Deputados.<\/p>\n<p style=\"text-align: justify;\">O aux\u00edlio emergencial \u00e9 voltado para trabalhadores informais e aut\u00f4nomos, desempregados e pessoas de baixa renda. De abril a dezembro de 2020 foram pagas pelo governo federal nove parcelas: cinco de R$ 600 e quatro de R$ 300. Dados do Minist\u00e9rio da Cidadania apontam que foram gastos cerca de R$ 300 bilh\u00f5es para pagar o aux\u00edlio e que cerca de 70 milh\u00f5es de pessoas receberam pelo menos um pagamento.<\/p>\n<p style=\"text-align: justify;\">O programa se esgotou em dezembro de 2020, quando tamb\u00e9m acabou o estado de calamidade reconhecido pelo Decreto Legislativo <a href=\"https:\/\/www2.camara.leg.br\/legin\/fed\/decleg\/2020\/decretolegislativo-6-20-marco-2020-789861-norma-pl.html\">6\/20<\/a>, que autorizou o governo a gastar mais para combater os efeitos da pandemia.<\/p>\n<p style=\"text-align: justify;\"><strong>Prorroga\u00e7\u00f5es<\/strong><br \/>\nO Projeto de Lei 5509\/20, do deputado <a href=\"https:\/\/www.camara.leg.br\/deputados\/73486\">Pompeo de Mattos (PDT-RS)<\/a>, prorroga o pagamento do aux\u00edlio emergencial de R$ 600 at\u00e9 o final do m\u00eas de mar\u00e7o de 2021. Ele avalia que as consequ\u00eancias econ\u00f4micas da pandemia n\u00e3o se esgotaram em dezembro de 2020 e que o aux\u00edlio emergencial foi fundamental para garantir dignidade a milh\u00f5es de brasileiros sem emprego.<\/p>\n<p style=\"text-align: justify;\">\u201cNesse momento t\u00e3o dif\u00edcil da vida do pa\u00eds e dos brasileiros, cabe ao Congresso Nacional exercer seu papel com responsabilidade e altivez, propondo iniciativas que possam nos conduzir para a sa\u00edda desta grave crise sem sobressaltos institucionais\u201d, afirmou.<\/p>\n<p style=\"text-align: justify;\">O Projeto de Lei 5536\/20, do deputado <a href=\"https:\/\/www.camara.leg.br\/deputados\/204515\">Andr\u00e9 Janones (Avante-MG)<\/a>, tamb\u00e9m prorroga o pagamento de R$ 600 at\u00e9 31 de mar\u00e7o de 2021. \u201c\u00c9 a \u00fanica a\u00e7\u00e3o eficaz adotada para proteger a renda dos trabalhadores, que garante a seguran\u00e7a alimentar das fam\u00edlias e gera impactos positivos na atividade econ\u00f4mica\u201d, defendeu.<\/p>\n<p style=\"text-align: justify;\">A prorroga\u00e7\u00e3o at\u00e9 abril de 2021 dos pagamentos de R$ 600 \u00e9 o que determina o Projeto de Lei 5650\/20, do deputado <a href=\"https:\/\/www.camara.leg.br\/deputados\/204476\">Chiquinho Braz\u00e3o (Avante-RJ)<\/a>. \u201cAs fam\u00edlias brasileiras ainda precisam de ajuda do Poder P\u00fablico para continuar sustentando seus lares\u201d, afirmou.<\/p>\n<p style=\"text-align: justify;\">J\u00e1 o Projeto de Lei 5514\/20, do deputado <a href=\"https:\/\/www.camara.leg.br\/deputados\/68720\">F\u00e1bio Henrique (PDT-SE)<\/a>, prop\u00f5e a amplia\u00e7\u00e3o dos pagamentos at\u00e9 30 de junho de 2021, com parcelas de R$ 600. \u201cO pagamento do aux\u00edlio emergencial consecutivo possibilitar\u00e1 que a economia do Pa\u00eds n\u00e3o entre em colapso na depress\u00e3o causada pela pandemia de Covid-19\u201d, defendeu.<\/p>\n<p style=\"text-align: justify;\">F\u00e1bio Henrique reconheceu, no entanto, que os novos pagamentos dependem da prorroga\u00e7\u00e3o do estado de calamidade p\u00fablica para que o governo federal possa gastar al\u00e9m das metas de endividamento.<\/p>\n<p style=\"text-align: justify;\"><strong>Programa permanente<\/strong><br \/>\nO Projeto de Lei 4715\/20, do deputado <a href=\"https:\/\/www.camara.leg.br\/deputados\/204435\">Jesus S\u00e9rgio (PDT-AC)<\/a>, vai mais al\u00e9m: cria o Renda B\u00e1sica de Cidadania, um programa permanente em substitui\u00e7\u00e3o ao aux\u00edlio emergencial. O texto determina o pagamento de R$ 300 mensais a brasileiros maiores de 18 anos com renda familiar mensal per capita igual ou inferior a meio sal\u00e1rio m\u00ednimo, limitado a dois benef\u00edcios por fam\u00edlia.<\/p>\n<p style=\"text-align: justify;\">Ele destaca que o aux\u00edlio emergencial se mostrou uma ferramenta de combate \u00e0 pobreza. \u201cO objetivo \u00e9 reduzir o impacto social das \u00faltimas crises econ\u00f4micas que afetaram o Brasil, notadamente aquela decorrente da pandemia de covid-19\u201d, destacou.<\/p>\n<p style=\"text-align: justify;\"><a href=\"https:\/\/www.camara.leg.br\/noticias\/573454-SAIBA-MAIS-SOBRE-A-TRAMITACAO-DE-PROJETOS-DE-LEI\">Saiba mais sobre a tramita\u00e7\u00e3o de projetos de lei<\/a><\/p>\n<p style=\"text-align: justify;\">Reportagem - Carol Siqueira<br \/>\nEdi\u00e7\u00e3o - Ana Chalub<\/p>\n<p style=\"text-align: justify;\">Fonte: Ag\u00eancia C\u00e2mara de Not\u00edcias<\/p>\n<\/div><\/div>","protected":false},"excerpt":{"rendered":"<p>Deputados sugeriram a prorroga\u00e7\u00e3o dos pagamentos em 2021 para minimizar efeitos da crise causada pelo novo coronav\u00edrus Deputados se mobilizam contra o fim do aux\u00edlio emergencial, cuja \u00faltima parcela foi paga em dezembro de 2020. A prorroga\u00e7\u00e3o do aux\u00edlio \u00e9 tema de diversos projetos em tramita\u00e7\u00e3o na C\u00e2mara dos Deputados. O aux\u00edlio emergencial \u00e9 voltado [&hellip;]<\/p>\n","protected":false},"author":2,"featured_media":22577,"comment_status":"closed","ping_status":"closed","sticky":false,"template":"","format":"standard","meta":{"footnotes":"","_links_to":"","_links_to_target":""},"categories":[525,55,47],"tags":[],"class_list":["post-22576","post","type-post","status-publish","format-standard","has-post-thumbnail","hentry","category-home","category-noticia","category-ultimas-noticias"],"yoast_head":"<!-- This site is optimized with the Yoast SEO plugin v28.4 - https:\/\/yoast.com\/product\/yoast-seo-wordpress\/ -->\n<title>Projetos estabelecem prorroga\u00e7\u00e3o de aux\u00edlio emergencial em 2021 - CNR<\/title>\n<meta name=\"robots\" content=\"index, follow, max-snippet:-1, max-image-preview:large, max-video-preview:-1\" \/>\n<link rel=\"canonical\" href=\"https:\/\/cnr.org.br\/novoportal\/projetos-estabelecem-prorrogacao-de-auxilio-emergencial-em-2021\/\" \/>\n<meta property=\"og:locale\" content=\"pt_BR\" \/>\n<meta property=\"og:type\" content=\"article\" \/>\n<meta property=\"og:title\" content=\"Projetos estabelecem prorroga\u00e7\u00e3o de aux\u00edlio emergencial em 2021 - CNR\" \/>\n<meta property=\"og:description\" content=\"Deputados sugeriram a prorroga\u00e7\u00e3o dos pagamentos em 2021 para minimizar efeitos da crise causada pelo novo coronav\u00edrus Deputados se mobilizam contra o fim do aux\u00edlio emergencial, cuja \u00faltima parcela foi paga em dezembro de 2020. A prorroga\u00e7\u00e3o do aux\u00edlio \u00e9 tema de diversos projetos em tramita\u00e7\u00e3o na C\u00e2mara dos Deputados. O aux\u00edlio emergencial \u00e9 voltado [&hellip;]\" \/>\n<meta property=\"og:url\" content=\"https:\/\/cnr.org.br\/novoportal\/projetos-estabelecem-prorrogacao-de-auxilio-emergencial-em-2021\/\" \/>\n<meta property=\"og:site_name\" content=\"CNR\" \/>\n<meta property=\"article:published_time\" content=\"2021-01-14T20:11:24+00:00\" \/>\n<meta property=\"og:image\" content=\"https:\/\/cnr.org.br\/novoportal\/wp-content\/uploads\/2021\/01\/auxilio-emergencial-caixa-2-agb-1-e1610625957510.jpg\" \/>\n\t<meta property=\"og:image:width\" content=\"500\" \/>\n\t<meta property=\"og:image:height\" content=\"297\" \/>\n\t<meta property=\"og:image:type\" content=\"image\/jpeg\" \/>\n<meta name=\"author\" content=\"Imprensa CNR\" \/>\n<meta name=\"twitter:card\" content=\"summary_large_image\" \/>\n<meta name=\"twitter:label1\" content=\"Escrito por\" \/>\n\t<meta name=\"twitter:data1\" content=\"Imprensa CNR\" \/>\n\t<meta name=\"twitter:label2\" content=\"Est. tempo de leitura\" \/>\n\t<meta name=\"twitter:data2\" content=\"3 minutos\" \/>\n<script type=\"application\/ld+json\" class=\"yoast-schema-graph\">{\"@context\":\"https:\\\/\\\/schema.org\",\"@graph\":[{\"@type\":\"Article\",\"@id\":\"https:\\\/\\\/cnr.org.br\\\/novoportal\\\/projetos-estabelecem-prorrogacao-de-auxilio-emergencial-em-2021\\\/#article\",\"isPartOf\":{\"@id\":\"https:\\\/\\\/cnr.org.br\\\/novoportal\\\/projetos-estabelecem-prorrogacao-de-auxilio-emergencial-em-2021\\\/\"},\"author\":{\"name\":\"Imprensa CNR\",\"@id\":\"https:\\\/\\\/cnr.org.br\\\/novoportal\\\/#\\\/schema\\\/person\\\/1f46209cd8c9d3d9887a0765b64ca66b\"},\"headline\":\"Projetos estabelecem prorroga\u00e7\u00e3o de aux\u00edlio emergencial em 2021\",\"datePublished\":\"2021-01-14T20:11:24+00:00\",\"mainEntityOfPage\":{\"@id\":\"https:\\\/\\\/cnr.org.br\\\/novoportal\\\/projetos-estabelecem-prorrogacao-de-auxilio-emergencial-em-2021\\\/\"},\"wordCount\":584,\"publisher\":{\"@id\":\"https:\\\/\\\/cnr.org.br\\\/novoportal\\\/#organization\"},\"image\":{\"@id\":\"https:\\\/\\\/cnr.org.br\\\/novoportal\\\/projetos-estabelecem-prorrogacao-de-auxilio-emergencial-em-2021\\\/#primaryimage\"},\"thumbnailUrl\":\"https:\\\/\\\/cnr.org.br\\\/site\\\/wp-content\\\/uploads\\\/2021\\\/01\\\/auxilio-emergencial-caixa-2-agb-1-e1610625957510.jpg\",\"articleSection\":[\"Home\",\"Not\u00edcia\",\"\u00daltimas Not\u00edcias\"],\"inLanguage\":\"pt-BR\"},{\"@type\":\"WebPage\",\"@id\":\"https:\\\/\\\/cnr.org.br\\\/novoportal\\\/projetos-estabelecem-prorrogacao-de-auxilio-emergencial-em-2021\\\/\",\"url\":\"https:\\\/\\\/cnr.org.br\\\/novoportal\\\/projetos-estabelecem-prorrogacao-de-auxilio-emergencial-em-2021\\\/\",\"name\":\"Projetos estabelecem prorroga\u00e7\u00e3o de aux\u00edlio emergencial em 2021 - CNR\",\"isPartOf\":{\"@id\":\"https:\\\/\\\/cnr.org.br\\\/novoportal\\\/#website\"},\"primaryImageOfPage\":{\"@id\":\"https:\\\/\\\/cnr.org.br\\\/novoportal\\\/projetos-estabelecem-prorrogacao-de-auxilio-emergencial-em-2021\\\/#primaryimage\"},\"image\":{\"@id\":\"https:\\\/\\\/cnr.org.br\\\/novoportal\\\/projetos-estabelecem-prorrogacao-de-auxilio-emergencial-em-2021\\\/#primaryimage\"},\"thumbnailUrl\":\"https:\\\/\\\/cnr.org.br\\\/site\\\/wp-content\\\/uploads\\\/2021\\\/01\\\/auxilio-emergencial-caixa-2-agb-1-e1610625957510.jpg\",\"datePublished\":\"2021-01-14T20:11:24+00:00\",\"breadcrumb\":{\"@id\":\"https:\\\/\\\/cnr.org.br\\\/novoportal\\\/projetos-estabelecem-prorrogacao-de-auxilio-emergencial-em-2021\\\/#breadcrumb\"},\"inLanguage\":\"pt-BR\",\"potentialAction\":[{\"@type\":\"ReadAction\",\"target\":[\"https:\\\/\\\/cnr.org.br\\\/novoportal\\\/projetos-estabelecem-prorrogacao-de-auxilio-emergencial-em-2021\\\/\"]}]},{\"@type\":\"ImageObject\",\"inLanguage\":\"pt-BR\",\"@id\":\"https:\\\/\\\/cnr.org.br\\\/novoportal\\\/projetos-estabelecem-prorrogacao-de-auxilio-emergencial-em-2021\\\/#primaryimage\",\"url\":\"https:\\\/\\\/cnr.org.br\\\/site\\\/wp-content\\\/uploads\\\/2021\\\/01\\\/auxilio-emergencial-caixa-2-agb-1-e1610625957510.jpg\",\"contentUrl\":\"https:\\\/\\\/cnr.org.br\\\/site\\\/wp-content\\\/uploads\\\/2021\\\/01\\\/auxilio-emergencial-caixa-2-agb-1-e1610625957510.jpg\",\"width\":500,\"height\":297,\"caption\":\"Foto: Ag\u00eancia Brasil\"},{\"@type\":\"BreadcrumbList\",\"@id\":\"https:\\\/\\\/cnr.org.br\\\/novoportal\\\/projetos-estabelecem-prorrogacao-de-auxilio-emergencial-em-2021\\\/#breadcrumb\",\"itemListElement\":[{\"@type\":\"ListItem\",\"position\":1,\"name\":\"In\u00edcio\",\"item\":\"https:\\\/\\\/cnr.org.br\\\/site\\\/\"},{\"@type\":\"ListItem\",\"position\":2,\"name\":\"Projetos estabelecem prorroga\u00e7\u00e3o de aux\u00edlio emergencial em 2021\"}]},{\"@type\":\"WebSite\",\"@id\":\"https:\\\/\\\/cnr.org.br\\\/novoportal\\\/#website\",\"url\":\"https:\\\/\\\/cnr.org.br\\\/novoportal\\\/\",\"name\":\"CNR\",\"description\":\"Confedera\u00e7\u00e3o Nacional de Not\u00e1rios e Registradores\",\"publisher\":{\"@id\":\"https:\\\/\\\/cnr.org.br\\\/novoportal\\\/#organization\"},\"potentialAction\":[{\"@type\":\"SearchAction\",\"target\":{\"@type\":\"EntryPoint\",\"urlTemplate\":\"https:\\\/\\\/cnr.org.br\\\/novoportal\\\/?s={search_term_string}\"},\"query-input\":{\"@type\":\"PropertyValueSpecification\",\"valueRequired\":true,\"valueName\":\"search_term_string\"}}],\"inLanguage\":\"pt-BR\"},{\"@type\":\"Organization\",\"@id\":\"https:\\\/\\\/cnr.org.br\\\/novoportal\\\/#organization\",\"name\":\"CNR\",\"url\":\"https:\\\/\\\/cnr.org.br\\\/novoportal\\\/\",\"logo\":{\"@type\":\"ImageObject\",\"inLanguage\":\"pt-BR\",\"@id\":\"https:\\\/\\\/cnr.org.br\\\/novoportal\\\/#\\\/schema\\\/logo\\\/image\\\/\",\"url\":\"https:\\\/\\\/cnr.org.br\\\/site\\\/wp-content\\\/uploads\\\/2026\\\/02\\\/Logo_CNR_completa_colorida_2024.png\",\"contentUrl\":\"https:\\\/\\\/cnr.org.br\\\/site\\\/wp-content\\\/uploads\\\/2026\\\/02\\\/Logo_CNR_completa_colorida_2024.png\",\"width\":910,\"height\":450,\"caption\":\"CNR\"},\"image\":{\"@id\":\"https:\\\/\\\/cnr.org.br\\\/novoportal\\\/#\\\/schema\\\/logo\\\/image\\\/\"}},{\"@type\":\"Person\",\"@id\":\"https:\\\/\\\/cnr.org.br\\\/novoportal\\\/#\\\/schema\\\/person\\\/1f46209cd8c9d3d9887a0765b64ca66b\",\"name\":\"Imprensa CNR\",\"sameAs\":[\"https:\\\/\\\/cnr.org.br\\\/site\"],\"url\":\"https:\\\/\\\/cnr.org.br\\\/site\\\/author\\\/imprensa\\\/\"}]}<\/script>\n<!-- \/ Yoast SEO plugin. -->","yoast_head_json":{"title":"Projetos estabelecem prorroga\u00e7\u00e3o de aux\u00edlio emergencial em 2021 - CNR","robots":{"index":"index","follow":"follow","max-snippet":"max-snippet:-1","max-image-preview":"max-image-preview:large","max-video-preview":"max-video-preview:-1"},"canonical":"https:\/\/cnr.org.br\/novoportal\/projetos-estabelecem-prorrogacao-de-auxilio-emergencial-em-2021\/","og_locale":"pt_BR","og_type":"article","og_title":"Projetos estabelecem prorroga\u00e7\u00e3o de aux\u00edlio emergencial em 2021 - CNR","og_description":"Deputados sugeriram a prorroga\u00e7\u00e3o dos pagamentos em 2021 para minimizar efeitos da crise causada pelo novo coronav\u00edrus Deputados se mobilizam contra o fim do aux\u00edlio emergencial, cuja \u00faltima parcela foi paga em dezembro de 2020. A prorroga\u00e7\u00e3o do aux\u00edlio \u00e9 tema de diversos projetos em tramita\u00e7\u00e3o na C\u00e2mara dos Deputados. O aux\u00edlio emergencial \u00e9 voltado [&hellip;]","og_url":"https:\/\/cnr.org.br\/novoportal\/projetos-estabelecem-prorrogacao-de-auxilio-emergencial-em-2021\/","og_site_name":"CNR","article_published_time":"2021-01-14T20:11:24+00:00","og_image":[{"width":500,"height":297,"url":"https:\/\/cnr.org.br\/novoportal\/wp-content\/uploads\/2021\/01\/auxilio-emergencial-caixa-2-agb-1-e1610625957510.jpg","type":"image\/jpeg"}],"author":"Imprensa CNR","twitter_card":"summary_large_image","twitter_misc":{"Escrito por":"Imprensa CNR","Est. tempo de leitura":"3 minutos"},"schema":{"@context":"https:\/\/schema.org","@graph":[{"@type":"Article","@id":"https:\/\/cnr.org.br\/novoportal\/projetos-estabelecem-prorrogacao-de-auxilio-emergencial-em-2021\/#article","isPartOf":{"@id":"https:\/\/cnr.org.br\/novoportal\/projetos-estabelecem-prorrogacao-de-auxilio-emergencial-em-2021\/"},"author":{"name":"Imprensa CNR","@id":"https:\/\/cnr.org.br\/novoportal\/#\/schema\/person\/1f46209cd8c9d3d9887a0765b64ca66b"},"headline":"Projetos estabelecem prorroga\u00e7\u00e3o de aux\u00edlio emergencial em 2021","datePublished":"2021-01-14T20:11:24+00:00","mainEntityOfPage":{"@id":"https:\/\/cnr.org.br\/novoportal\/projetos-estabelecem-prorrogacao-de-auxilio-emergencial-em-2021\/"},"wordCount":584,"publisher":{"@id":"https:\/\/cnr.org.br\/novoportal\/#organization"},"image":{"@id":"https:\/\/cnr.org.br\/novoportal\/projetos-estabelecem-prorrogacao-de-auxilio-emergencial-em-2021\/#primaryimage"},"thumbnailUrl":"https:\/\/cnr.org.br\/site\/wp-content\/uploads\/2021\/01\/auxilio-emergencial-caixa-2-agb-1-e1610625957510.jpg","articleSection":["Home","Not\u00edcia","\u00daltimas Not\u00edcias"],"inLanguage":"pt-BR"},{"@type":"WebPage","@id":"https:\/\/cnr.org.br\/novoportal\/projetos-estabelecem-prorrogacao-de-auxilio-emergencial-em-2021\/","url":"https:\/\/cnr.org.br\/novoportal\/projetos-estabelecem-prorrogacao-de-auxilio-emergencial-em-2021\/","name":"Projetos estabelecem prorroga\u00e7\u00e3o de aux\u00edlio emergencial em 2021 - CNR","isPartOf":{"@id":"https:\/\/cnr.org.br\/novoportal\/#website"},"primaryImageOfPage":{"@id":"https:\/\/cnr.org.br\/novoportal\/projetos-estabelecem-prorrogacao-de-auxilio-emergencial-em-2021\/#primaryimage"},"image":{"@id":"https:\/\/cnr.org.br\/novoportal\/projetos-estabelecem-prorrogacao-de-auxilio-emergencial-em-2021\/#primaryimage"},"thumbnailUrl":"https:\/\/cnr.org.br\/site\/wp-content\/uploads\/2021\/01\/auxilio-emergencial-caixa-2-agb-1-e1610625957510.jpg","datePublished":"2021-01-14T20:11:24+00:00","breadcrumb":{"@id":"https:\/\/cnr.org.br\/novoportal\/projetos-estabelecem-prorrogacao-de-auxilio-emergencial-em-2021\/#breadcrumb"},"inLanguage":"pt-BR","potentialAction":[{"@type":"ReadAction","target":["https:\/\/cnr.org.br\/novoportal\/projetos-estabelecem-prorrogacao-de-auxilio-emergencial-em-2021\/"]}]},{"@type":"ImageObject","inLanguage":"pt-BR","@id":"https:\/\/cnr.org.br\/novoportal\/projetos-estabelecem-prorrogacao-de-auxilio-emergencial-em-2021\/#primaryimage","url":"https:\/\/cnr.org.br\/site\/wp-content\/uploads\/2021\/01\/auxilio-emergencial-caixa-2-agb-1-e1610625957510.jpg","contentUrl":"https:\/\/cnr.org.br\/site\/wp-content\/uploads\/2021\/01\/auxilio-emergencial-caixa-2-agb-1-e1610625957510.jpg","width":500,"height":297,"caption":"Foto: Ag\u00eancia Brasil"},{"@type":"BreadcrumbList","@id":"https:\/\/cnr.org.br\/novoportal\/projetos-estabelecem-prorrogacao-de-auxilio-emergencial-em-2021\/#breadcrumb","itemListElement":[{"@type":"ListItem","position":1,"name":"In\u00edcio","item":"https:\/\/cnr.org.br\/site\/"},{"@type":"ListItem","position":2,"name":"Projetos estabelecem prorroga\u00e7\u00e3o de aux\u00edlio emergencial em 2021"}]},{"@type":"WebSite","@id":"https:\/\/cnr.org.br\/novoportal\/#website","url":"https:\/\/cnr.org.br\/novoportal\/","name":"CNR","description":"Confedera\u00e7\u00e3o Nacional de Not\u00e1rios e Registradores","publisher":{"@id":"https:\/\/cnr.org.br\/novoportal\/#organization"},"potentialAction":[{"@type":"SearchAction","target":{"@type":"EntryPoint","urlTemplate":"https:\/\/cnr.org.br\/novoportal\/?s={search_term_string}"},"query-input":{"@type":"PropertyValueSpecification","valueRequired":true,"valueName":"search_term_string"}}],"inLanguage":"pt-BR"},{"@type":"Organization","@id":"https:\/\/cnr.org.br\/novoportal\/#organization","name":"CNR","url":"https:\/\/cnr.org.br\/novoportal\/","logo":{"@type":"ImageObject","inLanguage":"pt-BR","@id":"https:\/\/cnr.org.br\/novoportal\/#\/schema\/logo\/image\/","url":"https:\/\/cnr.org.br\/site\/wp-content\/uploads\/2026\/02\/Logo_CNR_completa_colorida_2024.png","contentUrl":"https:\/\/cnr.org.br\/site\/wp-content\/uploads\/2026\/02\/Logo_CNR_completa_colorida_2024.png","width":910,"height":450,"caption":"CNR"},"image":{"@id":"https:\/\/cnr.org.br\/novoportal\/#\/schema\/logo\/image\/"}},{"@type":"Person","@id":"https:\/\/cnr.org.br\/novoportal\/#\/schema\/person\/1f46209cd8c9d3d9887a0765b64ca66b","name":"Imprensa CNR","sameAs":["https:\/\/cnr.org.br\/site"],"url":"https:\/\/cnr.org.br\/site\/author\/imprensa\/"}]}},"_links":{"self":[{"href":"https:\/\/cnr.org.br\/site\/wp-json\/wp\/v2\/posts\/22576","targetHints":{"allow":["GET"]}}],"collection":[{"href":"https:\/\/cnr.org.br\/site\/wp-json\/wp\/v2\/posts"}],"about":[{"href":"https:\/\/cnr.org.br\/site\/wp-json\/wp\/v2\/types\/post"}],"author":[{"embeddable":true,"href":"https:\/\/cnr.org.br\/site\/wp-json\/wp\/v2\/users\/2"}],"replies":[{"embeddable":true,"href":"https:\/\/cnr.org.br\/site\/wp-json\/wp\/v2\/comments?post=22576"}],"version-history":[{"count":0,"href":"https:\/\/cnr.org.br\/site\/wp-json\/wp\/v2\/posts\/22576\/revisions"}],"wp:featuredmedia":[{"embeddable":true,"href":"https:\/\/cnr.org.br\/site\/wp-json\/wp\/v2\/media\/22577"}],"wp:attachment":[{"href":"https:\/\/cnr.org.br\/site\/wp-json\/wp\/v2\/media?parent=22576"}],"wp:term":[{"taxonomy":"category","embeddable":true,"href":"https:\/\/cnr.org.br\/site\/wp-json\/wp\/v2\/categories?post=22576"},{"taxonomy":"post_tag","embeddable":true,"href":"https:\/\/cnr.org.br\/site\/wp-json\/wp\/v2\/tags?post=22576"}],"curies":[{"name":"wp","href":"https:\/\/api.w.org\/{rel}","templated":true}]}}