{"id":22845,"date":"2021-03-18T12:48:21","date_gmt":"2021-03-18T15:48:21","guid":{"rendered":"https:\/\/cnr.org.br\/site\/?p=22845"},"modified":"2021-07-27T15:58:28","modified_gmt":"2021-07-27T18:58:28","slug":"tse-e-uniao-assinam-acordo-para-oferecer-identidade-digital","status":"publish","type":"post","link":"https:\/\/cnr.org.br\/site\/tse-e-uniao-assinam-acordo-para-oferecer-identidade-digital\/","title":{"rendered":"TSE e Uni\u00e3o assinam acordo para oferecer identidade digital"},"content":{"rendered":"<div id=\"dslc-theme-content\"><div id=\"dslc-theme-content-inner\">\n<p class=\"wp-block-paragraph\"><em>Presidente do TSE e ministros Guedes e Lorenzoni participaram de ato<\/em><\/p>\n\n\n\n<p class=\"wp-block-paragraph\">O presidente do Tribunal Superior Eleitoral (TSE), ministro Lu\u00eds Roberto Barroso, o ministro da Secretaria-Geral da Presid\u00eancia, Onyx Lorenzoni, e o ministro da Economia, Paulo Guedes, assinaram, nesta segunda-feira (15), um acordo para fortalecer o sistema nacional integrado de identifica\u00e7\u00e3o e disponibilizar a identidade digital para os brasileiros.&nbsp;<\/p>\n\n\n\n<p class=\"wp-block-paragraph\"><img decoding=\"async\" src=\"https:\/\/agenciabrasil.ebc.com.br\/ebc.gif?id=1404032&amp;o=node\">O TSE e os dois minist\u00e9rios dever\u00e3o, de acordo com o Acordo de Coopera\u00e7\u00e3o T\u00e9cnica para Implementar a Identifica\u00e7\u00e3o Civil Nacional (ICN) assinado hoje, especificar e implementar a presta\u00e7\u00e3o do servi\u00e7o de confer\u00eancia da Base de Dados da Identifica\u00e7\u00e3o Civil Nacional (BDICN) junto \u00e0 plataforma gov.br, entre outras especificidades.&nbsp;A identidade digital ser\u00e1 gerada por um aplicativo gratuito, que pode ser utilizado em smartphones e tablets com sistemas Android e iOS, que ser\u00e1 ofertado pelo governo federal. <\/p>\n\n\n\n<p class=\"wp-block-paragraph\">A ferramenta tem o formato wallet, o que permite que ele agregue outros documentos, como: Cadastro Pessoa F\u00edsica (CPF), Carteira Nacional de Habilita\u00e7\u00e3o (CNH) e T\u00edtulo Eleitoral. Atualmente, 67% dos mais de 4,2 mil servi\u00e7os do governo federal s\u00e3o totalmente digitais.&nbsp;<\/p>\n\n\n\n<p class=\"wp-block-paragraph\">A Identifica\u00e7\u00e3o Civil Nacional \u00e9 de responsabilidade do TSE e tem o objetivo de cadastrar os brasileiros para que sejam identificados com seguran\u00e7a e facilidade em suas rela\u00e7\u00f5es p\u00fablicas e particulares.&nbsp;<\/p>\n\n\n\n<p class=\"wp-block-paragraph\"><strong>Facilidades<\/strong><\/p>\n\n\n\n<p class=\"wp-block-paragraph\">O acordo deve facilitar a vida das pessoas de v\u00e1rias formas, pois servir\u00e1 de base para comprova\u00e7\u00e3o de identidade em diversas ocasi\u00f5es, tais como o embarque em viagens nacionais utilizando a valida\u00e7\u00e3o biom\u00e9trica e como prova de vida para benefici\u00e1rios do Instituto Nacional do Seguro Social (INSS). Tamb\u00e9m ser\u00e1 poss\u00edvel a cria\u00e7\u00e3o do Documento Nacional de Identifica\u00e7\u00e3o (DNI). <\/p>\n\n\n\n<p class=\"wp-block-paragraph\">Duas aplica\u00e7\u00f5es resultantes desse acordo est\u00e3o em uso pelos brasileiros. A prova de vida digital do INSS \u2013 que envolve 7 milh\u00f5es de benefici\u00e1rios de todo o pa\u00eds \u2013 permite que o cidad\u00e3o realize o procedimento anual sem sair de casa, validando sua biometria facial na ICN. O Embarque Seguro \u2013 implantada de forma piloto nos aeroportos de Salvador (BA), Florian\u00f3polis (SC) e Rio de Janeiro (RJ) \u2013 valida os dados do passageiro na Identifica\u00e7\u00e3o Civil Nacional sem a necessidade de contato ou de apresenta\u00e7\u00e3o de documentos durante o check-in e o embarque na aeronave. <\/p>\n\n\n\n<p class=\"wp-block-paragraph\">A identidade digital tem como uma de suas principais caracter\u00edsticas a seguran\u00e7a, pois utiliza dados biom\u00e9tricos que s\u00e3o \u00fanicos em cada indiv\u00edduo e s\u00e3o os mesmos coletados pela Justi\u00e7a Eleitoral quando o cidad\u00e3o se cadastra como eleitor. At\u00e9 agora, 120 milh\u00f5es de pessoas possuem cadastro biom\u00e9trico no pa\u00eds.<\/p>\n\n\n\n<p class=\"wp-block-paragraph\"><strong>Trabalhando juntos<\/strong><\/p>\n\n\n\n<p class=\"wp-block-paragraph\">Guedes disse que o Executivo e o Judici\u00e1rio est\u00e3o trabalhando juntos pelo cidad\u00e3o. \u201cEstamos juntos nesse trabalho; de um lado, com essa base de dados biom\u00e9trica riqu\u00edssima e, do outro, a digitaliza\u00e7\u00e3o dos servi\u00e7os. Isso \u00e9 fundamental para a seguran\u00e7a das transa\u00e7\u00f5es financeiras que v\u00eam pela frente\", disse o ministro, citando como exemplo as transa\u00e7\u00f5es via PIX. <\/p>\n\n\n\n<p class=\"wp-block-paragraph\">Para Lorenzoni, o acordo \u00e9 um avan\u00e7o importante para que a sociedade tenha um sistema de identifica\u00e7\u00e3o simplificado e seguro para combater qualquer fraude.&nbsp;Segundo Barroso, a medida deve facilitar a vida dos brasileiros e eliminar fraudes. &nbsp;\u201cA confer\u00eancia de dados, com base nos dados do Tribunal Superior Eleitoral, sempre ter\u00e1 a anu\u00eancia do interessado e, portanto, n\u00e3o h\u00e1 nenhuma viola\u00e7\u00e3o de privacidade. Tudo \u00e9 feito em pleno respeito \u00e0 Lei Geral de Prote\u00e7\u00e3o de Dados\u201d, disse o ministro.<\/p>\n\n\n\n<p class=\"wp-block-paragraph\">Fonte: Ag\u00eancia Brasil<\/p>\n\n\n\n<p class=\"wp-block-paragraph\">Edi\u00e7\u00e3o: F\u00e1bio Massalli<\/p>\n<\/div><\/div>","protected":false},"excerpt":{"rendered":"<p>Presidente do TSE e ministros Guedes e Lorenzoni participaram de ato O presidente do Tribunal Superior Eleitoral (TSE), ministro Lu\u00eds Roberto Barroso, o ministro da Secretaria-Geral da Presid\u00eancia, Onyx Lorenzoni, e o ministro da Economia, Paulo Guedes, assinaram, nesta segunda-feira (15), um acordo para fortalecer o sistema nacional integrado de identifica\u00e7\u00e3o e disponibilizar a identidade [&hellip;]<\/p>\n","protected":false},"author":2,"featured_media":23270,"comment_status":"closed","ping_status":"closed","sticky":false,"template":"","format":"standard","meta":{"footnotes":"","_links_to":"","_links_to_target":""},"categories":[525,55,47],"tags":[],"class_list":["post-22845","post","type-post","status-publish","format-standard","has-post-thumbnail","hentry","category-home","category-noticia","category-ultimas-noticias"],"yoast_head":"<!-- This site is optimized with the Yoast SEO plugin v28.4 - https:\/\/yoast.com\/product\/yoast-seo-wordpress\/ -->\n<title>TSE e Uni\u00e3o assinam acordo para oferecer identidade digital - CNR<\/title>\n<meta name=\"robots\" content=\"index, follow, max-snippet:-1, max-image-preview:large, max-video-preview:-1\" \/>\n<link rel=\"canonical\" href=\"https:\/\/cnr.org.br\/novoportal\/tse-e-uniao-assinam-acordo-para-oferecer-identidade-digital\/\" \/>\n<meta property=\"og:locale\" content=\"pt_BR\" \/>\n<meta property=\"og:type\" content=\"article\" \/>\n<meta property=\"og:title\" content=\"TSE e Uni\u00e3o assinam acordo para oferecer identidade digital - CNR\" \/>\n<meta property=\"og:description\" content=\"Presidente do TSE e ministros Guedes e Lorenzoni participaram de ato O presidente do Tribunal Superior Eleitoral (TSE), ministro Lu\u00eds Roberto Barroso, o ministro da Secretaria-Geral da Presid\u00eancia, Onyx Lorenzoni, e o ministro da Economia, Paulo Guedes, assinaram, nesta segunda-feira (15), um acordo para fortalecer o sistema nacional integrado de identifica\u00e7\u00e3o e disponibilizar a identidade [&hellip;]\" \/>\n<meta property=\"og:url\" content=\"https:\/\/cnr.org.br\/novoportal\/tse-e-uniao-assinam-acordo-para-oferecer-identidade-digital\/\" \/>\n<meta property=\"og:site_name\" content=\"CNR\" \/>\n<meta property=\"article:published_time\" content=\"2021-03-18T15:48:21+00:00\" \/>\n<meta property=\"article:modified_time\" content=\"2021-07-27T18:58:28+00:00\" \/>\n<meta property=\"og:image\" content=\"https:\/\/cnr.org.br\/novoportal\/wp-content\/uploads\/2021\/07\/Tamanho-Oficial-para-as-fotos-do-Site-da-CNR-20.png\" \/>\n\t<meta property=\"og:image:width\" content=\"1940\" \/>\n\t<meta property=\"og:image:height\" content=\"1240\" \/>\n\t<meta property=\"og:image:type\" content=\"image\/png\" \/>\n<meta name=\"author\" content=\"Imprensa CNR\" \/>\n<meta name=\"twitter:card\" content=\"summary_large_image\" \/>\n<meta name=\"twitter:label1\" content=\"Escrito por\" \/>\n\t<meta name=\"twitter:data1\" content=\"Imprensa CNR\" \/>\n\t<meta name=\"twitter:label2\" content=\"Est. tempo de leitura\" \/>\n\t<meta name=\"twitter:data2\" content=\"3 minutos\" \/>\n<script type=\"application\/ld+json\" class=\"yoast-schema-graph\">{\"@context\":\"https:\\\/\\\/schema.org\",\"@graph\":[{\"@type\":\"Article\",\"@id\":\"https:\\\/\\\/cnr.org.br\\\/novoportal\\\/tse-e-uniao-assinam-acordo-para-oferecer-identidade-digital\\\/#article\",\"isPartOf\":{\"@id\":\"https:\\\/\\\/cnr.org.br\\\/novoportal\\\/tse-e-uniao-assinam-acordo-para-oferecer-identidade-digital\\\/\"},\"author\":{\"name\":\"Imprensa CNR\",\"@id\":\"https:\\\/\\\/cnr.org.br\\\/novoportal\\\/#\\\/schema\\\/person\\\/1f46209cd8c9d3d9887a0765b64ca66b\"},\"headline\":\"TSE e Uni\u00e3o assinam acordo para oferecer identidade digital\",\"datePublished\":\"2021-03-18T15:48:21+00:00\",\"dateModified\":\"2021-07-27T18:58:28+00:00\",\"mainEntityOfPage\":{\"@id\":\"https:\\\/\\\/cnr.org.br\\\/novoportal\\\/tse-e-uniao-assinam-acordo-para-oferecer-identidade-digital\\\/\"},\"wordCount\":628,\"publisher\":{\"@id\":\"https:\\\/\\\/cnr.org.br\\\/novoportal\\\/#organization\"},\"image\":{\"@id\":\"https:\\\/\\\/cnr.org.br\\\/novoportal\\\/tse-e-uniao-assinam-acordo-para-oferecer-identidade-digital\\\/#primaryimage\"},\"thumbnailUrl\":\"https:\\\/\\\/cnr.org.br\\\/site\\\/wp-content\\\/uploads\\\/2021\\\/07\\\/Tamanho-Oficial-para-as-fotos-do-Site-da-CNR-20.png\",\"articleSection\":[\"Home\",\"Not\u00edcia\",\"\u00daltimas Not\u00edcias\"],\"inLanguage\":\"pt-BR\"},{\"@type\":\"WebPage\",\"@id\":\"https:\\\/\\\/cnr.org.br\\\/novoportal\\\/tse-e-uniao-assinam-acordo-para-oferecer-identidade-digital\\\/\",\"url\":\"https:\\\/\\\/cnr.org.br\\\/novoportal\\\/tse-e-uniao-assinam-acordo-para-oferecer-identidade-digital\\\/\",\"name\":\"TSE e Uni\u00e3o assinam acordo para oferecer identidade digital - CNR\",\"isPartOf\":{\"@id\":\"https:\\\/\\\/cnr.org.br\\\/novoportal\\\/#website\"},\"primaryImageOfPage\":{\"@id\":\"https:\\\/\\\/cnr.org.br\\\/novoportal\\\/tse-e-uniao-assinam-acordo-para-oferecer-identidade-digital\\\/#primaryimage\"},\"image\":{\"@id\":\"https:\\\/\\\/cnr.org.br\\\/novoportal\\\/tse-e-uniao-assinam-acordo-para-oferecer-identidade-digital\\\/#primaryimage\"},\"thumbnailUrl\":\"https:\\\/\\\/cnr.org.br\\\/site\\\/wp-content\\\/uploads\\\/2021\\\/07\\\/Tamanho-Oficial-para-as-fotos-do-Site-da-CNR-20.png\",\"datePublished\":\"2021-03-18T15:48:21+00:00\",\"dateModified\":\"2021-07-27T18:58:28+00:00\",\"breadcrumb\":{\"@id\":\"https:\\\/\\\/cnr.org.br\\\/novoportal\\\/tse-e-uniao-assinam-acordo-para-oferecer-identidade-digital\\\/#breadcrumb\"},\"inLanguage\":\"pt-BR\",\"potentialAction\":[{\"@type\":\"ReadAction\",\"target\":[\"https:\\\/\\\/cnr.org.br\\\/novoportal\\\/tse-e-uniao-assinam-acordo-para-oferecer-identidade-digital\\\/\"]}]},{\"@type\":\"ImageObject\",\"inLanguage\":\"pt-BR\",\"@id\":\"https:\\\/\\\/cnr.org.br\\\/novoportal\\\/tse-e-uniao-assinam-acordo-para-oferecer-identidade-digital\\\/#primaryimage\",\"url\":\"https:\\\/\\\/cnr.org.br\\\/site\\\/wp-content\\\/uploads\\\/2021\\\/07\\\/Tamanho-Oficial-para-as-fotos-do-Site-da-CNR-20.png\",\"contentUrl\":\"https:\\\/\\\/cnr.org.br\\\/site\\\/wp-content\\\/uploads\\\/2021\\\/07\\\/Tamanho-Oficial-para-as-fotos-do-Site-da-CNR-20.png\",\"width\":1940,\"height\":1240,\"caption\":\"Foto: Canva Pr\u00f3\"},{\"@type\":\"BreadcrumbList\",\"@id\":\"https:\\\/\\\/cnr.org.br\\\/novoportal\\\/tse-e-uniao-assinam-acordo-para-oferecer-identidade-digital\\\/#breadcrumb\",\"itemListElement\":[{\"@type\":\"ListItem\",\"position\":1,\"name\":\"In\u00edcio\",\"item\":\"https:\\\/\\\/cnr.org.br\\\/site\\\/\"},{\"@type\":\"ListItem\",\"position\":2,\"name\":\"TSE e Uni\u00e3o assinam acordo para oferecer identidade digital\"}]},{\"@type\":\"WebSite\",\"@id\":\"https:\\\/\\\/cnr.org.br\\\/novoportal\\\/#website\",\"url\":\"https:\\\/\\\/cnr.org.br\\\/novoportal\\\/\",\"name\":\"CNR\",\"description\":\"Confedera\u00e7\u00e3o Nacional de Not\u00e1rios e Registradores\",\"publisher\":{\"@id\":\"https:\\\/\\\/cnr.org.br\\\/novoportal\\\/#organization\"},\"potentialAction\":[{\"@type\":\"SearchAction\",\"target\":{\"@type\":\"EntryPoint\",\"urlTemplate\":\"https:\\\/\\\/cnr.org.br\\\/novoportal\\\/?s={search_term_string}\"},\"query-input\":{\"@type\":\"PropertyValueSpecification\",\"valueRequired\":true,\"valueName\":\"search_term_string\"}}],\"inLanguage\":\"pt-BR\"},{\"@type\":\"Organization\",\"@id\":\"https:\\\/\\\/cnr.org.br\\\/novoportal\\\/#organization\",\"name\":\"CNR\",\"url\":\"https:\\\/\\\/cnr.org.br\\\/novoportal\\\/\",\"logo\":{\"@type\":\"ImageObject\",\"inLanguage\":\"pt-BR\",\"@id\":\"https:\\\/\\\/cnr.org.br\\\/novoportal\\\/#\\\/schema\\\/logo\\\/image\\\/\",\"url\":\"https:\\\/\\\/cnr.org.br\\\/site\\\/wp-content\\\/uploads\\\/2026\\\/02\\\/Logo_CNR_completa_colorida_2024.png\",\"contentUrl\":\"https:\\\/\\\/cnr.org.br\\\/site\\\/wp-content\\\/uploads\\\/2026\\\/02\\\/Logo_CNR_completa_colorida_2024.png\",\"width\":910,\"height\":450,\"caption\":\"CNR\"},\"image\":{\"@id\":\"https:\\\/\\\/cnr.org.br\\\/novoportal\\\/#\\\/schema\\\/logo\\\/image\\\/\"}},{\"@type\":\"Person\",\"@id\":\"https:\\\/\\\/cnr.org.br\\\/novoportal\\\/#\\\/schema\\\/person\\\/1f46209cd8c9d3d9887a0765b64ca66b\",\"name\":\"Imprensa CNR\",\"sameAs\":[\"https:\\\/\\\/cnr.org.br\\\/site\"],\"url\":\"https:\\\/\\\/cnr.org.br\\\/site\\\/author\\\/imprensa\\\/\"}]}<\/script>\n<!-- \/ Yoast SEO plugin. -->","yoast_head_json":{"title":"TSE e Uni\u00e3o assinam acordo para oferecer identidade digital - CNR","robots":{"index":"index","follow":"follow","max-snippet":"max-snippet:-1","max-image-preview":"max-image-preview:large","max-video-preview":"max-video-preview:-1"},"canonical":"https:\/\/cnr.org.br\/novoportal\/tse-e-uniao-assinam-acordo-para-oferecer-identidade-digital\/","og_locale":"pt_BR","og_type":"article","og_title":"TSE e Uni\u00e3o assinam acordo para oferecer identidade digital - CNR","og_description":"Presidente do TSE e ministros Guedes e Lorenzoni participaram de ato O presidente do Tribunal Superior Eleitoral (TSE), ministro Lu\u00eds Roberto Barroso, o ministro da Secretaria-Geral da Presid\u00eancia, Onyx Lorenzoni, e o ministro da Economia, Paulo Guedes, assinaram, nesta segunda-feira (15), um acordo para fortalecer o sistema nacional integrado de identifica\u00e7\u00e3o e disponibilizar a identidade [&hellip;]","og_url":"https:\/\/cnr.org.br\/novoportal\/tse-e-uniao-assinam-acordo-para-oferecer-identidade-digital\/","og_site_name":"CNR","article_published_time":"2021-03-18T15:48:21+00:00","article_modified_time":"2021-07-27T18:58:28+00:00","og_image":[{"width":1940,"height":1240,"url":"https:\/\/cnr.org.br\/novoportal\/wp-content\/uploads\/2021\/07\/Tamanho-Oficial-para-as-fotos-do-Site-da-CNR-20.png","type":"image\/png"}],"author":"Imprensa CNR","twitter_card":"summary_large_image","twitter_misc":{"Escrito por":"Imprensa CNR","Est. tempo de leitura":"3 minutos"},"schema":{"@context":"https:\/\/schema.org","@graph":[{"@type":"Article","@id":"https:\/\/cnr.org.br\/novoportal\/tse-e-uniao-assinam-acordo-para-oferecer-identidade-digital\/#article","isPartOf":{"@id":"https:\/\/cnr.org.br\/novoportal\/tse-e-uniao-assinam-acordo-para-oferecer-identidade-digital\/"},"author":{"name":"Imprensa CNR","@id":"https:\/\/cnr.org.br\/novoportal\/#\/schema\/person\/1f46209cd8c9d3d9887a0765b64ca66b"},"headline":"TSE e Uni\u00e3o assinam acordo para oferecer identidade digital","datePublished":"2021-03-18T15:48:21+00:00","dateModified":"2021-07-27T18:58:28+00:00","mainEntityOfPage":{"@id":"https:\/\/cnr.org.br\/novoportal\/tse-e-uniao-assinam-acordo-para-oferecer-identidade-digital\/"},"wordCount":628,"publisher":{"@id":"https:\/\/cnr.org.br\/novoportal\/#organization"},"image":{"@id":"https:\/\/cnr.org.br\/novoportal\/tse-e-uniao-assinam-acordo-para-oferecer-identidade-digital\/#primaryimage"},"thumbnailUrl":"https:\/\/cnr.org.br\/site\/wp-content\/uploads\/2021\/07\/Tamanho-Oficial-para-as-fotos-do-Site-da-CNR-20.png","articleSection":["Home","Not\u00edcia","\u00daltimas Not\u00edcias"],"inLanguage":"pt-BR"},{"@type":"WebPage","@id":"https:\/\/cnr.org.br\/novoportal\/tse-e-uniao-assinam-acordo-para-oferecer-identidade-digital\/","url":"https:\/\/cnr.org.br\/novoportal\/tse-e-uniao-assinam-acordo-para-oferecer-identidade-digital\/","name":"TSE e Uni\u00e3o assinam acordo para oferecer identidade digital - CNR","isPartOf":{"@id":"https:\/\/cnr.org.br\/novoportal\/#website"},"primaryImageOfPage":{"@id":"https:\/\/cnr.org.br\/novoportal\/tse-e-uniao-assinam-acordo-para-oferecer-identidade-digital\/#primaryimage"},"image":{"@id":"https:\/\/cnr.org.br\/novoportal\/tse-e-uniao-assinam-acordo-para-oferecer-identidade-digital\/#primaryimage"},"thumbnailUrl":"https:\/\/cnr.org.br\/site\/wp-content\/uploads\/2021\/07\/Tamanho-Oficial-para-as-fotos-do-Site-da-CNR-20.png","datePublished":"2021-03-18T15:48:21+00:00","dateModified":"2021-07-27T18:58:28+00:00","breadcrumb":{"@id":"https:\/\/cnr.org.br\/novoportal\/tse-e-uniao-assinam-acordo-para-oferecer-identidade-digital\/#breadcrumb"},"inLanguage":"pt-BR","potentialAction":[{"@type":"ReadAction","target":["https:\/\/cnr.org.br\/novoportal\/tse-e-uniao-assinam-acordo-para-oferecer-identidade-digital\/"]}]},{"@type":"ImageObject","inLanguage":"pt-BR","@id":"https:\/\/cnr.org.br\/novoportal\/tse-e-uniao-assinam-acordo-para-oferecer-identidade-digital\/#primaryimage","url":"https:\/\/cnr.org.br\/site\/wp-content\/uploads\/2021\/07\/Tamanho-Oficial-para-as-fotos-do-Site-da-CNR-20.png","contentUrl":"https:\/\/cnr.org.br\/site\/wp-content\/uploads\/2021\/07\/Tamanho-Oficial-para-as-fotos-do-Site-da-CNR-20.png","width":1940,"height":1240,"caption":"Foto: Canva Pr\u00f3"},{"@type":"BreadcrumbList","@id":"https:\/\/cnr.org.br\/novoportal\/tse-e-uniao-assinam-acordo-para-oferecer-identidade-digital\/#breadcrumb","itemListElement":[{"@type":"ListItem","position":1,"name":"In\u00edcio","item":"https:\/\/cnr.org.br\/site\/"},{"@type":"ListItem","position":2,"name":"TSE e Uni\u00e3o assinam acordo para oferecer identidade digital"}]},{"@type":"WebSite","@id":"https:\/\/cnr.org.br\/novoportal\/#website","url":"https:\/\/cnr.org.br\/novoportal\/","name":"CNR","description":"Confedera\u00e7\u00e3o Nacional de Not\u00e1rios e Registradores","publisher":{"@id":"https:\/\/cnr.org.br\/novoportal\/#organization"},"potentialAction":[{"@type":"SearchAction","target":{"@type":"EntryPoint","urlTemplate":"https:\/\/cnr.org.br\/novoportal\/?s={search_term_string}"},"query-input":{"@type":"PropertyValueSpecification","valueRequired":true,"valueName":"search_term_string"}}],"inLanguage":"pt-BR"},{"@type":"Organization","@id":"https:\/\/cnr.org.br\/novoportal\/#organization","name":"CNR","url":"https:\/\/cnr.org.br\/novoportal\/","logo":{"@type":"ImageObject","inLanguage":"pt-BR","@id":"https:\/\/cnr.org.br\/novoportal\/#\/schema\/logo\/image\/","url":"https:\/\/cnr.org.br\/site\/wp-content\/uploads\/2026\/02\/Logo_CNR_completa_colorida_2024.png","contentUrl":"https:\/\/cnr.org.br\/site\/wp-content\/uploads\/2026\/02\/Logo_CNR_completa_colorida_2024.png","width":910,"height":450,"caption":"CNR"},"image":{"@id":"https:\/\/cnr.org.br\/novoportal\/#\/schema\/logo\/image\/"}},{"@type":"Person","@id":"https:\/\/cnr.org.br\/novoportal\/#\/schema\/person\/1f46209cd8c9d3d9887a0765b64ca66b","name":"Imprensa CNR","sameAs":["https:\/\/cnr.org.br\/site"],"url":"https:\/\/cnr.org.br\/site\/author\/imprensa\/"}]}},"_links":{"self":[{"href":"https:\/\/cnr.org.br\/site\/wp-json\/wp\/v2\/posts\/22845","targetHints":{"allow":["GET"]}}],"collection":[{"href":"https:\/\/cnr.org.br\/site\/wp-json\/wp\/v2\/posts"}],"about":[{"href":"https:\/\/cnr.org.br\/site\/wp-json\/wp\/v2\/types\/post"}],"author":[{"embeddable":true,"href":"https:\/\/cnr.org.br\/site\/wp-json\/wp\/v2\/users\/2"}],"replies":[{"embeddable":true,"href":"https:\/\/cnr.org.br\/site\/wp-json\/wp\/v2\/comments?post=22845"}],"version-history":[{"count":0,"href":"https:\/\/cnr.org.br\/site\/wp-json\/wp\/v2\/posts\/22845\/revisions"}],"wp:featuredmedia":[{"embeddable":true,"href":"https:\/\/cnr.org.br\/site\/wp-json\/wp\/v2\/media\/23270"}],"wp:attachment":[{"href":"https:\/\/cnr.org.br\/site\/wp-json\/wp\/v2\/media?parent=22845"}],"wp:term":[{"taxonomy":"category","embeddable":true,"href":"https:\/\/cnr.org.br\/site\/wp-json\/wp\/v2\/categories?post=22845"},{"taxonomy":"post_tag","embeddable":true,"href":"https:\/\/cnr.org.br\/site\/wp-json\/wp\/v2\/tags?post=22845"}],"curies":[{"name":"wp","href":"https:\/\/api.w.org\/{rel}","templated":true}]}}