{"id":22868,"date":"2021-03-19T12:12:03","date_gmt":"2021-03-19T15:12:03","guid":{"rendered":"https:\/\/cnr.org.br\/site\/?p=22868"},"modified":"2021-03-19T12:12:05","modified_gmt":"2021-03-19T15:12:05","slug":"medida-provisoria-traz-regras-para-o-pagamento-do-novo-auxilio-emergencial","status":"publish","type":"post","link":"https:\/\/cnr.org.br\/site\/medida-provisoria-traz-regras-para-o-pagamento-do-novo-auxilio-emergencial\/","title":{"rendered":"Medida provis\u00f3ria traz regras para o pagamento do novo aux\u00edlio emergencial"},"content":{"rendered":"<div id=\"dslc-theme-content\"><div id=\"dslc-theme-content-inner\">\n<p class=\"wp-block-paragraph\"><em>Ser\u00e3o pagas quatro parcelas mensais de R$ 250, em m\u00e9dia, destinadas aos benefici\u00e1rios do aux\u00edlio emergencial pago em 2020; cerca de 45,6 milh\u00f5es de pessoas poder\u00e3o ser beneficiadas<\/em><\/p>\n\n\n\n<p class=\"wp-block-paragraph\">A Medida Provis\u00f3ria 1039\/21 traz as regras para o pagamento do aux\u00edlio emergencial em 2021 para pessoas em situa\u00e7\u00e3o de vulnerabilidade devido \u00e0 pandemia de Covid-19.<\/p>\n\n\n\n<p class=\"wp-block-paragraph\">Agora ser\u00e3o quatro parcelas mensais de R$ 250 destinadas aos benefici\u00e1rios do aux\u00edlio emergencial pago em 2020, considerada a lista em dezembro. No caso da mulher provedora de fam\u00edlia monoparental, a parcela mensal ser\u00e1 maior, de R$ 375; na hip\u00f3tese de fam\u00edlia unipessoal, o valor ser\u00e1 menor, de R$ 150.<\/p>\n\n\n\n<p class=\"wp-block-paragraph\">O aux\u00edlio emergencial em 2021 foi viabilizado pela <a href=\"https:\/\/www.in.gov.br\/en\/web\/dou\/-\/emenda-constitucional-n-109-308527609\">Emenda Constitucional 109<\/a>, <a href=\"https:\/\/www.camara.leg.br\/noticias\/736147-CONGRESSO-PROMULGA-EMENDA-CONSTITUCIONAL-QUE-GARANTE-VOLTA-DO-AUXILIO-EMERGENCIAL\">promulgada<\/a> nesta semana. Foram liberados at\u00e9 R$ 44 bilh\u00f5es para o benef\u00edcio, montante fora da regra do teto de gastos, das restri\u00e7\u00f5es para endividamento da Uni\u00e3o (\u201cregra de ouro\u201d) e da meta de super\u00e1vit prim\u00e1rio das contas p\u00fablicas.<\/p>\n\n\n\n<p class=\"wp-block-paragraph\">No ano passado, foram pagas duas rodadas de aux\u00edlio emergencial, com cinco parcelas de R$ 600 mensais e, depois, quatro de R$ 300. Mulheres chefes de fam\u00edlia receberam em dobro, e mais de uma pessoa por fam\u00edlia teve direito \u00e0 ajuda. O governo gastou <a href=\"https:\/\/www2.camara.leg.br\/orcamento-da-uniao\/raio-x-do-orcamento-previdencia\/raio-x-do-covid-2019%20-%202020%20Consolidado\">R$ 293 bilh\u00f5es com 68,2 milh\u00f5es de pessoas<\/a>.<\/p>\n\n\n\n<p class=\"wp-block-paragraph\">A MP foi publicada nesta quinta-feira (18), em edi\u00e7\u00e3o extra do \u201cDi\u00e1rio Oficial da Uni\u00e3o\u201d, junto com outras duas medidas provis\u00f3rias que abrem cr\u00e9ditos extraordin\u00e1rios, no valor de quase R$ 43 bilh\u00f5es, para pagamento do aux\u00edlio de abril a julho (MPs 1037\/21 e 1038\/21). Segundo o governo, nessa etapa ser\u00e3o beneficiadas 45,6 milh\u00f5es de pessoas.<\/p>\n\n\n\n<p class=\"wp-block-paragraph\"><strong>Regras atualizadas<\/strong><br>O recebimento do aux\u00edlio emergencial ser\u00e1 limitado a uma pessoa por fam\u00edlia \u2013 se j\u00e1 for atendida pelo Programa Bolsa Fam\u00edlia, ter\u00e1 direito ao benef\u00edcio de maior valor. A renda familiar total dever\u00e1 ser de at\u00e9 3 sal\u00e1rios m\u00ednimos (R$ 3.300), respeitado ainda o limite per capita de at\u00e9 1\/2 sal\u00e1rio m\u00ednimo (R$ 550).<\/p>\n\n\n\n<p class=\"wp-block-paragraph\">N\u00e3o ter\u00e1 direito quem recebeu, em 2019, rendimentos tribut\u00e1veis acima de R$ 28.559,70 ou teve rendimentos isentos, n\u00e3o tribut\u00e1veis ou tributados exclusivamente na fonte superiores a R$ 40 mil; tenha bens em montante total acima de R$ 300 mil; more no exterior; ou esteja preso em regime fechado.<\/p>\n\n\n\n<p class=\"wp-block-paragraph\">O benefici\u00e1rio dever\u00e1 ter mais de 18 anos, exceto se for m\u00e3e adolescente; n\u00e3o deve ter v\u00ednculo de emprego formal na iniciativa privada e no servi\u00e7o p\u00fablico; e n\u00e3o pode ter sido inclu\u00eddo em 2019 como dependente no Imposto de Renda \u2013 c\u00f4njuge ou companheiro e filho ou enteado (at\u00e9 21 anos ou estudante at\u00e9 24).<\/p>\n\n\n\n<p class=\"wp-block-paragraph\">Est\u00e3o fora ainda o estagi\u00e1rio; o residente m\u00e9dico ou residente multiprofissional; e os benefici\u00e1rios de bolsas da Coordena\u00e7\u00e3o de Aperfei\u00e7oamento de Pessoal de N\u00edvel Superior (Capes), do Conselho Nacional de Desenvolvimento Cient\u00edfico e Tecnol\u00f3gico (CNPq) ou de \u00f3rg\u00e3o p\u00fablico municipal, estadual, distrital ou federal.<\/p>\n\n\n\n<p class=\"wp-block-paragraph\">Por fim, n\u00e3o ter\u00e3o direito as pessoas que recebem outros benef\u00edcios federais ou constam como instituidor de pens\u00e3o por morte; tiverem indicativo de \u00f3bito nas bases de dados do governo federal; ou n\u00e3o tenham movimentado as contas banc\u00e1rias que receberam aux\u00edlio emergencial durante o ano passado.<\/p>\n\n\n\n<p class=\"wp-block-paragraph\"><strong>Detalhamento<\/strong><br>Conforme a MP 1037\/21, o aux\u00edlio emergencial partir\u00e1 da emiss\u00e3o de quase R$ 42,6 bilh\u00f5es em t\u00edtulos p\u00fablicos. J\u00e1 a MP 1038\/21 prev\u00ea, a partir de receitas com concess\u00f5es e permiss\u00f5es, R$ 384 milh\u00f5es para custeio e R$ 10 milh\u00f5es para servidores do Minist\u00e9rio da Cidadania e da Advocacia-Geral da Uni\u00e3o.<\/p>\n\n\n\n<p class=\"wp-block-paragraph\">Do total, R$ 23,4 bilh\u00f5es ser\u00e3o destinados ao p\u00fablico j\u00e1 inscrito em plataformas digitais da Caixa (28.624.776 benefici\u00e1rios); R$ 6,5 bilh\u00f5es para integrantes do Cadastro \u00danico do Governo Federal (6.301.073 benefici\u00e1rios); e R$ 12,7 bilh\u00f5es para pessoas atendidas pelo Programa Bolsa Fam\u00edlia (10.697.777 benefici\u00e1rios).<\/p>\n\n\n\n<p class=\"wp-block-paragraph\"><strong>Tramita\u00e7\u00e3o<\/strong><br>As tr\u00eas medidas provis\u00f3rias devem ser analisadas pelos plen\u00e1rios da C\u00e2mara dos Deputados e do Senado, conforme <a href=\"https:\/\/www.camara.leg.br\/noticias\/650212-medidas-provisorias-serao-votadas-em-ate-16-dias-durante-periodo-da-pandemia\/\">rito sum\u00e1rio<\/a> adotado em raz\u00e3o da pandemia de coronav\u00edrus.<\/p>\n\n\n\n<p class=\"wp-block-paragraph\"><a href=\"https:\/\/www.camara.leg.br\/noticias\/573452-saiba-mais-sobre-a-tramitacao-de-mps\/\">Saiba mais sobre a tramita\u00e7\u00e3o de medidas provis\u00f3rias<\/a><\/p>\n\n\n\n<p class=\"wp-block-paragraph\">Reportagem \u2013 Ralph Machado<br>Edi\u00e7\u00e3o \u2013 Natalia Doederlein<br>Com informa\u00e7\u00f5es da Ag\u00eancia Brasil<\/p>\n\n\n\n<p class=\"wp-block-paragraph\">Fonte: Ag\u00eancia C\u00e2mara de Not\u00edcias<\/p>\n<\/div><\/div>","protected":false},"excerpt":{"rendered":"<p>Ser\u00e3o pagas quatro parcelas mensais de R$ 250, em m\u00e9dia, destinadas aos benefici\u00e1rios do aux\u00edlio emergencial pago em 2020; cerca de 45,6 milh\u00f5es de pessoas poder\u00e3o ser beneficiadas A Medida Provis\u00f3ria 1039\/21 traz as regras para o pagamento do aux\u00edlio emergencial em 2021 para pessoas em situa\u00e7\u00e3o de vulnerabilidade devido \u00e0 pandemia de Covid-19. Agora [&hellip;]<\/p>\n","protected":false},"author":2,"featured_media":22681,"comment_status":"closed","ping_status":"closed","sticky":false,"template":"","format":"standard","meta":{"footnotes":"","_links_to":"","_links_to_target":""},"categories":[525,55,47],"tags":[],"class_list":["post-22868","post","type-post","status-publish","format-standard","has-post-thumbnail","hentry","category-home","category-noticia","category-ultimas-noticias"],"yoast_head":"<!-- This site is optimized with the Yoast SEO plugin v28.4 - https:\/\/yoast.com\/product\/yoast-seo-wordpress\/ -->\n<title>Medida provis\u00f3ria traz regras para o pagamento do novo aux\u00edlio emergencial - CNR<\/title>\n<meta name=\"robots\" content=\"index, follow, max-snippet:-1, max-image-preview:large, max-video-preview:-1\" \/>\n<link rel=\"canonical\" href=\"https:\/\/cnr.org.br\/novoportal\/medida-provisoria-traz-regras-para-o-pagamento-do-novo-auxilio-emergencial\/\" \/>\n<meta property=\"og:locale\" content=\"pt_BR\" \/>\n<meta property=\"og:type\" content=\"article\" \/>\n<meta property=\"og:title\" content=\"Medida provis\u00f3ria traz regras para o pagamento do novo aux\u00edlio emergencial - CNR\" \/>\n<meta property=\"og:description\" content=\"Ser\u00e3o pagas quatro parcelas mensais de R$ 250, em m\u00e9dia, destinadas aos benefici\u00e1rios do aux\u00edlio emergencial pago em 2020; cerca de 45,6 milh\u00f5es de pessoas poder\u00e3o ser beneficiadas A Medida Provis\u00f3ria 1039\/21 traz as regras para o pagamento do aux\u00edlio emergencial em 2021 para pessoas em situa\u00e7\u00e3o de vulnerabilidade devido \u00e0 pandemia de Covid-19. Agora [&hellip;]\" \/>\n<meta property=\"og:url\" content=\"https:\/\/cnr.org.br\/novoportal\/medida-provisoria-traz-regras-para-o-pagamento-do-novo-auxilio-emergencial\/\" \/>\n<meta property=\"og:site_name\" content=\"CNR\" \/>\n<meta property=\"article:published_time\" content=\"2021-03-19T15:12:03+00:00\" \/>\n<meta property=\"article:modified_time\" content=\"2021-03-19T15:12:05+00:00\" \/>\n<meta property=\"og:image\" content=\"https:\/\/cnr.org.br\/novoportal\/wp-content\/uploads\/2021\/02\/21_07_2020_app_auxilio_emergencial.jpg\" \/>\n\t<meta property=\"og:image:width\" content=\"1170\" \/>\n\t<meta property=\"og:image:height\" content=\"700\" \/>\n\t<meta property=\"og:image:type\" content=\"image\/jpeg\" \/>\n<meta name=\"author\" content=\"Imprensa CNR\" \/>\n<meta name=\"twitter:card\" content=\"summary_large_image\" \/>\n<meta name=\"twitter:label1\" content=\"Escrito por\" \/>\n\t<meta name=\"twitter:data1\" content=\"Imprensa CNR\" \/>\n\t<meta name=\"twitter:label2\" content=\"Est. tempo de leitura\" \/>\n\t<meta name=\"twitter:data2\" content=\"3 minutos\" \/>\n<script type=\"application\/ld+json\" class=\"yoast-schema-graph\">{\"@context\":\"https:\\\/\\\/schema.org\",\"@graph\":[{\"@type\":\"Article\",\"@id\":\"https:\\\/\\\/cnr.org.br\\\/novoportal\\\/medida-provisoria-traz-regras-para-o-pagamento-do-novo-auxilio-emergencial\\\/#article\",\"isPartOf\":{\"@id\":\"https:\\\/\\\/cnr.org.br\\\/novoportal\\\/medida-provisoria-traz-regras-para-o-pagamento-do-novo-auxilio-emergencial\\\/\"},\"author\":{\"name\":\"Imprensa CNR\",\"@id\":\"https:\\\/\\\/cnr.org.br\\\/novoportal\\\/#\\\/schema\\\/person\\\/1f46209cd8c9d3d9887a0765b64ca66b\"},\"headline\":\"Medida provis\u00f3ria traz regras para o pagamento do novo aux\u00edlio emergencial\",\"datePublished\":\"2021-03-19T15:12:03+00:00\",\"dateModified\":\"2021-03-19T15:12:05+00:00\",\"mainEntityOfPage\":{\"@id\":\"https:\\\/\\\/cnr.org.br\\\/novoportal\\\/medida-provisoria-traz-regras-para-o-pagamento-do-novo-auxilio-emergencial\\\/\"},\"wordCount\":733,\"publisher\":{\"@id\":\"https:\\\/\\\/cnr.org.br\\\/novoportal\\\/#organization\"},\"image\":{\"@id\":\"https:\\\/\\\/cnr.org.br\\\/novoportal\\\/medida-provisoria-traz-regras-para-o-pagamento-do-novo-auxilio-emergencial\\\/#primaryimage\"},\"thumbnailUrl\":\"https:\\\/\\\/cnr.org.br\\\/site\\\/wp-content\\\/uploads\\\/2021\\\/02\\\/21_07_2020_app_auxilio_emergencial.jpg\",\"articleSection\":[\"Home\",\"Not\u00edcia\",\"\u00daltimas Not\u00edcias\"],\"inLanguage\":\"pt-BR\"},{\"@type\":\"WebPage\",\"@id\":\"https:\\\/\\\/cnr.org.br\\\/novoportal\\\/medida-provisoria-traz-regras-para-o-pagamento-do-novo-auxilio-emergencial\\\/\",\"url\":\"https:\\\/\\\/cnr.org.br\\\/novoportal\\\/medida-provisoria-traz-regras-para-o-pagamento-do-novo-auxilio-emergencial\\\/\",\"name\":\"Medida provis\u00f3ria traz regras para o pagamento do novo aux\u00edlio emergencial - CNR\",\"isPartOf\":{\"@id\":\"https:\\\/\\\/cnr.org.br\\\/novoportal\\\/#website\"},\"primaryImageOfPage\":{\"@id\":\"https:\\\/\\\/cnr.org.br\\\/novoportal\\\/medida-provisoria-traz-regras-para-o-pagamento-do-novo-auxilio-emergencial\\\/#primaryimage\"},\"image\":{\"@id\":\"https:\\\/\\\/cnr.org.br\\\/novoportal\\\/medida-provisoria-traz-regras-para-o-pagamento-do-novo-auxilio-emergencial\\\/#primaryimage\"},\"thumbnailUrl\":\"https:\\\/\\\/cnr.org.br\\\/site\\\/wp-content\\\/uploads\\\/2021\\\/02\\\/21_07_2020_app_auxilio_emergencial.jpg\",\"datePublished\":\"2021-03-19T15:12:03+00:00\",\"dateModified\":\"2021-03-19T15:12:05+00:00\",\"breadcrumb\":{\"@id\":\"https:\\\/\\\/cnr.org.br\\\/novoportal\\\/medida-provisoria-traz-regras-para-o-pagamento-do-novo-auxilio-emergencial\\\/#breadcrumb\"},\"inLanguage\":\"pt-BR\",\"potentialAction\":[{\"@type\":\"ReadAction\",\"target\":[\"https:\\\/\\\/cnr.org.br\\\/novoportal\\\/medida-provisoria-traz-regras-para-o-pagamento-do-novo-auxilio-emergencial\\\/\"]}]},{\"@type\":\"ImageObject\",\"inLanguage\":\"pt-BR\",\"@id\":\"https:\\\/\\\/cnr.org.br\\\/novoportal\\\/medida-provisoria-traz-regras-para-o-pagamento-do-novo-auxilio-emergencial\\\/#primaryimage\",\"url\":\"https:\\\/\\\/cnr.org.br\\\/site\\\/wp-content\\\/uploads\\\/2021\\\/02\\\/21_07_2020_app_auxilio_emergencial.jpg\",\"contentUrl\":\"https:\\\/\\\/cnr.org.br\\\/site\\\/wp-content\\\/uploads\\\/2021\\\/02\\\/21_07_2020_app_auxilio_emergencial.jpg\",\"width\":1170,\"height\":700,\"caption\":\"Marcelo Camargo \\\/ Ag\u00eancia Brasil\"},{\"@type\":\"BreadcrumbList\",\"@id\":\"https:\\\/\\\/cnr.org.br\\\/novoportal\\\/medida-provisoria-traz-regras-para-o-pagamento-do-novo-auxilio-emergencial\\\/#breadcrumb\",\"itemListElement\":[{\"@type\":\"ListItem\",\"position\":1,\"name\":\"In\u00edcio\",\"item\":\"https:\\\/\\\/cnr.org.br\\\/site\\\/\"},{\"@type\":\"ListItem\",\"position\":2,\"name\":\"Medida provis\u00f3ria traz regras para o pagamento do novo aux\u00edlio emergencial\"}]},{\"@type\":\"WebSite\",\"@id\":\"https:\\\/\\\/cnr.org.br\\\/novoportal\\\/#website\",\"url\":\"https:\\\/\\\/cnr.org.br\\\/novoportal\\\/\",\"name\":\"CNR\",\"description\":\"Confedera\u00e7\u00e3o Nacional de Not\u00e1rios e Registradores\",\"publisher\":{\"@id\":\"https:\\\/\\\/cnr.org.br\\\/novoportal\\\/#organization\"},\"potentialAction\":[{\"@type\":\"SearchAction\",\"target\":{\"@type\":\"EntryPoint\",\"urlTemplate\":\"https:\\\/\\\/cnr.org.br\\\/novoportal\\\/?s={search_term_string}\"},\"query-input\":{\"@type\":\"PropertyValueSpecification\",\"valueRequired\":true,\"valueName\":\"search_term_string\"}}],\"inLanguage\":\"pt-BR\"},{\"@type\":\"Organization\",\"@id\":\"https:\\\/\\\/cnr.org.br\\\/novoportal\\\/#organization\",\"name\":\"CNR\",\"url\":\"https:\\\/\\\/cnr.org.br\\\/novoportal\\\/\",\"logo\":{\"@type\":\"ImageObject\",\"inLanguage\":\"pt-BR\",\"@id\":\"https:\\\/\\\/cnr.org.br\\\/novoportal\\\/#\\\/schema\\\/logo\\\/image\\\/\",\"url\":\"https:\\\/\\\/cnr.org.br\\\/site\\\/wp-content\\\/uploads\\\/2026\\\/02\\\/Logo_CNR_completa_colorida_2024.png\",\"contentUrl\":\"https:\\\/\\\/cnr.org.br\\\/site\\\/wp-content\\\/uploads\\\/2026\\\/02\\\/Logo_CNR_completa_colorida_2024.png\",\"width\":910,\"height\":450,\"caption\":\"CNR\"},\"image\":{\"@id\":\"https:\\\/\\\/cnr.org.br\\\/novoportal\\\/#\\\/schema\\\/logo\\\/image\\\/\"}},{\"@type\":\"Person\",\"@id\":\"https:\\\/\\\/cnr.org.br\\\/novoportal\\\/#\\\/schema\\\/person\\\/1f46209cd8c9d3d9887a0765b64ca66b\",\"name\":\"Imprensa CNR\",\"sameAs\":[\"https:\\\/\\\/cnr.org.br\\\/site\"],\"url\":\"https:\\\/\\\/cnr.org.br\\\/site\\\/author\\\/imprensa\\\/\"}]}<\/script>\n<!-- \/ Yoast SEO plugin. -->","yoast_head_json":{"title":"Medida provis\u00f3ria traz regras para o pagamento do novo aux\u00edlio emergencial - CNR","robots":{"index":"index","follow":"follow","max-snippet":"max-snippet:-1","max-image-preview":"max-image-preview:large","max-video-preview":"max-video-preview:-1"},"canonical":"https:\/\/cnr.org.br\/novoportal\/medida-provisoria-traz-regras-para-o-pagamento-do-novo-auxilio-emergencial\/","og_locale":"pt_BR","og_type":"article","og_title":"Medida provis\u00f3ria traz regras para o pagamento do novo aux\u00edlio emergencial - CNR","og_description":"Ser\u00e3o pagas quatro parcelas mensais de R$ 250, em m\u00e9dia, destinadas aos benefici\u00e1rios do aux\u00edlio emergencial pago em 2020; cerca de 45,6 milh\u00f5es de pessoas poder\u00e3o ser beneficiadas A Medida Provis\u00f3ria 1039\/21 traz as regras para o pagamento do aux\u00edlio emergencial em 2021 para pessoas em situa\u00e7\u00e3o de vulnerabilidade devido \u00e0 pandemia de Covid-19. Agora [&hellip;]","og_url":"https:\/\/cnr.org.br\/novoportal\/medida-provisoria-traz-regras-para-o-pagamento-do-novo-auxilio-emergencial\/","og_site_name":"CNR","article_published_time":"2021-03-19T15:12:03+00:00","article_modified_time":"2021-03-19T15:12:05+00:00","og_image":[{"width":1170,"height":700,"url":"https:\/\/cnr.org.br\/novoportal\/wp-content\/uploads\/2021\/02\/21_07_2020_app_auxilio_emergencial.jpg","type":"image\/jpeg"}],"author":"Imprensa CNR","twitter_card":"summary_large_image","twitter_misc":{"Escrito por":"Imprensa CNR","Est. tempo de leitura":"3 minutos"},"schema":{"@context":"https:\/\/schema.org","@graph":[{"@type":"Article","@id":"https:\/\/cnr.org.br\/novoportal\/medida-provisoria-traz-regras-para-o-pagamento-do-novo-auxilio-emergencial\/#article","isPartOf":{"@id":"https:\/\/cnr.org.br\/novoportal\/medida-provisoria-traz-regras-para-o-pagamento-do-novo-auxilio-emergencial\/"},"author":{"name":"Imprensa CNR","@id":"https:\/\/cnr.org.br\/novoportal\/#\/schema\/person\/1f46209cd8c9d3d9887a0765b64ca66b"},"headline":"Medida provis\u00f3ria traz regras para o pagamento do novo aux\u00edlio emergencial","datePublished":"2021-03-19T15:12:03+00:00","dateModified":"2021-03-19T15:12:05+00:00","mainEntityOfPage":{"@id":"https:\/\/cnr.org.br\/novoportal\/medida-provisoria-traz-regras-para-o-pagamento-do-novo-auxilio-emergencial\/"},"wordCount":733,"publisher":{"@id":"https:\/\/cnr.org.br\/novoportal\/#organization"},"image":{"@id":"https:\/\/cnr.org.br\/novoportal\/medida-provisoria-traz-regras-para-o-pagamento-do-novo-auxilio-emergencial\/#primaryimage"},"thumbnailUrl":"https:\/\/cnr.org.br\/site\/wp-content\/uploads\/2021\/02\/21_07_2020_app_auxilio_emergencial.jpg","articleSection":["Home","Not\u00edcia","\u00daltimas Not\u00edcias"],"inLanguage":"pt-BR"},{"@type":"WebPage","@id":"https:\/\/cnr.org.br\/novoportal\/medida-provisoria-traz-regras-para-o-pagamento-do-novo-auxilio-emergencial\/","url":"https:\/\/cnr.org.br\/novoportal\/medida-provisoria-traz-regras-para-o-pagamento-do-novo-auxilio-emergencial\/","name":"Medida provis\u00f3ria traz regras para o pagamento do novo aux\u00edlio emergencial - CNR","isPartOf":{"@id":"https:\/\/cnr.org.br\/novoportal\/#website"},"primaryImageOfPage":{"@id":"https:\/\/cnr.org.br\/novoportal\/medida-provisoria-traz-regras-para-o-pagamento-do-novo-auxilio-emergencial\/#primaryimage"},"image":{"@id":"https:\/\/cnr.org.br\/novoportal\/medida-provisoria-traz-regras-para-o-pagamento-do-novo-auxilio-emergencial\/#primaryimage"},"thumbnailUrl":"https:\/\/cnr.org.br\/site\/wp-content\/uploads\/2021\/02\/21_07_2020_app_auxilio_emergencial.jpg","datePublished":"2021-03-19T15:12:03+00:00","dateModified":"2021-03-19T15:12:05+00:00","breadcrumb":{"@id":"https:\/\/cnr.org.br\/novoportal\/medida-provisoria-traz-regras-para-o-pagamento-do-novo-auxilio-emergencial\/#breadcrumb"},"inLanguage":"pt-BR","potentialAction":[{"@type":"ReadAction","target":["https:\/\/cnr.org.br\/novoportal\/medida-provisoria-traz-regras-para-o-pagamento-do-novo-auxilio-emergencial\/"]}]},{"@type":"ImageObject","inLanguage":"pt-BR","@id":"https:\/\/cnr.org.br\/novoportal\/medida-provisoria-traz-regras-para-o-pagamento-do-novo-auxilio-emergencial\/#primaryimage","url":"https:\/\/cnr.org.br\/site\/wp-content\/uploads\/2021\/02\/21_07_2020_app_auxilio_emergencial.jpg","contentUrl":"https:\/\/cnr.org.br\/site\/wp-content\/uploads\/2021\/02\/21_07_2020_app_auxilio_emergencial.jpg","width":1170,"height":700,"caption":"Marcelo Camargo \/ Ag\u00eancia Brasil"},{"@type":"BreadcrumbList","@id":"https:\/\/cnr.org.br\/novoportal\/medida-provisoria-traz-regras-para-o-pagamento-do-novo-auxilio-emergencial\/#breadcrumb","itemListElement":[{"@type":"ListItem","position":1,"name":"In\u00edcio","item":"https:\/\/cnr.org.br\/site\/"},{"@type":"ListItem","position":2,"name":"Medida provis\u00f3ria traz regras para o pagamento do novo aux\u00edlio emergencial"}]},{"@type":"WebSite","@id":"https:\/\/cnr.org.br\/novoportal\/#website","url":"https:\/\/cnr.org.br\/novoportal\/","name":"CNR","description":"Confedera\u00e7\u00e3o Nacional de Not\u00e1rios e Registradores","publisher":{"@id":"https:\/\/cnr.org.br\/novoportal\/#organization"},"potentialAction":[{"@type":"SearchAction","target":{"@type":"EntryPoint","urlTemplate":"https:\/\/cnr.org.br\/novoportal\/?s={search_term_string}"},"query-input":{"@type":"PropertyValueSpecification","valueRequired":true,"valueName":"search_term_string"}}],"inLanguage":"pt-BR"},{"@type":"Organization","@id":"https:\/\/cnr.org.br\/novoportal\/#organization","name":"CNR","url":"https:\/\/cnr.org.br\/novoportal\/","logo":{"@type":"ImageObject","inLanguage":"pt-BR","@id":"https:\/\/cnr.org.br\/novoportal\/#\/schema\/logo\/image\/","url":"https:\/\/cnr.org.br\/site\/wp-content\/uploads\/2026\/02\/Logo_CNR_completa_colorida_2024.png","contentUrl":"https:\/\/cnr.org.br\/site\/wp-content\/uploads\/2026\/02\/Logo_CNR_completa_colorida_2024.png","width":910,"height":450,"caption":"CNR"},"image":{"@id":"https:\/\/cnr.org.br\/novoportal\/#\/schema\/logo\/image\/"}},{"@type":"Person","@id":"https:\/\/cnr.org.br\/novoportal\/#\/schema\/person\/1f46209cd8c9d3d9887a0765b64ca66b","name":"Imprensa CNR","sameAs":["https:\/\/cnr.org.br\/site"],"url":"https:\/\/cnr.org.br\/site\/author\/imprensa\/"}]}},"_links":{"self":[{"href":"https:\/\/cnr.org.br\/site\/wp-json\/wp\/v2\/posts\/22868","targetHints":{"allow":["GET"]}}],"collection":[{"href":"https:\/\/cnr.org.br\/site\/wp-json\/wp\/v2\/posts"}],"about":[{"href":"https:\/\/cnr.org.br\/site\/wp-json\/wp\/v2\/types\/post"}],"author":[{"embeddable":true,"href":"https:\/\/cnr.org.br\/site\/wp-json\/wp\/v2\/users\/2"}],"replies":[{"embeddable":true,"href":"https:\/\/cnr.org.br\/site\/wp-json\/wp\/v2\/comments?post=22868"}],"version-history":[{"count":0,"href":"https:\/\/cnr.org.br\/site\/wp-json\/wp\/v2\/posts\/22868\/revisions"}],"wp:featuredmedia":[{"embeddable":true,"href":"https:\/\/cnr.org.br\/site\/wp-json\/wp\/v2\/media\/22681"}],"wp:attachment":[{"href":"https:\/\/cnr.org.br\/site\/wp-json\/wp\/v2\/media?parent=22868"}],"wp:term":[{"taxonomy":"category","embeddable":true,"href":"https:\/\/cnr.org.br\/site\/wp-json\/wp\/v2\/categories?post=22868"},{"taxonomy":"post_tag","embeddable":true,"href":"https:\/\/cnr.org.br\/site\/wp-json\/wp\/v2\/tags?post=22868"}],"curies":[{"name":"wp","href":"https:\/\/api.w.org\/{rel}","templated":true}]}}