{"id":22934,"date":"2021-04-09T15:34:22","date_gmt":"2021-04-09T18:34:22","guid":{"rendered":"https:\/\/cnr.org.br\/site\/?p=22934"},"modified":"2021-04-09T15:56:38","modified_gmt":"2021-04-09T18:56:38","slug":"falta-de-registro-do-compromisso-de-compra-e-venda-de-imovel-nao-veda-reconhecimento-da-usucapiao","status":"publish","type":"post","link":"https:\/\/cnr.org.br\/site\/falta-de-registro-do-compromisso-de-compra-e-venda-de-imovel-nao-veda-reconhecimento-da-usucapiao\/","title":{"rendered":"Falta de registro do compromisso de compra e venda de im\u00f3vel n\u00e3o veda reconhecimento da usucapi\u00e3o"},"content":{"rendered":"<div id=\"dslc-theme-content\"><div id=\"dslc-theme-content-inner\">\n<p class=\"wp-block-paragraph\">A Terceira Turma do Superior Tribunal de Justi\u00e7a (STJ) reafirmou o entendimento de que a falta de registro do compromisso de compra e venda n\u00e3o \u00e9 suficiente para descaracterizar o justo t\u00edtulo \u2013 requisito necess\u00e1rio ao reconhecimento da usucapi\u00e3o ordin\u00e1ria.<\/p>\n\n\n\n<p class=\"wp-block-paragraph\">O colegiado deu provimento ao recurso dos herdeiros de um homem que, segundo alegam, ocupava a \u00e1rea em discuss\u00e3o desde 1988, quando teria celebrado escritura p\u00fablica de cess\u00e3o de posse com o antigo propriet\u00e1rio. De acordo com o tribunal de origem, em 1990, os dois pactuaram compromisso de compra e venda, que n\u00e3o foi registrado na matr\u00edcula do im\u00f3vel.<\/p>\n\n\n\n<p class=\"wp-block-paragraph\">Em 2009, contudo, um casal ajuizou a\u00e7\u00e3o reivindicat\u00f3ria a fim de consolidar o suposto direito de propriedade advindo da arremata\u00e7\u00e3o do im\u00f3vel perante um banco. O ju\u00edzo de primeiro grau deu provimento ao pedido e fixou indeniza\u00e7\u00e3o pelas benfeitorias realizadas.<\/p>\n\n\n\n<p class=\"wp-block-paragraph\">Os herdeiros recorreram ao Tribunal de Justi\u00e7a de Mato Grosso do Sul (TJMS), o qual entendeu que, apesar do decurso do prazo legal, o compromisso de compra e venda do im\u00f3vel, por n\u00e3o ser registrado, n\u00e3o seria capaz de configurar a usucapi\u00e3o ordin\u00e1ria. Al\u00e9m disso, para o TJMS, houve a interrup\u00e7\u00e3o do prazo da usucapi\u00e3o em virtude da lavratura de boletim de ocorr\u00eancia e do ajuizamento de uma a\u00e7\u00e3o de imiss\u00e3o na posse, em 2004, por um terceiro. A a\u00e7\u00e3o transcorreu sem a cita\u00e7\u00e3o dos ocupantes do im\u00f3vel e foi extinta sem o julgamento do m\u00e9rito.<\/p>\n\n\n\n<p class=\"wp-block-paragraph\"><strong>Documento apto<\/strong><\/p>\n\n\n\n<p class=\"wp-block-paragraph\">O relator do recurso, ministro Villas B\u00f4as Cueva, explicou que o justo t\u00edtulo, na usucapi\u00e3o ordin\u00e1ria, pressup\u00f5e a exist\u00eancia de uma falha \u2013 no caso, a aus\u00eancia de registro \u2013 que o decurso do tempo trata de sanar, se presentes os demais requisitos previstos pelo artigo 551 do C\u00f3digo Civil de 1916 ou 1.242 do C\u00f3digo Civil de 2002.<\/p>\n\n\n\n<p class=\"wp-block-paragraph\">O ministro citou Pontes de Miranda para dizer que, na usucapi\u00e3o, seria absurdo exigir t\u00edtulo justo transcrito e boa-f\u00e9, pois o t\u00edtulo registrado j\u00e1 transfere a propriedade, sendo desnecess\u00e1rio falar em qualquer forma de usucapi\u00e3o.<\/p>\n\n\n\n<p class=\"wp-block-paragraph\">A doutrina \u2013 acrescentou \u2013, por meio do Enunciado 86 aprovado na I Jornada de Direito Civil, consolidou esse mesmo entendimento ao dispor que a express\u00e3o \"justo t\u00edtulo\" do C\u00f3digo Civil \"abrange todo e qualquer ato jur\u00eddico h\u00e1bil, em tese, a transferir a propriedade, independentemente de registro\".<\/p>\n\n\n\n<p class=\"wp-block-paragraph\">Segundo o relator, a jurisprud\u00eancia tamb\u00e9m pacificou que \"o contrato de promessa de compra e venda constitui justo t\u00edtulo apto a ensejar a aquisi\u00e7\u00e3o da propriedade por usucapi\u00e3o\". No tocante, especificamente, ao compromisso de compra e venda n\u00e3o registrado, Villas B\u00f4as Cueva ressaltou que as turmas de direito privado do STJ j\u00e1 se posicionaram no sentido de que esse seria um documento apto a configurar o requisito do justo t\u00edtulo para a usucapi\u00e3o ordin\u00e1ria.<\/p>\n\n\n\n<p class=\"wp-block-paragraph\"><strong>Interrup\u00e7\u00e3o<\/strong><\/p>\n\n\n\n<p class=\"wp-block-paragraph\">Em rela\u00e7\u00e3o \u00e0 interrup\u00e7\u00e3o do prazo, o ministro ressaltou que o STJ j\u00e1 manifestou entendimento no sentido de que nem toda resist\u00eancia do propriet\u00e1rio \u00e9 v\u00e1lida para interromper a prescri\u00e7\u00e3o aquisitiva.<\/p>\n\n\n\n<p class=\"wp-block-paragraph\">Para o relator, o julgamento de improced\u00eancia, ou extin\u00e7\u00e3o sem resolu\u00e7\u00e3o de m\u00e9rito, de a\u00e7\u00e3o possess\u00f3ria ou petit\u00f3ria \u2013 como ocorreu nos autos \u2013 \u00e9 uma das situa\u00e7\u00f5es em que n\u00e3o se interrompe o prazo para aquisi\u00e7\u00e3o do im\u00f3vel pela usucapi\u00e3o.<\/p>\n\n\n\n<p class=\"wp-block-paragraph\">Quanto \u00e0 lavratura de boletim de ocorr\u00eancia, o relator afirmou que tampouco \u00e9 poss\u00edvel consider\u00e1-la fato interruptivo da prescri\u00e7\u00e3o aquisitiva, uma vez que apenas retrata relato unilateral do comunicante \u2013 o qual, embora prestado perante autoridade policial, n\u00e3o credita veracidade inconteste \u00e0s informa\u00e7\u00f5es.<\/p>\n\n\n\n<p class=\"wp-block-paragraph\">\"Al\u00e9m do mais, a interrup\u00e7\u00e3o somente poderia ocorrer na situa\u00e7\u00e3o em que o propriet\u00e1rio do im\u00f3vel usucapiendo conseguisse reaver a posse para si, o que n\u00e3o se verificou no caso dos autos\", disse o magistrado.<\/p>\n\n\n\n<p class=\"wp-block-paragraph\"><strong><a href=\"https:\/\/processo.stj.jus.br\/processo\/revista\/documento\/mediado\/?componente=ITA&amp;sequencial=2030013&amp;num_registro=201402799534&amp;data=20210312&amp;peticao_numero=-1&amp;formato=PDF\">Leia o ac\u00f3rd\u00e3o.<\/a><\/strong><\/p>\n\n\n\n<p class=\"wp-block-paragraph\">Esta not\u00edcia refere-se ao(s) processo(s):<\/p>\n\n\n\n<p class=\"wp-block-paragraph\"><a href=\"https:\/\/ww2.stj.jus.br\/processo\/pesquisa\/?aplicacao=processos.ea&amp;tipoPesquisa=tipoPesquisaGenerica&amp;termo=REsp%201584447\">REsp 1584447<\/a><\/p>\n\n\n\n<p class=\"wp-block-paragraph\">Fonte: STJ<\/p>\n<\/div><\/div>","protected":false},"excerpt":{"rendered":"<p>A Terceira Turma do Superior Tribunal de Justi\u00e7a (STJ) reafirmou o entendimento de que a falta de registro do compromisso de compra e venda n\u00e3o \u00e9 suficiente para descaracterizar o justo t\u00edtulo \u2013 requisito necess\u00e1rio ao reconhecimento da usucapi\u00e3o ordin\u00e1ria. O colegiado deu provimento ao recurso dos herdeiros de um homem que, segundo alegam, ocupava [&hellip;]<\/p>\n","protected":false},"author":2,"featured_media":22937,"comment_status":"closed","ping_status":"closed","sticky":false,"template":"","format":"standard","meta":{"footnotes":"","_links_to":"","_links_to_target":""},"categories":[525,55,47],"tags":[],"class_list":["post-22934","post","type-post","status-publish","format-standard","has-post-thumbnail","hentry","category-home","category-noticia","category-ultimas-noticias"],"yoast_head":"<!-- This site is optimized with the Yoast SEO plugin v28.4 - https:\/\/yoast.com\/product\/yoast-seo-wordpress\/ -->\n<title>Falta de registro do compromisso de compra e venda de im\u00f3vel n\u00e3o veda reconhecimento da usucapi\u00e3o - CNR<\/title>\n<meta name=\"robots\" content=\"index, follow, max-snippet:-1, max-image-preview:large, max-video-preview:-1\" \/>\n<link rel=\"canonical\" href=\"https:\/\/cnr.org.br\/novoportal\/falta-de-registro-do-compromisso-de-compra-e-venda-de-imovel-nao-veda-reconhecimento-da-usucapiao\/\" \/>\n<meta property=\"og:locale\" content=\"pt_BR\" \/>\n<meta property=\"og:type\" content=\"article\" \/>\n<meta property=\"og:title\" content=\"Falta de registro do compromisso de compra e venda de im\u00f3vel n\u00e3o veda reconhecimento da usucapi\u00e3o - CNR\" \/>\n<meta property=\"og:description\" content=\"A Terceira Turma do Superior Tribunal de Justi\u00e7a (STJ) reafirmou o entendimento de que a falta de registro do compromisso de compra e venda n\u00e3o \u00e9 suficiente para descaracterizar o justo t\u00edtulo \u2013 requisito necess\u00e1rio ao reconhecimento da usucapi\u00e3o ordin\u00e1ria. O colegiado deu provimento ao recurso dos herdeiros de um homem que, segundo alegam, ocupava [&hellip;]\" \/>\n<meta property=\"og:url\" content=\"https:\/\/cnr.org.br\/novoportal\/falta-de-registro-do-compromisso-de-compra-e-venda-de-imovel-nao-veda-reconhecimento-da-usucapiao\/\" \/>\n<meta property=\"og:site_name\" content=\"CNR\" \/>\n<meta property=\"article:published_time\" content=\"2021-04-09T18:34:22+00:00\" \/>\n<meta property=\"article:modified_time\" content=\"2021-04-09T18:56:38+00:00\" \/>\n<meta property=\"og:image\" content=\"https:\/\/cnr.org.br\/novoportal\/wp-content\/uploads\/2021\/04\/Tamanho-Oficial-para-as-fotos-do-Site-da-CNR-6-1024x641.png\" \/>\n\t<meta property=\"og:image:width\" content=\"1024\" \/>\n\t<meta property=\"og:image:height\" content=\"641\" \/>\n\t<meta property=\"og:image:type\" content=\"image\/png\" \/>\n<meta name=\"author\" content=\"Imprensa CNR\" \/>\n<meta name=\"twitter:card\" content=\"summary_large_image\" \/>\n<meta name=\"twitter:label1\" content=\"Escrito por\" \/>\n\t<meta name=\"twitter:data1\" content=\"Imprensa CNR\" \/>\n\t<meta name=\"twitter:label2\" content=\"Est. tempo de leitura\" \/>\n\t<meta name=\"twitter:data2\" content=\"3 minutos\" \/>\n<script type=\"application\/ld+json\" class=\"yoast-schema-graph\">{\"@context\":\"https:\\\/\\\/schema.org\",\"@graph\":[{\"@type\":\"Article\",\"@id\":\"https:\\\/\\\/cnr.org.br\\\/novoportal\\\/falta-de-registro-do-compromisso-de-compra-e-venda-de-imovel-nao-veda-reconhecimento-da-usucapiao\\\/#article\",\"isPartOf\":{\"@id\":\"https:\\\/\\\/cnr.org.br\\\/novoportal\\\/falta-de-registro-do-compromisso-de-compra-e-venda-de-imovel-nao-veda-reconhecimento-da-usucapiao\\\/\"},\"author\":{\"name\":\"Imprensa CNR\",\"@id\":\"https:\\\/\\\/cnr.org.br\\\/novoportal\\\/#\\\/schema\\\/person\\\/1f46209cd8c9d3d9887a0765b64ca66b\"},\"headline\":\"Falta de registro do compromisso de compra e venda de im\u00f3vel n\u00e3o veda reconhecimento da usucapi\u00e3o\",\"datePublished\":\"2021-04-09T18:34:22+00:00\",\"dateModified\":\"2021-04-09T18:56:38+00:00\",\"mainEntityOfPage\":{\"@id\":\"https:\\\/\\\/cnr.org.br\\\/novoportal\\\/falta-de-registro-do-compromisso-de-compra-e-venda-de-imovel-nao-veda-reconhecimento-da-usucapiao\\\/\"},\"wordCount\":710,\"publisher\":{\"@id\":\"https:\\\/\\\/cnr.org.br\\\/novoportal\\\/#organization\"},\"image\":{\"@id\":\"https:\\\/\\\/cnr.org.br\\\/novoportal\\\/falta-de-registro-do-compromisso-de-compra-e-venda-de-imovel-nao-veda-reconhecimento-da-usucapiao\\\/#primaryimage\"},\"thumbnailUrl\":\"https:\\\/\\\/cnr.org.br\\\/site\\\/wp-content\\\/uploads\\\/2021\\\/04\\\/Tamanho-Oficial-para-as-fotos-do-Site-da-CNR-6.png\",\"articleSection\":[\"Home\",\"Not\u00edcia\",\"\u00daltimas Not\u00edcias\"],\"inLanguage\":\"pt-BR\"},{\"@type\":\"WebPage\",\"@id\":\"https:\\\/\\\/cnr.org.br\\\/novoportal\\\/falta-de-registro-do-compromisso-de-compra-e-venda-de-imovel-nao-veda-reconhecimento-da-usucapiao\\\/\",\"url\":\"https:\\\/\\\/cnr.org.br\\\/novoportal\\\/falta-de-registro-do-compromisso-de-compra-e-venda-de-imovel-nao-veda-reconhecimento-da-usucapiao\\\/\",\"name\":\"Falta de registro do compromisso de compra e venda de im\u00f3vel n\u00e3o veda reconhecimento da usucapi\u00e3o - CNR\",\"isPartOf\":{\"@id\":\"https:\\\/\\\/cnr.org.br\\\/novoportal\\\/#website\"},\"primaryImageOfPage\":{\"@id\":\"https:\\\/\\\/cnr.org.br\\\/novoportal\\\/falta-de-registro-do-compromisso-de-compra-e-venda-de-imovel-nao-veda-reconhecimento-da-usucapiao\\\/#primaryimage\"},\"image\":{\"@id\":\"https:\\\/\\\/cnr.org.br\\\/novoportal\\\/falta-de-registro-do-compromisso-de-compra-e-venda-de-imovel-nao-veda-reconhecimento-da-usucapiao\\\/#primaryimage\"},\"thumbnailUrl\":\"https:\\\/\\\/cnr.org.br\\\/site\\\/wp-content\\\/uploads\\\/2021\\\/04\\\/Tamanho-Oficial-para-as-fotos-do-Site-da-CNR-6.png\",\"datePublished\":\"2021-04-09T18:34:22+00:00\",\"dateModified\":\"2021-04-09T18:56:38+00:00\",\"breadcrumb\":{\"@id\":\"https:\\\/\\\/cnr.org.br\\\/novoportal\\\/falta-de-registro-do-compromisso-de-compra-e-venda-de-imovel-nao-veda-reconhecimento-da-usucapiao\\\/#breadcrumb\"},\"inLanguage\":\"pt-BR\",\"potentialAction\":[{\"@type\":\"ReadAction\",\"target\":[\"https:\\\/\\\/cnr.org.br\\\/novoportal\\\/falta-de-registro-do-compromisso-de-compra-e-venda-de-imovel-nao-veda-reconhecimento-da-usucapiao\\\/\"]}]},{\"@type\":\"ImageObject\",\"inLanguage\":\"pt-BR\",\"@id\":\"https:\\\/\\\/cnr.org.br\\\/novoportal\\\/falta-de-registro-do-compromisso-de-compra-e-venda-de-imovel-nao-veda-reconhecimento-da-usucapiao\\\/#primaryimage\",\"url\":\"https:\\\/\\\/cnr.org.br\\\/site\\\/wp-content\\\/uploads\\\/2021\\\/04\\\/Tamanho-Oficial-para-as-fotos-do-Site-da-CNR-6.png\",\"contentUrl\":\"https:\\\/\\\/cnr.org.br\\\/site\\\/wp-content\\\/uploads\\\/2021\\\/04\\\/Tamanho-Oficial-para-as-fotos-do-Site-da-CNR-6.png\",\"width\":1980,\"height\":1240},{\"@type\":\"BreadcrumbList\",\"@id\":\"https:\\\/\\\/cnr.org.br\\\/novoportal\\\/falta-de-registro-do-compromisso-de-compra-e-venda-de-imovel-nao-veda-reconhecimento-da-usucapiao\\\/#breadcrumb\",\"itemListElement\":[{\"@type\":\"ListItem\",\"position\":1,\"name\":\"In\u00edcio\",\"item\":\"https:\\\/\\\/cnr.org.br\\\/site\\\/\"},{\"@type\":\"ListItem\",\"position\":2,\"name\":\"Falta de registro do compromisso de compra e venda de im\u00f3vel n\u00e3o veda reconhecimento da usucapi\u00e3o\"}]},{\"@type\":\"WebSite\",\"@id\":\"https:\\\/\\\/cnr.org.br\\\/novoportal\\\/#website\",\"url\":\"https:\\\/\\\/cnr.org.br\\\/novoportal\\\/\",\"name\":\"CNR\",\"description\":\"Confedera\u00e7\u00e3o Nacional de Not\u00e1rios e Registradores\",\"publisher\":{\"@id\":\"https:\\\/\\\/cnr.org.br\\\/novoportal\\\/#organization\"},\"potentialAction\":[{\"@type\":\"SearchAction\",\"target\":{\"@type\":\"EntryPoint\",\"urlTemplate\":\"https:\\\/\\\/cnr.org.br\\\/novoportal\\\/?s={search_term_string}\"},\"query-input\":{\"@type\":\"PropertyValueSpecification\",\"valueRequired\":true,\"valueName\":\"search_term_string\"}}],\"inLanguage\":\"pt-BR\"},{\"@type\":\"Organization\",\"@id\":\"https:\\\/\\\/cnr.org.br\\\/novoportal\\\/#organization\",\"name\":\"CNR\",\"url\":\"https:\\\/\\\/cnr.org.br\\\/novoportal\\\/\",\"logo\":{\"@type\":\"ImageObject\",\"inLanguage\":\"pt-BR\",\"@id\":\"https:\\\/\\\/cnr.org.br\\\/novoportal\\\/#\\\/schema\\\/logo\\\/image\\\/\",\"url\":\"https:\\\/\\\/cnr.org.br\\\/site\\\/wp-content\\\/uploads\\\/2026\\\/02\\\/Logo_CNR_completa_colorida_2024.png\",\"contentUrl\":\"https:\\\/\\\/cnr.org.br\\\/site\\\/wp-content\\\/uploads\\\/2026\\\/02\\\/Logo_CNR_completa_colorida_2024.png\",\"width\":910,\"height\":450,\"caption\":\"CNR\"},\"image\":{\"@id\":\"https:\\\/\\\/cnr.org.br\\\/novoportal\\\/#\\\/schema\\\/logo\\\/image\\\/\"}},{\"@type\":\"Person\",\"@id\":\"https:\\\/\\\/cnr.org.br\\\/novoportal\\\/#\\\/schema\\\/person\\\/1f46209cd8c9d3d9887a0765b64ca66b\",\"name\":\"Imprensa CNR\",\"sameAs\":[\"https:\\\/\\\/cnr.org.br\\\/site\"],\"url\":\"https:\\\/\\\/cnr.org.br\\\/site\\\/author\\\/imprensa\\\/\"}]}<\/script>\n<!-- \/ Yoast SEO plugin. -->","yoast_head_json":{"title":"Falta de registro do compromisso de compra e venda de im\u00f3vel n\u00e3o veda reconhecimento da usucapi\u00e3o - CNR","robots":{"index":"index","follow":"follow","max-snippet":"max-snippet:-1","max-image-preview":"max-image-preview:large","max-video-preview":"max-video-preview:-1"},"canonical":"https:\/\/cnr.org.br\/novoportal\/falta-de-registro-do-compromisso-de-compra-e-venda-de-imovel-nao-veda-reconhecimento-da-usucapiao\/","og_locale":"pt_BR","og_type":"article","og_title":"Falta de registro do compromisso de compra e venda de im\u00f3vel n\u00e3o veda reconhecimento da usucapi\u00e3o - CNR","og_description":"A Terceira Turma do Superior Tribunal de Justi\u00e7a (STJ) reafirmou o entendimento de que a falta de registro do compromisso de compra e venda n\u00e3o \u00e9 suficiente para descaracterizar o justo t\u00edtulo \u2013 requisito necess\u00e1rio ao reconhecimento da usucapi\u00e3o ordin\u00e1ria. O colegiado deu provimento ao recurso dos herdeiros de um homem que, segundo alegam, ocupava [&hellip;]","og_url":"https:\/\/cnr.org.br\/novoportal\/falta-de-registro-do-compromisso-de-compra-e-venda-de-imovel-nao-veda-reconhecimento-da-usucapiao\/","og_site_name":"CNR","article_published_time":"2021-04-09T18:34:22+00:00","article_modified_time":"2021-04-09T18:56:38+00:00","og_image":[{"width":1024,"height":641,"url":"https:\/\/cnr.org.br\/novoportal\/wp-content\/uploads\/2021\/04\/Tamanho-Oficial-para-as-fotos-do-Site-da-CNR-6-1024x641.png","type":"image\/png"}],"author":"Imprensa CNR","twitter_card":"summary_large_image","twitter_misc":{"Escrito por":"Imprensa CNR","Est. tempo de leitura":"3 minutos"},"schema":{"@context":"https:\/\/schema.org","@graph":[{"@type":"Article","@id":"https:\/\/cnr.org.br\/novoportal\/falta-de-registro-do-compromisso-de-compra-e-venda-de-imovel-nao-veda-reconhecimento-da-usucapiao\/#article","isPartOf":{"@id":"https:\/\/cnr.org.br\/novoportal\/falta-de-registro-do-compromisso-de-compra-e-venda-de-imovel-nao-veda-reconhecimento-da-usucapiao\/"},"author":{"name":"Imprensa CNR","@id":"https:\/\/cnr.org.br\/novoportal\/#\/schema\/person\/1f46209cd8c9d3d9887a0765b64ca66b"},"headline":"Falta de registro do compromisso de compra e venda de im\u00f3vel n\u00e3o veda reconhecimento da usucapi\u00e3o","datePublished":"2021-04-09T18:34:22+00:00","dateModified":"2021-04-09T18:56:38+00:00","mainEntityOfPage":{"@id":"https:\/\/cnr.org.br\/novoportal\/falta-de-registro-do-compromisso-de-compra-e-venda-de-imovel-nao-veda-reconhecimento-da-usucapiao\/"},"wordCount":710,"publisher":{"@id":"https:\/\/cnr.org.br\/novoportal\/#organization"},"image":{"@id":"https:\/\/cnr.org.br\/novoportal\/falta-de-registro-do-compromisso-de-compra-e-venda-de-imovel-nao-veda-reconhecimento-da-usucapiao\/#primaryimage"},"thumbnailUrl":"https:\/\/cnr.org.br\/site\/wp-content\/uploads\/2021\/04\/Tamanho-Oficial-para-as-fotos-do-Site-da-CNR-6.png","articleSection":["Home","Not\u00edcia","\u00daltimas Not\u00edcias"],"inLanguage":"pt-BR"},{"@type":"WebPage","@id":"https:\/\/cnr.org.br\/novoportal\/falta-de-registro-do-compromisso-de-compra-e-venda-de-imovel-nao-veda-reconhecimento-da-usucapiao\/","url":"https:\/\/cnr.org.br\/novoportal\/falta-de-registro-do-compromisso-de-compra-e-venda-de-imovel-nao-veda-reconhecimento-da-usucapiao\/","name":"Falta de registro do compromisso de compra e venda de im\u00f3vel n\u00e3o veda reconhecimento da usucapi\u00e3o - CNR","isPartOf":{"@id":"https:\/\/cnr.org.br\/novoportal\/#website"},"primaryImageOfPage":{"@id":"https:\/\/cnr.org.br\/novoportal\/falta-de-registro-do-compromisso-de-compra-e-venda-de-imovel-nao-veda-reconhecimento-da-usucapiao\/#primaryimage"},"image":{"@id":"https:\/\/cnr.org.br\/novoportal\/falta-de-registro-do-compromisso-de-compra-e-venda-de-imovel-nao-veda-reconhecimento-da-usucapiao\/#primaryimage"},"thumbnailUrl":"https:\/\/cnr.org.br\/site\/wp-content\/uploads\/2021\/04\/Tamanho-Oficial-para-as-fotos-do-Site-da-CNR-6.png","datePublished":"2021-04-09T18:34:22+00:00","dateModified":"2021-04-09T18:56:38+00:00","breadcrumb":{"@id":"https:\/\/cnr.org.br\/novoportal\/falta-de-registro-do-compromisso-de-compra-e-venda-de-imovel-nao-veda-reconhecimento-da-usucapiao\/#breadcrumb"},"inLanguage":"pt-BR","potentialAction":[{"@type":"ReadAction","target":["https:\/\/cnr.org.br\/novoportal\/falta-de-registro-do-compromisso-de-compra-e-venda-de-imovel-nao-veda-reconhecimento-da-usucapiao\/"]}]},{"@type":"ImageObject","inLanguage":"pt-BR","@id":"https:\/\/cnr.org.br\/novoportal\/falta-de-registro-do-compromisso-de-compra-e-venda-de-imovel-nao-veda-reconhecimento-da-usucapiao\/#primaryimage","url":"https:\/\/cnr.org.br\/site\/wp-content\/uploads\/2021\/04\/Tamanho-Oficial-para-as-fotos-do-Site-da-CNR-6.png","contentUrl":"https:\/\/cnr.org.br\/site\/wp-content\/uploads\/2021\/04\/Tamanho-Oficial-para-as-fotos-do-Site-da-CNR-6.png","width":1980,"height":1240},{"@type":"BreadcrumbList","@id":"https:\/\/cnr.org.br\/novoportal\/falta-de-registro-do-compromisso-de-compra-e-venda-de-imovel-nao-veda-reconhecimento-da-usucapiao\/#breadcrumb","itemListElement":[{"@type":"ListItem","position":1,"name":"In\u00edcio","item":"https:\/\/cnr.org.br\/site\/"},{"@type":"ListItem","position":2,"name":"Falta de registro do compromisso de compra e venda de im\u00f3vel n\u00e3o veda reconhecimento da usucapi\u00e3o"}]},{"@type":"WebSite","@id":"https:\/\/cnr.org.br\/novoportal\/#website","url":"https:\/\/cnr.org.br\/novoportal\/","name":"CNR","description":"Confedera\u00e7\u00e3o Nacional de Not\u00e1rios e Registradores","publisher":{"@id":"https:\/\/cnr.org.br\/novoportal\/#organization"},"potentialAction":[{"@type":"SearchAction","target":{"@type":"EntryPoint","urlTemplate":"https:\/\/cnr.org.br\/novoportal\/?s={search_term_string}"},"query-input":{"@type":"PropertyValueSpecification","valueRequired":true,"valueName":"search_term_string"}}],"inLanguage":"pt-BR"},{"@type":"Organization","@id":"https:\/\/cnr.org.br\/novoportal\/#organization","name":"CNR","url":"https:\/\/cnr.org.br\/novoportal\/","logo":{"@type":"ImageObject","inLanguage":"pt-BR","@id":"https:\/\/cnr.org.br\/novoportal\/#\/schema\/logo\/image\/","url":"https:\/\/cnr.org.br\/site\/wp-content\/uploads\/2026\/02\/Logo_CNR_completa_colorida_2024.png","contentUrl":"https:\/\/cnr.org.br\/site\/wp-content\/uploads\/2026\/02\/Logo_CNR_completa_colorida_2024.png","width":910,"height":450,"caption":"CNR"},"image":{"@id":"https:\/\/cnr.org.br\/novoportal\/#\/schema\/logo\/image\/"}},{"@type":"Person","@id":"https:\/\/cnr.org.br\/novoportal\/#\/schema\/person\/1f46209cd8c9d3d9887a0765b64ca66b","name":"Imprensa CNR","sameAs":["https:\/\/cnr.org.br\/site"],"url":"https:\/\/cnr.org.br\/site\/author\/imprensa\/"}]}},"_links":{"self":[{"href":"https:\/\/cnr.org.br\/site\/wp-json\/wp\/v2\/posts\/22934","targetHints":{"allow":["GET"]}}],"collection":[{"href":"https:\/\/cnr.org.br\/site\/wp-json\/wp\/v2\/posts"}],"about":[{"href":"https:\/\/cnr.org.br\/site\/wp-json\/wp\/v2\/types\/post"}],"author":[{"embeddable":true,"href":"https:\/\/cnr.org.br\/site\/wp-json\/wp\/v2\/users\/2"}],"replies":[{"embeddable":true,"href":"https:\/\/cnr.org.br\/site\/wp-json\/wp\/v2\/comments?post=22934"}],"version-history":[{"count":0,"href":"https:\/\/cnr.org.br\/site\/wp-json\/wp\/v2\/posts\/22934\/revisions"}],"wp:featuredmedia":[{"embeddable":true,"href":"https:\/\/cnr.org.br\/site\/wp-json\/wp\/v2\/media\/22937"}],"wp:attachment":[{"href":"https:\/\/cnr.org.br\/site\/wp-json\/wp\/v2\/media?parent=22934"}],"wp:term":[{"taxonomy":"category","embeddable":true,"href":"https:\/\/cnr.org.br\/site\/wp-json\/wp\/v2\/categories?post=22934"},{"taxonomy":"post_tag","embeddable":true,"href":"https:\/\/cnr.org.br\/site\/wp-json\/wp\/v2\/tags?post=22934"}],"curies":[{"name":"wp","href":"https:\/\/api.w.org\/{rel}","templated":true}]}}