{"id":23005,"date":"2021-04-28T14:53:01","date_gmt":"2021-04-28T17:53:01","guid":{"rendered":"https:\/\/cnr.org.br\/site\/?p=23005"},"modified":"2021-04-28T14:53:03","modified_gmt":"2021-04-28T17:53:03","slug":"mp-e-publicada-com-medidas-trabalhistas-para-o-combate-a-pandemia","status":"publish","type":"post","link":"https:\/\/cnr.org.br\/site\/mp-e-publicada-com-medidas-trabalhistas-para-o-combate-a-pandemia\/","title":{"rendered":"MP \u00e9 publicada com medidas trabalhistas para o combate \u00e0 pandemia"},"content":{"rendered":"<div id=\"dslc-theme-content\"><div id=\"dslc-theme-content-inner\">\n<p class=\"wp-block-paragraph\">O governo federal reeditou medida provis\u00f3ria contendo medidas trabalhistas a serem adotadas por empregadores para o enfrentamento da pandemia de covid-19. A <a href=\"http:\/\/www.planalto.gov.br\/ccivil_03\/_ato2019-2022\/2021\/Mpv\/mpv1046.htm\">MP 1.046\/2020<\/a> foi publicada na edi\u00e7\u00e3o desta quarta-feira (28) do Di\u00e1rio Oficial.&nbsp;<\/p>\n\n\n\n<p class=\"wp-block-paragraph\">As provid\u00eancias poder\u00e3o ser adotadas pelos patr\u00f5es num prazo de 120 dias contados da publica\u00e7\u00e3o do texto. Entre as medidas previstas est\u00e3o a antecipa\u00e7\u00e3o de f\u00e9rias individuais, a concess\u00e3o de f\u00e9rias coletivas, o aproveitamento e a antecipa\u00e7\u00e3o de feriados, o banco de horas, a suspens\u00e3o de exig\u00eancias administrativas em seguran\u00e7a e sa\u00fade no trabalho.<\/p>\n\n\n\n<h3 class=\"wp-block-heading\"><strong>Fundo de Garantia<\/strong><\/h3>\n\n\n\n<p class=\"wp-block-paragraph\">A medida provis\u00f3ria autoriza ainda o adiamento do dep\u00f3sito do Fundo de Garantia do Tempo de Servi\u00e7o (FGTS). Segundo o texto, fica suspensa a exigibilidade do recolhimento do FGTS pelos empregadores, referente \u00e0s compet\u00eancias de abril, maio, junho e julho de 2021, com vencimento em maio, junho, julho e agosto de 2021.<\/p>\n\n\n\n<p class=\"wp-block-paragraph\">Os empregadores poder\u00e3o fazer uso da prerrogativa independentemente&nbsp;do n\u00famero de empregados, do regime de tributa\u00e7\u00e3o, da natureza jur\u00eddica, do ramo de atividade econ\u00f4mica e de ades\u00e3o pr\u00e9via.<\/p>\n\n\n\n<h3 class=\"wp-block-heading\"><strong>Teletrabalho<\/strong><\/h3>\n\n\n\n<p class=\"wp-block-paragraph\">A MP cont\u00e9m regras para estimular a ades\u00e3o ao teletrabalho. No decorrer dos 120 dias, o patr\u00e3o poder\u00e1 alterar o regime de trabalho presencial para o teletrabalho, para o trabalho remoto ou para outro tipo de trabalho a dist\u00e2ncia. Ser\u00e1 poss\u00edvel determinar o retorno ao regime presencial, independentemente da exist\u00eancia de acordos individuais ou coletivos. A altera\u00e7\u00e3o s\u00f3 precisa ser comunicada ao trabalhador com anteced\u00eancia m\u00ednima de 48 horas.&nbsp;<\/p>\n\n\n\n<h3 class=\"wp-block-heading\"><strong>F\u00e9rias<\/strong><\/h3>\n\n\n\n<p class=\"wp-block-paragraph\">Em rela\u00e7\u00e3o \u00e0s f\u00e9rias, a proposta autoriza a concess\u00e3o ainda que o&nbsp;per\u00edodo aquisitivo n\u00e3o tenha transcorrido. O&nbsp;empregador poder\u00e1 optar por efetuar o pagamento do adicional de um ter\u00e7o de f\u00e9rias ap\u00f3s sua concess\u00e3o, at\u00e9 a data em que \u00e9 devida o 13\u00ba sal\u00e1rio (gratifica\u00e7\u00e3o natalina).&nbsp;<\/p>\n\n\n\n<p class=\"wp-block-paragraph\">F\u00e9rias coletivas tamb\u00e9m poder\u00e3o ser concedidas a todos os empregados e setores da empresa, hip\u00f3tese em que n\u00e3o se aplicam o limite m\u00e1ximo de per\u00edodos anuais e o limite m\u00ednimo de dias corridos previstos na Consolida\u00e7\u00e3o das Leis do Trabalho (CLT).<\/p>\n\n\n\n<p class=\"wp-block-paragraph\">Ficam dispensadas a comunica\u00e7\u00e3o pr\u00e9via ao \u00f3rg\u00e3o local do Minist\u00e9rio da Economia e a comunica\u00e7\u00e3o aos sindicatos representativos da categoria profissional.&nbsp;A \u00fanica exig\u00eancia \u00e9 a comunica\u00e7\u00e3o pr\u00e9via aos trabalhadores 48 horas antes da decis\u00e3o.&nbsp;<\/p>\n\n\n\n<h3 class=\"wp-block-heading\"><strong>Semelhan\u00e7a<\/strong><\/h3>\n\n\n\n<p class=\"wp-block-paragraph\">A proposta editada nesta quarta-feira \u00e9 semelhante \u00e0 <a href=\"https:\/\/www.congressonacional.leg.br\/materias\/medidas-provisorias\/-\/mpv\/141145\">MP 927<\/a>, lan\u00e7ada no ano passado, e que <a href=\"https:\/\/www12.senado.leg.br\/noticias\/materias\/2020\/07\/21\/mps-que-mudaram-regras-trabalhistas-e-acesso-a-informacao-perdem-validade\">perdeu a validade em julho<\/a>.&nbsp;<\/p>\n\n\n\n<p class=\"wp-block-paragraph\"><small>Ag\u00eancia Senado (Reprodu\u00e7\u00e3o autorizada mediante cita\u00e7\u00e3o da Ag\u00eancia Senado)<\/small><\/p>\n\n\n\n<p class=\"wp-block-paragraph\">Fonte: Ag\u00eancia Senado<\/p>\n<\/div><\/div>","protected":false},"excerpt":{"rendered":"<p>O governo federal reeditou medida provis\u00f3ria contendo medidas trabalhistas a serem adotadas por empregadores para o enfrentamento da pandemia de covid-19. A MP 1.046\/2020 foi publicada na edi\u00e7\u00e3o desta quarta-feira (28) do Di\u00e1rio Oficial.&nbsp; As provid\u00eancias poder\u00e3o ser adotadas pelos patr\u00f5es num prazo de 120 dias contados da publica\u00e7\u00e3o do texto. Entre as medidas previstas [&hellip;]<\/p>\n","protected":false},"author":2,"featured_media":23007,"comment_status":"closed","ping_status":"closed","sticky":false,"template":"","format":"standard","meta":{"footnotes":"","_links_to":"","_links_to_target":""},"categories":[525,55,47],"tags":[],"class_list":["post-23005","post","type-post","status-publish","format-standard","has-post-thumbnail","hentry","category-home","category-noticia","category-ultimas-noticias"],"yoast_head":"<!-- This site is optimized with the Yoast SEO plugin v28.4 - https:\/\/yoast.com\/product\/yoast-seo-wordpress\/ -->\n<title>MP \u00e9 publicada com medidas trabalhistas para o combate \u00e0 pandemia - CNR<\/title>\n<meta name=\"robots\" content=\"index, follow, max-snippet:-1, max-image-preview:large, max-video-preview:-1\" \/>\n<link rel=\"canonical\" href=\"https:\/\/cnr.org.br\/novoportal\/mp-e-publicada-com-medidas-trabalhistas-para-o-combate-a-pandemia\/\" \/>\n<meta property=\"og:locale\" content=\"pt_BR\" \/>\n<meta property=\"og:type\" content=\"article\" \/>\n<meta property=\"og:title\" content=\"MP \u00e9 publicada com medidas trabalhistas para o combate \u00e0 pandemia - CNR\" \/>\n<meta property=\"og:description\" content=\"O governo federal reeditou medida provis\u00f3ria contendo medidas trabalhistas a serem adotadas por empregadores para o enfrentamento da pandemia de covid-19. A MP 1.046\/2020 foi publicada na edi\u00e7\u00e3o desta quarta-feira (28) do Di\u00e1rio Oficial.&nbsp; As provid\u00eancias poder\u00e3o ser adotadas pelos patr\u00f5es num prazo de 120 dias contados da publica\u00e7\u00e3o do texto. Entre as medidas previstas [&hellip;]\" \/>\n<meta property=\"og:url\" content=\"https:\/\/cnr.org.br\/novoportal\/mp-e-publicada-com-medidas-trabalhistas-para-o-combate-a-pandemia\/\" \/>\n<meta property=\"og:site_name\" content=\"CNR\" \/>\n<meta property=\"article:published_time\" content=\"2021-04-28T17:53:01+00:00\" \/>\n<meta property=\"article:modified_time\" content=\"2021-04-28T17:53:03+00:00\" \/>\n<meta property=\"og:image\" content=\"https:\/\/cnr.org.br\/novoportal\/wp-content\/uploads\/2021\/04\/Tamanho-Oficial-para-as-fotos-do-Site-da-CNR-7-1-1024x641.png\" \/>\n\t<meta property=\"og:image:width\" content=\"1024\" \/>\n\t<meta property=\"og:image:height\" content=\"641\" \/>\n\t<meta property=\"og:image:type\" content=\"image\/png\" \/>\n<meta name=\"author\" content=\"Imprensa CNR\" \/>\n<meta name=\"twitter:card\" content=\"summary_large_image\" \/>\n<meta name=\"twitter:label1\" content=\"Escrito por\" \/>\n\t<meta name=\"twitter:data1\" content=\"Imprensa CNR\" \/>\n\t<meta name=\"twitter:label2\" content=\"Est. tempo de leitura\" \/>\n\t<meta name=\"twitter:data2\" content=\"2 minutos\" \/>\n<script type=\"application\/ld+json\" class=\"yoast-schema-graph\">{\"@context\":\"https:\\\/\\\/schema.org\",\"@graph\":[{\"@type\":\"Article\",\"@id\":\"https:\\\/\\\/cnr.org.br\\\/novoportal\\\/mp-e-publicada-com-medidas-trabalhistas-para-o-combate-a-pandemia\\\/#article\",\"isPartOf\":{\"@id\":\"https:\\\/\\\/cnr.org.br\\\/novoportal\\\/mp-e-publicada-com-medidas-trabalhistas-para-o-combate-a-pandemia\\\/\"},\"author\":{\"name\":\"Imprensa CNR\",\"@id\":\"https:\\\/\\\/cnr.org.br\\\/novoportal\\\/#\\\/schema\\\/person\\\/1f46209cd8c9d3d9887a0765b64ca66b\"},\"headline\":\"MP \u00e9 publicada com medidas trabalhistas para o combate \u00e0 pandemia\",\"datePublished\":\"2021-04-28T17:53:01+00:00\",\"dateModified\":\"2021-04-28T17:53:03+00:00\",\"mainEntityOfPage\":{\"@id\":\"https:\\\/\\\/cnr.org.br\\\/novoportal\\\/mp-e-publicada-com-medidas-trabalhistas-para-o-combate-a-pandemia\\\/\"},\"wordCount\":477,\"publisher\":{\"@id\":\"https:\\\/\\\/cnr.org.br\\\/novoportal\\\/#organization\"},\"image\":{\"@id\":\"https:\\\/\\\/cnr.org.br\\\/novoportal\\\/mp-e-publicada-com-medidas-trabalhistas-para-o-combate-a-pandemia\\\/#primaryimage\"},\"thumbnailUrl\":\"https:\\\/\\\/cnr.org.br\\\/site\\\/wp-content\\\/uploads\\\/2021\\\/04\\\/Tamanho-Oficial-para-as-fotos-do-Site-da-CNR-7-1.png\",\"articleSection\":[\"Home\",\"Not\u00edcia\",\"\u00daltimas Not\u00edcias\"],\"inLanguage\":\"pt-BR\"},{\"@type\":\"WebPage\",\"@id\":\"https:\\\/\\\/cnr.org.br\\\/novoportal\\\/mp-e-publicada-com-medidas-trabalhistas-para-o-combate-a-pandemia\\\/\",\"url\":\"https:\\\/\\\/cnr.org.br\\\/novoportal\\\/mp-e-publicada-com-medidas-trabalhistas-para-o-combate-a-pandemia\\\/\",\"name\":\"MP \u00e9 publicada com medidas trabalhistas para o combate \u00e0 pandemia - CNR\",\"isPartOf\":{\"@id\":\"https:\\\/\\\/cnr.org.br\\\/novoportal\\\/#website\"},\"primaryImageOfPage\":{\"@id\":\"https:\\\/\\\/cnr.org.br\\\/novoportal\\\/mp-e-publicada-com-medidas-trabalhistas-para-o-combate-a-pandemia\\\/#primaryimage\"},\"image\":{\"@id\":\"https:\\\/\\\/cnr.org.br\\\/novoportal\\\/mp-e-publicada-com-medidas-trabalhistas-para-o-combate-a-pandemia\\\/#primaryimage\"},\"thumbnailUrl\":\"https:\\\/\\\/cnr.org.br\\\/site\\\/wp-content\\\/uploads\\\/2021\\\/04\\\/Tamanho-Oficial-para-as-fotos-do-Site-da-CNR-7-1.png\",\"datePublished\":\"2021-04-28T17:53:01+00:00\",\"dateModified\":\"2021-04-28T17:53:03+00:00\",\"breadcrumb\":{\"@id\":\"https:\\\/\\\/cnr.org.br\\\/novoportal\\\/mp-e-publicada-com-medidas-trabalhistas-para-o-combate-a-pandemia\\\/#breadcrumb\"},\"inLanguage\":\"pt-BR\",\"potentialAction\":[{\"@type\":\"ReadAction\",\"target\":[\"https:\\\/\\\/cnr.org.br\\\/novoportal\\\/mp-e-publicada-com-medidas-trabalhistas-para-o-combate-a-pandemia\\\/\"]}]},{\"@type\":\"ImageObject\",\"inLanguage\":\"pt-BR\",\"@id\":\"https:\\\/\\\/cnr.org.br\\\/novoportal\\\/mp-e-publicada-com-medidas-trabalhistas-para-o-combate-a-pandemia\\\/#primaryimage\",\"url\":\"https:\\\/\\\/cnr.org.br\\\/site\\\/wp-content\\\/uploads\\\/2021\\\/04\\\/Tamanho-Oficial-para-as-fotos-do-Site-da-CNR-7-1.png\",\"contentUrl\":\"https:\\\/\\\/cnr.org.br\\\/site\\\/wp-content\\\/uploads\\\/2021\\\/04\\\/Tamanho-Oficial-para-as-fotos-do-Site-da-CNR-7-1.png\",\"width\":1980,\"height\":1240,\"caption\":\"Sergiy Tryapitsyn\\\/Stockphotos\"},{\"@type\":\"BreadcrumbList\",\"@id\":\"https:\\\/\\\/cnr.org.br\\\/novoportal\\\/mp-e-publicada-com-medidas-trabalhistas-para-o-combate-a-pandemia\\\/#breadcrumb\",\"itemListElement\":[{\"@type\":\"ListItem\",\"position\":1,\"name\":\"In\u00edcio\",\"item\":\"https:\\\/\\\/cnr.org.br\\\/site\\\/\"},{\"@type\":\"ListItem\",\"position\":2,\"name\":\"MP \u00e9 publicada com medidas trabalhistas para o combate \u00e0 pandemia\"}]},{\"@type\":\"WebSite\",\"@id\":\"https:\\\/\\\/cnr.org.br\\\/novoportal\\\/#website\",\"url\":\"https:\\\/\\\/cnr.org.br\\\/novoportal\\\/\",\"name\":\"CNR\",\"description\":\"Confedera\u00e7\u00e3o Nacional de Not\u00e1rios e Registradores\",\"publisher\":{\"@id\":\"https:\\\/\\\/cnr.org.br\\\/novoportal\\\/#organization\"},\"potentialAction\":[{\"@type\":\"SearchAction\",\"target\":{\"@type\":\"EntryPoint\",\"urlTemplate\":\"https:\\\/\\\/cnr.org.br\\\/novoportal\\\/?s={search_term_string}\"},\"query-input\":{\"@type\":\"PropertyValueSpecification\",\"valueRequired\":true,\"valueName\":\"search_term_string\"}}],\"inLanguage\":\"pt-BR\"},{\"@type\":\"Organization\",\"@id\":\"https:\\\/\\\/cnr.org.br\\\/novoportal\\\/#organization\",\"name\":\"CNR\",\"url\":\"https:\\\/\\\/cnr.org.br\\\/novoportal\\\/\",\"logo\":{\"@type\":\"ImageObject\",\"inLanguage\":\"pt-BR\",\"@id\":\"https:\\\/\\\/cnr.org.br\\\/novoportal\\\/#\\\/schema\\\/logo\\\/image\\\/\",\"url\":\"https:\\\/\\\/cnr.org.br\\\/site\\\/wp-content\\\/uploads\\\/2026\\\/02\\\/Logo_CNR_completa_colorida_2024.png\",\"contentUrl\":\"https:\\\/\\\/cnr.org.br\\\/site\\\/wp-content\\\/uploads\\\/2026\\\/02\\\/Logo_CNR_completa_colorida_2024.png\",\"width\":910,\"height\":450,\"caption\":\"CNR\"},\"image\":{\"@id\":\"https:\\\/\\\/cnr.org.br\\\/novoportal\\\/#\\\/schema\\\/logo\\\/image\\\/\"}},{\"@type\":\"Person\",\"@id\":\"https:\\\/\\\/cnr.org.br\\\/novoportal\\\/#\\\/schema\\\/person\\\/1f46209cd8c9d3d9887a0765b64ca66b\",\"name\":\"Imprensa CNR\",\"sameAs\":[\"https:\\\/\\\/cnr.org.br\\\/site\"],\"url\":\"https:\\\/\\\/cnr.org.br\\\/site\\\/author\\\/imprensa\\\/\"}]}<\/script>\n<!-- \/ Yoast SEO plugin. -->","yoast_head_json":{"title":"MP \u00e9 publicada com medidas trabalhistas para o combate \u00e0 pandemia - CNR","robots":{"index":"index","follow":"follow","max-snippet":"max-snippet:-1","max-image-preview":"max-image-preview:large","max-video-preview":"max-video-preview:-1"},"canonical":"https:\/\/cnr.org.br\/novoportal\/mp-e-publicada-com-medidas-trabalhistas-para-o-combate-a-pandemia\/","og_locale":"pt_BR","og_type":"article","og_title":"MP \u00e9 publicada com medidas trabalhistas para o combate \u00e0 pandemia - CNR","og_description":"O governo federal reeditou medida provis\u00f3ria contendo medidas trabalhistas a serem adotadas por empregadores para o enfrentamento da pandemia de covid-19. A MP 1.046\/2020 foi publicada na edi\u00e7\u00e3o desta quarta-feira (28) do Di\u00e1rio Oficial.&nbsp; As provid\u00eancias poder\u00e3o ser adotadas pelos patr\u00f5es num prazo de 120 dias contados da publica\u00e7\u00e3o do texto. Entre as medidas previstas [&hellip;]","og_url":"https:\/\/cnr.org.br\/novoportal\/mp-e-publicada-com-medidas-trabalhistas-para-o-combate-a-pandemia\/","og_site_name":"CNR","article_published_time":"2021-04-28T17:53:01+00:00","article_modified_time":"2021-04-28T17:53:03+00:00","og_image":[{"width":1024,"height":641,"url":"https:\/\/cnr.org.br\/novoportal\/wp-content\/uploads\/2021\/04\/Tamanho-Oficial-para-as-fotos-do-Site-da-CNR-7-1-1024x641.png","type":"image\/png"}],"author":"Imprensa CNR","twitter_card":"summary_large_image","twitter_misc":{"Escrito por":"Imprensa CNR","Est. tempo de leitura":"2 minutos"},"schema":{"@context":"https:\/\/schema.org","@graph":[{"@type":"Article","@id":"https:\/\/cnr.org.br\/novoportal\/mp-e-publicada-com-medidas-trabalhistas-para-o-combate-a-pandemia\/#article","isPartOf":{"@id":"https:\/\/cnr.org.br\/novoportal\/mp-e-publicada-com-medidas-trabalhistas-para-o-combate-a-pandemia\/"},"author":{"name":"Imprensa CNR","@id":"https:\/\/cnr.org.br\/novoportal\/#\/schema\/person\/1f46209cd8c9d3d9887a0765b64ca66b"},"headline":"MP \u00e9 publicada com medidas trabalhistas para o combate \u00e0 pandemia","datePublished":"2021-04-28T17:53:01+00:00","dateModified":"2021-04-28T17:53:03+00:00","mainEntityOfPage":{"@id":"https:\/\/cnr.org.br\/novoportal\/mp-e-publicada-com-medidas-trabalhistas-para-o-combate-a-pandemia\/"},"wordCount":477,"publisher":{"@id":"https:\/\/cnr.org.br\/novoportal\/#organization"},"image":{"@id":"https:\/\/cnr.org.br\/novoportal\/mp-e-publicada-com-medidas-trabalhistas-para-o-combate-a-pandemia\/#primaryimage"},"thumbnailUrl":"https:\/\/cnr.org.br\/site\/wp-content\/uploads\/2021\/04\/Tamanho-Oficial-para-as-fotos-do-Site-da-CNR-7-1.png","articleSection":["Home","Not\u00edcia","\u00daltimas Not\u00edcias"],"inLanguage":"pt-BR"},{"@type":"WebPage","@id":"https:\/\/cnr.org.br\/novoportal\/mp-e-publicada-com-medidas-trabalhistas-para-o-combate-a-pandemia\/","url":"https:\/\/cnr.org.br\/novoportal\/mp-e-publicada-com-medidas-trabalhistas-para-o-combate-a-pandemia\/","name":"MP \u00e9 publicada com medidas trabalhistas para o combate \u00e0 pandemia - CNR","isPartOf":{"@id":"https:\/\/cnr.org.br\/novoportal\/#website"},"primaryImageOfPage":{"@id":"https:\/\/cnr.org.br\/novoportal\/mp-e-publicada-com-medidas-trabalhistas-para-o-combate-a-pandemia\/#primaryimage"},"image":{"@id":"https:\/\/cnr.org.br\/novoportal\/mp-e-publicada-com-medidas-trabalhistas-para-o-combate-a-pandemia\/#primaryimage"},"thumbnailUrl":"https:\/\/cnr.org.br\/site\/wp-content\/uploads\/2021\/04\/Tamanho-Oficial-para-as-fotos-do-Site-da-CNR-7-1.png","datePublished":"2021-04-28T17:53:01+00:00","dateModified":"2021-04-28T17:53:03+00:00","breadcrumb":{"@id":"https:\/\/cnr.org.br\/novoportal\/mp-e-publicada-com-medidas-trabalhistas-para-o-combate-a-pandemia\/#breadcrumb"},"inLanguage":"pt-BR","potentialAction":[{"@type":"ReadAction","target":["https:\/\/cnr.org.br\/novoportal\/mp-e-publicada-com-medidas-trabalhistas-para-o-combate-a-pandemia\/"]}]},{"@type":"ImageObject","inLanguage":"pt-BR","@id":"https:\/\/cnr.org.br\/novoportal\/mp-e-publicada-com-medidas-trabalhistas-para-o-combate-a-pandemia\/#primaryimage","url":"https:\/\/cnr.org.br\/site\/wp-content\/uploads\/2021\/04\/Tamanho-Oficial-para-as-fotos-do-Site-da-CNR-7-1.png","contentUrl":"https:\/\/cnr.org.br\/site\/wp-content\/uploads\/2021\/04\/Tamanho-Oficial-para-as-fotos-do-Site-da-CNR-7-1.png","width":1980,"height":1240,"caption":"Sergiy Tryapitsyn\/Stockphotos"},{"@type":"BreadcrumbList","@id":"https:\/\/cnr.org.br\/novoportal\/mp-e-publicada-com-medidas-trabalhistas-para-o-combate-a-pandemia\/#breadcrumb","itemListElement":[{"@type":"ListItem","position":1,"name":"In\u00edcio","item":"https:\/\/cnr.org.br\/site\/"},{"@type":"ListItem","position":2,"name":"MP \u00e9 publicada com medidas trabalhistas para o combate \u00e0 pandemia"}]},{"@type":"WebSite","@id":"https:\/\/cnr.org.br\/novoportal\/#website","url":"https:\/\/cnr.org.br\/novoportal\/","name":"CNR","description":"Confedera\u00e7\u00e3o Nacional de Not\u00e1rios e Registradores","publisher":{"@id":"https:\/\/cnr.org.br\/novoportal\/#organization"},"potentialAction":[{"@type":"SearchAction","target":{"@type":"EntryPoint","urlTemplate":"https:\/\/cnr.org.br\/novoportal\/?s={search_term_string}"},"query-input":{"@type":"PropertyValueSpecification","valueRequired":true,"valueName":"search_term_string"}}],"inLanguage":"pt-BR"},{"@type":"Organization","@id":"https:\/\/cnr.org.br\/novoportal\/#organization","name":"CNR","url":"https:\/\/cnr.org.br\/novoportal\/","logo":{"@type":"ImageObject","inLanguage":"pt-BR","@id":"https:\/\/cnr.org.br\/novoportal\/#\/schema\/logo\/image\/","url":"https:\/\/cnr.org.br\/site\/wp-content\/uploads\/2026\/02\/Logo_CNR_completa_colorida_2024.png","contentUrl":"https:\/\/cnr.org.br\/site\/wp-content\/uploads\/2026\/02\/Logo_CNR_completa_colorida_2024.png","width":910,"height":450,"caption":"CNR"},"image":{"@id":"https:\/\/cnr.org.br\/novoportal\/#\/schema\/logo\/image\/"}},{"@type":"Person","@id":"https:\/\/cnr.org.br\/novoportal\/#\/schema\/person\/1f46209cd8c9d3d9887a0765b64ca66b","name":"Imprensa CNR","sameAs":["https:\/\/cnr.org.br\/site"],"url":"https:\/\/cnr.org.br\/site\/author\/imprensa\/"}]}},"_links":{"self":[{"href":"https:\/\/cnr.org.br\/site\/wp-json\/wp\/v2\/posts\/23005","targetHints":{"allow":["GET"]}}],"collection":[{"href":"https:\/\/cnr.org.br\/site\/wp-json\/wp\/v2\/posts"}],"about":[{"href":"https:\/\/cnr.org.br\/site\/wp-json\/wp\/v2\/types\/post"}],"author":[{"embeddable":true,"href":"https:\/\/cnr.org.br\/site\/wp-json\/wp\/v2\/users\/2"}],"replies":[{"embeddable":true,"href":"https:\/\/cnr.org.br\/site\/wp-json\/wp\/v2\/comments?post=23005"}],"version-history":[{"count":0,"href":"https:\/\/cnr.org.br\/site\/wp-json\/wp\/v2\/posts\/23005\/revisions"}],"wp:featuredmedia":[{"embeddable":true,"href":"https:\/\/cnr.org.br\/site\/wp-json\/wp\/v2\/media\/23007"}],"wp:attachment":[{"href":"https:\/\/cnr.org.br\/site\/wp-json\/wp\/v2\/media?parent=23005"}],"wp:term":[{"taxonomy":"category","embeddable":true,"href":"https:\/\/cnr.org.br\/site\/wp-json\/wp\/v2\/categories?post=23005"},{"taxonomy":"post_tag","embeddable":true,"href":"https:\/\/cnr.org.br\/site\/wp-json\/wp\/v2\/tags?post=23005"}],"curies":[{"name":"wp","href":"https:\/\/api.w.org\/{rel}","templated":true}]}}