{"id":23093,"date":"2021-05-19T16:56:30","date_gmt":"2021-05-19T19:56:30","guid":{"rendered":"https:\/\/cnr.org.br\/site\/?p=23093"},"modified":"2021-05-19T17:08:19","modified_gmt":"2021-05-19T20:08:19","slug":"stf-julga-nesta-quarta-necessidade-de-acordo-coletivo-para-dispensa-em-massa","status":"publish","type":"post","link":"https:\/\/cnr.org.br\/site\/stf-julga-nesta-quarta-necessidade-de-acordo-coletivo-para-dispensa-em-massa\/","title":{"rendered":"STF julga nesta quarta necessidade de acordo coletivo para dispensa em massa"},"content":{"rendered":"<div id=\"dslc-theme-content\"><div id=\"dslc-theme-content-inner\">\n<figure class=\"wp-block-embed is-type-video is-provider-youtube wp-block-embed-youtube wp-embed-aspect-4-3 wp-has-aspect-ratio\"><div class=\"wp-block-embed__wrapper\">\nhttps:\/\/youtu.be\/uMwRtZv92hE\n<\/div><\/figure>\n\n\n\n<p class=\"wp-block-paragraph\">Na&nbsp;sess\u00e3o plen\u00e1ria do Supremo Tribunal Federal desta quarta-feira (19\/5), os ministros julgam recurso extraordin\u00e1rio, com repercuss\u00e3o geral, em que se discute&nbsp;a necessidade de pr\u00e9via negocia\u00e7\u00e3o coletiva com o sindicato dos trabalhadores para dispensa em massa de empregados.&nbsp;O recurso foi interposto pelas empresas Embraer e Eleb Equipamentos Ltda e pelo Sindicato dos Metal\u00fargicos de S\u00e3o Jos\u00e9 dos Campos. V\u00e1rios interessados admitidos no processo devem se manifestar no julgamento. &nbsp;<\/p>\n\n\n\n<p class=\"wp-block-paragraph\">O caso estava sendo apreciado no Plen\u00e1rio virtual, mas o julgamento foi\u00a0<a href=\"https:\/\/www.conjur.com.br\/2021-fev-25\/stf-suspende-julgamento-demissao-massa-negociacao\" target=\"_blank\" rel=\"noreferrer noopener\">suspenso<\/a>, em fevereiro, ap\u00f3s pedido de destaque do ministro Dias Toffoli. Assim, o caso passou para o Plen\u00e1rio f\u00edsico da Corte\u00a0\u2014\u00a0que, durante a epidemia, tem deliberado de modo telepresencial.<\/p>\n\n\n\n<p class=\"wp-block-paragraph\">At\u00e9 o&nbsp;pedido de destaque, dois ministros haviam votado: Marco Aur\u00e9lio, relator do RE, e Alexandre de Moraes. Ambos entenderam que \u00e9 constitucional dispensar v\u00e1rios trabalhadores sem negocia\u00e7\u00e3o coletiva pr\u00e9via. No in\u00edcio do ano, decis\u00f5es de primeira inst\u00e2ncia&nbsp;<a href=\"https:\/\/www.conjur.com.br\/2021-fev-06\/ford-proibida-demitir-trabalhadores-negociacao-coletiva\" target=\"_blank\" rel=\"noreferrer noopener\">proibiram<\/a>&nbsp;a Ford, que anunciou sua sa\u00edda do pa\u00eds, de deixar de negociar coletivamente antes de rescindir os contratos de trabalho com seus empregados.<\/p>\n\n\n\n<p class=\"wp-block-paragraph\">O caso concreto julgado pelo TST \u00e9 o da dispensa, pela Embraer, de cerca de quatro mil trabalhadores, em 2009. N\u00e3o houve negocia\u00e7\u00e3o com o sindicato da categoria. No entanto, a pr\u00f3pria corte trabalhista decidiu aplicar o entendimento apenas para casos futuros. No STF, o ministro Marco Aur\u00e9lio indeferiu o pedido de suspens\u00e3o de todos os&nbsp;processos pendentes que tratam da mat\u00e9ria.&nbsp;<\/p>\n\n\n\n<p class=\"wp-block-paragraph\">A sess\u00e3o pode ser acompanhada ao vivo pela&nbsp;<a href=\"http:\/\/www.tvjustica.jus.br\/\" target=\"_blank\" rel=\"noreferrer noopener\">TV Justi\u00e7a<\/a>, pela&nbsp;<a href=\"https:\/\/bit.ly\/3diVQ3t\" target=\"_blank\" rel=\"noreferrer noopener\">R\u00e1dio Justi\u00e7a<\/a>&nbsp;e pelo&nbsp;<a href=\"http:\/\/youtube.com\/stf\" target=\"_blank\" rel=\"noreferrer noopener\">canal do STF no YouTube<\/a>.<\/p>\n\n\n\n<p class=\"wp-block-paragraph\">Confira, abaixo, a lista completa da pauta de&nbsp;julgamento:<\/p>\n\n\n\n<p class=\"wp-block-paragraph\"><strong>Recurso Extraordin\u00e1rio (RE) 999.435 \u2014<\/strong><strong>&nbsp;repercuss\u00e3o geral<\/strong><br>Relator: ministro Marco Aur\u00e9lio<br>Embraer, Eleb Equipamentos e Sindicato dos Metal\u00fargicos de S\u00e3o Jos\u00e9 dos Campos (SP) e Regi\u00e3o<br>O tema em discuss\u00e3o \u00e9 a necessidade de negocia\u00e7\u00e3o coletiva para a dispensa em massa de trabalhadores. O recurso entrou em julgamento no Plen\u00e1rio Virtual, mas foi retirado por um pedido de destaque do ministro Dias Toffoli.<\/p>\n\n\n\n<p class=\"wp-block-paragraph\"><strong>Recurso Extraordin\u00e1rio (RE) 598.650 \u2014 Repercuss\u00e3o geral<\/strong><br>Relator: ministro Marco Aur\u00e9lio<br>Uni\u00e3o x M\u00e1rio Jos\u00e9 Van Den Bosch Pardo e outros<br>O recurso discute a compet\u00eancia da Justi\u00e7a Federal para processar e julgar a\u00e7\u00e3o rescis\u00f3ria proposta pela Uni\u00e3o, na condi\u00e7\u00e3o de terceira interessada em rela\u00e7\u00e3o ao processo origin\u00e1rio, contra decis\u00e3o de juiz estadual n\u00e3o investido em compet\u00eancia federal. Saiba mais&nbsp;<a href=\"https:\/\/bit.ly\/334JbuU\" target=\"_blank\" rel=\"noreferrer noopener\">aqui<\/a>.<\/p>\n\n\n\n<p class=\"wp-block-paragraph\"><strong>A\u00e7\u00e3o Direta de Inconstitucionalidade (ADI) 5.688 \u2014 Retorno de vista<\/strong><br>Relator: ministro Edson Fachin<br>Conselho Federal da OAB x Assembleia Legislativa e Governador da Para\u00edba<br>A OAB questiona os artigos 3\u00ba e 4\u00ba e o Anexo \u00danico da Lei estadual 8.071\/2006 da Para\u00edba, que alteram valores das custas judiciais e taxas judici\u00e1rias, e o artigo 1\u00ba da Lei estadual 6.682\/1998, que instituiu a taxa judici\u00e1ria. A OAB alega que o aumento compromete o exerc\u00edcio do direito constitucional do acesso \u00e0 justi\u00e7a. O julgamento ser\u00e1 retomado com o voto-vista do ministro Gilmar Mendes. Saiba mais\u00a0<a href=\"https:\/\/bit.ly\/3tVtzF7\" target=\"_blank\" rel=\"noreferrer noopener\">aqui<\/a>.\u00a0<em>Com informa\u00e7\u00f5es da assessoria de imprensa do Supremo Tribunal Federal.<\/em><\/p>\n\n\n\n<p class=\"wp-block-paragraph\">Fonte: Conjur <\/p>\n<\/div><\/div>","protected":false},"excerpt":{"rendered":"<p>Na&nbsp;sess\u00e3o plen\u00e1ria do Supremo Tribunal Federal desta quarta-feira (19\/5), os ministros julgam recurso extraordin\u00e1rio, com repercuss\u00e3o geral, em que se discute&nbsp;a necessidade de pr\u00e9via negocia\u00e7\u00e3o coletiva com o sindicato dos trabalhadores para dispensa em massa de empregados.&nbsp;O recurso foi interposto pelas empresas Embraer e Eleb Equipamentos Ltda e pelo Sindicato dos Metal\u00fargicos de S\u00e3o Jos\u00e9 [&hellip;]<\/p>\n","protected":false},"author":2,"featured_media":23095,"comment_status":"closed","ping_status":"closed","sticky":false,"template":"","format":"standard","meta":{"footnotes":"","_links_to":"","_links_to_target":""},"categories":[525,55,47],"tags":[],"class_list":["post-23093","post","type-post","status-publish","format-standard","has-post-thumbnail","hentry","category-home","category-noticia","category-ultimas-noticias"],"yoast_head":"<!-- This site is optimized with the Yoast SEO plugin v28.4 - https:\/\/yoast.com\/product\/yoast-seo-wordpress\/ -->\n<title>STF julga nesta quarta necessidade de acordo coletivo para dispensa em massa - CNR<\/title>\n<meta name=\"robots\" content=\"index, follow, max-snippet:-1, max-image-preview:large, max-video-preview:-1\" \/>\n<link rel=\"canonical\" href=\"https:\/\/cnr.org.br\/novoportal\/stf-julga-nesta-quarta-necessidade-de-acordo-coletivo-para-dispensa-em-massa\/\" \/>\n<meta property=\"og:locale\" content=\"pt_BR\" \/>\n<meta property=\"og:type\" content=\"article\" \/>\n<meta property=\"og:title\" content=\"STF julga nesta quarta necessidade de acordo coletivo para dispensa em massa - CNR\" \/>\n<meta property=\"og:description\" content=\"Na&nbsp;sess\u00e3o plen\u00e1ria do Supremo Tribunal Federal desta quarta-feira (19\/5), os ministros julgam recurso extraordin\u00e1rio, com repercuss\u00e3o geral, em que se discute&nbsp;a necessidade de pr\u00e9via negocia\u00e7\u00e3o coletiva com o sindicato dos trabalhadores para dispensa em massa de empregados.&nbsp;O recurso foi interposto pelas empresas Embraer e Eleb Equipamentos Ltda e pelo Sindicato dos Metal\u00fargicos de S\u00e3o Jos\u00e9 [&hellip;]\" \/>\n<meta property=\"og:url\" content=\"https:\/\/cnr.org.br\/novoportal\/stf-julga-nesta-quarta-necessidade-de-acordo-coletivo-para-dispensa-em-massa\/\" \/>\n<meta property=\"og:site_name\" content=\"CNR\" \/>\n<meta property=\"article:published_time\" content=\"2021-05-19T19:56:30+00:00\" \/>\n<meta property=\"article:modified_time\" content=\"2021-05-19T20:08:19+00:00\" \/>\n<meta property=\"og:image\" content=\"https:\/\/cnr.org.br\/novoportal\/wp-content\/uploads\/2021\/05\/Tamanho-Oficial-para-as-fotos-do-Site-da-CNR-5-1024x641.png\" \/>\n\t<meta property=\"og:image:width\" content=\"1024\" \/>\n\t<meta property=\"og:image:height\" content=\"641\" \/>\n\t<meta property=\"og:image:type\" content=\"image\/png\" \/>\n<meta name=\"author\" content=\"Imprensa CNR\" \/>\n<meta name=\"twitter:card\" content=\"summary_large_image\" \/>\n<meta name=\"twitter:label1\" content=\"Escrito por\" \/>\n\t<meta name=\"twitter:data1\" content=\"Imprensa CNR\" \/>\n\t<meta name=\"twitter:label2\" content=\"Est. tempo de leitura\" \/>\n\t<meta name=\"twitter:data2\" content=\"3 minutos\" \/>\n<script type=\"application\/ld+json\" class=\"yoast-schema-graph\">{\"@context\":\"https:\\\/\\\/schema.org\",\"@graph\":[{\"@type\":\"Article\",\"@id\":\"https:\\\/\\\/cnr.org.br\\\/novoportal\\\/stf-julga-nesta-quarta-necessidade-de-acordo-coletivo-para-dispensa-em-massa\\\/#article\",\"isPartOf\":{\"@id\":\"https:\\\/\\\/cnr.org.br\\\/novoportal\\\/stf-julga-nesta-quarta-necessidade-de-acordo-coletivo-para-dispensa-em-massa\\\/\"},\"author\":{\"name\":\"Imprensa CNR\",\"@id\":\"https:\\\/\\\/cnr.org.br\\\/novoportal\\\/#\\\/schema\\\/person\\\/1f46209cd8c9d3d9887a0765b64ca66b\"},\"headline\":\"STF julga nesta quarta necessidade de acordo coletivo para dispensa em massa\",\"datePublished\":\"2021-05-19T19:56:30+00:00\",\"dateModified\":\"2021-05-19T20:08:19+00:00\",\"mainEntityOfPage\":{\"@id\":\"https:\\\/\\\/cnr.org.br\\\/novoportal\\\/stf-julga-nesta-quarta-necessidade-de-acordo-coletivo-para-dispensa-em-massa\\\/\"},\"wordCount\":571,\"publisher\":{\"@id\":\"https:\\\/\\\/cnr.org.br\\\/novoportal\\\/#organization\"},\"image\":{\"@id\":\"https:\\\/\\\/cnr.org.br\\\/novoportal\\\/stf-julga-nesta-quarta-necessidade-de-acordo-coletivo-para-dispensa-em-massa\\\/#primaryimage\"},\"thumbnailUrl\":\"https:\\\/\\\/cnr.org.br\\\/site\\\/wp-content\\\/uploads\\\/2021\\\/05\\\/Tamanho-Oficial-para-as-fotos-do-Site-da-CNR-5.png\",\"articleSection\":[\"Home\",\"Not\u00edcia\",\"\u00daltimas Not\u00edcias\"],\"inLanguage\":\"pt-BR\"},{\"@type\":\"WebPage\",\"@id\":\"https:\\\/\\\/cnr.org.br\\\/novoportal\\\/stf-julga-nesta-quarta-necessidade-de-acordo-coletivo-para-dispensa-em-massa\\\/\",\"url\":\"https:\\\/\\\/cnr.org.br\\\/novoportal\\\/stf-julga-nesta-quarta-necessidade-de-acordo-coletivo-para-dispensa-em-massa\\\/\",\"name\":\"STF julga nesta quarta necessidade de acordo coletivo para dispensa em massa - CNR\",\"isPartOf\":{\"@id\":\"https:\\\/\\\/cnr.org.br\\\/novoportal\\\/#website\"},\"primaryImageOfPage\":{\"@id\":\"https:\\\/\\\/cnr.org.br\\\/novoportal\\\/stf-julga-nesta-quarta-necessidade-de-acordo-coletivo-para-dispensa-em-massa\\\/#primaryimage\"},\"image\":{\"@id\":\"https:\\\/\\\/cnr.org.br\\\/novoportal\\\/stf-julga-nesta-quarta-necessidade-de-acordo-coletivo-para-dispensa-em-massa\\\/#primaryimage\"},\"thumbnailUrl\":\"https:\\\/\\\/cnr.org.br\\\/site\\\/wp-content\\\/uploads\\\/2021\\\/05\\\/Tamanho-Oficial-para-as-fotos-do-Site-da-CNR-5.png\",\"datePublished\":\"2021-05-19T19:56:30+00:00\",\"dateModified\":\"2021-05-19T20:08:19+00:00\",\"breadcrumb\":{\"@id\":\"https:\\\/\\\/cnr.org.br\\\/novoportal\\\/stf-julga-nesta-quarta-necessidade-de-acordo-coletivo-para-dispensa-em-massa\\\/#breadcrumb\"},\"inLanguage\":\"pt-BR\",\"potentialAction\":[{\"@type\":\"ReadAction\",\"target\":[\"https:\\\/\\\/cnr.org.br\\\/novoportal\\\/stf-julga-nesta-quarta-necessidade-de-acordo-coletivo-para-dispensa-em-massa\\\/\"]}]},{\"@type\":\"ImageObject\",\"inLanguage\":\"pt-BR\",\"@id\":\"https:\\\/\\\/cnr.org.br\\\/novoportal\\\/stf-julga-nesta-quarta-necessidade-de-acordo-coletivo-para-dispensa-em-massa\\\/#primaryimage\",\"url\":\"https:\\\/\\\/cnr.org.br\\\/site\\\/wp-content\\\/uploads\\\/2021\\\/05\\\/Tamanho-Oficial-para-as-fotos-do-Site-da-CNR-5.png\",\"contentUrl\":\"https:\\\/\\\/cnr.org.br\\\/site\\\/wp-content\\\/uploads\\\/2021\\\/05\\\/Tamanho-Oficial-para-as-fotos-do-Site-da-CNR-5.png\",\"width\":1980,\"height\":1240,\"caption\":\"acordo coletivo para dispensa em massa\"},{\"@type\":\"BreadcrumbList\",\"@id\":\"https:\\\/\\\/cnr.org.br\\\/novoportal\\\/stf-julga-nesta-quarta-necessidade-de-acordo-coletivo-para-dispensa-em-massa\\\/#breadcrumb\",\"itemListElement\":[{\"@type\":\"ListItem\",\"position\":1,\"name\":\"In\u00edcio\",\"item\":\"https:\\\/\\\/cnr.org.br\\\/site\\\/\"},{\"@type\":\"ListItem\",\"position\":2,\"name\":\"STF julga nesta quarta necessidade de acordo coletivo para dispensa em massa\"}]},{\"@type\":\"WebSite\",\"@id\":\"https:\\\/\\\/cnr.org.br\\\/novoportal\\\/#website\",\"url\":\"https:\\\/\\\/cnr.org.br\\\/novoportal\\\/\",\"name\":\"CNR\",\"description\":\"Confedera\u00e7\u00e3o Nacional de Not\u00e1rios e Registradores\",\"publisher\":{\"@id\":\"https:\\\/\\\/cnr.org.br\\\/novoportal\\\/#organization\"},\"potentialAction\":[{\"@type\":\"SearchAction\",\"target\":{\"@type\":\"EntryPoint\",\"urlTemplate\":\"https:\\\/\\\/cnr.org.br\\\/novoportal\\\/?s={search_term_string}\"},\"query-input\":{\"@type\":\"PropertyValueSpecification\",\"valueRequired\":true,\"valueName\":\"search_term_string\"}}],\"inLanguage\":\"pt-BR\"},{\"@type\":\"Organization\",\"@id\":\"https:\\\/\\\/cnr.org.br\\\/novoportal\\\/#organization\",\"name\":\"CNR\",\"url\":\"https:\\\/\\\/cnr.org.br\\\/novoportal\\\/\",\"logo\":{\"@type\":\"ImageObject\",\"inLanguage\":\"pt-BR\",\"@id\":\"https:\\\/\\\/cnr.org.br\\\/novoportal\\\/#\\\/schema\\\/logo\\\/image\\\/\",\"url\":\"https:\\\/\\\/cnr.org.br\\\/site\\\/wp-content\\\/uploads\\\/2026\\\/02\\\/Logo_CNR_completa_colorida_2024.png\",\"contentUrl\":\"https:\\\/\\\/cnr.org.br\\\/site\\\/wp-content\\\/uploads\\\/2026\\\/02\\\/Logo_CNR_completa_colorida_2024.png\",\"width\":910,\"height\":450,\"caption\":\"CNR\"},\"image\":{\"@id\":\"https:\\\/\\\/cnr.org.br\\\/novoportal\\\/#\\\/schema\\\/logo\\\/image\\\/\"}},{\"@type\":\"Person\",\"@id\":\"https:\\\/\\\/cnr.org.br\\\/novoportal\\\/#\\\/schema\\\/person\\\/1f46209cd8c9d3d9887a0765b64ca66b\",\"name\":\"Imprensa CNR\",\"sameAs\":[\"https:\\\/\\\/cnr.org.br\\\/site\"],\"url\":\"https:\\\/\\\/cnr.org.br\\\/site\\\/author\\\/imprensa\\\/\"}]}<\/script>\n<!-- \/ Yoast SEO plugin. -->","yoast_head_json":{"title":"STF julga nesta quarta necessidade de acordo coletivo para dispensa em massa - CNR","robots":{"index":"index","follow":"follow","max-snippet":"max-snippet:-1","max-image-preview":"max-image-preview:large","max-video-preview":"max-video-preview:-1"},"canonical":"https:\/\/cnr.org.br\/novoportal\/stf-julga-nesta-quarta-necessidade-de-acordo-coletivo-para-dispensa-em-massa\/","og_locale":"pt_BR","og_type":"article","og_title":"STF julga nesta quarta necessidade de acordo coletivo para dispensa em massa - CNR","og_description":"Na&nbsp;sess\u00e3o plen\u00e1ria do Supremo Tribunal Federal desta quarta-feira (19\/5), os ministros julgam recurso extraordin\u00e1rio, com repercuss\u00e3o geral, em que se discute&nbsp;a necessidade de pr\u00e9via negocia\u00e7\u00e3o coletiva com o sindicato dos trabalhadores para dispensa em massa de empregados.&nbsp;O recurso foi interposto pelas empresas Embraer e Eleb Equipamentos Ltda e pelo Sindicato dos Metal\u00fargicos de S\u00e3o Jos\u00e9 [&hellip;]","og_url":"https:\/\/cnr.org.br\/novoportal\/stf-julga-nesta-quarta-necessidade-de-acordo-coletivo-para-dispensa-em-massa\/","og_site_name":"CNR","article_published_time":"2021-05-19T19:56:30+00:00","article_modified_time":"2021-05-19T20:08:19+00:00","og_image":[{"width":1024,"height":641,"url":"https:\/\/cnr.org.br\/novoportal\/wp-content\/uploads\/2021\/05\/Tamanho-Oficial-para-as-fotos-do-Site-da-CNR-5-1024x641.png","type":"image\/png"}],"author":"Imprensa CNR","twitter_card":"summary_large_image","twitter_misc":{"Escrito por":"Imprensa CNR","Est. tempo de leitura":"3 minutos"},"schema":{"@context":"https:\/\/schema.org","@graph":[{"@type":"Article","@id":"https:\/\/cnr.org.br\/novoportal\/stf-julga-nesta-quarta-necessidade-de-acordo-coletivo-para-dispensa-em-massa\/#article","isPartOf":{"@id":"https:\/\/cnr.org.br\/novoportal\/stf-julga-nesta-quarta-necessidade-de-acordo-coletivo-para-dispensa-em-massa\/"},"author":{"name":"Imprensa CNR","@id":"https:\/\/cnr.org.br\/novoportal\/#\/schema\/person\/1f46209cd8c9d3d9887a0765b64ca66b"},"headline":"STF julga nesta quarta necessidade de acordo coletivo para dispensa em massa","datePublished":"2021-05-19T19:56:30+00:00","dateModified":"2021-05-19T20:08:19+00:00","mainEntityOfPage":{"@id":"https:\/\/cnr.org.br\/novoportal\/stf-julga-nesta-quarta-necessidade-de-acordo-coletivo-para-dispensa-em-massa\/"},"wordCount":571,"publisher":{"@id":"https:\/\/cnr.org.br\/novoportal\/#organization"},"image":{"@id":"https:\/\/cnr.org.br\/novoportal\/stf-julga-nesta-quarta-necessidade-de-acordo-coletivo-para-dispensa-em-massa\/#primaryimage"},"thumbnailUrl":"https:\/\/cnr.org.br\/site\/wp-content\/uploads\/2021\/05\/Tamanho-Oficial-para-as-fotos-do-Site-da-CNR-5.png","articleSection":["Home","Not\u00edcia","\u00daltimas Not\u00edcias"],"inLanguage":"pt-BR"},{"@type":"WebPage","@id":"https:\/\/cnr.org.br\/novoportal\/stf-julga-nesta-quarta-necessidade-de-acordo-coletivo-para-dispensa-em-massa\/","url":"https:\/\/cnr.org.br\/novoportal\/stf-julga-nesta-quarta-necessidade-de-acordo-coletivo-para-dispensa-em-massa\/","name":"STF julga nesta quarta necessidade de acordo coletivo para dispensa em massa - CNR","isPartOf":{"@id":"https:\/\/cnr.org.br\/novoportal\/#website"},"primaryImageOfPage":{"@id":"https:\/\/cnr.org.br\/novoportal\/stf-julga-nesta-quarta-necessidade-de-acordo-coletivo-para-dispensa-em-massa\/#primaryimage"},"image":{"@id":"https:\/\/cnr.org.br\/novoportal\/stf-julga-nesta-quarta-necessidade-de-acordo-coletivo-para-dispensa-em-massa\/#primaryimage"},"thumbnailUrl":"https:\/\/cnr.org.br\/site\/wp-content\/uploads\/2021\/05\/Tamanho-Oficial-para-as-fotos-do-Site-da-CNR-5.png","datePublished":"2021-05-19T19:56:30+00:00","dateModified":"2021-05-19T20:08:19+00:00","breadcrumb":{"@id":"https:\/\/cnr.org.br\/novoportal\/stf-julga-nesta-quarta-necessidade-de-acordo-coletivo-para-dispensa-em-massa\/#breadcrumb"},"inLanguage":"pt-BR","potentialAction":[{"@type":"ReadAction","target":["https:\/\/cnr.org.br\/novoportal\/stf-julga-nesta-quarta-necessidade-de-acordo-coletivo-para-dispensa-em-massa\/"]}]},{"@type":"ImageObject","inLanguage":"pt-BR","@id":"https:\/\/cnr.org.br\/novoportal\/stf-julga-nesta-quarta-necessidade-de-acordo-coletivo-para-dispensa-em-massa\/#primaryimage","url":"https:\/\/cnr.org.br\/site\/wp-content\/uploads\/2021\/05\/Tamanho-Oficial-para-as-fotos-do-Site-da-CNR-5.png","contentUrl":"https:\/\/cnr.org.br\/site\/wp-content\/uploads\/2021\/05\/Tamanho-Oficial-para-as-fotos-do-Site-da-CNR-5.png","width":1980,"height":1240,"caption":"acordo coletivo para dispensa em massa"},{"@type":"BreadcrumbList","@id":"https:\/\/cnr.org.br\/novoportal\/stf-julga-nesta-quarta-necessidade-de-acordo-coletivo-para-dispensa-em-massa\/#breadcrumb","itemListElement":[{"@type":"ListItem","position":1,"name":"In\u00edcio","item":"https:\/\/cnr.org.br\/site\/"},{"@type":"ListItem","position":2,"name":"STF julga nesta quarta necessidade de acordo coletivo para dispensa em massa"}]},{"@type":"WebSite","@id":"https:\/\/cnr.org.br\/novoportal\/#website","url":"https:\/\/cnr.org.br\/novoportal\/","name":"CNR","description":"Confedera\u00e7\u00e3o Nacional de Not\u00e1rios e Registradores","publisher":{"@id":"https:\/\/cnr.org.br\/novoportal\/#organization"},"potentialAction":[{"@type":"SearchAction","target":{"@type":"EntryPoint","urlTemplate":"https:\/\/cnr.org.br\/novoportal\/?s={search_term_string}"},"query-input":{"@type":"PropertyValueSpecification","valueRequired":true,"valueName":"search_term_string"}}],"inLanguage":"pt-BR"},{"@type":"Organization","@id":"https:\/\/cnr.org.br\/novoportal\/#organization","name":"CNR","url":"https:\/\/cnr.org.br\/novoportal\/","logo":{"@type":"ImageObject","inLanguage":"pt-BR","@id":"https:\/\/cnr.org.br\/novoportal\/#\/schema\/logo\/image\/","url":"https:\/\/cnr.org.br\/site\/wp-content\/uploads\/2026\/02\/Logo_CNR_completa_colorida_2024.png","contentUrl":"https:\/\/cnr.org.br\/site\/wp-content\/uploads\/2026\/02\/Logo_CNR_completa_colorida_2024.png","width":910,"height":450,"caption":"CNR"},"image":{"@id":"https:\/\/cnr.org.br\/novoportal\/#\/schema\/logo\/image\/"}},{"@type":"Person","@id":"https:\/\/cnr.org.br\/novoportal\/#\/schema\/person\/1f46209cd8c9d3d9887a0765b64ca66b","name":"Imprensa CNR","sameAs":["https:\/\/cnr.org.br\/site"],"url":"https:\/\/cnr.org.br\/site\/author\/imprensa\/"}]}},"_links":{"self":[{"href":"https:\/\/cnr.org.br\/site\/wp-json\/wp\/v2\/posts\/23093","targetHints":{"allow":["GET"]}}],"collection":[{"href":"https:\/\/cnr.org.br\/site\/wp-json\/wp\/v2\/posts"}],"about":[{"href":"https:\/\/cnr.org.br\/site\/wp-json\/wp\/v2\/types\/post"}],"author":[{"embeddable":true,"href":"https:\/\/cnr.org.br\/site\/wp-json\/wp\/v2\/users\/2"}],"replies":[{"embeddable":true,"href":"https:\/\/cnr.org.br\/site\/wp-json\/wp\/v2\/comments?post=23093"}],"version-history":[{"count":0,"href":"https:\/\/cnr.org.br\/site\/wp-json\/wp\/v2\/posts\/23093\/revisions"}],"wp:featuredmedia":[{"embeddable":true,"href":"https:\/\/cnr.org.br\/site\/wp-json\/wp\/v2\/media\/23095"}],"wp:attachment":[{"href":"https:\/\/cnr.org.br\/site\/wp-json\/wp\/v2\/media?parent=23093"}],"wp:term":[{"taxonomy":"category","embeddable":true,"href":"https:\/\/cnr.org.br\/site\/wp-json\/wp\/v2\/categories?post=23093"},{"taxonomy":"post_tag","embeddable":true,"href":"https:\/\/cnr.org.br\/site\/wp-json\/wp\/v2\/tags?post=23093"}],"curies":[{"name":"wp","href":"https:\/\/api.w.org\/{rel}","templated":true}]}}