{"id":23204,"date":"2021-06-24T14:41:21","date_gmt":"2021-06-24T17:41:21","guid":{"rendered":"https:\/\/cnr.org.br\/site\/?p=23204"},"modified":"2021-06-25T14:45:24","modified_gmt":"2021-06-25T17:45:24","slug":"cnr-na-midia-confira-os-destaques-da-confederacao-na-imprensa-durante-o-mes-de-junho","status":"publish","type":"post","link":"https:\/\/cnr.org.br\/site\/cnr-na-midia-confira-os-destaques-da-confederacao-na-imprensa-durante-o-mes-de-junho\/","title":{"rendered":"CNR na M\u00eddia: confira os destaques da Confedera\u00e7\u00e3o na imprensa durante o m\u00eas de Junho"},"content":{"rendered":"\n<p>O m\u00eas de Junho foi de intensas atividades para a Confedera\u00e7\u00e3o Nacional de Not\u00e1rios e Registradores (CNR). Essas a\u00e7\u00f5es se refletiram tamb\u00e9m em publica\u00e7\u00f5es diversas em ve\u00edculos de comunica\u00e7\u00e3o segmentados e tradicionais. Entre os destaques est\u00e3o a mat\u00e9ria de capa da Revista Seguran\u00e7a Jur\u00eddica, feita com o presidente da CNR, Rog\u00e9rio Bacellar; a entrevista concedida para a R\u00e1dio Justi\u00e7a, pelo diretor da entidade, Devanir Garcia, sobre o registro de nascimento e suas particularidades.<\/p>\n\n\n\n<p>Abaixo indicamos os links das entrevistas concedidas para que todos possam acompanhar:<\/p>\n\n\n\n<ul class=\"wp-block-list\"><li><a href=\"https:\/\/pdf.magtab.com\/reader\/revista-seguranca-juridica\/21658\">REVISTA SEGURAN\u00c7A JUR\u00cdDICA &#8211; Entrevista Rog\u00e9rio Bacellar<\/a><\/li><li><a href=\"https:\/\/www.cnj.jus.br\/resolucao-preve-que-cartorio-de-orientacoes-juridicas-sobre-casamento\/\">CNJ NOT\u00cdCIAS&nbsp;&nbsp;<\/a><\/li><li><a href=\"https:\/\/www.stj.jus.br\/sites\/portalp\/Paginas\/Comunicacao\/Noticias\/15062021-Ministro-Humberto-Martins-participa-do-lancamento-da-Camara-Brasileira-de-Mediacao--Conciliacao-e-Arbitragem.aspx\">STJ NOT\u00cdCIAS &#8211; Lan\u00e7amento CBRAC<\/a><\/li><li>R\u00c1DIO JUSTI\u00c7A &#8211; Entrevista Devanir Garcia (a partir do minuto 24)<\/li><\/ul>\n\n\n\n<figure class=\"wp-block-audio\"><audio controls src=\"https:\/\/cnr.org.br\/site\/wp-content\/uploads\/2021\/06\/110621JUSTICANATARDEBLOCO2.mp3\"><\/audio><\/figure>\n\n\n\n<ul class=\"wp-block-list\"><li>R\u00c1DIO JUSTI\u00c7A &#8211; Entrevista Dr. Rog\u00e9rio Bacellar<\/li><\/ul>\n\n\n\n<figure class=\"wp-block-audio\"><audio controls src=\"https:\/\/cnr.org.br\/site\/wp-content\/uploads\/2021\/06\/18-06-21-REP-FABIO-LANCAMENTO-CBRAC-GIRO-aprovada-1.mp3\"><\/audio><\/figure>\n\n\n\n<p><\/p>\n\n\n\n<p>Quer receber not\u00edcias sobre o setor notarial e de registro e saber dos destaque na M\u00eddia do setor? Envie um email para <a href=\"mailto:contato@cnrconfederacao.org.br\">contato@cnrconfederacao.org.br<\/a> ou tamb\u00e9m cadastre-se no grupo da CNR no whatsapp: <a href=\"https:\/\/chat.whatsapp.com\/HJtgzhiSYnSIABMiZhuGZ2\">https:\/\/chat.whatsapp.com\/HJtgzhiSYnSIABMiZhuGZ2<\/a><\/p>\n\n\n\n<p><\/p>\n","protected":false},"excerpt":{"rendered":"<p>O m\u00eas de Junho foi de intensas atividades para a Confedera\u00e7\u00e3o Nacional de Not\u00e1rios e Registradores (CNR). Essas a\u00e7\u00f5es se refletiram tamb\u00e9m em publica\u00e7\u00f5es diversas em ve\u00edculos de comunica\u00e7\u00e3o segmentados e tradicionais. Entre os destaques est\u00e3o a mat\u00e9ria de capa da Revista Seguran\u00e7a Jur\u00eddica, feita com o presidente da CNR, Rog\u00e9rio Bacellar; a entrevista concedida&#8230;<\/p>\n","protected":false},"author":2,"featured_media":23208,"comment_status":"closed","ping_status":"closed","sticky":false,"template":"","format":"standard","meta":{"_exactmetrics_skip_tracking":false,"_exactmetrics_sitenote_active":false,"_exactmetrics_sitenote_note":"","_exactmetrics_sitenote_category":0,"footnotes":""},"categories":[525,55,47],"tags":[],"class_list":["post-23204","post","type-post","status-publish","format-standard","has-post-thumbnail","hentry","category-home","category-noticia","category-ultimas-noticias"],"_links":{"self":[{"href":"https:\/\/cnr.org.br\/site\/wp-json\/wp\/v2\/posts\/23204"}],"collection":[{"href":"https:\/\/cnr.org.br\/site\/wp-json\/wp\/v2\/posts"}],"about":[{"href":"https:\/\/cnr.org.br\/site\/wp-json\/wp\/v2\/types\/post"}],"author":[{"embeddable":true,"href":"https:\/\/cnr.org.br\/site\/wp-json\/wp\/v2\/users\/2"}],"replies":[{"embeddable":true,"href":"https:\/\/cnr.org.br\/site\/wp-json\/wp\/v2\/comments?post=23204"}],"version-history":[{"count":4,"href":"https:\/\/cnr.org.br\/site\/wp-json\/wp\/v2\/posts\/23204\/revisions"}],"predecessor-version":[{"id":23218,"href":"https:\/\/cnr.org.br\/site\/wp-json\/wp\/v2\/posts\/23204\/revisions\/23218"}],"wp:featuredmedia":[{"embeddable":true,"href":"https:\/\/cnr.org.br\/site\/wp-json\/wp\/v2\/media\/23208"}],"wp:attachment":[{"href":"https:\/\/cnr.org.br\/site\/wp-json\/wp\/v2\/media?parent=23204"}],"wp:term":[{"taxonomy":"category","embeddable":true,"href":"https:\/\/cnr.org.br\/site\/wp-json\/wp\/v2\/categories?post=23204"},{"taxonomy":"post_tag","embeddable":true,"href":"https:\/\/cnr.org.br\/site\/wp-json\/wp\/v2\/tags?post=23204"}],"curies":[{"name":"wp","href":"https:\/\/api.w.org\/{rel}","templated":true}]}}