{"id":23509,"date":"2021-08-24T14:07:09","date_gmt":"2021-08-24T17:07:09","guid":{"rendered":"https:\/\/cnr.org.br\/site\/?p=23509"},"modified":"2021-08-24T14:07:12","modified_gmt":"2021-08-24T17:07:12","slug":"jornal-contabil-reforma-trabalhista-veja-o-que-pode-mudar-para-os-trabalhadores","status":"publish","type":"post","link":"https:\/\/cnr.org.br\/site\/jornal-contabil-reforma-trabalhista-veja-o-que-pode-mudar-para-os-trabalhadores\/","title":{"rendered":"JORNAL CONT\u00c1BIL: Reforma trabalhista: veja o que pode mudar para os trabalhadores"},"content":{"rendered":"<div id=\"dslc-theme-content\"><div id=\"dslc-theme-content-inner\">\n<p>A reforma trabalhista est\u00e1 em tramita\u00e7\u00e3o no Congresso Nacional, sua aprova\u00e7\u00e3o pode causar mudan\u00e7as nas regras de trabalho, isso porque ser\u00e3o mudan\u00e7as permanentes nas leis trabalhistas \u2013 Consolida\u00e7\u00e3o das Leis do Trabalho (CLT).<\/p>\n\n\n\n<p>O que mais chamou a aten\u00e7\u00e3o foi que ser\u00e1 poss\u00edvel o trabalhador exercer uma atividade sem registro em carteira, perdendo o direito a f\u00e9rias, 13\u00b0 sal\u00e1rio e FGTS (Fundo de Garantia do Tempo de servi\u00e7o). Na quinta-feira (12), o texto foi aprovado pelo plen\u00e1rio da C\u00e2mara dos Deputados, seguindo para ser analisado pelo Senado.<\/p>\n\n\n\n<p>Leia a mat\u00e9ria completa<a href=\"https:\/\/www.jornalcontabil.com.br\/reforma-trabalhista-veja-o-que-pode-mudar-para-os-trabalhadores\/\"> aqui<\/a><\/p>\n\n\n\n<p>Fonte: Jornal Cont\u00e1bil<\/p>\n<\/div><\/div>","protected":false},"excerpt":{"rendered":"<p>A reforma trabalhista est\u00e1 em tramita\u00e7\u00e3o no Congresso Nacional, sua aprova\u00e7\u00e3o pode causar mudan\u00e7as nas regras de trabalho, isso porque ser\u00e3o mudan\u00e7as permanentes nas leis trabalhistas \u2013 Consolida\u00e7\u00e3o das Leis do Trabalho (CLT). O que mais chamou a aten\u00e7\u00e3o foi que ser\u00e1 poss\u00edvel o trabalhador exercer uma atividade sem registro em carteira, perdendo o direito [&hellip;]<\/p>\n","protected":false},"author":2,"featured_media":23317,"comment_status":"closed","ping_status":"closed","sticky":false,"template":"","format":"standard","meta":{"footnotes":"","_links_to":"","_links_to_target":""},"categories":[525,55,47],"tags":[],"class_list":["post-23509","post","type-post","status-publish","format-standard","has-post-thumbnail","hentry","category-home","category-noticia","category-ultimas-noticias"],"yoast_head":"<!-- This site is optimized with the Yoast SEO plugin v27.5 - https:\/\/yoast.com\/product\/yoast-seo-wordpress\/ -->\n<title>JORNAL CONT\u00c1BIL: Reforma trabalhista: veja o que pode mudar para os trabalhadores - CNR<\/title>\n<meta name=\"robots\" content=\"index, follow, max-snippet:-1, max-image-preview:large, max-video-preview:-1\" \/>\n<link rel=\"canonical\" href=\"https:\/\/cnr.org.br\/novoportal\/jornal-contabil-reforma-trabalhista-veja-o-que-pode-mudar-para-os-trabalhadores\/\" \/>\n<meta property=\"og:locale\" content=\"pt_BR\" \/>\n<meta property=\"og:type\" content=\"article\" \/>\n<meta property=\"og:title\" content=\"JORNAL CONT\u00c1BIL: Reforma trabalhista: veja o que pode mudar para os trabalhadores - CNR\" \/>\n<meta property=\"og:description\" content=\"A reforma trabalhista est\u00e1 em tramita\u00e7\u00e3o no Congresso Nacional, sua aprova\u00e7\u00e3o pode causar mudan\u00e7as nas regras de trabalho, isso porque ser\u00e3o mudan\u00e7as permanentes nas leis trabalhistas \u2013 Consolida\u00e7\u00e3o das Leis do Trabalho (CLT). O que mais chamou a aten\u00e7\u00e3o foi que ser\u00e1 poss\u00edvel o trabalhador exercer uma atividade sem registro em carteira, perdendo o direito [&hellip;]\" \/>\n<meta property=\"og:url\" content=\"https:\/\/cnr.org.br\/novoportal\/jornal-contabil-reforma-trabalhista-veja-o-que-pode-mudar-para-os-trabalhadores\/\" \/>\n<meta property=\"og:site_name\" content=\"CNR\" \/>\n<meta property=\"article:published_time\" content=\"2021-08-24T17:07:09+00:00\" \/>\n<meta property=\"article:modified_time\" content=\"2021-08-24T17:07:12+00:00\" \/>\n<meta property=\"og:image\" content=\"https:\/\/cnr.org.br\/novoportal\/wp-content\/uploads\/2021\/07\/Tamanho-Oficial-para-as-fotos-do-Site-da-CNR-35.png\" \/>\n\t<meta property=\"og:image:width\" content=\"1940\" \/>\n\t<meta property=\"og:image:height\" content=\"1240\" \/>\n\t<meta property=\"og:image:type\" content=\"image\/png\" \/>\n<meta name=\"author\" content=\"Imprensa CNR\" \/>\n<meta name=\"twitter:card\" content=\"summary_large_image\" \/>\n<meta name=\"twitter:label1\" content=\"Escrito por\" \/>\n\t<meta name=\"twitter:data1\" content=\"Imprensa CNR\" \/>\n\t<meta name=\"twitter:label2\" content=\"Est. tempo de leitura\" \/>\n\t<meta name=\"twitter:data2\" content=\"1 minuto\" \/>\n<script type=\"application\/ld+json\" class=\"yoast-schema-graph\">{\"@context\":\"https:\\\/\\\/schema.org\",\"@graph\":[{\"@type\":\"Article\",\"@id\":\"https:\\\/\\\/cnr.org.br\\\/novoportal\\\/jornal-contabil-reforma-trabalhista-veja-o-que-pode-mudar-para-os-trabalhadores\\\/#article\",\"isPartOf\":{\"@id\":\"https:\\\/\\\/cnr.org.br\\\/novoportal\\\/jornal-contabil-reforma-trabalhista-veja-o-que-pode-mudar-para-os-trabalhadores\\\/\"},\"author\":{\"name\":\"Imprensa CNR\",\"@id\":\"https:\\\/\\\/cnr.org.br\\\/novoportal\\\/#\\\/schema\\\/person\\\/1f46209cd8c9d3d9887a0765b64ca66b\"},\"headline\":\"JORNAL CONT\u00c1BIL: Reforma trabalhista: veja o que pode mudar para os trabalhadores\",\"datePublished\":\"2021-08-24T17:07:09+00:00\",\"dateModified\":\"2021-08-24T17:07:12+00:00\",\"mainEntityOfPage\":{\"@id\":\"https:\\\/\\\/cnr.org.br\\\/novoportal\\\/jornal-contabil-reforma-trabalhista-veja-o-que-pode-mudar-para-os-trabalhadores\\\/\"},\"wordCount\":120,\"publisher\":{\"@id\":\"https:\\\/\\\/cnr.org.br\\\/novoportal\\\/#organization\"},\"image\":{\"@id\":\"https:\\\/\\\/cnr.org.br\\\/novoportal\\\/jornal-contabil-reforma-trabalhista-veja-o-que-pode-mudar-para-os-trabalhadores\\\/#primaryimage\"},\"thumbnailUrl\":\"https:\\\/\\\/cnr.org.br\\\/site\\\/wp-content\\\/uploads\\\/2021\\\/07\\\/Tamanho-Oficial-para-as-fotos-do-Site-da-CNR-35.png\",\"articleSection\":[\"Home\",\"Not\u00edcia\",\"\u00daltimas Not\u00edcias\"],\"inLanguage\":\"pt-BR\"},{\"@type\":\"WebPage\",\"@id\":\"https:\\\/\\\/cnr.org.br\\\/novoportal\\\/jornal-contabil-reforma-trabalhista-veja-o-que-pode-mudar-para-os-trabalhadores\\\/\",\"url\":\"https:\\\/\\\/cnr.org.br\\\/novoportal\\\/jornal-contabil-reforma-trabalhista-veja-o-que-pode-mudar-para-os-trabalhadores\\\/\",\"name\":\"JORNAL CONT\u00c1BIL: Reforma trabalhista: veja o que pode mudar para os trabalhadores - CNR\",\"isPartOf\":{\"@id\":\"https:\\\/\\\/cnr.org.br\\\/novoportal\\\/#website\"},\"primaryImageOfPage\":{\"@id\":\"https:\\\/\\\/cnr.org.br\\\/novoportal\\\/jornal-contabil-reforma-trabalhista-veja-o-que-pode-mudar-para-os-trabalhadores\\\/#primaryimage\"},\"image\":{\"@id\":\"https:\\\/\\\/cnr.org.br\\\/novoportal\\\/jornal-contabil-reforma-trabalhista-veja-o-que-pode-mudar-para-os-trabalhadores\\\/#primaryimage\"},\"thumbnailUrl\":\"https:\\\/\\\/cnr.org.br\\\/site\\\/wp-content\\\/uploads\\\/2021\\\/07\\\/Tamanho-Oficial-para-as-fotos-do-Site-da-CNR-35.png\",\"datePublished\":\"2021-08-24T17:07:09+00:00\",\"dateModified\":\"2021-08-24T17:07:12+00:00\",\"breadcrumb\":{\"@id\":\"https:\\\/\\\/cnr.org.br\\\/novoportal\\\/jornal-contabil-reforma-trabalhista-veja-o-que-pode-mudar-para-os-trabalhadores\\\/#breadcrumb\"},\"inLanguage\":\"pt-BR\",\"potentialAction\":[{\"@type\":\"ReadAction\",\"target\":[\"https:\\\/\\\/cnr.org.br\\\/novoportal\\\/jornal-contabil-reforma-trabalhista-veja-o-que-pode-mudar-para-os-trabalhadores\\\/\"]}]},{\"@type\":\"ImageObject\",\"inLanguage\":\"pt-BR\",\"@id\":\"https:\\\/\\\/cnr.org.br\\\/novoportal\\\/jornal-contabil-reforma-trabalhista-veja-o-que-pode-mudar-para-os-trabalhadores\\\/#primaryimage\",\"url\":\"https:\\\/\\\/cnr.org.br\\\/site\\\/wp-content\\\/uploads\\\/2021\\\/07\\\/Tamanho-Oficial-para-as-fotos-do-Site-da-CNR-35.png\",\"contentUrl\":\"https:\\\/\\\/cnr.org.br\\\/site\\\/wp-content\\\/uploads\\\/2021\\\/07\\\/Tamanho-Oficial-para-as-fotos-do-Site-da-CNR-35.png\",\"width\":1940,\"height\":1240,\"caption\":\"Foto: Canva Pr\u00f3\"},{\"@type\":\"BreadcrumbList\",\"@id\":\"https:\\\/\\\/cnr.org.br\\\/novoportal\\\/jornal-contabil-reforma-trabalhista-veja-o-que-pode-mudar-para-os-trabalhadores\\\/#breadcrumb\",\"itemListElement\":[{\"@type\":\"ListItem\",\"position\":1,\"name\":\"In\u00edcio\",\"item\":\"https:\\\/\\\/cnr.org.br\\\/site\\\/\"},{\"@type\":\"ListItem\",\"position\":2,\"name\":\"JORNAL CONT\u00c1BIL: Reforma trabalhista: veja o que pode mudar para os trabalhadores\"}]},{\"@type\":\"WebSite\",\"@id\":\"https:\\\/\\\/cnr.org.br\\\/novoportal\\\/#website\",\"url\":\"https:\\\/\\\/cnr.org.br\\\/novoportal\\\/\",\"name\":\"CNR\",\"description\":\"Confedera\u00e7\u00e3o Nacional de Not\u00e1rios e Registradores\",\"publisher\":{\"@id\":\"https:\\\/\\\/cnr.org.br\\\/novoportal\\\/#organization\"},\"potentialAction\":[{\"@type\":\"SearchAction\",\"target\":{\"@type\":\"EntryPoint\",\"urlTemplate\":\"https:\\\/\\\/cnr.org.br\\\/novoportal\\\/?s={search_term_string}\"},\"query-input\":{\"@type\":\"PropertyValueSpecification\",\"valueRequired\":true,\"valueName\":\"search_term_string\"}}],\"inLanguage\":\"pt-BR\"},{\"@type\":\"Organization\",\"@id\":\"https:\\\/\\\/cnr.org.br\\\/novoportal\\\/#organization\",\"name\":\"CNR\",\"url\":\"https:\\\/\\\/cnr.org.br\\\/novoportal\\\/\",\"logo\":{\"@type\":\"ImageObject\",\"inLanguage\":\"pt-BR\",\"@id\":\"https:\\\/\\\/cnr.org.br\\\/novoportal\\\/#\\\/schema\\\/logo\\\/image\\\/\",\"url\":\"https:\\\/\\\/cnr.org.br\\\/site\\\/wp-content\\\/uploads\\\/2026\\\/02\\\/Logo_CNR_completa_colorida_2024.png\",\"contentUrl\":\"https:\\\/\\\/cnr.org.br\\\/site\\\/wp-content\\\/uploads\\\/2026\\\/02\\\/Logo_CNR_completa_colorida_2024.png\",\"width\":910,\"height\":450,\"caption\":\"CNR\"},\"image\":{\"@id\":\"https:\\\/\\\/cnr.org.br\\\/novoportal\\\/#\\\/schema\\\/logo\\\/image\\\/\"}},{\"@type\":\"Person\",\"@id\":\"https:\\\/\\\/cnr.org.br\\\/novoportal\\\/#\\\/schema\\\/person\\\/1f46209cd8c9d3d9887a0765b64ca66b\",\"name\":\"Imprensa CNR\",\"sameAs\":[\"https:\\\/\\\/cnr.org.br\\\/site\"],\"url\":\"https:\\\/\\\/cnr.org.br\\\/site\\\/author\\\/imprensa\\\/\"}]}<\/script>\n<!-- \/ Yoast SEO plugin. -->","yoast_head_json":{"title":"JORNAL CONT\u00c1BIL: Reforma trabalhista: veja o que pode mudar para os trabalhadores - CNR","robots":{"index":"index","follow":"follow","max-snippet":"max-snippet:-1","max-image-preview":"max-image-preview:large","max-video-preview":"max-video-preview:-1"},"canonical":"https:\/\/cnr.org.br\/novoportal\/jornal-contabil-reforma-trabalhista-veja-o-que-pode-mudar-para-os-trabalhadores\/","og_locale":"pt_BR","og_type":"article","og_title":"JORNAL CONT\u00c1BIL: Reforma trabalhista: veja o que pode mudar para os trabalhadores - CNR","og_description":"A reforma trabalhista est\u00e1 em tramita\u00e7\u00e3o no Congresso Nacional, sua aprova\u00e7\u00e3o pode causar mudan\u00e7as nas regras de trabalho, isso porque ser\u00e3o mudan\u00e7as permanentes nas leis trabalhistas \u2013 Consolida\u00e7\u00e3o das Leis do Trabalho (CLT). O que mais chamou a aten\u00e7\u00e3o foi que ser\u00e1 poss\u00edvel o trabalhador exercer uma atividade sem registro em carteira, perdendo o direito [&hellip;]","og_url":"https:\/\/cnr.org.br\/novoportal\/jornal-contabil-reforma-trabalhista-veja-o-que-pode-mudar-para-os-trabalhadores\/","og_site_name":"CNR","article_published_time":"2021-08-24T17:07:09+00:00","article_modified_time":"2021-08-24T17:07:12+00:00","og_image":[{"width":1940,"height":1240,"url":"https:\/\/cnr.org.br\/novoportal\/wp-content\/uploads\/2021\/07\/Tamanho-Oficial-para-as-fotos-do-Site-da-CNR-35.png","type":"image\/png"}],"author":"Imprensa CNR","twitter_card":"summary_large_image","twitter_misc":{"Escrito por":"Imprensa CNR","Est. tempo de leitura":"1 minuto"},"schema":{"@context":"https:\/\/schema.org","@graph":[{"@type":"Article","@id":"https:\/\/cnr.org.br\/novoportal\/jornal-contabil-reforma-trabalhista-veja-o-que-pode-mudar-para-os-trabalhadores\/#article","isPartOf":{"@id":"https:\/\/cnr.org.br\/novoportal\/jornal-contabil-reforma-trabalhista-veja-o-que-pode-mudar-para-os-trabalhadores\/"},"author":{"name":"Imprensa CNR","@id":"https:\/\/cnr.org.br\/novoportal\/#\/schema\/person\/1f46209cd8c9d3d9887a0765b64ca66b"},"headline":"JORNAL CONT\u00c1BIL: Reforma trabalhista: veja o que pode mudar para os trabalhadores","datePublished":"2021-08-24T17:07:09+00:00","dateModified":"2021-08-24T17:07:12+00:00","mainEntityOfPage":{"@id":"https:\/\/cnr.org.br\/novoportal\/jornal-contabil-reforma-trabalhista-veja-o-que-pode-mudar-para-os-trabalhadores\/"},"wordCount":120,"publisher":{"@id":"https:\/\/cnr.org.br\/novoportal\/#organization"},"image":{"@id":"https:\/\/cnr.org.br\/novoportal\/jornal-contabil-reforma-trabalhista-veja-o-que-pode-mudar-para-os-trabalhadores\/#primaryimage"},"thumbnailUrl":"https:\/\/cnr.org.br\/site\/wp-content\/uploads\/2021\/07\/Tamanho-Oficial-para-as-fotos-do-Site-da-CNR-35.png","articleSection":["Home","Not\u00edcia","\u00daltimas Not\u00edcias"],"inLanguage":"pt-BR"},{"@type":"WebPage","@id":"https:\/\/cnr.org.br\/novoportal\/jornal-contabil-reforma-trabalhista-veja-o-que-pode-mudar-para-os-trabalhadores\/","url":"https:\/\/cnr.org.br\/novoportal\/jornal-contabil-reforma-trabalhista-veja-o-que-pode-mudar-para-os-trabalhadores\/","name":"JORNAL CONT\u00c1BIL: Reforma trabalhista: veja o que pode mudar para os trabalhadores - CNR","isPartOf":{"@id":"https:\/\/cnr.org.br\/novoportal\/#website"},"primaryImageOfPage":{"@id":"https:\/\/cnr.org.br\/novoportal\/jornal-contabil-reforma-trabalhista-veja-o-que-pode-mudar-para-os-trabalhadores\/#primaryimage"},"image":{"@id":"https:\/\/cnr.org.br\/novoportal\/jornal-contabil-reforma-trabalhista-veja-o-que-pode-mudar-para-os-trabalhadores\/#primaryimage"},"thumbnailUrl":"https:\/\/cnr.org.br\/site\/wp-content\/uploads\/2021\/07\/Tamanho-Oficial-para-as-fotos-do-Site-da-CNR-35.png","datePublished":"2021-08-24T17:07:09+00:00","dateModified":"2021-08-24T17:07:12+00:00","breadcrumb":{"@id":"https:\/\/cnr.org.br\/novoportal\/jornal-contabil-reforma-trabalhista-veja-o-que-pode-mudar-para-os-trabalhadores\/#breadcrumb"},"inLanguage":"pt-BR","potentialAction":[{"@type":"ReadAction","target":["https:\/\/cnr.org.br\/novoportal\/jornal-contabil-reforma-trabalhista-veja-o-que-pode-mudar-para-os-trabalhadores\/"]}]},{"@type":"ImageObject","inLanguage":"pt-BR","@id":"https:\/\/cnr.org.br\/novoportal\/jornal-contabil-reforma-trabalhista-veja-o-que-pode-mudar-para-os-trabalhadores\/#primaryimage","url":"https:\/\/cnr.org.br\/site\/wp-content\/uploads\/2021\/07\/Tamanho-Oficial-para-as-fotos-do-Site-da-CNR-35.png","contentUrl":"https:\/\/cnr.org.br\/site\/wp-content\/uploads\/2021\/07\/Tamanho-Oficial-para-as-fotos-do-Site-da-CNR-35.png","width":1940,"height":1240,"caption":"Foto: Canva Pr\u00f3"},{"@type":"BreadcrumbList","@id":"https:\/\/cnr.org.br\/novoportal\/jornal-contabil-reforma-trabalhista-veja-o-que-pode-mudar-para-os-trabalhadores\/#breadcrumb","itemListElement":[{"@type":"ListItem","position":1,"name":"In\u00edcio","item":"https:\/\/cnr.org.br\/site\/"},{"@type":"ListItem","position":2,"name":"JORNAL CONT\u00c1BIL: Reforma trabalhista: veja o que pode mudar para os trabalhadores"}]},{"@type":"WebSite","@id":"https:\/\/cnr.org.br\/novoportal\/#website","url":"https:\/\/cnr.org.br\/novoportal\/","name":"CNR","description":"Confedera\u00e7\u00e3o Nacional de Not\u00e1rios e Registradores","publisher":{"@id":"https:\/\/cnr.org.br\/novoportal\/#organization"},"potentialAction":[{"@type":"SearchAction","target":{"@type":"EntryPoint","urlTemplate":"https:\/\/cnr.org.br\/novoportal\/?s={search_term_string}"},"query-input":{"@type":"PropertyValueSpecification","valueRequired":true,"valueName":"search_term_string"}}],"inLanguage":"pt-BR"},{"@type":"Organization","@id":"https:\/\/cnr.org.br\/novoportal\/#organization","name":"CNR","url":"https:\/\/cnr.org.br\/novoportal\/","logo":{"@type":"ImageObject","inLanguage":"pt-BR","@id":"https:\/\/cnr.org.br\/novoportal\/#\/schema\/logo\/image\/","url":"https:\/\/cnr.org.br\/site\/wp-content\/uploads\/2026\/02\/Logo_CNR_completa_colorida_2024.png","contentUrl":"https:\/\/cnr.org.br\/site\/wp-content\/uploads\/2026\/02\/Logo_CNR_completa_colorida_2024.png","width":910,"height":450,"caption":"CNR"},"image":{"@id":"https:\/\/cnr.org.br\/novoportal\/#\/schema\/logo\/image\/"}},{"@type":"Person","@id":"https:\/\/cnr.org.br\/novoportal\/#\/schema\/person\/1f46209cd8c9d3d9887a0765b64ca66b","name":"Imprensa CNR","sameAs":["https:\/\/cnr.org.br\/site"],"url":"https:\/\/cnr.org.br\/site\/author\/imprensa\/"}]}},"_links":{"self":[{"href":"https:\/\/cnr.org.br\/site\/wp-json\/wp\/v2\/posts\/23509","targetHints":{"allow":["GET"]}}],"collection":[{"href":"https:\/\/cnr.org.br\/site\/wp-json\/wp\/v2\/posts"}],"about":[{"href":"https:\/\/cnr.org.br\/site\/wp-json\/wp\/v2\/types\/post"}],"author":[{"embeddable":true,"href":"https:\/\/cnr.org.br\/site\/wp-json\/wp\/v2\/users\/2"}],"replies":[{"embeddable":true,"href":"https:\/\/cnr.org.br\/site\/wp-json\/wp\/v2\/comments?post=23509"}],"version-history":[{"count":0,"href":"https:\/\/cnr.org.br\/site\/wp-json\/wp\/v2\/posts\/23509\/revisions"}],"wp:featuredmedia":[{"embeddable":true,"href":"https:\/\/cnr.org.br\/site\/wp-json\/wp\/v2\/media\/23317"}],"wp:attachment":[{"href":"https:\/\/cnr.org.br\/site\/wp-json\/wp\/v2\/media?parent=23509"}],"wp:term":[{"taxonomy":"category","embeddable":true,"href":"https:\/\/cnr.org.br\/site\/wp-json\/wp\/v2\/categories?post=23509"},{"taxonomy":"post_tag","embeddable":true,"href":"https:\/\/cnr.org.br\/site\/wp-json\/wp\/v2\/tags?post=23509"}],"curies":[{"name":"wp","href":"https:\/\/api.w.org\/{rel}","templated":true}]}}