{"id":23573,"date":"2021-08-26T14:32:43","date_gmt":"2021-08-26T17:32:43","guid":{"rendered":"https:\/\/cnr.org.br\/site\/?p=23573"},"modified":"2021-08-26T14:32:47","modified_gmt":"2021-08-26T17:32:47","slug":"xii-forum-internacional-de-integracao-juridica-abertura-destaca-a-evolucao-do-sistema-notarial-e-de-registro","status":"publish","type":"post","link":"https:\/\/cnr.org.br\/site\/xii-forum-internacional-de-integracao-juridica-abertura-destaca-a-evolucao-do-sistema-notarial-e-de-registro\/","title":{"rendered":"XII F\u00f3rum Internacional de Integra\u00e7\u00e3o Jur\u00eddica: abertura destaca a evolu\u00e7\u00e3o do sistema notarial e de registro"},"content":{"rendered":"<div id=\"dslc-theme-content\"><div id=\"dslc-theme-content-inner\">\n<p class=\"wp-block-paragraph\"><em>Lan\u00e7amento oficial do evento reuniu os principais especialistas da \u00e1rea para debater sobre&nbsp; a tem\u00e1tica \u201cTend\u00eancias Digitais dos Registros P\u00fablicos e Tabelionatos\u201d<\/em><\/p>\n\n\n\n<p class=\"wp-block-paragraph\">Na manh\u00e3 desta quinta-feira (26) foi realizada a abertura do XII F\u00f3rum Internacional de Integra\u00e7\u00e3o Jur\u00eddica.&nbsp; Na solenidade, que aconteceu de forma online,<a href=\"https:\/\/www.youtube.com\/c\/EnnorCursos\/featured\"> pelo youtube da Ennor<\/a>, o Presidente do Conselho Superior da Escola Nacional de Not\u00e1rios e Registradores (Ennor) e presidente da Confedera\u00e7\u00e3o de Not\u00e1rios e Registradores (CNR), Rog\u00e9rio Bacellar, destacou os avan\u00e7os da atividade notarial e registral brasileira.&nbsp;<\/p>\n\n\n\n<p class=\"wp-block-paragraph\">\u201cNossa escola nasceu para melhorar cada vez mais o sistema notarial e registral, que j\u00e1 \u00e9 uma atividade bem avaliada no Brasil, em termos de credibilidade. Criamos para que os cart\u00f3rios brasileiros tenham um servi\u00e7o de excel\u00eancia. \u00c9 isso que estamos conseguindo, &nbsp; credenciados ao Conselho&nbsp; Nacional de Justi\u00e7a\u201d declara.&nbsp;<\/p>\n\n\n\n<p class=\"wp-block-paragraph\">O presidente da entidade tamb\u00e9m destacou a relev\u00e2ncia do F\u00f3rum com as diversas opini\u00f5es,&nbsp; e sugest\u00f5es,&nbsp; com exemplos que v\u00eam de outros pa\u00edses, como por exemplo Alemanha e Portugal, para aprender cada vez mais.&nbsp;<\/p>\n\n\n\n<p class=\"wp-block-paragraph\">O secret\u00e1rio-geral do Conselho Nacional da Justi\u00e7a (CNJ),&nbsp; Valter Shuenquener de Ara\u00fajo, ministrou a palestra principal e destacou que os cart\u00f3rios evolu\u00edram junto com o Conselho. \u201cO CNJ procurou deixar para tr\u00e1s a imagem do cart\u00f3rio como burocracia. Conseguimos ver essa evolu\u00e7\u00e3o nas iniciativas e nos projetos cont\u00ednuos que demonstram quanta coisa mudou nos \u00faltimos anos\u201d, afirmou.&nbsp;<\/p>\n\n\n\n<p class=\"wp-block-paragraph\">Para exemplificar a busca por melhorias do servi\u00e7o registral e tabelionato , Ara\u00fajo destacou, &nbsp; sobretudo,&nbsp; a informatiza\u00e7\u00e3o e uniformiza\u00e7\u00e3o das serventias extrajudiciais com a forte atua\u00e7\u00e3o da Corregedoria Nacional da Justi\u00e7a&nbsp;<\/p>\n\n\n\n<p class=\"wp-block-paragraph\">A abertura do evento e demais palestras podem ser acompanhadas ao longo do dia pelo canal do youtube da Ennor: <a href=\"https:\/\/www.youtube.com\/watch?v=x-_3k3DChxA\">https:\/\/www.youtube.com\/watch?v=x-_3k3DChxA<\/a>&nbsp;<\/p>\n\n\n\n<p class=\"wp-block-paragraph\">Saiba como foi o evento em 2020:<\/p>\n\n\n\n<figure class=\"wp-block-embed is-type-wp-embed is-provider-cnr wp-block-embed-cnr\"><div class=\"wp-block-embed__wrapper\">\n<blockquote class=\"wp-embedded-content\" data-secret=\"AL2cp5rjMr\"><a href=\"https:\/\/cnr.org.br\/site\/abertura-do-xi-forum-internacional-de-integracao-juridica-destaca-integracao-entre-segmentos-extrajudicial-e-judicial\/\">Abertura do XI F\u00f3rum Internacional de Integra\u00e7\u00e3o Jur\u00eddica destaca integra\u00e7\u00e3o entre segmentos extrajudicial e judicial<\/a><\/blockquote><iframe loading=\"lazy\" class=\"wp-embedded-content\" sandbox=\"allow-scripts\" security=\"restricted\" style=\"position: absolute; visibility: hidden;\" title=\"&#8220;Abertura do XI F\u00f3rum Internacional de Integra\u00e7\u00e3o Jur\u00eddica destaca integra\u00e7\u00e3o entre segmentos extrajudicial e judicial&#8221; &#8212; CNR\" src=\"https:\/\/cnr.org.br\/site\/abertura-do-xi-forum-internacional-de-integracao-juridica-destaca-integracao-entre-segmentos-extrajudicial-e-judicial\/embed\/#?secret=VWpztkTXaz#?secret=AL2cp5rjMr\" data-secret=\"AL2cp5rjMr\" width=\"600\" height=\"338\" frameborder=\"0\" marginwidth=\"0\" marginheight=\"0\" scrolling=\"no\"><\/iframe>\n<\/div><\/figure>\n<\/div><\/div>","protected":false},"excerpt":{"rendered":"<p>Lan\u00e7amento oficial do evento reuniu os principais especialistas da \u00e1rea para debater sobre&nbsp; a tem\u00e1tica \u201cTend\u00eancias Digitais dos Registros P\u00fablicos e Tabelionatos\u201d Na manh\u00e3 desta quinta-feira (26) foi realizada a abertura do XII F\u00f3rum Internacional de Integra\u00e7\u00e3o Jur\u00eddica.&nbsp; Na solenidade, que aconteceu de forma online, pelo youtube da Ennor, o Presidente do Conselho Superior da [&hellip;]<\/p>\n","protected":false},"author":2,"featured_media":23581,"comment_status":"closed","ping_status":"closed","sticky":false,"template":"","format":"standard","meta":{"footnotes":"","_links_to":"","_links_to_target":""},"categories":[525,55,47],"tags":[],"class_list":["post-23573","post","type-post","status-publish","format-standard","has-post-thumbnail","hentry","category-home","category-noticia","category-ultimas-noticias"],"yoast_head":"<!-- This site is optimized with the Yoast SEO plugin v28.4 - https:\/\/yoast.com\/product\/yoast-seo-wordpress\/ -->\n<title>XII F\u00f3rum Internacional de Integra\u00e7\u00e3o Jur\u00eddica: abertura destaca a evolu\u00e7\u00e3o do sistema notarial e de registro - CNR<\/title>\n<meta name=\"description\" content=\"Lan\u00e7amento oficial do evento reuniu os principais especialistas da \u00e1rea para debater sobre a tem\u00e1tica \u201cTend\u00eancias Digitais dos Registros P\u00fablicos e Tabelionatos\u201d\" \/>\n<meta name=\"robots\" content=\"index, follow, max-snippet:-1, max-image-preview:large, max-video-preview:-1\" \/>\n<link rel=\"canonical\" href=\"https:\/\/cnr.org.br\/novoportal\/xii-forum-internacional-de-integracao-juridica-abertura-destaca-a-evolucao-do-sistema-notarial-e-de-registro\/\" \/>\n<meta property=\"og:locale\" content=\"pt_BR\" \/>\n<meta property=\"og:type\" content=\"article\" \/>\n<meta property=\"og:title\" content=\"XII F\u00f3rum Internacional de Integra\u00e7\u00e3o Jur\u00eddica: abertura destaca a evolu\u00e7\u00e3o do sistema notarial e de registro - CNR\" \/>\n<meta property=\"og:description\" content=\"Lan\u00e7amento oficial do evento reuniu os principais especialistas da \u00e1rea para debater sobre a tem\u00e1tica \u201cTend\u00eancias Digitais dos Registros P\u00fablicos e Tabelionatos\u201d\" \/>\n<meta property=\"og:url\" content=\"https:\/\/cnr.org.br\/novoportal\/xii-forum-internacional-de-integracao-juridica-abertura-destaca-a-evolucao-do-sistema-notarial-e-de-registro\/\" \/>\n<meta property=\"og:site_name\" content=\"CNR\" \/>\n<meta property=\"article:published_time\" content=\"2021-08-26T17:32:43+00:00\" \/>\n<meta property=\"article:modified_time\" content=\"2021-08-26T17:32:47+00:00\" \/>\n<meta property=\"og:image\" content=\"https:\/\/cnr.org.br\/novoportal\/wp-content\/uploads\/2021\/08\/Tamanho-Oficial-para-as-fotos-do-Site-da-CNR-71.png\" \/>\n\t<meta property=\"og:image:width\" content=\"1940\" \/>\n\t<meta property=\"og:image:height\" content=\"1240\" \/>\n\t<meta property=\"og:image:type\" content=\"image\/png\" \/>\n<meta name=\"author\" content=\"Imprensa CNR\" \/>\n<meta name=\"twitter:card\" content=\"summary_large_image\" \/>\n<meta name=\"twitter:label1\" content=\"Escrito por\" \/>\n\t<meta name=\"twitter:data1\" content=\"Imprensa CNR\" \/>\n\t<meta name=\"twitter:label2\" content=\"Est. tempo de leitura\" \/>\n\t<meta name=\"twitter:data2\" content=\"2 minutos\" \/>\n<script type=\"application\/ld+json\" class=\"yoast-schema-graph\">{\"@context\":\"https:\\\/\\\/schema.org\",\"@graph\":[{\"@type\":\"Article\",\"@id\":\"https:\\\/\\\/cnr.org.br\\\/novoportal\\\/xii-forum-internacional-de-integracao-juridica-abertura-destaca-a-evolucao-do-sistema-notarial-e-de-registro\\\/#article\",\"isPartOf\":{\"@id\":\"https:\\\/\\\/cnr.org.br\\\/novoportal\\\/xii-forum-internacional-de-integracao-juridica-abertura-destaca-a-evolucao-do-sistema-notarial-e-de-registro\\\/\"},\"author\":{\"name\":\"Imprensa CNR\",\"@id\":\"https:\\\/\\\/cnr.org.br\\\/novoportal\\\/#\\\/schema\\\/person\\\/1f46209cd8c9d3d9887a0765b64ca66b\"},\"headline\":\"XII F\u00f3rum Internacional de Integra\u00e7\u00e3o Jur\u00eddica: abertura destaca a evolu\u00e7\u00e3o do sistema notarial e de registro\",\"datePublished\":\"2021-08-26T17:32:43+00:00\",\"dateModified\":\"2021-08-26T17:32:47+00:00\",\"mainEntityOfPage\":{\"@id\":\"https:\\\/\\\/cnr.org.br\\\/novoportal\\\/xii-forum-internacional-de-integracao-juridica-abertura-destaca-a-evolucao-do-sistema-notarial-e-de-registro\\\/\"},\"wordCount\":363,\"publisher\":{\"@id\":\"https:\\\/\\\/cnr.org.br\\\/novoportal\\\/#organization\"},\"image\":{\"@id\":\"https:\\\/\\\/cnr.org.br\\\/novoportal\\\/xii-forum-internacional-de-integracao-juridica-abertura-destaca-a-evolucao-do-sistema-notarial-e-de-registro\\\/#primaryimage\"},\"thumbnailUrl\":\"https:\\\/\\\/cnr.org.br\\\/site\\\/wp-content\\\/uploads\\\/2021\\\/08\\\/Tamanho-Oficial-para-as-fotos-do-Site-da-CNR-71.png\",\"articleSection\":[\"Home\",\"Not\u00edcia\",\"\u00daltimas Not\u00edcias\"],\"inLanguage\":\"pt-BR\"},{\"@type\":\"WebPage\",\"@id\":\"https:\\\/\\\/cnr.org.br\\\/novoportal\\\/xii-forum-internacional-de-integracao-juridica-abertura-destaca-a-evolucao-do-sistema-notarial-e-de-registro\\\/\",\"url\":\"https:\\\/\\\/cnr.org.br\\\/novoportal\\\/xii-forum-internacional-de-integracao-juridica-abertura-destaca-a-evolucao-do-sistema-notarial-e-de-registro\\\/\",\"name\":\"XII F\u00f3rum Internacional de Integra\u00e7\u00e3o Jur\u00eddica: abertura destaca a evolu\u00e7\u00e3o do sistema notarial e de registro - CNR\",\"isPartOf\":{\"@id\":\"https:\\\/\\\/cnr.org.br\\\/novoportal\\\/#website\"},\"primaryImageOfPage\":{\"@id\":\"https:\\\/\\\/cnr.org.br\\\/novoportal\\\/xii-forum-internacional-de-integracao-juridica-abertura-destaca-a-evolucao-do-sistema-notarial-e-de-registro\\\/#primaryimage\"},\"image\":{\"@id\":\"https:\\\/\\\/cnr.org.br\\\/novoportal\\\/xii-forum-internacional-de-integracao-juridica-abertura-destaca-a-evolucao-do-sistema-notarial-e-de-registro\\\/#primaryimage\"},\"thumbnailUrl\":\"https:\\\/\\\/cnr.org.br\\\/site\\\/wp-content\\\/uploads\\\/2021\\\/08\\\/Tamanho-Oficial-para-as-fotos-do-Site-da-CNR-71.png\",\"datePublished\":\"2021-08-26T17:32:43+00:00\",\"dateModified\":\"2021-08-26T17:32:47+00:00\",\"description\":\"Lan\u00e7amento oficial do evento reuniu os principais especialistas da \u00e1rea para debater sobre a tem\u00e1tica \u201cTend\u00eancias Digitais dos Registros P\u00fablicos e Tabelionatos\u201d\",\"breadcrumb\":{\"@id\":\"https:\\\/\\\/cnr.org.br\\\/novoportal\\\/xii-forum-internacional-de-integracao-juridica-abertura-destaca-a-evolucao-do-sistema-notarial-e-de-registro\\\/#breadcrumb\"},\"inLanguage\":\"pt-BR\",\"potentialAction\":[{\"@type\":\"ReadAction\",\"target\":[\"https:\\\/\\\/cnr.org.br\\\/novoportal\\\/xii-forum-internacional-de-integracao-juridica-abertura-destaca-a-evolucao-do-sistema-notarial-e-de-registro\\\/\"]}]},{\"@type\":\"ImageObject\",\"inLanguage\":\"pt-BR\",\"@id\":\"https:\\\/\\\/cnr.org.br\\\/novoportal\\\/xii-forum-internacional-de-integracao-juridica-abertura-destaca-a-evolucao-do-sistema-notarial-e-de-registro\\\/#primaryimage\",\"url\":\"https:\\\/\\\/cnr.org.br\\\/site\\\/wp-content\\\/uploads\\\/2021\\\/08\\\/Tamanho-Oficial-para-as-fotos-do-Site-da-CNR-71.png\",\"contentUrl\":\"https:\\\/\\\/cnr.org.br\\\/site\\\/wp-content\\\/uploads\\\/2021\\\/08\\\/Tamanho-Oficial-para-as-fotos-do-Site-da-CNR-71.png\",\"width\":1940,\"height\":1240,\"caption\":\"XII F\u00f3rum Internacional de Integra\u00e7\u00e3o Jur\u00eddica:\"},{\"@type\":\"BreadcrumbList\",\"@id\":\"https:\\\/\\\/cnr.org.br\\\/novoportal\\\/xii-forum-internacional-de-integracao-juridica-abertura-destaca-a-evolucao-do-sistema-notarial-e-de-registro\\\/#breadcrumb\",\"itemListElement\":[{\"@type\":\"ListItem\",\"position\":1,\"name\":\"In\u00edcio\",\"item\":\"https:\\\/\\\/cnr.org.br\\\/site\\\/\"},{\"@type\":\"ListItem\",\"position\":2,\"name\":\"XII F\u00f3rum Internacional de Integra\u00e7\u00e3o Jur\u00eddica: abertura destaca a evolu\u00e7\u00e3o do sistema notarial e de registro\"}]},{\"@type\":\"WebSite\",\"@id\":\"https:\\\/\\\/cnr.org.br\\\/novoportal\\\/#website\",\"url\":\"https:\\\/\\\/cnr.org.br\\\/novoportal\\\/\",\"name\":\"CNR\",\"description\":\"Confedera\u00e7\u00e3o Nacional de Not\u00e1rios e Registradores\",\"publisher\":{\"@id\":\"https:\\\/\\\/cnr.org.br\\\/novoportal\\\/#organization\"},\"potentialAction\":[{\"@type\":\"SearchAction\",\"target\":{\"@type\":\"EntryPoint\",\"urlTemplate\":\"https:\\\/\\\/cnr.org.br\\\/novoportal\\\/?s={search_term_string}\"},\"query-input\":{\"@type\":\"PropertyValueSpecification\",\"valueRequired\":true,\"valueName\":\"search_term_string\"}}],\"inLanguage\":\"pt-BR\"},{\"@type\":\"Organization\",\"@id\":\"https:\\\/\\\/cnr.org.br\\\/novoportal\\\/#organization\",\"name\":\"CNR\",\"url\":\"https:\\\/\\\/cnr.org.br\\\/novoportal\\\/\",\"logo\":{\"@type\":\"ImageObject\",\"inLanguage\":\"pt-BR\",\"@id\":\"https:\\\/\\\/cnr.org.br\\\/novoportal\\\/#\\\/schema\\\/logo\\\/image\\\/\",\"url\":\"https:\\\/\\\/cnr.org.br\\\/site\\\/wp-content\\\/uploads\\\/2026\\\/02\\\/Logo_CNR_completa_colorida_2024.png\",\"contentUrl\":\"https:\\\/\\\/cnr.org.br\\\/site\\\/wp-content\\\/uploads\\\/2026\\\/02\\\/Logo_CNR_completa_colorida_2024.png\",\"width\":910,\"height\":450,\"caption\":\"CNR\"},\"image\":{\"@id\":\"https:\\\/\\\/cnr.org.br\\\/novoportal\\\/#\\\/schema\\\/logo\\\/image\\\/\"}},{\"@type\":\"Person\",\"@id\":\"https:\\\/\\\/cnr.org.br\\\/novoportal\\\/#\\\/schema\\\/person\\\/1f46209cd8c9d3d9887a0765b64ca66b\",\"name\":\"Imprensa CNR\",\"sameAs\":[\"https:\\\/\\\/cnr.org.br\\\/site\"],\"url\":\"https:\\\/\\\/cnr.org.br\\\/site\\\/author\\\/imprensa\\\/\"}]}<\/script>\n<!-- \/ Yoast SEO plugin. -->","yoast_head_json":{"title":"XII F\u00f3rum Internacional de Integra\u00e7\u00e3o Jur\u00eddica: abertura destaca a evolu\u00e7\u00e3o do sistema notarial e de registro - CNR","description":"Lan\u00e7amento oficial do evento reuniu os principais especialistas da \u00e1rea para debater sobre a tem\u00e1tica \u201cTend\u00eancias Digitais dos Registros P\u00fablicos e Tabelionatos\u201d","robots":{"index":"index","follow":"follow","max-snippet":"max-snippet:-1","max-image-preview":"max-image-preview:large","max-video-preview":"max-video-preview:-1"},"canonical":"https:\/\/cnr.org.br\/novoportal\/xii-forum-internacional-de-integracao-juridica-abertura-destaca-a-evolucao-do-sistema-notarial-e-de-registro\/","og_locale":"pt_BR","og_type":"article","og_title":"XII F\u00f3rum Internacional de Integra\u00e7\u00e3o Jur\u00eddica: abertura destaca a evolu\u00e7\u00e3o do sistema notarial e de registro - CNR","og_description":"Lan\u00e7amento oficial do evento reuniu os principais especialistas da \u00e1rea para debater sobre a tem\u00e1tica \u201cTend\u00eancias Digitais dos Registros P\u00fablicos e Tabelionatos\u201d","og_url":"https:\/\/cnr.org.br\/novoportal\/xii-forum-internacional-de-integracao-juridica-abertura-destaca-a-evolucao-do-sistema-notarial-e-de-registro\/","og_site_name":"CNR","article_published_time":"2021-08-26T17:32:43+00:00","article_modified_time":"2021-08-26T17:32:47+00:00","og_image":[{"width":1940,"height":1240,"url":"https:\/\/cnr.org.br\/novoportal\/wp-content\/uploads\/2021\/08\/Tamanho-Oficial-para-as-fotos-do-Site-da-CNR-71.png","type":"image\/png"}],"author":"Imprensa CNR","twitter_card":"summary_large_image","twitter_misc":{"Escrito por":"Imprensa CNR","Est. tempo de leitura":"2 minutos"},"schema":{"@context":"https:\/\/schema.org","@graph":[{"@type":"Article","@id":"https:\/\/cnr.org.br\/novoportal\/xii-forum-internacional-de-integracao-juridica-abertura-destaca-a-evolucao-do-sistema-notarial-e-de-registro\/#article","isPartOf":{"@id":"https:\/\/cnr.org.br\/novoportal\/xii-forum-internacional-de-integracao-juridica-abertura-destaca-a-evolucao-do-sistema-notarial-e-de-registro\/"},"author":{"name":"Imprensa CNR","@id":"https:\/\/cnr.org.br\/novoportal\/#\/schema\/person\/1f46209cd8c9d3d9887a0765b64ca66b"},"headline":"XII F\u00f3rum Internacional de Integra\u00e7\u00e3o Jur\u00eddica: abertura destaca a evolu\u00e7\u00e3o do sistema notarial e de registro","datePublished":"2021-08-26T17:32:43+00:00","dateModified":"2021-08-26T17:32:47+00:00","mainEntityOfPage":{"@id":"https:\/\/cnr.org.br\/novoportal\/xii-forum-internacional-de-integracao-juridica-abertura-destaca-a-evolucao-do-sistema-notarial-e-de-registro\/"},"wordCount":363,"publisher":{"@id":"https:\/\/cnr.org.br\/novoportal\/#organization"},"image":{"@id":"https:\/\/cnr.org.br\/novoportal\/xii-forum-internacional-de-integracao-juridica-abertura-destaca-a-evolucao-do-sistema-notarial-e-de-registro\/#primaryimage"},"thumbnailUrl":"https:\/\/cnr.org.br\/site\/wp-content\/uploads\/2021\/08\/Tamanho-Oficial-para-as-fotos-do-Site-da-CNR-71.png","articleSection":["Home","Not\u00edcia","\u00daltimas Not\u00edcias"],"inLanguage":"pt-BR"},{"@type":"WebPage","@id":"https:\/\/cnr.org.br\/novoportal\/xii-forum-internacional-de-integracao-juridica-abertura-destaca-a-evolucao-do-sistema-notarial-e-de-registro\/","url":"https:\/\/cnr.org.br\/novoportal\/xii-forum-internacional-de-integracao-juridica-abertura-destaca-a-evolucao-do-sistema-notarial-e-de-registro\/","name":"XII F\u00f3rum Internacional de Integra\u00e7\u00e3o Jur\u00eddica: abertura destaca a evolu\u00e7\u00e3o do sistema notarial e de registro - CNR","isPartOf":{"@id":"https:\/\/cnr.org.br\/novoportal\/#website"},"primaryImageOfPage":{"@id":"https:\/\/cnr.org.br\/novoportal\/xii-forum-internacional-de-integracao-juridica-abertura-destaca-a-evolucao-do-sistema-notarial-e-de-registro\/#primaryimage"},"image":{"@id":"https:\/\/cnr.org.br\/novoportal\/xii-forum-internacional-de-integracao-juridica-abertura-destaca-a-evolucao-do-sistema-notarial-e-de-registro\/#primaryimage"},"thumbnailUrl":"https:\/\/cnr.org.br\/site\/wp-content\/uploads\/2021\/08\/Tamanho-Oficial-para-as-fotos-do-Site-da-CNR-71.png","datePublished":"2021-08-26T17:32:43+00:00","dateModified":"2021-08-26T17:32:47+00:00","description":"Lan\u00e7amento oficial do evento reuniu os principais especialistas da \u00e1rea para debater sobre a tem\u00e1tica \u201cTend\u00eancias Digitais dos Registros P\u00fablicos e Tabelionatos\u201d","breadcrumb":{"@id":"https:\/\/cnr.org.br\/novoportal\/xii-forum-internacional-de-integracao-juridica-abertura-destaca-a-evolucao-do-sistema-notarial-e-de-registro\/#breadcrumb"},"inLanguage":"pt-BR","potentialAction":[{"@type":"ReadAction","target":["https:\/\/cnr.org.br\/novoportal\/xii-forum-internacional-de-integracao-juridica-abertura-destaca-a-evolucao-do-sistema-notarial-e-de-registro\/"]}]},{"@type":"ImageObject","inLanguage":"pt-BR","@id":"https:\/\/cnr.org.br\/novoportal\/xii-forum-internacional-de-integracao-juridica-abertura-destaca-a-evolucao-do-sistema-notarial-e-de-registro\/#primaryimage","url":"https:\/\/cnr.org.br\/site\/wp-content\/uploads\/2021\/08\/Tamanho-Oficial-para-as-fotos-do-Site-da-CNR-71.png","contentUrl":"https:\/\/cnr.org.br\/site\/wp-content\/uploads\/2021\/08\/Tamanho-Oficial-para-as-fotos-do-Site-da-CNR-71.png","width":1940,"height":1240,"caption":"XII F\u00f3rum Internacional de Integra\u00e7\u00e3o Jur\u00eddica:"},{"@type":"BreadcrumbList","@id":"https:\/\/cnr.org.br\/novoportal\/xii-forum-internacional-de-integracao-juridica-abertura-destaca-a-evolucao-do-sistema-notarial-e-de-registro\/#breadcrumb","itemListElement":[{"@type":"ListItem","position":1,"name":"In\u00edcio","item":"https:\/\/cnr.org.br\/site\/"},{"@type":"ListItem","position":2,"name":"XII F\u00f3rum Internacional de Integra\u00e7\u00e3o Jur\u00eddica: abertura destaca a evolu\u00e7\u00e3o do sistema notarial e de registro"}]},{"@type":"WebSite","@id":"https:\/\/cnr.org.br\/novoportal\/#website","url":"https:\/\/cnr.org.br\/novoportal\/","name":"CNR","description":"Confedera\u00e7\u00e3o Nacional de Not\u00e1rios e Registradores","publisher":{"@id":"https:\/\/cnr.org.br\/novoportal\/#organization"},"potentialAction":[{"@type":"SearchAction","target":{"@type":"EntryPoint","urlTemplate":"https:\/\/cnr.org.br\/novoportal\/?s={search_term_string}"},"query-input":{"@type":"PropertyValueSpecification","valueRequired":true,"valueName":"search_term_string"}}],"inLanguage":"pt-BR"},{"@type":"Organization","@id":"https:\/\/cnr.org.br\/novoportal\/#organization","name":"CNR","url":"https:\/\/cnr.org.br\/novoportal\/","logo":{"@type":"ImageObject","inLanguage":"pt-BR","@id":"https:\/\/cnr.org.br\/novoportal\/#\/schema\/logo\/image\/","url":"https:\/\/cnr.org.br\/site\/wp-content\/uploads\/2026\/02\/Logo_CNR_completa_colorida_2024.png","contentUrl":"https:\/\/cnr.org.br\/site\/wp-content\/uploads\/2026\/02\/Logo_CNR_completa_colorida_2024.png","width":910,"height":450,"caption":"CNR"},"image":{"@id":"https:\/\/cnr.org.br\/novoportal\/#\/schema\/logo\/image\/"}},{"@type":"Person","@id":"https:\/\/cnr.org.br\/novoportal\/#\/schema\/person\/1f46209cd8c9d3d9887a0765b64ca66b","name":"Imprensa CNR","sameAs":["https:\/\/cnr.org.br\/site"],"url":"https:\/\/cnr.org.br\/site\/author\/imprensa\/"}]}},"_links":{"self":[{"href":"https:\/\/cnr.org.br\/site\/wp-json\/wp\/v2\/posts\/23573","targetHints":{"allow":["GET"]}}],"collection":[{"href":"https:\/\/cnr.org.br\/site\/wp-json\/wp\/v2\/posts"}],"about":[{"href":"https:\/\/cnr.org.br\/site\/wp-json\/wp\/v2\/types\/post"}],"author":[{"embeddable":true,"href":"https:\/\/cnr.org.br\/site\/wp-json\/wp\/v2\/users\/2"}],"replies":[{"embeddable":true,"href":"https:\/\/cnr.org.br\/site\/wp-json\/wp\/v2\/comments?post=23573"}],"version-history":[{"count":0,"href":"https:\/\/cnr.org.br\/site\/wp-json\/wp\/v2\/posts\/23573\/revisions"}],"wp:featuredmedia":[{"embeddable":true,"href":"https:\/\/cnr.org.br\/site\/wp-json\/wp\/v2\/media\/23581"}],"wp:attachment":[{"href":"https:\/\/cnr.org.br\/site\/wp-json\/wp\/v2\/media?parent=23573"}],"wp:term":[{"taxonomy":"category","embeddable":true,"href":"https:\/\/cnr.org.br\/site\/wp-json\/wp\/v2\/categories?post=23573"},{"taxonomy":"post_tag","embeddable":true,"href":"https:\/\/cnr.org.br\/site\/wp-json\/wp\/v2\/tags?post=23573"}],"curies":[{"name":"wp","href":"https:\/\/api.w.org\/{rel}","templated":true}]}}