{"id":23910,"date":"2021-09-06T12:37:05","date_gmt":"2021-09-06T15:37:05","guid":{"rendered":"https:\/\/cnr.org.br\/site\/?p=23910"},"modified":"2021-09-06T12:43:25","modified_gmt":"2021-09-06T15:43:25","slug":"migalhas-lancada-revista-dos-tribunais-a-colecao-o-direito-e-o-extrajudicial","status":"publish","type":"post","link":"https:\/\/cnr.org.br\/site\/migalhas-lancada-revista-dos-tribunais-a-colecao-o-direito-e-o-extrajudicial\/","title":{"rendered":"Migalhas \u2013 Lan\u00e7ada Revista dos Tribunais a cole\u00e7\u00e3o \u201cO Direito e o Extrajudicial\u201d"},"content":{"rendered":"<div id=\"dslc-theme-content\"><div id=\"dslc-theme-content-inner\">\n<p class=\"wp-block-paragraph\">Lan\u00e7ada pela\u00a0Thomson Reuters \u2013 Revista dos Tribunais\u00a0a cole\u00e7\u00e3o\u00a0\u201cO Direito e o Extrajudicial\u201d, com a coordena\u00e7\u00e3o de\u00a0Alberto Gentil de Almeida Pedroso. Ao longo de 10 volumes \u2013 cada um deles produzido por autores especialistas na \u00e1rea de concentra\u00e7\u00e3o afetada pelo extrajudicial \u2013, foram desenvolvidos textos brilhantes relacionando os registros p\u00fablicos com a disciplina regente do livro. Autores de prest\u00edgio dentro da \u00e1rea notarial e registral \u2013 acad\u00eamicos, magistrados, not\u00e1rios, registradores, advogados, membros do Minist\u00e9rio P\u00fablico \u2013, reunidos e empenhados em demonstrar que a mistura bem organizada dos registros p\u00fablicos com os mais diversos ramos do Direito ocorre de maneira intensa, rica e interessante!<br>\u00a0<\/p>\n\n\n\n<p class=\"wp-block-paragraph\">Leia a mat\u00e9ria completa <a href=\"https:\/\/www.migalhas.com.br\/agenda\/349716\/lancada-a-colecao-o-direito-e-o-extrajudicial\">aqui<\/a><\/p>\n\n\n\n<p class=\"wp-block-paragraph\">Fonte: Migalhas<\/p>\n<\/div><\/div>","protected":false},"excerpt":{"rendered":"<p>Lan\u00e7ada pela\u00a0Thomson Reuters \u2013 Revista dos Tribunais\u00a0a cole\u00e7\u00e3o\u00a0\u201cO Direito e o Extrajudicial\u201d, com a coordena\u00e7\u00e3o de\u00a0Alberto Gentil de Almeida Pedroso. Ao longo de 10 volumes \u2013 cada um deles produzido por autores especialistas na \u00e1rea de concentra\u00e7\u00e3o afetada pelo extrajudicial \u2013, foram desenvolvidos textos brilhantes relacionando os registros p\u00fablicos com a disciplina regente do livro. [&hellip;]<\/p>\n","protected":false},"author":2,"featured_media":23911,"comment_status":"closed","ping_status":"closed","sticky":false,"template":"","format":"standard","meta":{"footnotes":"","_links_to":"","_links_to_target":""},"categories":[525,55,47],"tags":[],"class_list":["post-23910","post","type-post","status-publish","format-standard","has-post-thumbnail","hentry","category-home","category-noticia","category-ultimas-noticias"],"yoast_head":"<!-- This site is optimized with the Yoast SEO plugin v28.4 - https:\/\/yoast.com\/product\/yoast-seo-wordpress\/ -->\n<title>Migalhas \u2013 Lan\u00e7ada Revista dos Tribunais a cole\u00e7\u00e3o \u201cO Direito e o Extrajudicial\u201d - CNR<\/title>\n<meta name=\"robots\" content=\"index, follow, max-snippet:-1, max-image-preview:large, max-video-preview:-1\" \/>\n<link rel=\"canonical\" href=\"https:\/\/cnr.org.br\/novoportal\/migalhas-lancada-revista-dos-tribunais-a-colecao-o-direito-e-o-extrajudicial\/\" \/>\n<meta property=\"og:locale\" content=\"pt_BR\" \/>\n<meta property=\"og:type\" content=\"article\" \/>\n<meta property=\"og:title\" content=\"Migalhas \u2013 Lan\u00e7ada Revista dos Tribunais a cole\u00e7\u00e3o \u201cO Direito e o Extrajudicial\u201d - CNR\" \/>\n<meta property=\"og:description\" content=\"Lan\u00e7ada pela\u00a0Thomson Reuters \u2013 Revista dos Tribunais\u00a0a cole\u00e7\u00e3o\u00a0\u201cO Direito e o Extrajudicial\u201d, com a coordena\u00e7\u00e3o de\u00a0Alberto Gentil de Almeida Pedroso. Ao longo de 10 volumes \u2013 cada um deles produzido por autores especialistas na \u00e1rea de concentra\u00e7\u00e3o afetada pelo extrajudicial \u2013, foram desenvolvidos textos brilhantes relacionando os registros p\u00fablicos com a disciplina regente do livro. [&hellip;]\" \/>\n<meta property=\"og:url\" content=\"https:\/\/cnr.org.br\/novoportal\/migalhas-lancada-revista-dos-tribunais-a-colecao-o-direito-e-o-extrajudicial\/\" \/>\n<meta property=\"og:site_name\" content=\"CNR\" \/>\n<meta property=\"article:published_time\" content=\"2021-09-06T15:37:05+00:00\" \/>\n<meta property=\"article:modified_time\" content=\"2021-09-06T15:43:25+00:00\" \/>\n<meta property=\"og:image\" content=\"https:\/\/cnr.org.br\/novoportal\/wp-content\/uploads\/2021\/09\/miga.png\" \/>\n\t<meta property=\"og:image:width\" content=\"1940\" \/>\n\t<meta property=\"og:image:height\" content=\"1240\" \/>\n\t<meta property=\"og:image:type\" content=\"image\/png\" \/>\n<meta name=\"author\" content=\"Imprensa CNR\" \/>\n<meta name=\"twitter:card\" content=\"summary_large_image\" \/>\n<meta name=\"twitter:label1\" content=\"Escrito por\" \/>\n\t<meta name=\"twitter:data1\" content=\"Imprensa CNR\" \/>\n\t<meta name=\"twitter:label2\" content=\"Est. tempo de leitura\" \/>\n\t<meta name=\"twitter:data2\" content=\"1 minuto\" \/>\n<script type=\"application\/ld+json\" class=\"yoast-schema-graph\">{\"@context\":\"https:\\\/\\\/schema.org\",\"@graph\":[{\"@type\":\"Article\",\"@id\":\"https:\\\/\\\/cnr.org.br\\\/novoportal\\\/migalhas-lancada-revista-dos-tribunais-a-colecao-o-direito-e-o-extrajudicial\\\/#article\",\"isPartOf\":{\"@id\":\"https:\\\/\\\/cnr.org.br\\\/novoportal\\\/migalhas-lancada-revista-dos-tribunais-a-colecao-o-direito-e-o-extrajudicial\\\/\"},\"author\":{\"name\":\"Imprensa CNR\",\"@id\":\"https:\\\/\\\/cnr.org.br\\\/novoportal\\\/#\\\/schema\\\/person\\\/1f46209cd8c9d3d9887a0765b64ca66b\"},\"headline\":\"Migalhas \u2013 Lan\u00e7ada Revista dos Tribunais a cole\u00e7\u00e3o \u201cO Direito e o Extrajudicial\u201d\",\"datePublished\":\"2021-09-06T15:37:05+00:00\",\"dateModified\":\"2021-09-06T15:43:25+00:00\",\"mainEntityOfPage\":{\"@id\":\"https:\\\/\\\/cnr.org.br\\\/novoportal\\\/migalhas-lancada-revista-dos-tribunais-a-colecao-o-direito-e-o-extrajudicial\\\/\"},\"wordCount\":133,\"publisher\":{\"@id\":\"https:\\\/\\\/cnr.org.br\\\/novoportal\\\/#organization\"},\"image\":{\"@id\":\"https:\\\/\\\/cnr.org.br\\\/novoportal\\\/migalhas-lancada-revista-dos-tribunais-a-colecao-o-direito-e-o-extrajudicial\\\/#primaryimage\"},\"thumbnailUrl\":\"https:\\\/\\\/cnr.org.br\\\/site\\\/wp-content\\\/uploads\\\/2021\\\/09\\\/miga.png\",\"articleSection\":[\"Home\",\"Not\u00edcia\",\"\u00daltimas Not\u00edcias\"],\"inLanguage\":\"pt-BR\"},{\"@type\":\"WebPage\",\"@id\":\"https:\\\/\\\/cnr.org.br\\\/novoportal\\\/migalhas-lancada-revista-dos-tribunais-a-colecao-o-direito-e-o-extrajudicial\\\/\",\"url\":\"https:\\\/\\\/cnr.org.br\\\/novoportal\\\/migalhas-lancada-revista-dos-tribunais-a-colecao-o-direito-e-o-extrajudicial\\\/\",\"name\":\"Migalhas \u2013 Lan\u00e7ada Revista dos Tribunais a cole\u00e7\u00e3o \u201cO Direito e o Extrajudicial\u201d - CNR\",\"isPartOf\":{\"@id\":\"https:\\\/\\\/cnr.org.br\\\/novoportal\\\/#website\"},\"primaryImageOfPage\":{\"@id\":\"https:\\\/\\\/cnr.org.br\\\/novoportal\\\/migalhas-lancada-revista-dos-tribunais-a-colecao-o-direito-e-o-extrajudicial\\\/#primaryimage\"},\"image\":{\"@id\":\"https:\\\/\\\/cnr.org.br\\\/novoportal\\\/migalhas-lancada-revista-dos-tribunais-a-colecao-o-direito-e-o-extrajudicial\\\/#primaryimage\"},\"thumbnailUrl\":\"https:\\\/\\\/cnr.org.br\\\/site\\\/wp-content\\\/uploads\\\/2021\\\/09\\\/miga.png\",\"datePublished\":\"2021-09-06T15:37:05+00:00\",\"dateModified\":\"2021-09-06T15:43:25+00:00\",\"breadcrumb\":{\"@id\":\"https:\\\/\\\/cnr.org.br\\\/novoportal\\\/migalhas-lancada-revista-dos-tribunais-a-colecao-o-direito-e-o-extrajudicial\\\/#breadcrumb\"},\"inLanguage\":\"pt-BR\",\"potentialAction\":[{\"@type\":\"ReadAction\",\"target\":[\"https:\\\/\\\/cnr.org.br\\\/novoportal\\\/migalhas-lancada-revista-dos-tribunais-a-colecao-o-direito-e-o-extrajudicial\\\/\"]}]},{\"@type\":\"ImageObject\",\"inLanguage\":\"pt-BR\",\"@id\":\"https:\\\/\\\/cnr.org.br\\\/novoportal\\\/migalhas-lancada-revista-dos-tribunais-a-colecao-o-direito-e-o-extrajudicial\\\/#primaryimage\",\"url\":\"https:\\\/\\\/cnr.org.br\\\/site\\\/wp-content\\\/uploads\\\/2021\\\/09\\\/miga.png\",\"contentUrl\":\"https:\\\/\\\/cnr.org.br\\\/site\\\/wp-content\\\/uploads\\\/2021\\\/09\\\/miga.png\",\"width\":1940,\"height\":1240,\"caption\":\"(imagem: divulga\u00e7\u00e3o)\"},{\"@type\":\"BreadcrumbList\",\"@id\":\"https:\\\/\\\/cnr.org.br\\\/novoportal\\\/migalhas-lancada-revista-dos-tribunais-a-colecao-o-direito-e-o-extrajudicial\\\/#breadcrumb\",\"itemListElement\":[{\"@type\":\"ListItem\",\"position\":1,\"name\":\"In\u00edcio\",\"item\":\"https:\\\/\\\/cnr.org.br\\\/site\\\/\"},{\"@type\":\"ListItem\",\"position\":2,\"name\":\"Migalhas \u2013 Lan\u00e7ada Revista dos Tribunais a cole\u00e7\u00e3o \u201cO Direito e o Extrajudicial\u201d\"}]},{\"@type\":\"WebSite\",\"@id\":\"https:\\\/\\\/cnr.org.br\\\/novoportal\\\/#website\",\"url\":\"https:\\\/\\\/cnr.org.br\\\/novoportal\\\/\",\"name\":\"CNR\",\"description\":\"Confedera\u00e7\u00e3o Nacional de Not\u00e1rios e Registradores\",\"publisher\":{\"@id\":\"https:\\\/\\\/cnr.org.br\\\/novoportal\\\/#organization\"},\"potentialAction\":[{\"@type\":\"SearchAction\",\"target\":{\"@type\":\"EntryPoint\",\"urlTemplate\":\"https:\\\/\\\/cnr.org.br\\\/novoportal\\\/?s={search_term_string}\"},\"query-input\":{\"@type\":\"PropertyValueSpecification\",\"valueRequired\":true,\"valueName\":\"search_term_string\"}}],\"inLanguage\":\"pt-BR\"},{\"@type\":\"Organization\",\"@id\":\"https:\\\/\\\/cnr.org.br\\\/novoportal\\\/#organization\",\"name\":\"CNR\",\"url\":\"https:\\\/\\\/cnr.org.br\\\/novoportal\\\/\",\"logo\":{\"@type\":\"ImageObject\",\"inLanguage\":\"pt-BR\",\"@id\":\"https:\\\/\\\/cnr.org.br\\\/novoportal\\\/#\\\/schema\\\/logo\\\/image\\\/\",\"url\":\"https:\\\/\\\/cnr.org.br\\\/site\\\/wp-content\\\/uploads\\\/2026\\\/02\\\/Logo_CNR_completa_colorida_2024.png\",\"contentUrl\":\"https:\\\/\\\/cnr.org.br\\\/site\\\/wp-content\\\/uploads\\\/2026\\\/02\\\/Logo_CNR_completa_colorida_2024.png\",\"width\":910,\"height\":450,\"caption\":\"CNR\"},\"image\":{\"@id\":\"https:\\\/\\\/cnr.org.br\\\/novoportal\\\/#\\\/schema\\\/logo\\\/image\\\/\"}},{\"@type\":\"Person\",\"@id\":\"https:\\\/\\\/cnr.org.br\\\/novoportal\\\/#\\\/schema\\\/person\\\/1f46209cd8c9d3d9887a0765b64ca66b\",\"name\":\"Imprensa CNR\",\"sameAs\":[\"https:\\\/\\\/cnr.org.br\\\/site\"],\"url\":\"https:\\\/\\\/cnr.org.br\\\/site\\\/author\\\/imprensa\\\/\"}]}<\/script>\n<!-- \/ Yoast SEO plugin. -->","yoast_head_json":{"title":"Migalhas \u2013 Lan\u00e7ada Revista dos Tribunais a cole\u00e7\u00e3o \u201cO Direito e o Extrajudicial\u201d - CNR","robots":{"index":"index","follow":"follow","max-snippet":"max-snippet:-1","max-image-preview":"max-image-preview:large","max-video-preview":"max-video-preview:-1"},"canonical":"https:\/\/cnr.org.br\/novoportal\/migalhas-lancada-revista-dos-tribunais-a-colecao-o-direito-e-o-extrajudicial\/","og_locale":"pt_BR","og_type":"article","og_title":"Migalhas \u2013 Lan\u00e7ada Revista dos Tribunais a cole\u00e7\u00e3o \u201cO Direito e o Extrajudicial\u201d - CNR","og_description":"Lan\u00e7ada pela\u00a0Thomson Reuters \u2013 Revista dos Tribunais\u00a0a cole\u00e7\u00e3o\u00a0\u201cO Direito e o Extrajudicial\u201d, com a coordena\u00e7\u00e3o de\u00a0Alberto Gentil de Almeida Pedroso. Ao longo de 10 volumes \u2013 cada um deles produzido por autores especialistas na \u00e1rea de concentra\u00e7\u00e3o afetada pelo extrajudicial \u2013, foram desenvolvidos textos brilhantes relacionando os registros p\u00fablicos com a disciplina regente do livro. [&hellip;]","og_url":"https:\/\/cnr.org.br\/novoportal\/migalhas-lancada-revista-dos-tribunais-a-colecao-o-direito-e-o-extrajudicial\/","og_site_name":"CNR","article_published_time":"2021-09-06T15:37:05+00:00","article_modified_time":"2021-09-06T15:43:25+00:00","og_image":[{"width":1940,"height":1240,"url":"https:\/\/cnr.org.br\/novoportal\/wp-content\/uploads\/2021\/09\/miga.png","type":"image\/png"}],"author":"Imprensa CNR","twitter_card":"summary_large_image","twitter_misc":{"Escrito por":"Imprensa CNR","Est. tempo de leitura":"1 minuto"},"schema":{"@context":"https:\/\/schema.org","@graph":[{"@type":"Article","@id":"https:\/\/cnr.org.br\/novoportal\/migalhas-lancada-revista-dos-tribunais-a-colecao-o-direito-e-o-extrajudicial\/#article","isPartOf":{"@id":"https:\/\/cnr.org.br\/novoportal\/migalhas-lancada-revista-dos-tribunais-a-colecao-o-direito-e-o-extrajudicial\/"},"author":{"name":"Imprensa CNR","@id":"https:\/\/cnr.org.br\/novoportal\/#\/schema\/person\/1f46209cd8c9d3d9887a0765b64ca66b"},"headline":"Migalhas \u2013 Lan\u00e7ada Revista dos Tribunais a cole\u00e7\u00e3o \u201cO Direito e o Extrajudicial\u201d","datePublished":"2021-09-06T15:37:05+00:00","dateModified":"2021-09-06T15:43:25+00:00","mainEntityOfPage":{"@id":"https:\/\/cnr.org.br\/novoportal\/migalhas-lancada-revista-dos-tribunais-a-colecao-o-direito-e-o-extrajudicial\/"},"wordCount":133,"publisher":{"@id":"https:\/\/cnr.org.br\/novoportal\/#organization"},"image":{"@id":"https:\/\/cnr.org.br\/novoportal\/migalhas-lancada-revista-dos-tribunais-a-colecao-o-direito-e-o-extrajudicial\/#primaryimage"},"thumbnailUrl":"https:\/\/cnr.org.br\/site\/wp-content\/uploads\/2021\/09\/miga.png","articleSection":["Home","Not\u00edcia","\u00daltimas Not\u00edcias"],"inLanguage":"pt-BR"},{"@type":"WebPage","@id":"https:\/\/cnr.org.br\/novoportal\/migalhas-lancada-revista-dos-tribunais-a-colecao-o-direito-e-o-extrajudicial\/","url":"https:\/\/cnr.org.br\/novoportal\/migalhas-lancada-revista-dos-tribunais-a-colecao-o-direito-e-o-extrajudicial\/","name":"Migalhas \u2013 Lan\u00e7ada Revista dos Tribunais a cole\u00e7\u00e3o \u201cO Direito e o Extrajudicial\u201d - CNR","isPartOf":{"@id":"https:\/\/cnr.org.br\/novoportal\/#website"},"primaryImageOfPage":{"@id":"https:\/\/cnr.org.br\/novoportal\/migalhas-lancada-revista-dos-tribunais-a-colecao-o-direito-e-o-extrajudicial\/#primaryimage"},"image":{"@id":"https:\/\/cnr.org.br\/novoportal\/migalhas-lancada-revista-dos-tribunais-a-colecao-o-direito-e-o-extrajudicial\/#primaryimage"},"thumbnailUrl":"https:\/\/cnr.org.br\/site\/wp-content\/uploads\/2021\/09\/miga.png","datePublished":"2021-09-06T15:37:05+00:00","dateModified":"2021-09-06T15:43:25+00:00","breadcrumb":{"@id":"https:\/\/cnr.org.br\/novoportal\/migalhas-lancada-revista-dos-tribunais-a-colecao-o-direito-e-o-extrajudicial\/#breadcrumb"},"inLanguage":"pt-BR","potentialAction":[{"@type":"ReadAction","target":["https:\/\/cnr.org.br\/novoportal\/migalhas-lancada-revista-dos-tribunais-a-colecao-o-direito-e-o-extrajudicial\/"]}]},{"@type":"ImageObject","inLanguage":"pt-BR","@id":"https:\/\/cnr.org.br\/novoportal\/migalhas-lancada-revista-dos-tribunais-a-colecao-o-direito-e-o-extrajudicial\/#primaryimage","url":"https:\/\/cnr.org.br\/site\/wp-content\/uploads\/2021\/09\/miga.png","contentUrl":"https:\/\/cnr.org.br\/site\/wp-content\/uploads\/2021\/09\/miga.png","width":1940,"height":1240,"caption":"(imagem: divulga\u00e7\u00e3o)"},{"@type":"BreadcrumbList","@id":"https:\/\/cnr.org.br\/novoportal\/migalhas-lancada-revista-dos-tribunais-a-colecao-o-direito-e-o-extrajudicial\/#breadcrumb","itemListElement":[{"@type":"ListItem","position":1,"name":"In\u00edcio","item":"https:\/\/cnr.org.br\/site\/"},{"@type":"ListItem","position":2,"name":"Migalhas \u2013 Lan\u00e7ada Revista dos Tribunais a cole\u00e7\u00e3o \u201cO Direito e o Extrajudicial\u201d"}]},{"@type":"WebSite","@id":"https:\/\/cnr.org.br\/novoportal\/#website","url":"https:\/\/cnr.org.br\/novoportal\/","name":"CNR","description":"Confedera\u00e7\u00e3o Nacional de Not\u00e1rios e Registradores","publisher":{"@id":"https:\/\/cnr.org.br\/novoportal\/#organization"},"potentialAction":[{"@type":"SearchAction","target":{"@type":"EntryPoint","urlTemplate":"https:\/\/cnr.org.br\/novoportal\/?s={search_term_string}"},"query-input":{"@type":"PropertyValueSpecification","valueRequired":true,"valueName":"search_term_string"}}],"inLanguage":"pt-BR"},{"@type":"Organization","@id":"https:\/\/cnr.org.br\/novoportal\/#organization","name":"CNR","url":"https:\/\/cnr.org.br\/novoportal\/","logo":{"@type":"ImageObject","inLanguage":"pt-BR","@id":"https:\/\/cnr.org.br\/novoportal\/#\/schema\/logo\/image\/","url":"https:\/\/cnr.org.br\/site\/wp-content\/uploads\/2026\/02\/Logo_CNR_completa_colorida_2024.png","contentUrl":"https:\/\/cnr.org.br\/site\/wp-content\/uploads\/2026\/02\/Logo_CNR_completa_colorida_2024.png","width":910,"height":450,"caption":"CNR"},"image":{"@id":"https:\/\/cnr.org.br\/novoportal\/#\/schema\/logo\/image\/"}},{"@type":"Person","@id":"https:\/\/cnr.org.br\/novoportal\/#\/schema\/person\/1f46209cd8c9d3d9887a0765b64ca66b","name":"Imprensa CNR","sameAs":["https:\/\/cnr.org.br\/site"],"url":"https:\/\/cnr.org.br\/site\/author\/imprensa\/"}]}},"_links":{"self":[{"href":"https:\/\/cnr.org.br\/site\/wp-json\/wp\/v2\/posts\/23910","targetHints":{"allow":["GET"]}}],"collection":[{"href":"https:\/\/cnr.org.br\/site\/wp-json\/wp\/v2\/posts"}],"about":[{"href":"https:\/\/cnr.org.br\/site\/wp-json\/wp\/v2\/types\/post"}],"author":[{"embeddable":true,"href":"https:\/\/cnr.org.br\/site\/wp-json\/wp\/v2\/users\/2"}],"replies":[{"embeddable":true,"href":"https:\/\/cnr.org.br\/site\/wp-json\/wp\/v2\/comments?post=23910"}],"version-history":[{"count":0,"href":"https:\/\/cnr.org.br\/site\/wp-json\/wp\/v2\/posts\/23910\/revisions"}],"wp:featuredmedia":[{"embeddable":true,"href":"https:\/\/cnr.org.br\/site\/wp-json\/wp\/v2\/media\/23911"}],"wp:attachment":[{"href":"https:\/\/cnr.org.br\/site\/wp-json\/wp\/v2\/media?parent=23910"}],"wp:term":[{"taxonomy":"category","embeddable":true,"href":"https:\/\/cnr.org.br\/site\/wp-json\/wp\/v2\/categories?post=23910"},{"taxonomy":"post_tag","embeddable":true,"href":"https:\/\/cnr.org.br\/site\/wp-json\/wp\/v2\/tags?post=23910"}],"curies":[{"name":"wp","href":"https:\/\/api.w.org\/{rel}","templated":true}]}}