{"id":23978,"date":"2021-10-08T17:01:39","date_gmt":"2021-10-08T20:01:39","guid":{"rendered":"https:\/\/cnr.org.br\/site\/?p=23978"},"modified":"2021-10-08T17:01:42","modified_gmt":"2021-10-08T20:01:42","slug":"rares-nr-e-destaque-do-terceiro-programa-cartorio-contemporaneo-na-tv","status":"publish","type":"post","link":"https:\/\/cnr.org.br\/site\/rares-nr-e-destaque-do-terceiro-programa-cartorio-contemporaneo-na-tv\/","title":{"rendered":"Rares-NR \u00e9 destaque do terceiro programa Cart\u00f3rio Contempor\u00e2neo na TV"},"content":{"rendered":"<div id=\"dslc-theme-content\"><div id=\"dslc-theme-content-inner\">\n<p>Muitos n\u00e3o sabem e desconhecem, mas a Rede Ambiental e de Responsabilidade Social dos Not\u00e1rios e Registradores (Rares-NR) \u00e9 um bra\u00e7o social dos cart\u00f3rios brasileiros. Desta forma, \u00e9 uma organiza\u00e7\u00e3o da sociedade civil e de interesse p\u00fablico (OCIP). O tema foi destaque do terceiro epis\u00f3dio do programa Cart\u00f3rio Contempor\u00e2neo, exibido na TV Justi\u00e7a e apresentado por Duda Meirelles. Na ocasi\u00e3o, o apresentador recebeu no est\u00fadio a Doutora Fernanda Abud, atual Coordenadora-Geral da Rares-RN.<\/p>\n\n\n\n<p>A Rares-NR foi idealizada pelo presidente da Confedera\u00e7\u00e3o Nacional de Not\u00e1rios e Registradores (CNR), Rog\u00e9rio Portugal Bacellar, em 2004. O objetivo era pensar em uma forma dos cart\u00f3rios de todo o pa\u00eds contribuir com quest\u00f5es ambientais e sociais. Sendo assim, desde ent\u00e3o, os profissionais do segmento est\u00e3o envolvidos com projetos como: campanhas de agasalho, de livros, arrecada\u00e7\u00e3o de alimentos, entre outros.&nbsp;<\/p>\n\n\n\n<p>Fernanda destacou durante sua entrevista a import\u00e2ncia da atua\u00e7\u00e3o dos cart\u00f3rios durante a pandemia. \u201c\u00c9 importante frisar que, tomamos todos os cuidados necess\u00e1rios, e os cart\u00f3rios n\u00e3o fecharam durante esse per\u00edodo e com isso foi poss\u00edvel ajudar diversas campanhas e principalmente a popula\u00e7\u00e3o vulner\u00e1vel com os impactos gerados pelo v\u00edrus\u201d, relatou a coordenadora.&nbsp;<\/p>\n\n\n\n<p><strong>Leita tamb\u00e9m<\/strong>: <a href=\"https:\/\/cnr.org.br\/site\/cnr-e-anoreg-br-lancam-cartilha-que-desmistifica-os-servicos-dos-cartorios\/\">CNR e Anoreg-BR lan\u00e7am cartilha que desmistifica os servi\u00e7os dos Cart\u00f3rios<\/a><\/p>\n\n\n\n<p><strong>Cart\u00f3rio Contempor\u00e2neo na TV<\/strong><\/p>\n\n\n\n<p>Apresentado por Duda Meirelles, dirigido por Ana P. Ara\u00fajo, produzido pela Cia do Filme e realizado pela Confedera\u00e7\u00e3o Nacional de Not\u00e1rios e Registradores (CNR), o programa Cart\u00f3rio Contempor\u00e2neo ser\u00e1 semanal, revelando o fascinante mundo da atividade notarial e registral no Brasil. A atra\u00e7\u00e3o vai ao ar toda quinta-feira \u00e0s 19h e reprisado na segunda-feira no mesmo hor\u00e1rio. O \u00faltimo epis\u00f3dio completo pode ser acessado no <a href=\"https:\/\/www.youtube.com\/watch?v=DQnA-8dT7Gw\">YouTube da CNR<\/a>. N\u00c3O PERCA!!<\/p>\n\n\n\n<p>Para saber mais sobre o Programa Cart\u00f3rio Contempor\u00e2neo, acesse o site www.tvjustica.jus.br, www.cnr.org.br ou entre em contato pelo e-mail contato@cnr.org.br. Confira o <a href=\"https:\/\/www.youtube.com\/watch?v=DQnA-8dT7Gw\">canal aqui.\u00a0<\/a><\/p>\n\n\n\n<p><\/p>\n<\/div><\/div>","protected":false},"excerpt":{"rendered":"<p>Muitos n\u00e3o sabem e desconhecem, mas a Rede Ambiental e de Responsabilidade Social dos Not\u00e1rios e Registradores (Rares-NR) \u00e9 um bra\u00e7o social dos cart\u00f3rios brasileiros. Desta forma, \u00e9 uma organiza\u00e7\u00e3o da sociedade civil e de interesse p\u00fablico (OCIP). O tema foi destaque do terceiro epis\u00f3dio do programa Cart\u00f3rio Contempor\u00e2neo, exibido na TV Justi\u00e7a e apresentado [&hellip;]<\/p>\n","protected":false},"author":2,"featured_media":23936,"comment_status":"closed","ping_status":"closed","sticky":false,"template":"","format":"standard","meta":{"footnotes":"","_links_to":"","_links_to_target":""},"categories":[525,55,47],"tags":[],"class_list":["post-23978","post","type-post","status-publish","format-standard","has-post-thumbnail","hentry","category-home","category-noticia","category-ultimas-noticias"],"yoast_head":"<!-- This site is optimized with the Yoast SEO plugin v27.5 - https:\/\/yoast.com\/product\/yoast-seo-wordpress\/ -->\n<title>Rares-NR \u00e9 destaque do terceiro programa Cart\u00f3rio Contempor\u00e2neo na TV - CNR<\/title>\n<meta name=\"robots\" content=\"index, follow, max-snippet:-1, max-image-preview:large, max-video-preview:-1\" \/>\n<link rel=\"canonical\" href=\"https:\/\/cnr.org.br\/novoportal\/rares-nr-e-destaque-do-terceiro-programa-cartorio-contemporaneo-na-tv\/\" \/>\n<meta property=\"og:locale\" content=\"pt_BR\" \/>\n<meta property=\"og:type\" content=\"article\" \/>\n<meta property=\"og:title\" content=\"Rares-NR \u00e9 destaque do terceiro programa Cart\u00f3rio Contempor\u00e2neo na TV - CNR\" \/>\n<meta property=\"og:description\" content=\"Muitos n\u00e3o sabem e desconhecem, mas a Rede Ambiental e de Responsabilidade Social dos Not\u00e1rios e Registradores (Rares-NR) \u00e9 um bra\u00e7o social dos cart\u00f3rios brasileiros. Desta forma, \u00e9 uma organiza\u00e7\u00e3o da sociedade civil e de interesse p\u00fablico (OCIP). O tema foi destaque do terceiro epis\u00f3dio do programa Cart\u00f3rio Contempor\u00e2neo, exibido na TV Justi\u00e7a e apresentado [&hellip;]\" \/>\n<meta property=\"og:url\" content=\"https:\/\/cnr.org.br\/novoportal\/rares-nr-e-destaque-do-terceiro-programa-cartorio-contemporaneo-na-tv\/\" \/>\n<meta property=\"og:site_name\" content=\"CNR\" \/>\n<meta property=\"article:published_time\" content=\"2021-10-08T20:01:39+00:00\" \/>\n<meta property=\"article:modified_time\" content=\"2021-10-08T20:01:42+00:00\" \/>\n<meta property=\"og:image\" content=\"https:\/\/cnr.org.br\/novoportal\/wp-content\/uploads\/2021\/09\/Tamanho-Oficial-para-as-fotos-do-Site-da-CNR.png\" \/>\n\t<meta property=\"og:image:width\" content=\"1940\" \/>\n\t<meta property=\"og:image:height\" content=\"1240\" \/>\n\t<meta property=\"og:image:type\" content=\"image\/png\" \/>\n<meta name=\"author\" content=\"Imprensa CNR\" \/>\n<meta name=\"twitter:card\" content=\"summary_large_image\" \/>\n<meta name=\"twitter:label1\" content=\"Escrito por\" \/>\n\t<meta name=\"twitter:data1\" content=\"Imprensa CNR\" \/>\n\t<meta name=\"twitter:label2\" content=\"Est. tempo de leitura\" \/>\n\t<meta name=\"twitter:data2\" content=\"2 minutos\" \/>\n<script type=\"application\/ld+json\" class=\"yoast-schema-graph\">{\"@context\":\"https:\\\/\\\/schema.org\",\"@graph\":[{\"@type\":\"Article\",\"@id\":\"https:\\\/\\\/cnr.org.br\\\/novoportal\\\/rares-nr-e-destaque-do-terceiro-programa-cartorio-contemporaneo-na-tv\\\/#article\",\"isPartOf\":{\"@id\":\"https:\\\/\\\/cnr.org.br\\\/novoportal\\\/rares-nr-e-destaque-do-terceiro-programa-cartorio-contemporaneo-na-tv\\\/\"},\"author\":{\"name\":\"Imprensa CNR\",\"@id\":\"https:\\\/\\\/cnr.org.br\\\/novoportal\\\/#\\\/schema\\\/person\\\/1f46209cd8c9d3d9887a0765b64ca66b\"},\"headline\":\"Rares-NR \u00e9 destaque do terceiro programa Cart\u00f3rio Contempor\u00e2neo na TV\",\"datePublished\":\"2021-10-08T20:01:39+00:00\",\"dateModified\":\"2021-10-08T20:01:42+00:00\",\"mainEntityOfPage\":{\"@id\":\"https:\\\/\\\/cnr.org.br\\\/novoportal\\\/rares-nr-e-destaque-do-terceiro-programa-cartorio-contemporaneo-na-tv\\\/\"},\"wordCount\":365,\"publisher\":{\"@id\":\"https:\\\/\\\/cnr.org.br\\\/novoportal\\\/#organization\"},\"image\":{\"@id\":\"https:\\\/\\\/cnr.org.br\\\/novoportal\\\/rares-nr-e-destaque-do-terceiro-programa-cartorio-contemporaneo-na-tv\\\/#primaryimage\"},\"thumbnailUrl\":\"https:\\\/\\\/cnr.org.br\\\/site\\\/wp-content\\\/uploads\\\/2021\\\/09\\\/Tamanho-Oficial-para-as-fotos-do-Site-da-CNR.png\",\"articleSection\":[\"Home\",\"Not\u00edcia\",\"\u00daltimas Not\u00edcias\"],\"inLanguage\":\"pt-BR\"},{\"@type\":\"WebPage\",\"@id\":\"https:\\\/\\\/cnr.org.br\\\/novoportal\\\/rares-nr-e-destaque-do-terceiro-programa-cartorio-contemporaneo-na-tv\\\/\",\"url\":\"https:\\\/\\\/cnr.org.br\\\/novoportal\\\/rares-nr-e-destaque-do-terceiro-programa-cartorio-contemporaneo-na-tv\\\/\",\"name\":\"Rares-NR \u00e9 destaque do terceiro programa Cart\u00f3rio Contempor\u00e2neo na TV - CNR\",\"isPartOf\":{\"@id\":\"https:\\\/\\\/cnr.org.br\\\/novoportal\\\/#website\"},\"primaryImageOfPage\":{\"@id\":\"https:\\\/\\\/cnr.org.br\\\/novoportal\\\/rares-nr-e-destaque-do-terceiro-programa-cartorio-contemporaneo-na-tv\\\/#primaryimage\"},\"image\":{\"@id\":\"https:\\\/\\\/cnr.org.br\\\/novoportal\\\/rares-nr-e-destaque-do-terceiro-programa-cartorio-contemporaneo-na-tv\\\/#primaryimage\"},\"thumbnailUrl\":\"https:\\\/\\\/cnr.org.br\\\/site\\\/wp-content\\\/uploads\\\/2021\\\/09\\\/Tamanho-Oficial-para-as-fotos-do-Site-da-CNR.png\",\"datePublished\":\"2021-10-08T20:01:39+00:00\",\"dateModified\":\"2021-10-08T20:01:42+00:00\",\"breadcrumb\":{\"@id\":\"https:\\\/\\\/cnr.org.br\\\/novoportal\\\/rares-nr-e-destaque-do-terceiro-programa-cartorio-contemporaneo-na-tv\\\/#breadcrumb\"},\"inLanguage\":\"pt-BR\",\"potentialAction\":[{\"@type\":\"ReadAction\",\"target\":[\"https:\\\/\\\/cnr.org.br\\\/novoportal\\\/rares-nr-e-destaque-do-terceiro-programa-cartorio-contemporaneo-na-tv\\\/\"]}]},{\"@type\":\"ImageObject\",\"inLanguage\":\"pt-BR\",\"@id\":\"https:\\\/\\\/cnr.org.br\\\/novoportal\\\/rares-nr-e-destaque-do-terceiro-programa-cartorio-contemporaneo-na-tv\\\/#primaryimage\",\"url\":\"https:\\\/\\\/cnr.org.br\\\/site\\\/wp-content\\\/uploads\\\/2021\\\/09\\\/Tamanho-Oficial-para-as-fotos-do-Site-da-CNR.png\",\"contentUrl\":\"https:\\\/\\\/cnr.org.br\\\/site\\\/wp-content\\\/uploads\\\/2021\\\/09\\\/Tamanho-Oficial-para-as-fotos-do-Site-da-CNR.png\",\"width\":1940,\"height\":1240,\"caption\":\"Cart\u00f3rio Contempor\u00e2neo na TV\"},{\"@type\":\"BreadcrumbList\",\"@id\":\"https:\\\/\\\/cnr.org.br\\\/novoportal\\\/rares-nr-e-destaque-do-terceiro-programa-cartorio-contemporaneo-na-tv\\\/#breadcrumb\",\"itemListElement\":[{\"@type\":\"ListItem\",\"position\":1,\"name\":\"In\u00edcio\",\"item\":\"https:\\\/\\\/cnr.org.br\\\/site\\\/\"},{\"@type\":\"ListItem\",\"position\":2,\"name\":\"Rares-NR \u00e9 destaque do terceiro programa Cart\u00f3rio Contempor\u00e2neo na TV\"}]},{\"@type\":\"WebSite\",\"@id\":\"https:\\\/\\\/cnr.org.br\\\/novoportal\\\/#website\",\"url\":\"https:\\\/\\\/cnr.org.br\\\/novoportal\\\/\",\"name\":\"CNR\",\"description\":\"Confedera\u00e7\u00e3o Nacional de Not\u00e1rios e Registradores\",\"publisher\":{\"@id\":\"https:\\\/\\\/cnr.org.br\\\/novoportal\\\/#organization\"},\"potentialAction\":[{\"@type\":\"SearchAction\",\"target\":{\"@type\":\"EntryPoint\",\"urlTemplate\":\"https:\\\/\\\/cnr.org.br\\\/novoportal\\\/?s={search_term_string}\"},\"query-input\":{\"@type\":\"PropertyValueSpecification\",\"valueRequired\":true,\"valueName\":\"search_term_string\"}}],\"inLanguage\":\"pt-BR\"},{\"@type\":\"Organization\",\"@id\":\"https:\\\/\\\/cnr.org.br\\\/novoportal\\\/#organization\",\"name\":\"CNR\",\"url\":\"https:\\\/\\\/cnr.org.br\\\/novoportal\\\/\",\"logo\":{\"@type\":\"ImageObject\",\"inLanguage\":\"pt-BR\",\"@id\":\"https:\\\/\\\/cnr.org.br\\\/novoportal\\\/#\\\/schema\\\/logo\\\/image\\\/\",\"url\":\"https:\\\/\\\/cnr.org.br\\\/site\\\/wp-content\\\/uploads\\\/2026\\\/02\\\/Logo_CNR_completa_colorida_2024.png\",\"contentUrl\":\"https:\\\/\\\/cnr.org.br\\\/site\\\/wp-content\\\/uploads\\\/2026\\\/02\\\/Logo_CNR_completa_colorida_2024.png\",\"width\":910,\"height\":450,\"caption\":\"CNR\"},\"image\":{\"@id\":\"https:\\\/\\\/cnr.org.br\\\/novoportal\\\/#\\\/schema\\\/logo\\\/image\\\/\"}},{\"@type\":\"Person\",\"@id\":\"https:\\\/\\\/cnr.org.br\\\/novoportal\\\/#\\\/schema\\\/person\\\/1f46209cd8c9d3d9887a0765b64ca66b\",\"name\":\"Imprensa CNR\",\"sameAs\":[\"https:\\\/\\\/cnr.org.br\\\/site\"],\"url\":\"https:\\\/\\\/cnr.org.br\\\/site\\\/author\\\/imprensa\\\/\"}]}<\/script>\n<!-- \/ Yoast SEO plugin. -->","yoast_head_json":{"title":"Rares-NR \u00e9 destaque do terceiro programa Cart\u00f3rio Contempor\u00e2neo na TV - CNR","robots":{"index":"index","follow":"follow","max-snippet":"max-snippet:-1","max-image-preview":"max-image-preview:large","max-video-preview":"max-video-preview:-1"},"canonical":"https:\/\/cnr.org.br\/novoportal\/rares-nr-e-destaque-do-terceiro-programa-cartorio-contemporaneo-na-tv\/","og_locale":"pt_BR","og_type":"article","og_title":"Rares-NR \u00e9 destaque do terceiro programa Cart\u00f3rio Contempor\u00e2neo na TV - CNR","og_description":"Muitos n\u00e3o sabem e desconhecem, mas a Rede Ambiental e de Responsabilidade Social dos Not\u00e1rios e Registradores (Rares-NR) \u00e9 um bra\u00e7o social dos cart\u00f3rios brasileiros. Desta forma, \u00e9 uma organiza\u00e7\u00e3o da sociedade civil e de interesse p\u00fablico (OCIP). O tema foi destaque do terceiro epis\u00f3dio do programa Cart\u00f3rio Contempor\u00e2neo, exibido na TV Justi\u00e7a e apresentado [&hellip;]","og_url":"https:\/\/cnr.org.br\/novoportal\/rares-nr-e-destaque-do-terceiro-programa-cartorio-contemporaneo-na-tv\/","og_site_name":"CNR","article_published_time":"2021-10-08T20:01:39+00:00","article_modified_time":"2021-10-08T20:01:42+00:00","og_image":[{"width":1940,"height":1240,"url":"https:\/\/cnr.org.br\/novoportal\/wp-content\/uploads\/2021\/09\/Tamanho-Oficial-para-as-fotos-do-Site-da-CNR.png","type":"image\/png"}],"author":"Imprensa CNR","twitter_card":"summary_large_image","twitter_misc":{"Escrito por":"Imprensa CNR","Est. tempo de leitura":"2 minutos"},"schema":{"@context":"https:\/\/schema.org","@graph":[{"@type":"Article","@id":"https:\/\/cnr.org.br\/novoportal\/rares-nr-e-destaque-do-terceiro-programa-cartorio-contemporaneo-na-tv\/#article","isPartOf":{"@id":"https:\/\/cnr.org.br\/novoportal\/rares-nr-e-destaque-do-terceiro-programa-cartorio-contemporaneo-na-tv\/"},"author":{"name":"Imprensa CNR","@id":"https:\/\/cnr.org.br\/novoportal\/#\/schema\/person\/1f46209cd8c9d3d9887a0765b64ca66b"},"headline":"Rares-NR \u00e9 destaque do terceiro programa Cart\u00f3rio Contempor\u00e2neo na TV","datePublished":"2021-10-08T20:01:39+00:00","dateModified":"2021-10-08T20:01:42+00:00","mainEntityOfPage":{"@id":"https:\/\/cnr.org.br\/novoportal\/rares-nr-e-destaque-do-terceiro-programa-cartorio-contemporaneo-na-tv\/"},"wordCount":365,"publisher":{"@id":"https:\/\/cnr.org.br\/novoportal\/#organization"},"image":{"@id":"https:\/\/cnr.org.br\/novoportal\/rares-nr-e-destaque-do-terceiro-programa-cartorio-contemporaneo-na-tv\/#primaryimage"},"thumbnailUrl":"https:\/\/cnr.org.br\/site\/wp-content\/uploads\/2021\/09\/Tamanho-Oficial-para-as-fotos-do-Site-da-CNR.png","articleSection":["Home","Not\u00edcia","\u00daltimas Not\u00edcias"],"inLanguage":"pt-BR"},{"@type":"WebPage","@id":"https:\/\/cnr.org.br\/novoportal\/rares-nr-e-destaque-do-terceiro-programa-cartorio-contemporaneo-na-tv\/","url":"https:\/\/cnr.org.br\/novoportal\/rares-nr-e-destaque-do-terceiro-programa-cartorio-contemporaneo-na-tv\/","name":"Rares-NR \u00e9 destaque do terceiro programa Cart\u00f3rio Contempor\u00e2neo na TV - CNR","isPartOf":{"@id":"https:\/\/cnr.org.br\/novoportal\/#website"},"primaryImageOfPage":{"@id":"https:\/\/cnr.org.br\/novoportal\/rares-nr-e-destaque-do-terceiro-programa-cartorio-contemporaneo-na-tv\/#primaryimage"},"image":{"@id":"https:\/\/cnr.org.br\/novoportal\/rares-nr-e-destaque-do-terceiro-programa-cartorio-contemporaneo-na-tv\/#primaryimage"},"thumbnailUrl":"https:\/\/cnr.org.br\/site\/wp-content\/uploads\/2021\/09\/Tamanho-Oficial-para-as-fotos-do-Site-da-CNR.png","datePublished":"2021-10-08T20:01:39+00:00","dateModified":"2021-10-08T20:01:42+00:00","breadcrumb":{"@id":"https:\/\/cnr.org.br\/novoportal\/rares-nr-e-destaque-do-terceiro-programa-cartorio-contemporaneo-na-tv\/#breadcrumb"},"inLanguage":"pt-BR","potentialAction":[{"@type":"ReadAction","target":["https:\/\/cnr.org.br\/novoportal\/rares-nr-e-destaque-do-terceiro-programa-cartorio-contemporaneo-na-tv\/"]}]},{"@type":"ImageObject","inLanguage":"pt-BR","@id":"https:\/\/cnr.org.br\/novoportal\/rares-nr-e-destaque-do-terceiro-programa-cartorio-contemporaneo-na-tv\/#primaryimage","url":"https:\/\/cnr.org.br\/site\/wp-content\/uploads\/2021\/09\/Tamanho-Oficial-para-as-fotos-do-Site-da-CNR.png","contentUrl":"https:\/\/cnr.org.br\/site\/wp-content\/uploads\/2021\/09\/Tamanho-Oficial-para-as-fotos-do-Site-da-CNR.png","width":1940,"height":1240,"caption":"Cart\u00f3rio Contempor\u00e2neo na TV"},{"@type":"BreadcrumbList","@id":"https:\/\/cnr.org.br\/novoportal\/rares-nr-e-destaque-do-terceiro-programa-cartorio-contemporaneo-na-tv\/#breadcrumb","itemListElement":[{"@type":"ListItem","position":1,"name":"In\u00edcio","item":"https:\/\/cnr.org.br\/site\/"},{"@type":"ListItem","position":2,"name":"Rares-NR \u00e9 destaque do terceiro programa Cart\u00f3rio Contempor\u00e2neo na TV"}]},{"@type":"WebSite","@id":"https:\/\/cnr.org.br\/novoportal\/#website","url":"https:\/\/cnr.org.br\/novoportal\/","name":"CNR","description":"Confedera\u00e7\u00e3o Nacional de Not\u00e1rios e Registradores","publisher":{"@id":"https:\/\/cnr.org.br\/novoportal\/#organization"},"potentialAction":[{"@type":"SearchAction","target":{"@type":"EntryPoint","urlTemplate":"https:\/\/cnr.org.br\/novoportal\/?s={search_term_string}"},"query-input":{"@type":"PropertyValueSpecification","valueRequired":true,"valueName":"search_term_string"}}],"inLanguage":"pt-BR"},{"@type":"Organization","@id":"https:\/\/cnr.org.br\/novoportal\/#organization","name":"CNR","url":"https:\/\/cnr.org.br\/novoportal\/","logo":{"@type":"ImageObject","inLanguage":"pt-BR","@id":"https:\/\/cnr.org.br\/novoportal\/#\/schema\/logo\/image\/","url":"https:\/\/cnr.org.br\/site\/wp-content\/uploads\/2026\/02\/Logo_CNR_completa_colorida_2024.png","contentUrl":"https:\/\/cnr.org.br\/site\/wp-content\/uploads\/2026\/02\/Logo_CNR_completa_colorida_2024.png","width":910,"height":450,"caption":"CNR"},"image":{"@id":"https:\/\/cnr.org.br\/novoportal\/#\/schema\/logo\/image\/"}},{"@type":"Person","@id":"https:\/\/cnr.org.br\/novoportal\/#\/schema\/person\/1f46209cd8c9d3d9887a0765b64ca66b","name":"Imprensa CNR","sameAs":["https:\/\/cnr.org.br\/site"],"url":"https:\/\/cnr.org.br\/site\/author\/imprensa\/"}]}},"_links":{"self":[{"href":"https:\/\/cnr.org.br\/site\/wp-json\/wp\/v2\/posts\/23978","targetHints":{"allow":["GET"]}}],"collection":[{"href":"https:\/\/cnr.org.br\/site\/wp-json\/wp\/v2\/posts"}],"about":[{"href":"https:\/\/cnr.org.br\/site\/wp-json\/wp\/v2\/types\/post"}],"author":[{"embeddable":true,"href":"https:\/\/cnr.org.br\/site\/wp-json\/wp\/v2\/users\/2"}],"replies":[{"embeddable":true,"href":"https:\/\/cnr.org.br\/site\/wp-json\/wp\/v2\/comments?post=23978"}],"version-history":[{"count":0,"href":"https:\/\/cnr.org.br\/site\/wp-json\/wp\/v2\/posts\/23978\/revisions"}],"wp:featuredmedia":[{"embeddable":true,"href":"https:\/\/cnr.org.br\/site\/wp-json\/wp\/v2\/media\/23936"}],"wp:attachment":[{"href":"https:\/\/cnr.org.br\/site\/wp-json\/wp\/v2\/media?parent=23978"}],"wp:term":[{"taxonomy":"category","embeddable":true,"href":"https:\/\/cnr.org.br\/site\/wp-json\/wp\/v2\/categories?post=23978"},{"taxonomy":"post_tag","embeddable":true,"href":"https:\/\/cnr.org.br\/site\/wp-json\/wp\/v2\/tags?post=23978"}],"curies":[{"name":"wp","href":"https:\/\/api.w.org\/{rel}","templated":true}]}}